{"id":66445,"date":"2020-10-15T17:48:47","date_gmt":"2020-10-15T17:48:47","guid":{"rendered":"https:\/\/www.copealcoy.es\/?p=66445"},"modified":"2020-10-15T18:05:35","modified_gmt":"2020-10-15T18:05:35","slug":"leduardo-latorre-instal%c2%b7la-un-modul-de-gestio-que-permet-la-reserva-en-linia-i-controla-els-aforaments-de-les-sales","status":"publish","type":"post","link":"https:\/\/www.copealcoy.es\/es\/leduardo-latorre-instal%c2%b7la-un-modul-de-gestio-que-permet-la-reserva-en-linia-i-controla-els-aforaments-de-les-sales\/","title":{"rendered":"L&#8217;Eduardo Latorre instal\u00b7la un m\u00f2dul de gesti\u00f3 que permet la reserva en l\u00ednia i controla els aforaments de les sales"},"content":{"rendered":"<p style=\"text-align: justify;\" align=\"left\"><span lang=\"ca-ES\">L&#8217;Ajuntament d&#8217;Alcoi <strong>ha realitzat una inversi\u00f3 de 1.700 euros<\/strong> per a <strong>ampliar el programa de gesti\u00f3 general del Complexe Esportiu Eduardo Latorre<\/strong> instal\u00b7lant <strong>un nou m\u00f2dul inform\u00e0tic<\/strong> que permetr\u00e0 als usuaris <strong>fer reserves en l\u00ednia en diferents activitats<\/strong> oferides des del complex municipal.<\/span><\/p>\n<p style=\"text-align: justify;\" align=\"left\"><span lang=\"ca-ES\">En aquests moments i com a punt de partida, <strong>ja \u00e9s possible fer reserves de les pistes de p\u00e0del i tamb\u00e9 de les sessions de fisioter\u00e0pia<\/strong>. La intenci\u00f3 en un breu per\u00edode de temps \u00e9s <strong>ampliar la possibilitat de realitzar aquestes reserves en l\u00ednia<\/strong> a la resta d&#8217;activitats col\u00b7lectives que s&#8217;imparteixen en el centre.\u00a0<\/span><span lang=\"ca-ES\">Amb aquesta nova eina <strong>s&#8217;agilitzaran els tr\u00e0mits per als fins descrits anteriorment<\/strong> i a m\u00e9s <strong>no ser\u00e0 necess\u00e0ria la pres\u00e8ncia f\u00edsica dels usuaris<\/strong> per a procedir a les reserves. D&#8217;aquesta forma <strong>s&#8217;eviten possibles aglomeracions<\/strong> prop de les zones de recepci\u00f3 i acc\u00e9s al complex &#8220;<em>continuem treballant per a facilitar la pr\u00e0ctica de l&#8217;esport dins de la normativa actual adaptada als protocols sanitaris de la COVID 19. Amb aquesta mesura podrem controlar l&#8217;aforament de les sales, evitarem les aglomeracions en la recepci\u00f3 i que la gent haja d&#8217;eixir de casa per a reservar les seues classes, \u00e9s a dir, gr\u00e0cies a les noves tecnologies facilitarem la vida a les persones, aix\u00f2 \u00e9s ser Smart City<\/em>&#8220;, explica el regidor d&#8217;Esports, <strong>Miguel Juan Reig<\/strong>.<\/span><\/p>\n<p style=\"text-align: justify;\" align=\"left\"><span lang=\"ca-ES\">El m\u00f2dul implementat a m\u00e9s, <strong>possibilita tindre un major control sobre l&#8217;aforament i els accessos a la instal\u00b7laci\u00f3<\/strong>, una q\u00fcesti\u00f3 molt important i reflectida en tots els protocols sanitaris derivats de la COVID 19.<\/span><\/p>\n","protected":false},"excerpt":{"rendered":"<p>L&#8217;Ajuntament d&#8217;Alcoi ha realitzat una inversi\u00f3 de 1.700 euros per a ampliar el programa de gesti\u00f3 general del Complexe Esportiu&#8230;<\/p>\n","protected":false},"author":1,"featured_media":8784,"comment_status":"open","ping_status":"open","sticky":false,"template":"","format":"standard","meta":{"footnotes":""},"categories":[97,92,75],"tags":[10069,3707,7397,362,7833,7827,10068,10070],"class_list":["post-66445","post","type-post","status-publish","format-standard","has-post-thumbnail","hentry","category-alcoy","category-deportes","category-noticias","tag-aforament","tag-control","tag-covid-19","tag-eduardo-latorre","tag-gestio","tag-installacio","tag-nou-modul","tag-sales"],"yoast_head":"<!-- This site is optimized with the Yoast SEO plugin v27.3 - https:\/\/yoast.com\/product\/yoast-seo-wordpress\/ -->\n<title>L&#039;Eduardo Latorre instal\u00b7la un m\u00f2dul de gesti\u00f3 que permet la reserva en l\u00ednia i controla els aforaments de les sales - COPE Alcoy<\/title>\n<meta name=\"robots\" content=\"index, follow, max-snippet:-1, max-image-preview:large, max-video-preview:-1\" \/>\n<link rel=\"canonical\" href=\"https:\/\/www.copealcoy.es\/es\/leduardo-latorre-instal%c2%b7la-un-modul-de-gestio-que-permet-la-reserva-en-linia-i-controla-els-aforaments-de-les-sales\/\" \/>\n<meta property=\"og:locale\" content=\"es_ES\" \/>\n<meta property=\"og:type\" content=\"article\" \/>\n<meta property=\"og:title\" content=\"L&#039;Eduardo Latorre instal\u00b7la un m\u00f2dul de gesti\u00f3 que permet la reserva en l\u00ednia i controla els aforaments de les sales - COPE Alcoy\" \/>\n<meta property=\"og:description\" content=\"L&#8217;Ajuntament d&#8217;Alcoi ha realitzat una inversi\u00f3 de 1.700 euros per a ampliar el programa de gesti\u00f3 general del Complexe Esportiu...\" \/>\n<meta property=\"og:url\" content=\"https:\/\/www.copealcoy.es\/es\/leduardo-latorre-instal%c2%b7la-un-modul-de-gestio-que-permet-la-reserva-en-linia-i-controla-els-aforaments-de-les-sales\/\" \/>\n<meta property=\"og:site_name\" content=\"COPE Alcoy\" \/>\n<meta property=\"article:published_time\" content=\"2020-10-15T17:48:47+00:00\" \/>\n<meta property=\"article:modified_time\" content=\"2020-10-15T18:05:35+00:00\" \/>\n<meta property=\"og:image\" content=\"https:\/\/www.copealcoy.es\/wp-content\/uploads\/2014\/12\/image15.jpg\" \/>\n\t<meta property=\"og:image:width\" content=\"1024\" \/>\n\t<meta property=\"og:image:height\" content=\"585\" \/>\n\t<meta property=\"og:image:type\" content=\"image\/jpeg\" \/>\n<meta name=\"author\" content=\"Cope Alcoy\" \/>\n<meta name=\"twitter:label1\" content=\"Escrito por\" \/>\n\t<meta name=\"twitter:data1\" content=\"Cope Alcoy\" \/>\n\t<meta name=\"twitter:label2\" content=\"Tiempo de lectura\" \/>\n\t<meta name=\"twitter:data2\" content=\"1 minuto\" \/>\n<script type=\"application\/ld+json\" class=\"yoast-schema-graph\">{\"@context\":\"https:\\\/\\\/schema.org\",\"@graph\":[{\"@type\":\"Article\",\"@id\":\"https:\\\/\\\/www.copealcoy.es\\\/es\\\/leduardo-latorre-instal%c2%b7la-un-modul-de-gestio-que-permet-la-reserva-en-linia-i-controla-els-aforaments-de-les-sales\\\/#article\",\"isPartOf\":{\"@id\":\"https:\\\/\\\/www.copealcoy.es\\\/es\\\/leduardo-latorre-instal%c2%b7la-un-modul-de-gestio-que-permet-la-reserva-en-linia-i-controla-els-aforaments-de-les-sales\\\/\"},\"author\":{\"name\":\"Cope Alcoy\",\"@id\":\"https:\\\/\\\/www.copealcoy.es\\\/es\\\/#\\\/schema\\\/person\\\/e777c87fa024e57d40170af9df39882c\"},\"headline\":\"L&#8217;Eduardo Latorre instal\u00b7la un m\u00f2dul de gesti\u00f3 que permet la reserva en l\u00ednia i controla els aforaments de les sales\",\"datePublished\":\"2020-10-15T17:48:47+00:00\",\"dateModified\":\"2020-10-15T18:05:35+00:00\",\"mainEntityOfPage\":{\"@id\":\"https:\\\/\\\/www.copealcoy.es\\\/es\\\/leduardo-latorre-instal%c2%b7la-un-modul-de-gestio-que-permet-la-reserva-en-linia-i-controla-els-aforaments-de-les-sales\\\/\"},\"wordCount\":306,\"commentCount\":0,\"image\":{\"@id\":\"https:\\\/\\\/www.copealcoy.es\\\/es\\\/leduardo-latorre-instal%c2%b7la-un-modul-de-gestio-que-permet-la-reserva-en-linia-i-controla-els-aforaments-de-les-sales\\\/#primaryimage\"},\"thumbnailUrl\":\"https:\\\/\\\/www.copealcoy.es\\\/wp-content\\\/uploads\\\/2014\\\/12\\\/image15.jpg\",\"keywords\":[\"aforament\",\"control\",\"Covid-19\",\"Eduardo Latorre\",\"gesti\u00f3\",\"instal\u00b7laci\u00f3\",\"nou modul\",\"sales\"],\"articleSection\":[\"Alcoy\",\"Deportes\",\"Noticias\"],\"inLanguage\":\"es\"},{\"@type\":\"WebPage\",\"@id\":\"https:\\\/\\\/www.copealcoy.es\\\/es\\\/leduardo-latorre-instal%c2%b7la-un-modul-de-gestio-que-permet-la-reserva-en-linia-i-controla-els-aforaments-de-les-sales\\\/\",\"url\":\"https:\\\/\\\/www.copealcoy.es\\\/es\\\/leduardo-latorre-instal%c2%b7la-un-modul-de-gestio-que-permet-la-reserva-en-linia-i-controla-els-aforaments-de-les-sales\\\/\",\"name\":\"L'Eduardo Latorre instal\u00b7la un m\u00f2dul de gesti\u00f3 que permet la reserva en l\u00ednia i controla els aforaments de les sales - COPE Alcoy\",\"isPartOf\":{\"@id\":\"https:\\\/\\\/www.copealcoy.es\\\/es\\\/#website\"},\"primaryImageOfPage\":{\"@id\":\"https:\\\/\\\/www.copealcoy.es\\\/es\\\/leduardo-latorre-instal%c2%b7la-un-modul-de-gestio-que-permet-la-reserva-en-linia-i-controla-els-aforaments-de-les-sales\\\/#primaryimage\"},\"image\":{\"@id\":\"https:\\\/\\\/www.copealcoy.es\\\/es\\\/leduardo-latorre-instal%c2%b7la-un-modul-de-gestio-que-permet-la-reserva-en-linia-i-controla-els-aforaments-de-les-sales\\\/#primaryimage\"},\"thumbnailUrl\":\"https:\\\/\\\/www.copealcoy.es\\\/wp-content\\\/uploads\\\/2014\\\/12\\\/image15.jpg\",\"datePublished\":\"2020-10-15T17:48:47+00:00\",\"dateModified\":\"2020-10-15T18:05:35+00:00\",\"author\":{\"@id\":\"https:\\\/\\\/www.copealcoy.es\\\/es\\\/#\\\/schema\\\/person\\\/e777c87fa024e57d40170af9df39882c\"},\"breadcrumb\":{\"@id\":\"https:\\\/\\\/www.copealcoy.es\\\/es\\\/leduardo-latorre-instal%c2%b7la-un-modul-de-gestio-que-permet-la-reserva-en-linia-i-controla-els-aforaments-de-les-sales\\\/#breadcrumb\"},\"inLanguage\":\"es\",\"potentialAction\":[{\"@type\":\"ReadAction\",\"target\":[\"https:\\\/\\\/www.copealcoy.es\\\/es\\\/leduardo-latorre-instal%c2%b7la-un-modul-de-gestio-que-permet-la-reserva-en-linia-i-controla-els-aforaments-de-les-sales\\\/\"]}]},{\"@type\":\"ImageObject\",\"inLanguage\":\"es\",\"@id\":\"https:\\\/\\\/www.copealcoy.es\\\/es\\\/leduardo-latorre-instal%c2%b7la-un-modul-de-gestio-que-permet-la-reserva-en-linia-i-controla-els-aforaments-de-les-sales\\\/#primaryimage\",\"url\":\"https:\\\/\\\/www.copealcoy.es\\\/wp-content\\\/uploads\\\/2014\\\/12\\\/image15.jpg\",\"contentUrl\":\"https:\\\/\\\/www.copealcoy.es\\\/wp-content\\\/uploads\\\/2014\\\/12\\\/image15.jpg\",\"width\":1024,\"height\":585},{\"@type\":\"BreadcrumbList\",\"@id\":\"https:\\\/\\\/www.copealcoy.es\\\/es\\\/leduardo-latorre-instal%c2%b7la-un-modul-de-gestio-que-permet-la-reserva-en-linia-i-controla-els-aforaments-de-les-sales\\\/#breadcrumb\",\"itemListElement\":[{\"@type\":\"ListItem\",\"position\":1,\"name\":\"Portada\",\"item\":\"https:\\\/\\\/www.copealcoy.es\\\/es\\\/\"},{\"@type\":\"ListItem\",\"position\":2,\"name\":\"L&#8217;Eduardo Latorre instal\u00b7la un m\u00f2dul de gesti\u00f3 que permet la reserva en l\u00ednia i controla els aforaments de les sales\"}]},{\"@type\":\"WebSite\",\"@id\":\"https:\\\/\\\/www.copealcoy.es\\\/es\\\/#website\",\"url\":\"https:\\\/\\\/www.copealcoy.es\\\/es\\\/\",\"name\":\"COPE Alcoy\",\"description\":\"Emisora COPE de radio local con emisi\u00f3n online. Pont de Sant Jordi 8-10 03803 Alcoy\",\"potentialAction\":[{\"@type\":\"SearchAction\",\"target\":{\"@type\":\"EntryPoint\",\"urlTemplate\":\"https:\\\/\\\/www.copealcoy.es\\\/es\\\/?s={search_term_string}\"},\"query-input\":{\"@type\":\"PropertyValueSpecification\",\"valueRequired\":true,\"valueName\":\"search_term_string\"}}],\"inLanguage\":\"es\"},{\"@type\":\"Person\",\"@id\":\"https:\\\/\\\/www.copealcoy.es\\\/es\\\/#\\\/schema\\\/person\\\/e777c87fa024e57d40170af9df39882c\",\"name\":\"Cope Alcoy\",\"image\":{\"@type\":\"ImageObject\",\"inLanguage\":\"es\",\"@id\":\"https:\\\/\\\/secure.gravatar.com\\\/avatar\\\/bb65d0283347e303893ba14f0692005417c1e0e690a325a4c5d8bb2b3943ee14?s=96&d=mm&r=g\",\"url\":\"https:\\\/\\\/secure.gravatar.com\\\/avatar\\\/bb65d0283347e303893ba14f0692005417c1e0e690a325a4c5d8bb2b3943ee14?s=96&d=mm&r=g\",\"contentUrl\":\"https:\\\/\\\/secure.gravatar.com\\\/avatar\\\/bb65d0283347e303893ba14f0692005417c1e0e690a325a4c5d8bb2b3943ee14?s=96&d=mm&r=g\",\"caption\":\"Cope Alcoy\"}}]}<\/script>\n<!-- \/ Yoast SEO plugin. -->","yoast_head_json":{"title":"L'Eduardo Latorre instal\u00b7la un m\u00f2dul de gesti\u00f3 que permet la reserva en l\u00ednia i controla els aforaments de les sales - COPE Alcoy","robots":{"index":"index","follow":"follow","max-snippet":"max-snippet:-1","max-image-preview":"max-image-preview:large","max-video-preview":"max-video-preview:-1"},"canonical":"https:\/\/www.copealcoy.es\/es\/leduardo-latorre-instal%c2%b7la-un-modul-de-gestio-que-permet-la-reserva-en-linia-i-controla-els-aforaments-de-les-sales\/","og_locale":"es_ES","og_type":"article","og_title":"L'Eduardo Latorre instal\u00b7la un m\u00f2dul de gesti\u00f3 que permet la reserva en l\u00ednia i controla els aforaments de les sales - COPE Alcoy","og_description":"L&#8217;Ajuntament d&#8217;Alcoi ha realitzat una inversi\u00f3 de 1.700 euros per a ampliar el programa de gesti\u00f3 general del Complexe Esportiu...","og_url":"https:\/\/www.copealcoy.es\/es\/leduardo-latorre-instal%c2%b7la-un-modul-de-gestio-que-permet-la-reserva-en-linia-i-controla-els-aforaments-de-les-sales\/","og_site_name":"COPE Alcoy","article_published_time":"2020-10-15T17:48:47+00:00","article_modified_time":"2020-10-15T18:05:35+00:00","og_image":[{"width":1024,"height":585,"url":"https:\/\/www.copealcoy.es\/wp-content\/uploads\/2014\/12\/image15.jpg","type":"image\/jpeg"}],"author":"Cope Alcoy","twitter_misc":{"Escrito por":"Cope Alcoy","Tiempo de lectura":"1 minuto"},"schema":{"@context":"https:\/\/schema.org","@graph":[{"@type":"Article","@id":"https:\/\/www.copealcoy.es\/es\/leduardo-latorre-instal%c2%b7la-un-modul-de-gestio-que-permet-la-reserva-en-linia-i-controla-els-aforaments-de-les-sales\/#article","isPartOf":{"@id":"https:\/\/www.copealcoy.es\/es\/leduardo-latorre-instal%c2%b7la-un-modul-de-gestio-que-permet-la-reserva-en-linia-i-controla-els-aforaments-de-les-sales\/"},"author":{"name":"Cope Alcoy","@id":"https:\/\/www.copealcoy.es\/es\/#\/schema\/person\/e777c87fa024e57d40170af9df39882c"},"headline":"L&#8217;Eduardo Latorre instal\u00b7la un m\u00f2dul de gesti\u00f3 que permet la reserva en l\u00ednia i controla els aforaments de les sales","datePublished":"2020-10-15T17:48:47+00:00","dateModified":"2020-10-15T18:05:35+00:00","mainEntityOfPage":{"@id":"https:\/\/www.copealcoy.es\/es\/leduardo-latorre-instal%c2%b7la-un-modul-de-gestio-que-permet-la-reserva-en-linia-i-controla-els-aforaments-de-les-sales\/"},"wordCount":306,"commentCount":0,"image":{"@id":"https:\/\/www.copealcoy.es\/es\/leduardo-latorre-instal%c2%b7la-un-modul-de-gestio-que-permet-la-reserva-en-linia-i-controla-els-aforaments-de-les-sales\/#primaryimage"},"thumbnailUrl":"https:\/\/www.copealcoy.es\/wp-content\/uploads\/2014\/12\/image15.jpg","keywords":["aforament","control","Covid-19","Eduardo Latorre","gesti\u00f3","instal\u00b7laci\u00f3","nou modul","sales"],"articleSection":["Alcoy","Deportes","Noticias"],"inLanguage":"es"},{"@type":"WebPage","@id":"https:\/\/www.copealcoy.es\/es\/leduardo-latorre-instal%c2%b7la-un-modul-de-gestio-que-permet-la-reserva-en-linia-i-controla-els-aforaments-de-les-sales\/","url":"https:\/\/www.copealcoy.es\/es\/leduardo-latorre-instal%c2%b7la-un-modul-de-gestio-que-permet-la-reserva-en-linia-i-controla-els-aforaments-de-les-sales\/","name":"L'Eduardo Latorre instal\u00b7la un m\u00f2dul de gesti\u00f3 que permet la reserva en l\u00ednia i controla els aforaments de les sales - COPE Alcoy","isPartOf":{"@id":"https:\/\/www.copealcoy.es\/es\/#website"},"primaryImageOfPage":{"@id":"https:\/\/www.copealcoy.es\/es\/leduardo-latorre-instal%c2%b7la-un-modul-de-gestio-que-permet-la-reserva-en-linia-i-controla-els-aforaments-de-les-sales\/#primaryimage"},"image":{"@id":"https:\/\/www.copealcoy.es\/es\/leduardo-latorre-instal%c2%b7la-un-modul-de-gestio-que-permet-la-reserva-en-linia-i-controla-els-aforaments-de-les-sales\/#primaryimage"},"thumbnailUrl":"https:\/\/www.copealcoy.es\/wp-content\/uploads\/2014\/12\/image15.jpg","datePublished":"2020-10-15T17:48:47+00:00","dateModified":"2020-10-15T18:05:35+00:00","author":{"@id":"https:\/\/www.copealcoy.es\/es\/#\/schema\/person\/e777c87fa024e57d40170af9df39882c"},"breadcrumb":{"@id":"https:\/\/www.copealcoy.es\/es\/leduardo-latorre-instal%c2%b7la-un-modul-de-gestio-que-permet-la-reserva-en-linia-i-controla-els-aforaments-de-les-sales\/#breadcrumb"},"inLanguage":"es","potentialAction":[{"@type":"ReadAction","target":["https:\/\/www.copealcoy.es\/es\/leduardo-latorre-instal%c2%b7la-un-modul-de-gestio-que-permet-la-reserva-en-linia-i-controla-els-aforaments-de-les-sales\/"]}]},{"@type":"ImageObject","inLanguage":"es","@id":"https:\/\/www.copealcoy.es\/es\/leduardo-latorre-instal%c2%b7la-un-modul-de-gestio-que-permet-la-reserva-en-linia-i-controla-els-aforaments-de-les-sales\/#primaryimage","url":"https:\/\/www.copealcoy.es\/wp-content\/uploads\/2014\/12\/image15.jpg","contentUrl":"https:\/\/www.copealcoy.es\/wp-content\/uploads\/2014\/12\/image15.jpg","width":1024,"height":585},{"@type":"BreadcrumbList","@id":"https:\/\/www.copealcoy.es\/es\/leduardo-latorre-instal%c2%b7la-un-modul-de-gestio-que-permet-la-reserva-en-linia-i-controla-els-aforaments-de-les-sales\/#breadcrumb","itemListElement":[{"@type":"ListItem","position":1,"name":"Portada","item":"https:\/\/www.copealcoy.es\/es\/"},{"@type":"ListItem","position":2,"name":"L&#8217;Eduardo Latorre instal\u00b7la un m\u00f2dul de gesti\u00f3 que permet la reserva en l\u00ednia i controla els aforaments de les sales"}]},{"@type":"WebSite","@id":"https:\/\/www.copealcoy.es\/es\/#website","url":"https:\/\/www.copealcoy.es\/es\/","name":"COPE Alcoy","description":"Emisora COPE de radio local con emisi\u00f3n online. Pont de Sant Jordi 8-10 03803 Alcoy","potentialAction":[{"@type":"SearchAction","target":{"@type":"EntryPoint","urlTemplate":"https:\/\/www.copealcoy.es\/es\/?s={search_term_string}"},"query-input":{"@type":"PropertyValueSpecification","valueRequired":true,"valueName":"search_term_string"}}],"inLanguage":"es"},{"@type":"Person","@id":"https:\/\/www.copealcoy.es\/es\/#\/schema\/person\/e777c87fa024e57d40170af9df39882c","name":"Cope Alcoy","image":{"@type":"ImageObject","inLanguage":"es","@id":"https:\/\/secure.gravatar.com\/avatar\/bb65d0283347e303893ba14f0692005417c1e0e690a325a4c5d8bb2b3943ee14?s=96&d=mm&r=g","url":"https:\/\/secure.gravatar.com\/avatar\/bb65d0283347e303893ba14f0692005417c1e0e690a325a4c5d8bb2b3943ee14?s=96&d=mm&r=g","contentUrl":"https:\/\/secure.gravatar.com\/avatar\/bb65d0283347e303893ba14f0692005417c1e0e690a325a4c5d8bb2b3943ee14?s=96&d=mm&r=g","caption":"Cope Alcoy"}}]}},"_links":{"self":[{"href":"https:\/\/www.copealcoy.es\/es\/wp-json\/wp\/v2\/posts\/66445","targetHints":{"allow":["GET"]}}],"collection":[{"href":"https:\/\/www.copealcoy.es\/es\/wp-json\/wp\/v2\/posts"}],"about":[{"href":"https:\/\/www.copealcoy.es\/es\/wp-json\/wp\/v2\/types\/post"}],"author":[{"embeddable":true,"href":"https:\/\/www.copealcoy.es\/es\/wp-json\/wp\/v2\/users\/1"}],"replies":[{"embeddable":true,"href":"https:\/\/www.copealcoy.es\/es\/wp-json\/wp\/v2\/comments?post=66445"}],"version-history":[{"count":0,"href":"https:\/\/www.copealcoy.es\/es\/wp-json\/wp\/v2\/posts\/66445\/revisions"}],"wp:featuredmedia":[{"embeddable":true,"href":"https:\/\/www.copealcoy.es\/es\/wp-json\/wp\/v2\/media\/8784"}],"wp:attachment":[{"href":"https:\/\/www.copealcoy.es\/es\/wp-json\/wp\/v2\/media?parent=66445"}],"wp:term":[{"taxonomy":"category","embeddable":true,"href":"https:\/\/www.copealcoy.es\/es\/wp-json\/wp\/v2\/categories?post=66445"},{"taxonomy":"post_tag","embeddable":true,"href":"https:\/\/www.copealcoy.es\/es\/wp-json\/wp\/v2\/tags?post=66445"}],"curies":[{"name":"wp","href":"https:\/\/api.w.org\/{rel}","templated":true}]}}