{"id":66419,"date":"2020-10-15T11:22:24","date_gmt":"2020-10-15T11:22:24","guid":{"rendered":"https:\/\/www.copealcoy.es\/?p=66419"},"modified":"2020-10-15T11:32:50","modified_gmt":"2020-10-15T11:32:50","slug":"beniarres-registra-un-brot-familiar-i-un-cas-a-laulari-perputxent","status":"publish","type":"post","link":"https:\/\/www.copealcoy.es\/es\/beniarres-registra-un-brot-familiar-i-un-cas-a-laulari-perputxent\/","title":{"rendered":"Beniarr\u00e9s registra un brot familiar i un cas a l&#8217;Aulari Perputxent"},"content":{"rendered":"<p style=\"text-align: justify;\">Salut P\u00fablica <strong>ha confirmat un brot familiar a Beniarr\u00e9s<\/strong> que\u00a0afecta <strong>quatre persones<\/strong> aix\u00ed com <strong>un cas positiu de Covid-19 a l&#8217;Aulari\u00a0<span class=\"hiddenSpellError\">Perputxent<\/span><\/strong>\u00a0d&#8217;aquesta localitat del Comtat.<\/p>\n<p style=\"text-align: justify;\">L&#8217;Ajuntament del municipi, <strong>a trav\u00e9s d&#8217;un comunicat<\/strong>, ha indicat que les autoritats sanit\u00e0ries <strong>estan seguint els protocols pertinents<\/strong> al mateix temps que recorda que la Conselleria de Sanitat Universal i Salut P\u00fablica <strong>est\u00e0 fent el seguiment de la situaci\u00f3 i el rastreig dels contactes de les persones afectades<\/strong>. A m\u00e9s <strong>demanen respecte per als afectats<\/strong> i que la poblaci\u00f3 <strong>fa\u00e7a cas de les informacions oficials<\/strong> per a evitar la propagaci\u00f3 de not\u00edcies falses a trav\u00e9s de les xarxes socials.<\/p>\n<p style=\"text-align: justify;\">Per \u00faltim <strong>el Consistori demana fer \u00fas sempre de la mascareta<\/strong>, <strong>procurar mantenir la dist\u00e0ncia de seguretat<\/strong> i <strong>una higiene de mans continuada per a evitar la propagaci\u00f3 el virus<\/strong>. Finalment recorden que la Conselleria de Sanitat <strong>recomana un m\u00e0xim de 10 persones en reunions familiars o socials en espais privats<\/strong> i, a ser possible, <strong>limitar les trobades socials<\/strong> fora del grup de conviv\u00e8ncia estable.<\/p>\n","protected":false},"excerpt":{"rendered":"<p>Salut P\u00fablica ha confirmat un brot familiar a Beniarr\u00e9s que\u00a0afecta quatre persones aix\u00ed com un cas positiu de Covid-19 a&#8230;<\/p>\n","protected":false},"author":1,"featured_media":20292,"comment_status":"open","ping_status":"open","sticky":false,"template":"","format":"standard","meta":{"footnotes":""},"categories":[6909,98,75,125],"tags":[10066,851,10065,7281],"class_list":["post-66419","post","type-post","status-publish","format-standard","has-post-thumbnail","hentry","category-actualidad","category-comarcas","category-noticias","category-portada","tag-aulari-perputxent","tag-beniarres","tag-brot-familiar","tag-coronavirus"],"yoast_head":"<!-- This site is optimized with the Yoast SEO plugin v27.3 - https:\/\/yoast.com\/product\/yoast-seo-wordpress\/ -->\n<title>Beniarr\u00e9s registra un brot familiar i un cas a l&#039;Aulari Perputxent - COPE Alcoy<\/title>\n<meta name=\"robots\" content=\"index, follow, max-snippet:-1, max-image-preview:large, max-video-preview:-1\" \/>\n<link rel=\"canonical\" href=\"https:\/\/www.copealcoy.es\/es\/beniarres-registra-un-brot-familiar-i-un-cas-a-laulari-perputxent\/\" \/>\n<meta property=\"og:locale\" content=\"es_ES\" \/>\n<meta property=\"og:type\" content=\"article\" \/>\n<meta property=\"og:title\" content=\"Beniarr\u00e9s registra un brot familiar i un cas a l&#039;Aulari Perputxent - COPE Alcoy\" \/>\n<meta property=\"og:description\" content=\"Salut P\u00fablica ha confirmat un brot familiar a Beniarr\u00e9s que\u00a0afecta quatre persones aix\u00ed com un cas positiu de Covid-19 a...\" \/>\n<meta property=\"og:url\" content=\"https:\/\/www.copealcoy.es\/es\/beniarres-registra-un-brot-familiar-i-un-cas-a-laulari-perputxent\/\" \/>\n<meta property=\"og:site_name\" content=\"COPE Alcoy\" \/>\n<meta property=\"article:published_time\" content=\"2020-10-15T11:22:24+00:00\" \/>\n<meta property=\"article:modified_time\" content=\"2020-10-15T11:32:50+00:00\" \/>\n<meta property=\"og:image\" content=\"https:\/\/www.copealcoy.es\/wp-content\/uploads\/2016\/03\/DSC03231b.jpg\" \/>\n\t<meta property=\"og:image:width\" content=\"709\" \/>\n\t<meta property=\"og:image:height\" content=\"361\" \/>\n\t<meta property=\"og:image:type\" content=\"image\/jpeg\" \/>\n<meta name=\"author\" content=\"Cope Alcoy\" \/>\n<meta name=\"twitter:label1\" content=\"Escrito por\" \/>\n\t<meta name=\"twitter:data1\" content=\"Cope Alcoy\" \/>\n\t<meta name=\"twitter:label2\" content=\"Tiempo de lectura\" \/>\n\t<meta name=\"twitter:data2\" content=\"1 minuto\" \/>\n<script type=\"application\/ld+json\" class=\"yoast-schema-graph\">{\"@context\":\"https:\\\/\\\/schema.org\",\"@graph\":[{\"@type\":\"Article\",\"@id\":\"https:\\\/\\\/www.copealcoy.es\\\/es\\\/beniarres-registra-un-brot-familiar-i-un-cas-a-laulari-perputxent\\\/#article\",\"isPartOf\":{\"@id\":\"https:\\\/\\\/www.copealcoy.es\\\/es\\\/beniarres-registra-un-brot-familiar-i-un-cas-a-laulari-perputxent\\\/\"},\"author\":{\"name\":\"Cope Alcoy\",\"@id\":\"https:\\\/\\\/www.copealcoy.es\\\/es\\\/#\\\/schema\\\/person\\\/e777c87fa024e57d40170af9df39882c\"},\"headline\":\"Beniarr\u00e9s registra un brot familiar i un cas a l&#8217;Aulari Perputxent\",\"datePublished\":\"2020-10-15T11:22:24+00:00\",\"dateModified\":\"2020-10-15T11:32:50+00:00\",\"mainEntityOfPage\":{\"@id\":\"https:\\\/\\\/www.copealcoy.es\\\/es\\\/beniarres-registra-un-brot-familiar-i-un-cas-a-laulari-perputxent\\\/\"},\"wordCount\":199,\"commentCount\":0,\"image\":{\"@id\":\"https:\\\/\\\/www.copealcoy.es\\\/es\\\/beniarres-registra-un-brot-familiar-i-un-cas-a-laulari-perputxent\\\/#primaryimage\"},\"thumbnailUrl\":\"https:\\\/\\\/www.copealcoy.es\\\/wp-content\\\/uploads\\\/2016\\\/03\\\/DSC03231b.jpg\",\"keywords\":[\"Aulari Perputxent\",\"Beniarres\",\"brot familiar\",\"Coronavirus\"],\"articleSection\":[\"Actualidad\",\"Comarcas\",\"Noticias\",\"Portada\"],\"inLanguage\":\"es\"},{\"@type\":\"WebPage\",\"@id\":\"https:\\\/\\\/www.copealcoy.es\\\/es\\\/beniarres-registra-un-brot-familiar-i-un-cas-a-laulari-perputxent\\\/\",\"url\":\"https:\\\/\\\/www.copealcoy.es\\\/es\\\/beniarres-registra-un-brot-familiar-i-un-cas-a-laulari-perputxent\\\/\",\"name\":\"Beniarr\u00e9s registra un brot familiar i un cas a l'Aulari Perputxent - COPE Alcoy\",\"isPartOf\":{\"@id\":\"https:\\\/\\\/www.copealcoy.es\\\/es\\\/#website\"},\"primaryImageOfPage\":{\"@id\":\"https:\\\/\\\/www.copealcoy.es\\\/es\\\/beniarres-registra-un-brot-familiar-i-un-cas-a-laulari-perputxent\\\/#primaryimage\"},\"image\":{\"@id\":\"https:\\\/\\\/www.copealcoy.es\\\/es\\\/beniarres-registra-un-brot-familiar-i-un-cas-a-laulari-perputxent\\\/#primaryimage\"},\"thumbnailUrl\":\"https:\\\/\\\/www.copealcoy.es\\\/wp-content\\\/uploads\\\/2016\\\/03\\\/DSC03231b.jpg\",\"datePublished\":\"2020-10-15T11:22:24+00:00\",\"dateModified\":\"2020-10-15T11:32:50+00:00\",\"author\":{\"@id\":\"https:\\\/\\\/www.copealcoy.es\\\/es\\\/#\\\/schema\\\/person\\\/e777c87fa024e57d40170af9df39882c\"},\"breadcrumb\":{\"@id\":\"https:\\\/\\\/www.copealcoy.es\\\/es\\\/beniarres-registra-un-brot-familiar-i-un-cas-a-laulari-perputxent\\\/#breadcrumb\"},\"inLanguage\":\"es\",\"potentialAction\":[{\"@type\":\"ReadAction\",\"target\":[\"https:\\\/\\\/www.copealcoy.es\\\/es\\\/beniarres-registra-un-brot-familiar-i-un-cas-a-laulari-perputxent\\\/\"]}]},{\"@type\":\"ImageObject\",\"inLanguage\":\"es\",\"@id\":\"https:\\\/\\\/www.copealcoy.es\\\/es\\\/beniarres-registra-un-brot-familiar-i-un-cas-a-laulari-perputxent\\\/#primaryimage\",\"url\":\"https:\\\/\\\/www.copealcoy.es\\\/wp-content\\\/uploads\\\/2016\\\/03\\\/DSC03231b.jpg\",\"contentUrl\":\"https:\\\/\\\/www.copealcoy.es\\\/wp-content\\\/uploads\\\/2016\\\/03\\\/DSC03231b.jpg\",\"width\":709,\"height\":361,\"caption\":\"Beniarr\u00e9s es una de las localidades beneficiarias de las ayudas\"},{\"@type\":\"BreadcrumbList\",\"@id\":\"https:\\\/\\\/www.copealcoy.es\\\/es\\\/beniarres-registra-un-brot-familiar-i-un-cas-a-laulari-perputxent\\\/#breadcrumb\",\"itemListElement\":[{\"@type\":\"ListItem\",\"position\":1,\"name\":\"Portada\",\"item\":\"https:\\\/\\\/www.copealcoy.es\\\/es\\\/\"},{\"@type\":\"ListItem\",\"position\":2,\"name\":\"Beniarr\u00e9s registra un brot familiar i un cas a l&#8217;Aulari Perputxent\"}]},{\"@type\":\"WebSite\",\"@id\":\"https:\\\/\\\/www.copealcoy.es\\\/es\\\/#website\",\"url\":\"https:\\\/\\\/www.copealcoy.es\\\/es\\\/\",\"name\":\"COPE Alcoy\",\"description\":\"Emisora COPE de radio local con emisi\u00f3n online. Pont de Sant Jordi 8-10 03803 Alcoy\",\"potentialAction\":[{\"@type\":\"SearchAction\",\"target\":{\"@type\":\"EntryPoint\",\"urlTemplate\":\"https:\\\/\\\/www.copealcoy.es\\\/es\\\/?s={search_term_string}\"},\"query-input\":{\"@type\":\"PropertyValueSpecification\",\"valueRequired\":true,\"valueName\":\"search_term_string\"}}],\"inLanguage\":\"es\"},{\"@type\":\"Person\",\"@id\":\"https:\\\/\\\/www.copealcoy.es\\\/es\\\/#\\\/schema\\\/person\\\/e777c87fa024e57d40170af9df39882c\",\"name\":\"Cope Alcoy\",\"image\":{\"@type\":\"ImageObject\",\"inLanguage\":\"es\",\"@id\":\"https:\\\/\\\/secure.gravatar.com\\\/avatar\\\/bb65d0283347e303893ba14f0692005417c1e0e690a325a4c5d8bb2b3943ee14?s=96&d=mm&r=g\",\"url\":\"https:\\\/\\\/secure.gravatar.com\\\/avatar\\\/bb65d0283347e303893ba14f0692005417c1e0e690a325a4c5d8bb2b3943ee14?s=96&d=mm&r=g\",\"contentUrl\":\"https:\\\/\\\/secure.gravatar.com\\\/avatar\\\/bb65d0283347e303893ba14f0692005417c1e0e690a325a4c5d8bb2b3943ee14?s=96&d=mm&r=g\",\"caption\":\"Cope Alcoy\"}}]}<\/script>\n<!-- \/ Yoast SEO plugin. -->","yoast_head_json":{"title":"Beniarr\u00e9s registra un brot familiar i un cas a l'Aulari Perputxent - COPE Alcoy","robots":{"index":"index","follow":"follow","max-snippet":"max-snippet:-1","max-image-preview":"max-image-preview:large","max-video-preview":"max-video-preview:-1"},"canonical":"https:\/\/www.copealcoy.es\/es\/beniarres-registra-un-brot-familiar-i-un-cas-a-laulari-perputxent\/","og_locale":"es_ES","og_type":"article","og_title":"Beniarr\u00e9s registra un brot familiar i un cas a l'Aulari Perputxent - COPE Alcoy","og_description":"Salut P\u00fablica ha confirmat un brot familiar a Beniarr\u00e9s que\u00a0afecta quatre persones aix\u00ed com un cas positiu de Covid-19 a...","og_url":"https:\/\/www.copealcoy.es\/es\/beniarres-registra-un-brot-familiar-i-un-cas-a-laulari-perputxent\/","og_site_name":"COPE Alcoy","article_published_time":"2020-10-15T11:22:24+00:00","article_modified_time":"2020-10-15T11:32:50+00:00","og_image":[{"width":709,"height":361,"url":"https:\/\/www.copealcoy.es\/wp-content\/uploads\/2016\/03\/DSC03231b.jpg","type":"image\/jpeg"}],"author":"Cope Alcoy","twitter_misc":{"Escrito por":"Cope Alcoy","Tiempo de lectura":"1 minuto"},"schema":{"@context":"https:\/\/schema.org","@graph":[{"@type":"Article","@id":"https:\/\/www.copealcoy.es\/es\/beniarres-registra-un-brot-familiar-i-un-cas-a-laulari-perputxent\/#article","isPartOf":{"@id":"https:\/\/www.copealcoy.es\/es\/beniarres-registra-un-brot-familiar-i-un-cas-a-laulari-perputxent\/"},"author":{"name":"Cope Alcoy","@id":"https:\/\/www.copealcoy.es\/es\/#\/schema\/person\/e777c87fa024e57d40170af9df39882c"},"headline":"Beniarr\u00e9s registra un brot familiar i un cas a l&#8217;Aulari Perputxent","datePublished":"2020-10-15T11:22:24+00:00","dateModified":"2020-10-15T11:32:50+00:00","mainEntityOfPage":{"@id":"https:\/\/www.copealcoy.es\/es\/beniarres-registra-un-brot-familiar-i-un-cas-a-laulari-perputxent\/"},"wordCount":199,"commentCount":0,"image":{"@id":"https:\/\/www.copealcoy.es\/es\/beniarres-registra-un-brot-familiar-i-un-cas-a-laulari-perputxent\/#primaryimage"},"thumbnailUrl":"https:\/\/www.copealcoy.es\/wp-content\/uploads\/2016\/03\/DSC03231b.jpg","keywords":["Aulari Perputxent","Beniarres","brot familiar","Coronavirus"],"articleSection":["Actualidad","Comarcas","Noticias","Portada"],"inLanguage":"es"},{"@type":"WebPage","@id":"https:\/\/www.copealcoy.es\/es\/beniarres-registra-un-brot-familiar-i-un-cas-a-laulari-perputxent\/","url":"https:\/\/www.copealcoy.es\/es\/beniarres-registra-un-brot-familiar-i-un-cas-a-laulari-perputxent\/","name":"Beniarr\u00e9s registra un brot familiar i un cas a l'Aulari Perputxent - COPE Alcoy","isPartOf":{"@id":"https:\/\/www.copealcoy.es\/es\/#website"},"primaryImageOfPage":{"@id":"https:\/\/www.copealcoy.es\/es\/beniarres-registra-un-brot-familiar-i-un-cas-a-laulari-perputxent\/#primaryimage"},"image":{"@id":"https:\/\/www.copealcoy.es\/es\/beniarres-registra-un-brot-familiar-i-un-cas-a-laulari-perputxent\/#primaryimage"},"thumbnailUrl":"https:\/\/www.copealcoy.es\/wp-content\/uploads\/2016\/03\/DSC03231b.jpg","datePublished":"2020-10-15T11:22:24+00:00","dateModified":"2020-10-15T11:32:50+00:00","author":{"@id":"https:\/\/www.copealcoy.es\/es\/#\/schema\/person\/e777c87fa024e57d40170af9df39882c"},"breadcrumb":{"@id":"https:\/\/www.copealcoy.es\/es\/beniarres-registra-un-brot-familiar-i-un-cas-a-laulari-perputxent\/#breadcrumb"},"inLanguage":"es","potentialAction":[{"@type":"ReadAction","target":["https:\/\/www.copealcoy.es\/es\/beniarres-registra-un-brot-familiar-i-un-cas-a-laulari-perputxent\/"]}]},{"@type":"ImageObject","inLanguage":"es","@id":"https:\/\/www.copealcoy.es\/es\/beniarres-registra-un-brot-familiar-i-un-cas-a-laulari-perputxent\/#primaryimage","url":"https:\/\/www.copealcoy.es\/wp-content\/uploads\/2016\/03\/DSC03231b.jpg","contentUrl":"https:\/\/www.copealcoy.es\/wp-content\/uploads\/2016\/03\/DSC03231b.jpg","width":709,"height":361,"caption":"Beniarr\u00e9s es una de las localidades beneficiarias de las ayudas"},{"@type":"BreadcrumbList","@id":"https:\/\/www.copealcoy.es\/es\/beniarres-registra-un-brot-familiar-i-un-cas-a-laulari-perputxent\/#breadcrumb","itemListElement":[{"@type":"ListItem","position":1,"name":"Portada","item":"https:\/\/www.copealcoy.es\/es\/"},{"@type":"ListItem","position":2,"name":"Beniarr\u00e9s registra un brot familiar i un cas a l&#8217;Aulari Perputxent"}]},{"@type":"WebSite","@id":"https:\/\/www.copealcoy.es\/es\/#website","url":"https:\/\/www.copealcoy.es\/es\/","name":"COPE Alcoy","description":"Emisora COPE de radio local con emisi\u00f3n online. Pont de Sant Jordi 8-10 03803 Alcoy","potentialAction":[{"@type":"SearchAction","target":{"@type":"EntryPoint","urlTemplate":"https:\/\/www.copealcoy.es\/es\/?s={search_term_string}"},"query-input":{"@type":"PropertyValueSpecification","valueRequired":true,"valueName":"search_term_string"}}],"inLanguage":"es"},{"@type":"Person","@id":"https:\/\/www.copealcoy.es\/es\/#\/schema\/person\/e777c87fa024e57d40170af9df39882c","name":"Cope Alcoy","image":{"@type":"ImageObject","inLanguage":"es","@id":"https:\/\/secure.gravatar.com\/avatar\/bb65d0283347e303893ba14f0692005417c1e0e690a325a4c5d8bb2b3943ee14?s=96&d=mm&r=g","url":"https:\/\/secure.gravatar.com\/avatar\/bb65d0283347e303893ba14f0692005417c1e0e690a325a4c5d8bb2b3943ee14?s=96&d=mm&r=g","contentUrl":"https:\/\/secure.gravatar.com\/avatar\/bb65d0283347e303893ba14f0692005417c1e0e690a325a4c5d8bb2b3943ee14?s=96&d=mm&r=g","caption":"Cope Alcoy"}}]}},"_links":{"self":[{"href":"https:\/\/www.copealcoy.es\/es\/wp-json\/wp\/v2\/posts\/66419","targetHints":{"allow":["GET"]}}],"collection":[{"href":"https:\/\/www.copealcoy.es\/es\/wp-json\/wp\/v2\/posts"}],"about":[{"href":"https:\/\/www.copealcoy.es\/es\/wp-json\/wp\/v2\/types\/post"}],"author":[{"embeddable":true,"href":"https:\/\/www.copealcoy.es\/es\/wp-json\/wp\/v2\/users\/1"}],"replies":[{"embeddable":true,"href":"https:\/\/www.copealcoy.es\/es\/wp-json\/wp\/v2\/comments?post=66419"}],"version-history":[{"count":0,"href":"https:\/\/www.copealcoy.es\/es\/wp-json\/wp\/v2\/posts\/66419\/revisions"}],"wp:featuredmedia":[{"embeddable":true,"href":"https:\/\/www.copealcoy.es\/es\/wp-json\/wp\/v2\/media\/20292"}],"wp:attachment":[{"href":"https:\/\/www.copealcoy.es\/es\/wp-json\/wp\/v2\/media?parent=66419"}],"wp:term":[{"taxonomy":"category","embeddable":true,"href":"https:\/\/www.copealcoy.es\/es\/wp-json\/wp\/v2\/categories?post=66419"},{"taxonomy":"post_tag","embeddable":true,"href":"https:\/\/www.copealcoy.es\/es\/wp-json\/wp\/v2\/tags?post=66419"}],"curies":[{"name":"wp","href":"https:\/\/api.w.org\/{rel}","templated":true}]}}