{"id":66346,"date":"2020-10-14T11:21:36","date_gmt":"2020-10-14T11:21:36","guid":{"rendered":"https:\/\/www.copealcoy.es\/?p=66346"},"modified":"2020-10-14T11:41:18","modified_gmt":"2020-10-14T11:41:18","slug":"cocentaina-clausura-lany-sant-de-la-mare-de-deu-del-miracle","status":"publish","type":"post","link":"https:\/\/www.copealcoy.es\/es\/cocentaina-clausura-lany-sant-de-la-mare-de-deu-del-miracle\/","title":{"rendered":"Cocentaina clausura l&#8217;Any Sant de la Mare de D\u00e9u del Miracle"},"content":{"rendered":"<p style=\"text-align: justify;\">Cocentaina conclou el dissabte<strong> l&#8217;Any Sant concedit al municipi en 2019 per celebrar el V Centenari del miracle de la Mare de D\u00e9u<\/strong>, una efem\u00e8ride que <strong>es commemorava el 19 d&#8217;abril d&#8217;aquest any<\/strong> i que no es va poder celebrar amb actes al carrer <strong>a causa del confinament<\/strong> derivat de la crisi del Coronavirus.<\/p>\n<p style=\"text-align: justify;\">Per posar punt final a l&#8217;Any Jubilar <strong>se celebrar\u00e0 una missa de cloenda del mateix el dissabte 17 d&#8217;octubre al pati d&#8217;armes de Palau Comtal<\/strong> amb aforament limitat, a partir de les set de la vesprada, i <strong>en pres\u00e8ncia de la icona de la Mare de D\u00e9u del Miracle<\/strong>. En aquesta eucaristia <strong>es podr\u00e0 rebre la indulg\u00e8ncia<\/strong> i la mateixa <strong>estar\u00e0 presidida pel Bisbe Em\u00e8rit de Huelva\u00a0<span class=\"hiddenGreenError\">Don<\/span>\u00a0Jos\u00e9 Vilaplana<\/strong> &#8220;<em>hem pensat amb ell perqu\u00e8 fa molts anys que vol\u00edem que vinguera a compartir amb nosaltres les Festes Patronals de la Mareta i pensem que aquesta \u00e9s una bona ocasi\u00f3<\/em>&#8220;, assegura el Director Espiritual de la\u00a0Pia Uni\u00f3 i titular de la Parr\u00f2quia de Santa Maria;\u00a0<strong><span class=\"hiddenGreenError\">Don<\/span>\u00a0<span class=\"hiddenSpellError\">Eduardo<\/span>\u00a0<span class=\"hiddenSpellError\">Rengel<\/span><\/strong>. Cal recordar que <strong>l&#8217;Any Sant havia d&#8217;haver finalitzat al maig despr\u00e9s del pas de nombrosos peregrins per Cocentaina<\/strong> per\u00f2 davant la crisi sanit\u00e0ria<strong> la Penitenciaria Apost\u00f2lica de la Santa Seu va autoritzar una pr\u00f2rroga<\/strong> per tal de concloure aquest temps de gr\u00e0cia amb una celebraci\u00f3 a la qual pogueren assistir fidels.<\/p>\n<p style=\"text-align: justify;\">La clausura de l&#8217;Any Sant Jubilar<strong> s&#8217;emmarca dins de la Setmana d&#8217;Exaltaci\u00f3 de la Mare de D\u00e9u del Miracle<\/strong> que inclou <strong>una Vig\u00edlia d&#8217;Oraci\u00f3<\/strong> el dijous a les 20:<span class=\"hiddenGrammarError\">00h<\/span>, <strong>una eucaristia amb els matrimonis que celebren els\u00a0<span class=\"hiddenGreenError\">19<\/span>\u00a0anys de casats<\/strong> el divendres a les 20:<span class=\"hiddenGrammarError\">00h<\/span>\u00a0i <strong>una missa solemne<\/strong> el dilluns 19 a les 19:<span class=\"hiddenGrammarError\">30h<\/span>\u00a0que inclour\u00e0 <strong>la presentaci\u00f3 dels nounats a la Mareta i l&#8217;entrega de premis del V Concurs de Fotografia<\/strong> Mare de D\u00e9u del Miracle. Totes aquestes celebracions es portaran a terme al Monestir de les Clarisses.<\/p>\n","protected":false},"excerpt":{"rendered":"<p>Cocentaina conclou el dissabte l&#8217;Any Sant concedit al municipi en 2019 per celebrar el V Centenari del miracle de la&#8230;<\/p>\n","protected":false},"author":1,"featured_media":51569,"comment_status":"open","ping_status":"open","sticky":false,"template":"","format":"standard","meta":{"footnotes":""},"categories":[98,75],"tags":[10046,5243,132,1984,10047,9430],"class_list":["post-66346","post","type-post","status-publish","format-standard","has-post-thumbnail","hentry","category-comarcas","category-noticias","tag-any-sant","tag-clausura","tag-cocentaina","tag-mare-de-deu-del-miracle","tag-pia-unio","tag-v-centenari"],"yoast_head":"<!-- This site is optimized with the Yoast SEO plugin v27.3 - https:\/\/yoast.com\/product\/yoast-seo-wordpress\/ -->\n<title>Cocentaina clausura l&#039;Any Sant de la Mare de D\u00e9u del Miracle - COPE Alcoy<\/title>\n<meta name=\"robots\" content=\"index, follow, max-snippet:-1, max-image-preview:large, max-video-preview:-1\" \/>\n<link rel=\"canonical\" href=\"https:\/\/www.copealcoy.es\/es\/cocentaina-clausura-lany-sant-de-la-mare-de-deu-del-miracle\/\" \/>\n<meta property=\"og:locale\" content=\"es_ES\" \/>\n<meta property=\"og:type\" content=\"article\" \/>\n<meta property=\"og:title\" content=\"Cocentaina clausura l&#039;Any Sant de la Mare de D\u00e9u del Miracle - COPE Alcoy\" \/>\n<meta property=\"og:description\" content=\"Cocentaina conclou el dissabte l&#8217;Any Sant concedit al municipi en 2019 per celebrar el V Centenari del miracle de la...\" \/>\n<meta property=\"og:url\" content=\"https:\/\/www.copealcoy.es\/es\/cocentaina-clausura-lany-sant-de-la-mare-de-deu-del-miracle\/\" \/>\n<meta property=\"og:site_name\" content=\"COPE Alcoy\" \/>\n<meta property=\"article:published_time\" content=\"2020-10-14T11:21:36+00:00\" \/>\n<meta property=\"article:modified_time\" content=\"2020-10-14T11:41:18+00:00\" \/>\n<meta property=\"og:image\" content=\"https:\/\/www.copealcoy.es\/wp-content\/uploads\/2019\/05\/5-La-Mare-de-D\u00e9u-bajo-palio-en-el-traslado-matinal-de-este-a\u00f1o-Foto-Gabriel-Pascual-1-scaled.jpg\" \/>\n\t<meta property=\"og:image:width\" content=\"2560\" \/>\n\t<meta property=\"og:image:height\" content=\"1680\" \/>\n\t<meta property=\"og:image:type\" content=\"image\/jpeg\" \/>\n<meta name=\"author\" content=\"Cope Alcoy\" \/>\n<meta name=\"twitter:label1\" content=\"Escrito por\" \/>\n\t<meta name=\"twitter:data1\" content=\"Cope Alcoy\" \/>\n\t<meta name=\"twitter:label2\" content=\"Tiempo de lectura\" \/>\n\t<meta name=\"twitter:data2\" content=\"2 minutos\" \/>\n<script type=\"application\/ld+json\" class=\"yoast-schema-graph\">{\"@context\":\"https:\\\/\\\/schema.org\",\"@graph\":[{\"@type\":\"Article\",\"@id\":\"https:\\\/\\\/www.copealcoy.es\\\/es\\\/cocentaina-clausura-lany-sant-de-la-mare-de-deu-del-miracle\\\/#article\",\"isPartOf\":{\"@id\":\"https:\\\/\\\/www.copealcoy.es\\\/es\\\/cocentaina-clausura-lany-sant-de-la-mare-de-deu-del-miracle\\\/\"},\"author\":{\"name\":\"Cope Alcoy\",\"@id\":\"https:\\\/\\\/www.copealcoy.es\\\/es\\\/#\\\/schema\\\/person\\\/e777c87fa024e57d40170af9df39882c\"},\"headline\":\"Cocentaina clausura l&#8217;Any Sant de la Mare de D\u00e9u del Miracle\",\"datePublished\":\"2020-10-14T11:21:36+00:00\",\"dateModified\":\"2020-10-14T11:41:18+00:00\",\"mainEntityOfPage\":{\"@id\":\"https:\\\/\\\/www.copealcoy.es\\\/es\\\/cocentaina-clausura-lany-sant-de-la-mare-de-deu-del-miracle\\\/\"},\"wordCount\":352,\"commentCount\":0,\"image\":{\"@id\":\"https:\\\/\\\/www.copealcoy.es\\\/es\\\/cocentaina-clausura-lany-sant-de-la-mare-de-deu-del-miracle\\\/#primaryimage\"},\"thumbnailUrl\":\"https:\\\/\\\/www.copealcoy.es\\\/wp-content\\\/uploads\\\/2019\\\/05\\\/5-La-Mare-de-D\u00e9u-bajo-palio-en-el-traslado-matinal-de-este-a\u00f1o-Foto-Gabriel-Pascual-1-scaled.jpg\",\"keywords\":[\"Any Sant\",\"clausura\",\"Cocentaina\",\"Mare de D\u00e9u del Miracle\",\"Pia Uni\u00f3\",\"V Centenari\"],\"articleSection\":[\"Comarcas\",\"Noticias\"],\"inLanguage\":\"es\"},{\"@type\":\"WebPage\",\"@id\":\"https:\\\/\\\/www.copealcoy.es\\\/es\\\/cocentaina-clausura-lany-sant-de-la-mare-de-deu-del-miracle\\\/\",\"url\":\"https:\\\/\\\/www.copealcoy.es\\\/es\\\/cocentaina-clausura-lany-sant-de-la-mare-de-deu-del-miracle\\\/\",\"name\":\"Cocentaina clausura l'Any Sant de la Mare de D\u00e9u del Miracle - COPE Alcoy\",\"isPartOf\":{\"@id\":\"https:\\\/\\\/www.copealcoy.es\\\/es\\\/#website\"},\"primaryImageOfPage\":{\"@id\":\"https:\\\/\\\/www.copealcoy.es\\\/es\\\/cocentaina-clausura-lany-sant-de-la-mare-de-deu-del-miracle\\\/#primaryimage\"},\"image\":{\"@id\":\"https:\\\/\\\/www.copealcoy.es\\\/es\\\/cocentaina-clausura-lany-sant-de-la-mare-de-deu-del-miracle\\\/#primaryimage\"},\"thumbnailUrl\":\"https:\\\/\\\/www.copealcoy.es\\\/wp-content\\\/uploads\\\/2019\\\/05\\\/5-La-Mare-de-D\u00e9u-bajo-palio-en-el-traslado-matinal-de-este-a\u00f1o-Foto-Gabriel-Pascual-1-scaled.jpg\",\"datePublished\":\"2020-10-14T11:21:36+00:00\",\"dateModified\":\"2020-10-14T11:41:18+00:00\",\"author\":{\"@id\":\"https:\\\/\\\/www.copealcoy.es\\\/es\\\/#\\\/schema\\\/person\\\/e777c87fa024e57d40170af9df39882c\"},\"breadcrumb\":{\"@id\":\"https:\\\/\\\/www.copealcoy.es\\\/es\\\/cocentaina-clausura-lany-sant-de-la-mare-de-deu-del-miracle\\\/#breadcrumb\"},\"inLanguage\":\"es\",\"potentialAction\":[{\"@type\":\"ReadAction\",\"target\":[\"https:\\\/\\\/www.copealcoy.es\\\/es\\\/cocentaina-clausura-lany-sant-de-la-mare-de-deu-del-miracle\\\/\"]}]},{\"@type\":\"ImageObject\",\"inLanguage\":\"es\",\"@id\":\"https:\\\/\\\/www.copealcoy.es\\\/es\\\/cocentaina-clausura-lany-sant-de-la-mare-de-deu-del-miracle\\\/#primaryimage\",\"url\":\"https:\\\/\\\/www.copealcoy.es\\\/wp-content\\\/uploads\\\/2019\\\/05\\\/5-La-Mare-de-D\u00e9u-bajo-palio-en-el-traslado-matinal-de-este-a\u00f1o-Foto-Gabriel-Pascual-1-scaled.jpg\",\"contentUrl\":\"https:\\\/\\\/www.copealcoy.es\\\/wp-content\\\/uploads\\\/2019\\\/05\\\/5-La-Mare-de-D\u00e9u-bajo-palio-en-el-traslado-matinal-de-este-a\u00f1o-Foto-Gabriel-Pascual-1-scaled.jpg\",\"width\":2560,\"height\":1680,\"caption\":\"La Mare de D\u00e9u, bajo palio, en el traslado matinal de 2019 \\\/ Foto Gabriel Pascual\"},{\"@type\":\"BreadcrumbList\",\"@id\":\"https:\\\/\\\/www.copealcoy.es\\\/es\\\/cocentaina-clausura-lany-sant-de-la-mare-de-deu-del-miracle\\\/#breadcrumb\",\"itemListElement\":[{\"@type\":\"ListItem\",\"position\":1,\"name\":\"Portada\",\"item\":\"https:\\\/\\\/www.copealcoy.es\\\/es\\\/\"},{\"@type\":\"ListItem\",\"position\":2,\"name\":\"Cocentaina clausura l&#8217;Any Sant de la Mare de D\u00e9u del Miracle\"}]},{\"@type\":\"WebSite\",\"@id\":\"https:\\\/\\\/www.copealcoy.es\\\/es\\\/#website\",\"url\":\"https:\\\/\\\/www.copealcoy.es\\\/es\\\/\",\"name\":\"COPE Alcoy\",\"description\":\"Emisora COPE de radio local con emisi\u00f3n online. Pont de Sant Jordi 8-10 03803 Alcoy\",\"potentialAction\":[{\"@type\":\"SearchAction\",\"target\":{\"@type\":\"EntryPoint\",\"urlTemplate\":\"https:\\\/\\\/www.copealcoy.es\\\/es\\\/?s={search_term_string}\"},\"query-input\":{\"@type\":\"PropertyValueSpecification\",\"valueRequired\":true,\"valueName\":\"search_term_string\"}}],\"inLanguage\":\"es\"},{\"@type\":\"Person\",\"@id\":\"https:\\\/\\\/www.copealcoy.es\\\/es\\\/#\\\/schema\\\/person\\\/e777c87fa024e57d40170af9df39882c\",\"name\":\"Cope Alcoy\",\"image\":{\"@type\":\"ImageObject\",\"inLanguage\":\"es\",\"@id\":\"https:\\\/\\\/secure.gravatar.com\\\/avatar\\\/bb65d0283347e303893ba14f0692005417c1e0e690a325a4c5d8bb2b3943ee14?s=96&d=mm&r=g\",\"url\":\"https:\\\/\\\/secure.gravatar.com\\\/avatar\\\/bb65d0283347e303893ba14f0692005417c1e0e690a325a4c5d8bb2b3943ee14?s=96&d=mm&r=g\",\"contentUrl\":\"https:\\\/\\\/secure.gravatar.com\\\/avatar\\\/bb65d0283347e303893ba14f0692005417c1e0e690a325a4c5d8bb2b3943ee14?s=96&d=mm&r=g\",\"caption\":\"Cope Alcoy\"}}]}<\/script>\n<!-- \/ Yoast SEO plugin. -->","yoast_head_json":{"title":"Cocentaina clausura l'Any Sant de la Mare de D\u00e9u del Miracle - COPE Alcoy","robots":{"index":"index","follow":"follow","max-snippet":"max-snippet:-1","max-image-preview":"max-image-preview:large","max-video-preview":"max-video-preview:-1"},"canonical":"https:\/\/www.copealcoy.es\/es\/cocentaina-clausura-lany-sant-de-la-mare-de-deu-del-miracle\/","og_locale":"es_ES","og_type":"article","og_title":"Cocentaina clausura l'Any Sant de la Mare de D\u00e9u del Miracle - COPE Alcoy","og_description":"Cocentaina conclou el dissabte l&#8217;Any Sant concedit al municipi en 2019 per celebrar el V Centenari del miracle de la...","og_url":"https:\/\/www.copealcoy.es\/es\/cocentaina-clausura-lany-sant-de-la-mare-de-deu-del-miracle\/","og_site_name":"COPE Alcoy","article_published_time":"2020-10-14T11:21:36+00:00","article_modified_time":"2020-10-14T11:41:18+00:00","og_image":[{"width":2560,"height":1680,"url":"https:\/\/www.copealcoy.es\/wp-content\/uploads\/2019\/05\/5-La-Mare-de-D\u00e9u-bajo-palio-en-el-traslado-matinal-de-este-a\u00f1o-Foto-Gabriel-Pascual-1-scaled.jpg","type":"image\/jpeg"}],"author":"Cope Alcoy","twitter_misc":{"Escrito por":"Cope Alcoy","Tiempo de lectura":"2 minutos"},"schema":{"@context":"https:\/\/schema.org","@graph":[{"@type":"Article","@id":"https:\/\/www.copealcoy.es\/es\/cocentaina-clausura-lany-sant-de-la-mare-de-deu-del-miracle\/#article","isPartOf":{"@id":"https:\/\/www.copealcoy.es\/es\/cocentaina-clausura-lany-sant-de-la-mare-de-deu-del-miracle\/"},"author":{"name":"Cope Alcoy","@id":"https:\/\/www.copealcoy.es\/es\/#\/schema\/person\/e777c87fa024e57d40170af9df39882c"},"headline":"Cocentaina clausura l&#8217;Any Sant de la Mare de D\u00e9u del Miracle","datePublished":"2020-10-14T11:21:36+00:00","dateModified":"2020-10-14T11:41:18+00:00","mainEntityOfPage":{"@id":"https:\/\/www.copealcoy.es\/es\/cocentaina-clausura-lany-sant-de-la-mare-de-deu-del-miracle\/"},"wordCount":352,"commentCount":0,"image":{"@id":"https:\/\/www.copealcoy.es\/es\/cocentaina-clausura-lany-sant-de-la-mare-de-deu-del-miracle\/#primaryimage"},"thumbnailUrl":"https:\/\/www.copealcoy.es\/wp-content\/uploads\/2019\/05\/5-La-Mare-de-D\u00e9u-bajo-palio-en-el-traslado-matinal-de-este-a\u00f1o-Foto-Gabriel-Pascual-1-scaled.jpg","keywords":["Any Sant","clausura","Cocentaina","Mare de D\u00e9u del Miracle","Pia Uni\u00f3","V Centenari"],"articleSection":["Comarcas","Noticias"],"inLanguage":"es"},{"@type":"WebPage","@id":"https:\/\/www.copealcoy.es\/es\/cocentaina-clausura-lany-sant-de-la-mare-de-deu-del-miracle\/","url":"https:\/\/www.copealcoy.es\/es\/cocentaina-clausura-lany-sant-de-la-mare-de-deu-del-miracle\/","name":"Cocentaina clausura l'Any Sant de la Mare de D\u00e9u del Miracle - COPE Alcoy","isPartOf":{"@id":"https:\/\/www.copealcoy.es\/es\/#website"},"primaryImageOfPage":{"@id":"https:\/\/www.copealcoy.es\/es\/cocentaina-clausura-lany-sant-de-la-mare-de-deu-del-miracle\/#primaryimage"},"image":{"@id":"https:\/\/www.copealcoy.es\/es\/cocentaina-clausura-lany-sant-de-la-mare-de-deu-del-miracle\/#primaryimage"},"thumbnailUrl":"https:\/\/www.copealcoy.es\/wp-content\/uploads\/2019\/05\/5-La-Mare-de-D\u00e9u-bajo-palio-en-el-traslado-matinal-de-este-a\u00f1o-Foto-Gabriel-Pascual-1-scaled.jpg","datePublished":"2020-10-14T11:21:36+00:00","dateModified":"2020-10-14T11:41:18+00:00","author":{"@id":"https:\/\/www.copealcoy.es\/es\/#\/schema\/person\/e777c87fa024e57d40170af9df39882c"},"breadcrumb":{"@id":"https:\/\/www.copealcoy.es\/es\/cocentaina-clausura-lany-sant-de-la-mare-de-deu-del-miracle\/#breadcrumb"},"inLanguage":"es","potentialAction":[{"@type":"ReadAction","target":["https:\/\/www.copealcoy.es\/es\/cocentaina-clausura-lany-sant-de-la-mare-de-deu-del-miracle\/"]}]},{"@type":"ImageObject","inLanguage":"es","@id":"https:\/\/www.copealcoy.es\/es\/cocentaina-clausura-lany-sant-de-la-mare-de-deu-del-miracle\/#primaryimage","url":"https:\/\/www.copealcoy.es\/wp-content\/uploads\/2019\/05\/5-La-Mare-de-D\u00e9u-bajo-palio-en-el-traslado-matinal-de-este-a\u00f1o-Foto-Gabriel-Pascual-1-scaled.jpg","contentUrl":"https:\/\/www.copealcoy.es\/wp-content\/uploads\/2019\/05\/5-La-Mare-de-D\u00e9u-bajo-palio-en-el-traslado-matinal-de-este-a\u00f1o-Foto-Gabriel-Pascual-1-scaled.jpg","width":2560,"height":1680,"caption":"La Mare de D\u00e9u, bajo palio, en el traslado matinal de 2019 \/ Foto Gabriel Pascual"},{"@type":"BreadcrumbList","@id":"https:\/\/www.copealcoy.es\/es\/cocentaina-clausura-lany-sant-de-la-mare-de-deu-del-miracle\/#breadcrumb","itemListElement":[{"@type":"ListItem","position":1,"name":"Portada","item":"https:\/\/www.copealcoy.es\/es\/"},{"@type":"ListItem","position":2,"name":"Cocentaina clausura l&#8217;Any Sant de la Mare de D\u00e9u del Miracle"}]},{"@type":"WebSite","@id":"https:\/\/www.copealcoy.es\/es\/#website","url":"https:\/\/www.copealcoy.es\/es\/","name":"COPE Alcoy","description":"Emisora COPE de radio local con emisi\u00f3n online. Pont de Sant Jordi 8-10 03803 Alcoy","potentialAction":[{"@type":"SearchAction","target":{"@type":"EntryPoint","urlTemplate":"https:\/\/www.copealcoy.es\/es\/?s={search_term_string}"},"query-input":{"@type":"PropertyValueSpecification","valueRequired":true,"valueName":"search_term_string"}}],"inLanguage":"es"},{"@type":"Person","@id":"https:\/\/www.copealcoy.es\/es\/#\/schema\/person\/e777c87fa024e57d40170af9df39882c","name":"Cope Alcoy","image":{"@type":"ImageObject","inLanguage":"es","@id":"https:\/\/secure.gravatar.com\/avatar\/bb65d0283347e303893ba14f0692005417c1e0e690a325a4c5d8bb2b3943ee14?s=96&d=mm&r=g","url":"https:\/\/secure.gravatar.com\/avatar\/bb65d0283347e303893ba14f0692005417c1e0e690a325a4c5d8bb2b3943ee14?s=96&d=mm&r=g","contentUrl":"https:\/\/secure.gravatar.com\/avatar\/bb65d0283347e303893ba14f0692005417c1e0e690a325a4c5d8bb2b3943ee14?s=96&d=mm&r=g","caption":"Cope Alcoy"}}]}},"_links":{"self":[{"href":"https:\/\/www.copealcoy.es\/es\/wp-json\/wp\/v2\/posts\/66346","targetHints":{"allow":["GET"]}}],"collection":[{"href":"https:\/\/www.copealcoy.es\/es\/wp-json\/wp\/v2\/posts"}],"about":[{"href":"https:\/\/www.copealcoy.es\/es\/wp-json\/wp\/v2\/types\/post"}],"author":[{"embeddable":true,"href":"https:\/\/www.copealcoy.es\/es\/wp-json\/wp\/v2\/users\/1"}],"replies":[{"embeddable":true,"href":"https:\/\/www.copealcoy.es\/es\/wp-json\/wp\/v2\/comments?post=66346"}],"version-history":[{"count":0,"href":"https:\/\/www.copealcoy.es\/es\/wp-json\/wp\/v2\/posts\/66346\/revisions"}],"wp:featuredmedia":[{"embeddable":true,"href":"https:\/\/www.copealcoy.es\/es\/wp-json\/wp\/v2\/media\/51569"}],"wp:attachment":[{"href":"https:\/\/www.copealcoy.es\/es\/wp-json\/wp\/v2\/media?parent=66346"}],"wp:term":[{"taxonomy":"category","embeddable":true,"href":"https:\/\/www.copealcoy.es\/es\/wp-json\/wp\/v2\/categories?post=66346"},{"taxonomy":"post_tag","embeddable":true,"href":"https:\/\/www.copealcoy.es\/es\/wp-json\/wp\/v2\/tags?post=66346"}],"curies":[{"name":"wp","href":"https:\/\/api.w.org\/{rel}","templated":true}]}}