{"id":66159,"date":"2020-10-07T10:49:11","date_gmt":"2020-10-07T10:49:11","guid":{"rendered":"https:\/\/www.copealcoy.es\/?p=66159"},"modified":"2020-10-07T11:00:43","modified_gmt":"2020-10-07T11:00:43","slug":"cocentaina-vol-que-la-festa-dels-nanos-siga-dinteres-turistic-local","status":"publish","type":"post","link":"https:\/\/www.copealcoy.es\/es\/cocentaina-vol-que-la-festa-dels-nanos-siga-dinteres-turistic-local\/","title":{"rendered":"Cocentaina vol que la Festa dels Nanos siga d&#8217;Inter\u00e9s Tur\u00edstic Local"},"content":{"rendered":"<p style=\"text-align: justify;\">L&#8217;Ajuntament de Cocentaina <strong>ha sol\u00b7licitat a la Generalitat Valenciana que Els Nanos puguen ser declarats Festa d&#8217;Inter\u00e9s Tur\u00edstic Local<\/strong>, una distinci\u00f3 que tamb\u00e9 van rebre fa uns mesos <strong>les Festes Patronals de la Mare de D\u00e9u del Miracle<\/strong>.<\/p>\n<p style=\"text-align: justify;\">Els departaments de Cultura i Turisme del Consistori contest\u00e0<strong> han treballat de forma conjunta<\/strong> per tal de recollir tota la documentaci\u00f3 necess\u00e0ria que justifique aquesta declaraci\u00f3. En aquest sentit, <strong>s\u2019ha fet una important recopilaci\u00f3 d&#8217;articles i retalls de premsa<\/strong> des de 1985 fins hui dia, recollits per la Biblioteca Municipal, i que il\u00b7lustren molt b\u00e9 <strong>el significat de la festa<\/strong> i ajuden a justificar la candidatura dels Nanos, posant en relleu <strong>la seua originalitat, l\u2019antiguitat i la repercussi\u00f3 medi\u00e0tica<\/strong>. El regidor de Turisme de l&#8217;Ajuntament de la Vila Comtal, <strong>Ivan Jover<\/strong>, recorda que Els Nanos <strong>s\u00f3n una tradici\u00f3 \u00fanica de la poblaci\u00f3<\/strong> i remarca <strong>la import\u00e0ncia d\u2019aconseguir aquesta declaraci\u00f3<\/strong> &#8220;<em>les regidories de Tradicions, Cultura i Turisme estem treballant conjuntament per a aconseguir diferents declaracions d\u2019inter\u00e9s tur\u00edstic per a les nostres festes i tradicions amb l\u2019objectiu clar de potenciar la promoci\u00f3 de les nostres festivitats locals com a reclam tur\u00edstic, ja que aquestes tenen una especial singularitat i pensem que cal protegir-les, potenciar-les i donar-les a con\u00e9ixer m\u00e9s enll\u00e0 de l\u2019\u00e0mbit estrictament local<\/em>&#8220;, assenyala.<\/p>\n<p style=\"text-align: justify;\"><span style=\"font-size: inherit;\">La Festa dels Nanos <\/span><strong style=\"font-size: inherit;\">se celebra cada Tercer Dimecres de Quaresma<\/strong><span style=\"font-size: inherit;\"> al <strong>Barri <\/strong><\/span><span style=\"font-size: inherit;\"><strong>del Raval<\/strong> despr\u00e9s de <strong>la recuperaci\u00f3 d&#8217;aquesta tradici\u00f3 en 1.985<\/strong> una vegada <strong>superada la transici\u00f3 pol\u00edtica<\/strong> cap a la Democr\u00e0cia. Antany <strong>els ninots de drap que donen nom a la Festa apareixen a la vora dels camins del terme municipal<\/strong>\u00a0i, igual que ara, criticaven\u00a0amb sorna l&#8217;actualitat del municipi.<\/span><\/p>\n","protected":false},"excerpt":{"rendered":"<p>L&#8217;Ajuntament de Cocentaina ha sol\u00b7licitat a la Generalitat Valenciana que Els Nanos puguen ser declarats Festa d&#8217;Inter\u00e9s Tur\u00edstic Local, una&#8230;<\/p>\n","protected":false},"author":1,"featured_media":48970,"comment_status":"open","ping_status":"open","sticky":false,"template":"","format":"standard","meta":{"footnotes":""},"categories":[98,75],"tags":[132,10015,3820,10014,7068],"class_list":["post-66159","post","type-post","status-publish","format-standard","has-post-thumbnail","hentry","category-comarcas","category-noticias","tag-cocentaina","tag-declaracio","tag-festa-dels-nanos","tag-interes-turistic-local","tag-ivan-jover"],"yoast_head":"<!-- This site is optimized with the Yoast SEO plugin v27.3 - https:\/\/yoast.com\/product\/yoast-seo-wordpress\/ -->\n<title>Cocentaina vol que la Festa dels Nanos siga d&#039;Inter\u00e9s Tur\u00edstic Local - COPE Alcoy<\/title>\n<meta name=\"robots\" content=\"index, follow, max-snippet:-1, max-image-preview:large, max-video-preview:-1\" \/>\n<link rel=\"canonical\" href=\"https:\/\/www.copealcoy.es\/es\/cocentaina-vol-que-la-festa-dels-nanos-siga-dinteres-turistic-local\/\" \/>\n<meta property=\"og:locale\" content=\"es_ES\" \/>\n<meta property=\"og:type\" content=\"article\" \/>\n<meta property=\"og:title\" content=\"Cocentaina vol que la Festa dels Nanos siga d&#039;Inter\u00e9s Tur\u00edstic Local - COPE Alcoy\" \/>\n<meta property=\"og:description\" content=\"L&#8217;Ajuntament de Cocentaina ha sol\u00b7licitat a la Generalitat Valenciana que Els Nanos puguen ser declarats Festa d&#8217;Inter\u00e9s Tur\u00edstic Local, una...\" \/>\n<meta property=\"og:url\" content=\"https:\/\/www.copealcoy.es\/es\/cocentaina-vol-que-la-festa-dels-nanos-siga-dinteres-turistic-local\/\" \/>\n<meta property=\"og:site_name\" content=\"COPE Alcoy\" \/>\n<meta property=\"article:published_time\" content=\"2020-10-07T10:49:11+00:00\" \/>\n<meta property=\"article:modified_time\" content=\"2020-10-07T11:00:43+00:00\" \/>\n<meta property=\"og:image\" content=\"https:\/\/www.copealcoy.es\/wp-content\/uploads\/2019\/03\/55719294_1616796331797179_3012928723604209664_n-e1553716227925-1.jpg\" \/>\n\t<meta property=\"og:image:width\" content=\"945\" \/>\n\t<meta property=\"og:image:height\" content=\"532\" \/>\n\t<meta property=\"og:image:type\" content=\"image\/jpeg\" \/>\n<meta name=\"author\" content=\"Cope Alcoy\" \/>\n<meta name=\"twitter:label1\" content=\"Escrito por\" \/>\n\t<meta name=\"twitter:data1\" content=\"Cope Alcoy\" \/>\n\t<meta name=\"twitter:label2\" content=\"Tiempo de lectura\" \/>\n\t<meta name=\"twitter:data2\" content=\"1 minuto\" \/>\n<script type=\"application\/ld+json\" class=\"yoast-schema-graph\">{\"@context\":\"https:\\\/\\\/schema.org\",\"@graph\":[{\"@type\":\"Article\",\"@id\":\"https:\\\/\\\/www.copealcoy.es\\\/es\\\/cocentaina-vol-que-la-festa-dels-nanos-siga-dinteres-turistic-local\\\/#article\",\"isPartOf\":{\"@id\":\"https:\\\/\\\/www.copealcoy.es\\\/es\\\/cocentaina-vol-que-la-festa-dels-nanos-siga-dinteres-turistic-local\\\/\"},\"author\":{\"name\":\"Cope Alcoy\",\"@id\":\"https:\\\/\\\/www.copealcoy.es\\\/es\\\/#\\\/schema\\\/person\\\/e777c87fa024e57d40170af9df39882c\"},\"headline\":\"Cocentaina vol que la Festa dels Nanos siga d&#8217;Inter\u00e9s Tur\u00edstic Local\",\"datePublished\":\"2020-10-07T10:49:11+00:00\",\"dateModified\":\"2020-10-07T11:00:43+00:00\",\"mainEntityOfPage\":{\"@id\":\"https:\\\/\\\/www.copealcoy.es\\\/es\\\/cocentaina-vol-que-la-festa-dels-nanos-siga-dinteres-turistic-local\\\/\"},\"wordCount\":315,\"commentCount\":0,\"image\":{\"@id\":\"https:\\\/\\\/www.copealcoy.es\\\/es\\\/cocentaina-vol-que-la-festa-dels-nanos-siga-dinteres-turistic-local\\\/#primaryimage\"},\"thumbnailUrl\":\"https:\\\/\\\/www.copealcoy.es\\\/wp-content\\\/uploads\\\/2019\\\/03\\\/55719294_1616796331797179_3012928723604209664_n-e1553716227925-1.jpg\",\"keywords\":[\"Cocentaina\",\"declaraci\u00f3\",\"Festa dels Nanos\",\"Inter\u00e9s Tur\u00edstic Local\",\"Iv\u00e1n Jover\"],\"articleSection\":[\"Comarcas\",\"Noticias\"],\"inLanguage\":\"es\"},{\"@type\":\"WebPage\",\"@id\":\"https:\\\/\\\/www.copealcoy.es\\\/es\\\/cocentaina-vol-que-la-festa-dels-nanos-siga-dinteres-turistic-local\\\/\",\"url\":\"https:\\\/\\\/www.copealcoy.es\\\/es\\\/cocentaina-vol-que-la-festa-dels-nanos-siga-dinteres-turistic-local\\\/\",\"name\":\"Cocentaina vol que la Festa dels Nanos siga d'Inter\u00e9s Tur\u00edstic Local - COPE Alcoy\",\"isPartOf\":{\"@id\":\"https:\\\/\\\/www.copealcoy.es\\\/es\\\/#website\"},\"primaryImageOfPage\":{\"@id\":\"https:\\\/\\\/www.copealcoy.es\\\/es\\\/cocentaina-vol-que-la-festa-dels-nanos-siga-dinteres-turistic-local\\\/#primaryimage\"},\"image\":{\"@id\":\"https:\\\/\\\/www.copealcoy.es\\\/es\\\/cocentaina-vol-que-la-festa-dels-nanos-siga-dinteres-turistic-local\\\/#primaryimage\"},\"thumbnailUrl\":\"https:\\\/\\\/www.copealcoy.es\\\/wp-content\\\/uploads\\\/2019\\\/03\\\/55719294_1616796331797179_3012928723604209664_n-e1553716227925-1.jpg\",\"datePublished\":\"2020-10-07T10:49:11+00:00\",\"dateModified\":\"2020-10-07T11:00:43+00:00\",\"author\":{\"@id\":\"https:\\\/\\\/www.copealcoy.es\\\/es\\\/#\\\/schema\\\/person\\\/e777c87fa024e57d40170af9df39882c\"},\"breadcrumb\":{\"@id\":\"https:\\\/\\\/www.copealcoy.es\\\/es\\\/cocentaina-vol-que-la-festa-dels-nanos-siga-dinteres-turistic-local\\\/#breadcrumb\"},\"inLanguage\":\"es\",\"potentialAction\":[{\"@type\":\"ReadAction\",\"target\":[\"https:\\\/\\\/www.copealcoy.es\\\/es\\\/cocentaina-vol-que-la-festa-dels-nanos-siga-dinteres-turistic-local\\\/\"]}]},{\"@type\":\"ImageObject\",\"inLanguage\":\"es\",\"@id\":\"https:\\\/\\\/www.copealcoy.es\\\/es\\\/cocentaina-vol-que-la-festa-dels-nanos-siga-dinteres-turistic-local\\\/#primaryimage\",\"url\":\"https:\\\/\\\/www.copealcoy.es\\\/wp-content\\\/uploads\\\/2019\\\/03\\\/55719294_1616796331797179_3012928723604209664_n-e1553716227925-1.jpg\",\"contentUrl\":\"https:\\\/\\\/www.copealcoy.es\\\/wp-content\\\/uploads\\\/2019\\\/03\\\/55719294_1616796331797179_3012928723604209664_n-e1553716227925-1.jpg\",\"width\":945,\"height\":532,\"caption\":\"La alcaldesa, Mireia Estepa, ha tenido tambi\u00e9n su propio 'Nano' \\\/ Foto: Gabriel Pascual\"},{\"@type\":\"BreadcrumbList\",\"@id\":\"https:\\\/\\\/www.copealcoy.es\\\/es\\\/cocentaina-vol-que-la-festa-dels-nanos-siga-dinteres-turistic-local\\\/#breadcrumb\",\"itemListElement\":[{\"@type\":\"ListItem\",\"position\":1,\"name\":\"Portada\",\"item\":\"https:\\\/\\\/www.copealcoy.es\\\/es\\\/\"},{\"@type\":\"ListItem\",\"position\":2,\"name\":\"Cocentaina vol que la Festa dels Nanos siga d&#8217;Inter\u00e9s Tur\u00edstic Local\"}]},{\"@type\":\"WebSite\",\"@id\":\"https:\\\/\\\/www.copealcoy.es\\\/es\\\/#website\",\"url\":\"https:\\\/\\\/www.copealcoy.es\\\/es\\\/\",\"name\":\"COPE Alcoy\",\"description\":\"Emisora COPE de radio local con emisi\u00f3n online. Pont de Sant Jordi 8-10 03803 Alcoy\",\"potentialAction\":[{\"@type\":\"SearchAction\",\"target\":{\"@type\":\"EntryPoint\",\"urlTemplate\":\"https:\\\/\\\/www.copealcoy.es\\\/es\\\/?s={search_term_string}\"},\"query-input\":{\"@type\":\"PropertyValueSpecification\",\"valueRequired\":true,\"valueName\":\"search_term_string\"}}],\"inLanguage\":\"es\"},{\"@type\":\"Person\",\"@id\":\"https:\\\/\\\/www.copealcoy.es\\\/es\\\/#\\\/schema\\\/person\\\/e777c87fa024e57d40170af9df39882c\",\"name\":\"Cope Alcoy\",\"image\":{\"@type\":\"ImageObject\",\"inLanguage\":\"es\",\"@id\":\"https:\\\/\\\/secure.gravatar.com\\\/avatar\\\/bb65d0283347e303893ba14f0692005417c1e0e690a325a4c5d8bb2b3943ee14?s=96&d=mm&r=g\",\"url\":\"https:\\\/\\\/secure.gravatar.com\\\/avatar\\\/bb65d0283347e303893ba14f0692005417c1e0e690a325a4c5d8bb2b3943ee14?s=96&d=mm&r=g\",\"contentUrl\":\"https:\\\/\\\/secure.gravatar.com\\\/avatar\\\/bb65d0283347e303893ba14f0692005417c1e0e690a325a4c5d8bb2b3943ee14?s=96&d=mm&r=g\",\"caption\":\"Cope Alcoy\"}}]}<\/script>\n<!-- \/ Yoast SEO plugin. -->","yoast_head_json":{"title":"Cocentaina vol que la Festa dels Nanos siga d'Inter\u00e9s Tur\u00edstic Local - COPE Alcoy","robots":{"index":"index","follow":"follow","max-snippet":"max-snippet:-1","max-image-preview":"max-image-preview:large","max-video-preview":"max-video-preview:-1"},"canonical":"https:\/\/www.copealcoy.es\/es\/cocentaina-vol-que-la-festa-dels-nanos-siga-dinteres-turistic-local\/","og_locale":"es_ES","og_type":"article","og_title":"Cocentaina vol que la Festa dels Nanos siga d'Inter\u00e9s Tur\u00edstic Local - COPE Alcoy","og_description":"L&#8217;Ajuntament de Cocentaina ha sol\u00b7licitat a la Generalitat Valenciana que Els Nanos puguen ser declarats Festa d&#8217;Inter\u00e9s Tur\u00edstic Local, una...","og_url":"https:\/\/www.copealcoy.es\/es\/cocentaina-vol-que-la-festa-dels-nanos-siga-dinteres-turistic-local\/","og_site_name":"COPE Alcoy","article_published_time":"2020-10-07T10:49:11+00:00","article_modified_time":"2020-10-07T11:00:43+00:00","og_image":[{"width":945,"height":532,"url":"https:\/\/www.copealcoy.es\/wp-content\/uploads\/2019\/03\/55719294_1616796331797179_3012928723604209664_n-e1553716227925-1.jpg","type":"image\/jpeg"}],"author":"Cope Alcoy","twitter_misc":{"Escrito por":"Cope Alcoy","Tiempo de lectura":"1 minuto"},"schema":{"@context":"https:\/\/schema.org","@graph":[{"@type":"Article","@id":"https:\/\/www.copealcoy.es\/es\/cocentaina-vol-que-la-festa-dels-nanos-siga-dinteres-turistic-local\/#article","isPartOf":{"@id":"https:\/\/www.copealcoy.es\/es\/cocentaina-vol-que-la-festa-dels-nanos-siga-dinteres-turistic-local\/"},"author":{"name":"Cope Alcoy","@id":"https:\/\/www.copealcoy.es\/es\/#\/schema\/person\/e777c87fa024e57d40170af9df39882c"},"headline":"Cocentaina vol que la Festa dels Nanos siga d&#8217;Inter\u00e9s Tur\u00edstic Local","datePublished":"2020-10-07T10:49:11+00:00","dateModified":"2020-10-07T11:00:43+00:00","mainEntityOfPage":{"@id":"https:\/\/www.copealcoy.es\/es\/cocentaina-vol-que-la-festa-dels-nanos-siga-dinteres-turistic-local\/"},"wordCount":315,"commentCount":0,"image":{"@id":"https:\/\/www.copealcoy.es\/es\/cocentaina-vol-que-la-festa-dels-nanos-siga-dinteres-turistic-local\/#primaryimage"},"thumbnailUrl":"https:\/\/www.copealcoy.es\/wp-content\/uploads\/2019\/03\/55719294_1616796331797179_3012928723604209664_n-e1553716227925-1.jpg","keywords":["Cocentaina","declaraci\u00f3","Festa dels Nanos","Inter\u00e9s Tur\u00edstic Local","Iv\u00e1n Jover"],"articleSection":["Comarcas","Noticias"],"inLanguage":"es"},{"@type":"WebPage","@id":"https:\/\/www.copealcoy.es\/es\/cocentaina-vol-que-la-festa-dels-nanos-siga-dinteres-turistic-local\/","url":"https:\/\/www.copealcoy.es\/es\/cocentaina-vol-que-la-festa-dels-nanos-siga-dinteres-turistic-local\/","name":"Cocentaina vol que la Festa dels Nanos siga d'Inter\u00e9s Tur\u00edstic Local - COPE Alcoy","isPartOf":{"@id":"https:\/\/www.copealcoy.es\/es\/#website"},"primaryImageOfPage":{"@id":"https:\/\/www.copealcoy.es\/es\/cocentaina-vol-que-la-festa-dels-nanos-siga-dinteres-turistic-local\/#primaryimage"},"image":{"@id":"https:\/\/www.copealcoy.es\/es\/cocentaina-vol-que-la-festa-dels-nanos-siga-dinteres-turistic-local\/#primaryimage"},"thumbnailUrl":"https:\/\/www.copealcoy.es\/wp-content\/uploads\/2019\/03\/55719294_1616796331797179_3012928723604209664_n-e1553716227925-1.jpg","datePublished":"2020-10-07T10:49:11+00:00","dateModified":"2020-10-07T11:00:43+00:00","author":{"@id":"https:\/\/www.copealcoy.es\/es\/#\/schema\/person\/e777c87fa024e57d40170af9df39882c"},"breadcrumb":{"@id":"https:\/\/www.copealcoy.es\/es\/cocentaina-vol-que-la-festa-dels-nanos-siga-dinteres-turistic-local\/#breadcrumb"},"inLanguage":"es","potentialAction":[{"@type":"ReadAction","target":["https:\/\/www.copealcoy.es\/es\/cocentaina-vol-que-la-festa-dels-nanos-siga-dinteres-turistic-local\/"]}]},{"@type":"ImageObject","inLanguage":"es","@id":"https:\/\/www.copealcoy.es\/es\/cocentaina-vol-que-la-festa-dels-nanos-siga-dinteres-turistic-local\/#primaryimage","url":"https:\/\/www.copealcoy.es\/wp-content\/uploads\/2019\/03\/55719294_1616796331797179_3012928723604209664_n-e1553716227925-1.jpg","contentUrl":"https:\/\/www.copealcoy.es\/wp-content\/uploads\/2019\/03\/55719294_1616796331797179_3012928723604209664_n-e1553716227925-1.jpg","width":945,"height":532,"caption":"La alcaldesa, Mireia Estepa, ha tenido tambi\u00e9n su propio 'Nano' \/ Foto: Gabriel Pascual"},{"@type":"BreadcrumbList","@id":"https:\/\/www.copealcoy.es\/es\/cocentaina-vol-que-la-festa-dels-nanos-siga-dinteres-turistic-local\/#breadcrumb","itemListElement":[{"@type":"ListItem","position":1,"name":"Portada","item":"https:\/\/www.copealcoy.es\/es\/"},{"@type":"ListItem","position":2,"name":"Cocentaina vol que la Festa dels Nanos siga d&#8217;Inter\u00e9s Tur\u00edstic Local"}]},{"@type":"WebSite","@id":"https:\/\/www.copealcoy.es\/es\/#website","url":"https:\/\/www.copealcoy.es\/es\/","name":"COPE Alcoy","description":"Emisora COPE de radio local con emisi\u00f3n online. Pont de Sant Jordi 8-10 03803 Alcoy","potentialAction":[{"@type":"SearchAction","target":{"@type":"EntryPoint","urlTemplate":"https:\/\/www.copealcoy.es\/es\/?s={search_term_string}"},"query-input":{"@type":"PropertyValueSpecification","valueRequired":true,"valueName":"search_term_string"}}],"inLanguage":"es"},{"@type":"Person","@id":"https:\/\/www.copealcoy.es\/es\/#\/schema\/person\/e777c87fa024e57d40170af9df39882c","name":"Cope Alcoy","image":{"@type":"ImageObject","inLanguage":"es","@id":"https:\/\/secure.gravatar.com\/avatar\/bb65d0283347e303893ba14f0692005417c1e0e690a325a4c5d8bb2b3943ee14?s=96&d=mm&r=g","url":"https:\/\/secure.gravatar.com\/avatar\/bb65d0283347e303893ba14f0692005417c1e0e690a325a4c5d8bb2b3943ee14?s=96&d=mm&r=g","contentUrl":"https:\/\/secure.gravatar.com\/avatar\/bb65d0283347e303893ba14f0692005417c1e0e690a325a4c5d8bb2b3943ee14?s=96&d=mm&r=g","caption":"Cope Alcoy"}}]}},"_links":{"self":[{"href":"https:\/\/www.copealcoy.es\/es\/wp-json\/wp\/v2\/posts\/66159","targetHints":{"allow":["GET"]}}],"collection":[{"href":"https:\/\/www.copealcoy.es\/es\/wp-json\/wp\/v2\/posts"}],"about":[{"href":"https:\/\/www.copealcoy.es\/es\/wp-json\/wp\/v2\/types\/post"}],"author":[{"embeddable":true,"href":"https:\/\/www.copealcoy.es\/es\/wp-json\/wp\/v2\/users\/1"}],"replies":[{"embeddable":true,"href":"https:\/\/www.copealcoy.es\/es\/wp-json\/wp\/v2\/comments?post=66159"}],"version-history":[{"count":0,"href":"https:\/\/www.copealcoy.es\/es\/wp-json\/wp\/v2\/posts\/66159\/revisions"}],"wp:featuredmedia":[{"embeddable":true,"href":"https:\/\/www.copealcoy.es\/es\/wp-json\/wp\/v2\/media\/48970"}],"wp:attachment":[{"href":"https:\/\/www.copealcoy.es\/es\/wp-json\/wp\/v2\/media?parent=66159"}],"wp:term":[{"taxonomy":"category","embeddable":true,"href":"https:\/\/www.copealcoy.es\/es\/wp-json\/wp\/v2\/categories?post=66159"},{"taxonomy":"post_tag","embeddable":true,"href":"https:\/\/www.copealcoy.es\/es\/wp-json\/wp\/v2\/tags?post=66159"}],"curies":[{"name":"wp","href":"https:\/\/api.w.org\/{rel}","templated":true}]}}