{"id":65973,"date":"2020-10-01T09:37:00","date_gmt":"2020-10-01T09:37:00","guid":{"rendered":"https:\/\/www.copealcoy.es\/?p=65973"},"modified":"2020-10-02T16:37:21","modified_gmt":"2020-10-02T16:37:21","slug":"podem-reclama-la-millora-de-lalberg-municipal-danimals","status":"publish","type":"post","link":"https:\/\/www.copealcoy.es\/es\/podem-reclama-la-millora-de-lalberg-municipal-danimals\/","title":{"rendered":"Podem reclama la millora de l&#8217;alberg municipal d&#8217;animals"},"content":{"rendered":"<p style=\"text-align: justify;\">Podem Alcoi preguntar\u00e0 en el ple ordinari de dem\u00e0 per<strong> les gestions que est\u00e0 realitzant el Govern Municipal del PSOE<\/strong> de cara a <strong>l&#8217;adequaci\u00f3 de la protectora d&#8217;animals<\/strong>. La formaci\u00f3 pol\u00edtica reclamar\u00e0 que <strong>s&#8217;agilitzen les gestions<\/strong> i que <strong>es destinen els recursos necessaris<\/strong> en el pr\u00f2xim pressupost municipal per aconseguir dur a terme<strong> l&#8217;ampliaci\u00f3 de l&#8217;alberg<\/strong> com m\u00e9s aviat millor &#8220;<em>en el seu moment se\u2019ns va respondre que ja s\u2019estava treballant en el tema, que s\u2019havien demanat els pressupostos pertinents i tamb\u00e9 gestionat d\u2019altres q\u00fcestions necess\u00e0ries, sempre en contacte amb els responsables de l\u2019alberg, per aconseguir l\u2019adequaci\u00f3 integral de la protectora<\/em>&#8220;, afirma el portaveu municipal del Partit; <strong>Cristian Santiago<\/strong>.<\/p>\n<p style=\"text-align: justify;\">Recordar que al ple de l\u2019Ajuntament d\u2019Alcoi, celebrat en novembre de 2019, <strong>es va aprovar la proposta de Podem per a millorar la protectora municipal d\u2019animals<\/strong>. Quasi un any despr\u00e9s <strong>demanen informaci\u00f3 sobre com est\u00e0 el proc\u00e9s<\/strong> i sobre <strong>com avancen els tr\u00e0mits<\/strong> amb el Ministeri de Defensa per <strong>iniciar la cessi\u00f3 de l\u2019edifici del Mol\u00ed\u00a0<span class=\"hiddenSpellError\">Pay\u00e0<\/span><\/strong>, confrontant amb el recinte municipal,\u00a0per a \u00fas exclusiu de la protectora d\u2019animals.<\/p>\n","protected":false},"excerpt":{"rendered":"<p>Podem Alcoi preguntar\u00e0 en el ple ordinari de dem\u00e0 per les gestions que est\u00e0 realitzant el Govern Municipal del PSOE&#8230;<\/p>\n","protected":false},"author":1,"featured_media":29761,"comment_status":"open","ping_status":"open","sticky":false,"template":"","format":"standard","meta":{"footnotes":""},"categories":[97,75,79],"tags":[9998,160,9997,2386,9996],"class_list":["post-65973","post","type-post","status-publish","format-standard","has-post-thumbnail","hentry","category-alcoy","category-noticias","category-politicayeconomia","tag-alberg-municipal","tag-alcoi","tag-millores","tag-podem","tag-reclamacio"],"yoast_head":"<!-- This site is optimized with the Yoast SEO plugin v27.3 - https:\/\/yoast.com\/product\/yoast-seo-wordpress\/ -->\n<title>Podem reclama la millora de l&#039;alberg municipal d&#039;animals - COPE Alcoy<\/title>\n<meta name=\"robots\" content=\"index, follow, max-snippet:-1, max-image-preview:large, max-video-preview:-1\" \/>\n<link rel=\"canonical\" href=\"https:\/\/www.copealcoy.es\/es\/podem-reclama-la-millora-de-lalberg-municipal-danimals\/\" \/>\n<meta property=\"og:locale\" content=\"es_ES\" \/>\n<meta property=\"og:type\" content=\"article\" \/>\n<meta property=\"og:title\" content=\"Podem reclama la millora de l&#039;alberg municipal d&#039;animals - COPE Alcoy\" \/>\n<meta property=\"og:description\" content=\"Podem Alcoi preguntar\u00e0 en el ple ordinari de dem\u00e0 per les gestions que est\u00e0 realitzant el Govern Municipal del PSOE...\" \/>\n<meta property=\"og:url\" content=\"https:\/\/www.copealcoy.es\/es\/podem-reclama-la-millora-de-lalberg-municipal-danimals\/\" \/>\n<meta property=\"og:site_name\" content=\"COPE Alcoy\" \/>\n<meta property=\"article:published_time\" content=\"2020-10-01T09:37:00+00:00\" \/>\n<meta property=\"article:modified_time\" content=\"2020-10-02T16:37:21+00:00\" \/>\n<meta property=\"og:image\" content=\"https:\/\/www.copealcoy.es\/wp-content\/uploads\/2017\/03\/dsc06517.jpg\" \/>\n\t<meta property=\"og:image:width\" content=\"640\" \/>\n\t<meta property=\"og:image:height\" content=\"403\" \/>\n\t<meta property=\"og:image:type\" content=\"image\/jpeg\" \/>\n<meta name=\"author\" content=\"Cope Alcoy\" \/>\n<meta name=\"twitter:label1\" content=\"Escrito por\" \/>\n\t<meta name=\"twitter:data1\" content=\"Cope Alcoy\" \/>\n\t<meta name=\"twitter:label2\" content=\"Tiempo de lectura\" \/>\n\t<meta name=\"twitter:data2\" content=\"1 minuto\" \/>\n<script type=\"application\/ld+json\" class=\"yoast-schema-graph\">{\"@context\":\"https:\\\/\\\/schema.org\",\"@graph\":[{\"@type\":\"Article\",\"@id\":\"https:\\\/\\\/www.copealcoy.es\\\/es\\\/podem-reclama-la-millora-de-lalberg-municipal-danimals\\\/#article\",\"isPartOf\":{\"@id\":\"https:\\\/\\\/www.copealcoy.es\\\/es\\\/podem-reclama-la-millora-de-lalberg-municipal-danimals\\\/\"},\"author\":{\"name\":\"Cope Alcoy\",\"@id\":\"https:\\\/\\\/www.copealcoy.es\\\/es\\\/#\\\/schema\\\/person\\\/e777c87fa024e57d40170af9df39882c\"},\"headline\":\"Podem reclama la millora de l&#8217;alberg municipal d&#8217;animals\",\"datePublished\":\"2020-10-01T09:37:00+00:00\",\"dateModified\":\"2020-10-02T16:37:21+00:00\",\"mainEntityOfPage\":{\"@id\":\"https:\\\/\\\/www.copealcoy.es\\\/es\\\/podem-reclama-la-millora-de-lalberg-municipal-danimals\\\/\"},\"wordCount\":212,\"commentCount\":0,\"image\":{\"@id\":\"https:\\\/\\\/www.copealcoy.es\\\/es\\\/podem-reclama-la-millora-de-lalberg-municipal-danimals\\\/#primaryimage\"},\"thumbnailUrl\":\"https:\\\/\\\/www.copealcoy.es\\\/wp-content\\\/uploads\\\/2017\\\/03\\\/dsc06517.jpg\",\"keywords\":[\"alberg municipal\",\"Alcoi\",\"millores\",\"Podem\",\"reclamaci\u00f3\"],\"articleSection\":[\"Alcoy\",\"Noticias\",\"Pol\u00edtica y Econom\u00eda\"],\"inLanguage\":\"es\"},{\"@type\":\"WebPage\",\"@id\":\"https:\\\/\\\/www.copealcoy.es\\\/es\\\/podem-reclama-la-millora-de-lalberg-municipal-danimals\\\/\",\"url\":\"https:\\\/\\\/www.copealcoy.es\\\/es\\\/podem-reclama-la-millora-de-lalberg-municipal-danimals\\\/\",\"name\":\"Podem reclama la millora de l'alberg municipal d'animals - COPE Alcoy\",\"isPartOf\":{\"@id\":\"https:\\\/\\\/www.copealcoy.es\\\/es\\\/#website\"},\"primaryImageOfPage\":{\"@id\":\"https:\\\/\\\/www.copealcoy.es\\\/es\\\/podem-reclama-la-millora-de-lalberg-municipal-danimals\\\/#primaryimage\"},\"image\":{\"@id\":\"https:\\\/\\\/www.copealcoy.es\\\/es\\\/podem-reclama-la-millora-de-lalberg-municipal-danimals\\\/#primaryimage\"},\"thumbnailUrl\":\"https:\\\/\\\/www.copealcoy.es\\\/wp-content\\\/uploads\\\/2017\\\/03\\\/dsc06517.jpg\",\"datePublished\":\"2020-10-01T09:37:00+00:00\",\"dateModified\":\"2020-10-02T16:37:21+00:00\",\"author\":{\"@id\":\"https:\\\/\\\/www.copealcoy.es\\\/es\\\/#\\\/schema\\\/person\\\/e777c87fa024e57d40170af9df39882c\"},\"breadcrumb\":{\"@id\":\"https:\\\/\\\/www.copealcoy.es\\\/es\\\/podem-reclama-la-millora-de-lalberg-municipal-danimals\\\/#breadcrumb\"},\"inLanguage\":\"es\",\"potentialAction\":[{\"@type\":\"ReadAction\",\"target\":[\"https:\\\/\\\/www.copealcoy.es\\\/es\\\/podem-reclama-la-millora-de-lalberg-municipal-danimals\\\/\"]}]},{\"@type\":\"ImageObject\",\"inLanguage\":\"es\",\"@id\":\"https:\\\/\\\/www.copealcoy.es\\\/es\\\/podem-reclama-la-millora-de-lalberg-municipal-danimals\\\/#primaryimage\",\"url\":\"https:\\\/\\\/www.copealcoy.es\\\/wp-content\\\/uploads\\\/2017\\\/03\\\/dsc06517.jpg\",\"contentUrl\":\"https:\\\/\\\/www.copealcoy.es\\\/wp-content\\\/uploads\\\/2017\\\/03\\\/dsc06517.jpg\",\"width\":640,\"height\":403},{\"@type\":\"BreadcrumbList\",\"@id\":\"https:\\\/\\\/www.copealcoy.es\\\/es\\\/podem-reclama-la-millora-de-lalberg-municipal-danimals\\\/#breadcrumb\",\"itemListElement\":[{\"@type\":\"ListItem\",\"position\":1,\"name\":\"Portada\",\"item\":\"https:\\\/\\\/www.copealcoy.es\\\/es\\\/\"},{\"@type\":\"ListItem\",\"position\":2,\"name\":\"Podem reclama la millora de l&#8217;alberg municipal d&#8217;animals\"}]},{\"@type\":\"WebSite\",\"@id\":\"https:\\\/\\\/www.copealcoy.es\\\/es\\\/#website\",\"url\":\"https:\\\/\\\/www.copealcoy.es\\\/es\\\/\",\"name\":\"COPE Alcoy\",\"description\":\"Emisora COPE de radio local con emisi\u00f3n online. Pont de Sant Jordi 8-10 03803 Alcoy\",\"potentialAction\":[{\"@type\":\"SearchAction\",\"target\":{\"@type\":\"EntryPoint\",\"urlTemplate\":\"https:\\\/\\\/www.copealcoy.es\\\/es\\\/?s={search_term_string}\"},\"query-input\":{\"@type\":\"PropertyValueSpecification\",\"valueRequired\":true,\"valueName\":\"search_term_string\"}}],\"inLanguage\":\"es\"},{\"@type\":\"Person\",\"@id\":\"https:\\\/\\\/www.copealcoy.es\\\/es\\\/#\\\/schema\\\/person\\\/e777c87fa024e57d40170af9df39882c\",\"name\":\"Cope Alcoy\",\"image\":{\"@type\":\"ImageObject\",\"inLanguage\":\"es\",\"@id\":\"https:\\\/\\\/secure.gravatar.com\\\/avatar\\\/bb65d0283347e303893ba14f0692005417c1e0e690a325a4c5d8bb2b3943ee14?s=96&d=mm&r=g\",\"url\":\"https:\\\/\\\/secure.gravatar.com\\\/avatar\\\/bb65d0283347e303893ba14f0692005417c1e0e690a325a4c5d8bb2b3943ee14?s=96&d=mm&r=g\",\"contentUrl\":\"https:\\\/\\\/secure.gravatar.com\\\/avatar\\\/bb65d0283347e303893ba14f0692005417c1e0e690a325a4c5d8bb2b3943ee14?s=96&d=mm&r=g\",\"caption\":\"Cope Alcoy\"}}]}<\/script>\n<!-- \/ Yoast SEO plugin. -->","yoast_head_json":{"title":"Podem reclama la millora de l'alberg municipal d'animals - COPE Alcoy","robots":{"index":"index","follow":"follow","max-snippet":"max-snippet:-1","max-image-preview":"max-image-preview:large","max-video-preview":"max-video-preview:-1"},"canonical":"https:\/\/www.copealcoy.es\/es\/podem-reclama-la-millora-de-lalberg-municipal-danimals\/","og_locale":"es_ES","og_type":"article","og_title":"Podem reclama la millora de l'alberg municipal d'animals - COPE Alcoy","og_description":"Podem Alcoi preguntar\u00e0 en el ple ordinari de dem\u00e0 per les gestions que est\u00e0 realitzant el Govern Municipal del PSOE...","og_url":"https:\/\/www.copealcoy.es\/es\/podem-reclama-la-millora-de-lalberg-municipal-danimals\/","og_site_name":"COPE Alcoy","article_published_time":"2020-10-01T09:37:00+00:00","article_modified_time":"2020-10-02T16:37:21+00:00","og_image":[{"width":640,"height":403,"url":"https:\/\/www.copealcoy.es\/wp-content\/uploads\/2017\/03\/dsc06517.jpg","type":"image\/jpeg"}],"author":"Cope Alcoy","twitter_misc":{"Escrito por":"Cope Alcoy","Tiempo de lectura":"1 minuto"},"schema":{"@context":"https:\/\/schema.org","@graph":[{"@type":"Article","@id":"https:\/\/www.copealcoy.es\/es\/podem-reclama-la-millora-de-lalberg-municipal-danimals\/#article","isPartOf":{"@id":"https:\/\/www.copealcoy.es\/es\/podem-reclama-la-millora-de-lalberg-municipal-danimals\/"},"author":{"name":"Cope Alcoy","@id":"https:\/\/www.copealcoy.es\/es\/#\/schema\/person\/e777c87fa024e57d40170af9df39882c"},"headline":"Podem reclama la millora de l&#8217;alberg municipal d&#8217;animals","datePublished":"2020-10-01T09:37:00+00:00","dateModified":"2020-10-02T16:37:21+00:00","mainEntityOfPage":{"@id":"https:\/\/www.copealcoy.es\/es\/podem-reclama-la-millora-de-lalberg-municipal-danimals\/"},"wordCount":212,"commentCount":0,"image":{"@id":"https:\/\/www.copealcoy.es\/es\/podem-reclama-la-millora-de-lalberg-municipal-danimals\/#primaryimage"},"thumbnailUrl":"https:\/\/www.copealcoy.es\/wp-content\/uploads\/2017\/03\/dsc06517.jpg","keywords":["alberg municipal","Alcoi","millores","Podem","reclamaci\u00f3"],"articleSection":["Alcoy","Noticias","Pol\u00edtica y Econom\u00eda"],"inLanguage":"es"},{"@type":"WebPage","@id":"https:\/\/www.copealcoy.es\/es\/podem-reclama-la-millora-de-lalberg-municipal-danimals\/","url":"https:\/\/www.copealcoy.es\/es\/podem-reclama-la-millora-de-lalberg-municipal-danimals\/","name":"Podem reclama la millora de l'alberg municipal d'animals - COPE Alcoy","isPartOf":{"@id":"https:\/\/www.copealcoy.es\/es\/#website"},"primaryImageOfPage":{"@id":"https:\/\/www.copealcoy.es\/es\/podem-reclama-la-millora-de-lalberg-municipal-danimals\/#primaryimage"},"image":{"@id":"https:\/\/www.copealcoy.es\/es\/podem-reclama-la-millora-de-lalberg-municipal-danimals\/#primaryimage"},"thumbnailUrl":"https:\/\/www.copealcoy.es\/wp-content\/uploads\/2017\/03\/dsc06517.jpg","datePublished":"2020-10-01T09:37:00+00:00","dateModified":"2020-10-02T16:37:21+00:00","author":{"@id":"https:\/\/www.copealcoy.es\/es\/#\/schema\/person\/e777c87fa024e57d40170af9df39882c"},"breadcrumb":{"@id":"https:\/\/www.copealcoy.es\/es\/podem-reclama-la-millora-de-lalberg-municipal-danimals\/#breadcrumb"},"inLanguage":"es","potentialAction":[{"@type":"ReadAction","target":["https:\/\/www.copealcoy.es\/es\/podem-reclama-la-millora-de-lalberg-municipal-danimals\/"]}]},{"@type":"ImageObject","inLanguage":"es","@id":"https:\/\/www.copealcoy.es\/es\/podem-reclama-la-millora-de-lalberg-municipal-danimals\/#primaryimage","url":"https:\/\/www.copealcoy.es\/wp-content\/uploads\/2017\/03\/dsc06517.jpg","contentUrl":"https:\/\/www.copealcoy.es\/wp-content\/uploads\/2017\/03\/dsc06517.jpg","width":640,"height":403},{"@type":"BreadcrumbList","@id":"https:\/\/www.copealcoy.es\/es\/podem-reclama-la-millora-de-lalberg-municipal-danimals\/#breadcrumb","itemListElement":[{"@type":"ListItem","position":1,"name":"Portada","item":"https:\/\/www.copealcoy.es\/es\/"},{"@type":"ListItem","position":2,"name":"Podem reclama la millora de l&#8217;alberg municipal d&#8217;animals"}]},{"@type":"WebSite","@id":"https:\/\/www.copealcoy.es\/es\/#website","url":"https:\/\/www.copealcoy.es\/es\/","name":"COPE Alcoy","description":"Emisora COPE de radio local con emisi\u00f3n online. Pont de Sant Jordi 8-10 03803 Alcoy","potentialAction":[{"@type":"SearchAction","target":{"@type":"EntryPoint","urlTemplate":"https:\/\/www.copealcoy.es\/es\/?s={search_term_string}"},"query-input":{"@type":"PropertyValueSpecification","valueRequired":true,"valueName":"search_term_string"}}],"inLanguage":"es"},{"@type":"Person","@id":"https:\/\/www.copealcoy.es\/es\/#\/schema\/person\/e777c87fa024e57d40170af9df39882c","name":"Cope Alcoy","image":{"@type":"ImageObject","inLanguage":"es","@id":"https:\/\/secure.gravatar.com\/avatar\/bb65d0283347e303893ba14f0692005417c1e0e690a325a4c5d8bb2b3943ee14?s=96&d=mm&r=g","url":"https:\/\/secure.gravatar.com\/avatar\/bb65d0283347e303893ba14f0692005417c1e0e690a325a4c5d8bb2b3943ee14?s=96&d=mm&r=g","contentUrl":"https:\/\/secure.gravatar.com\/avatar\/bb65d0283347e303893ba14f0692005417c1e0e690a325a4c5d8bb2b3943ee14?s=96&d=mm&r=g","caption":"Cope Alcoy"}}]}},"_links":{"self":[{"href":"https:\/\/www.copealcoy.es\/es\/wp-json\/wp\/v2\/posts\/65973","targetHints":{"allow":["GET"]}}],"collection":[{"href":"https:\/\/www.copealcoy.es\/es\/wp-json\/wp\/v2\/posts"}],"about":[{"href":"https:\/\/www.copealcoy.es\/es\/wp-json\/wp\/v2\/types\/post"}],"author":[{"embeddable":true,"href":"https:\/\/www.copealcoy.es\/es\/wp-json\/wp\/v2\/users\/1"}],"replies":[{"embeddable":true,"href":"https:\/\/www.copealcoy.es\/es\/wp-json\/wp\/v2\/comments?post=65973"}],"version-history":[{"count":0,"href":"https:\/\/www.copealcoy.es\/es\/wp-json\/wp\/v2\/posts\/65973\/revisions"}],"wp:featuredmedia":[{"embeddable":true,"href":"https:\/\/www.copealcoy.es\/es\/wp-json\/wp\/v2\/media\/29761"}],"wp:attachment":[{"href":"https:\/\/www.copealcoy.es\/es\/wp-json\/wp\/v2\/media?parent=65973"}],"wp:term":[{"taxonomy":"category","embeddable":true,"href":"https:\/\/www.copealcoy.es\/es\/wp-json\/wp\/v2\/categories?post=65973"},{"taxonomy":"post_tag","embeddable":true,"href":"https:\/\/www.copealcoy.es\/es\/wp-json\/wp\/v2\/tags?post=65973"}],"curies":[{"name":"wp","href":"https:\/\/api.w.org\/{rel}","templated":true}]}}