{"id":65942,"date":"2020-09-30T11:30:50","date_gmt":"2020-09-30T11:30:50","guid":{"rendered":"https:\/\/www.copealcoy.es\/?p=65942"},"modified":"2020-10-01T11:15:56","modified_gmt":"2020-10-01T11:15:56","slug":"adjudicada-la-redaccio-del-projecte-de-renovacio-de-la-via-entre-alcoi-i-ontinyent","status":"publish","type":"post","link":"https:\/\/www.copealcoy.es\/es\/adjudicada-la-redaccio-del-projecte-de-renovacio-de-la-via-entre-alcoi-i-ontinyent\/","title":{"rendered":"Adjudicada la redacci\u00f3 del projecte de renovaci\u00f3 de la via entre Alcoi i Ontinyent"},"content":{"rendered":"<p style=\"text-align: justify;\">ADIF ha aprovat <strong>l&#8217;adjudicaci\u00f3 de la redacci\u00f3 del projecte<\/strong> per a <strong>la renovaci\u00f3 de via de la l\u00ednea de tren Alcoi-X\u00e0tiva<\/strong>, una actuaci\u00f3 que es portar\u00e0 a terme <strong>entre les estacions<\/strong> de la capital de l&#8217;Alcoi\u00e0 i Ontinyent. Aquesta intervenci\u00f3, inclosa en el Pla de Rodalia de la Comunitat Valenciana,<strong> te un pressupost de\u00a0 568.344,22 euros<\/strong> i afecta a un total de<strong> 25km<\/strong> de la l\u00ednea.<\/p>\n<p style=\"text-align: justify;\">La intervenci\u00f3 compr\u00e9n <strong>la implantaci\u00f3 del sistema denominat Bloqueig per Alliberament Autom\u00e0tic en Via \u00danica (BLAU)<\/strong>\u00a0que permetr\u00e0, mitjan\u00e7ant moderns equips autom\u00e0tics, <strong>augmentar de manera significativa les condicions de fiabilitat de les instal\u00b7lacions<\/strong>\u00a0 aix\u00ed com <strong>incrementar la capacitat i regularitat de les circulacions<\/strong>, racionalitzant i optimitzant l&#8217;explotaci\u00f3 ferrovi\u00e0ria. El contracte <strong>s&#8217;ha adjudicat a l&#8217;empresa TPF Getinsa Euroestudios<\/strong> i les obres <strong>tindran un periode d&#8217;execuci\u00f3 de 12 mesos<\/strong> &#8220;<em>ac\u00ed tenim una mostra m\u00e9s de l&#8217;aposta del Govern d&#8217;Espanya en la millora de la l\u00ednia Alcoi-X\u00e0tiva. Aquesta actuaci\u00f3 s&#8217;uneix a la inversi\u00f3 que ja s&#8217;est\u00e0 executant de 7 milions d&#8217;euros. Veiem com el Govern de Pedro S\u00e1nchez i Jos\u00e9 Luis \u00c1balos com a ministre de Transports est\u00e0 duent a terme inversions reals en la nostra l\u00ednia, \u00e9s el Govern que m\u00e9s ha invertit al tren des que es va construir per a la modernitzaci\u00f3 de la l\u00ednia<\/em>&#8220;, assenyala l&#8217;alcalde; Antonio Franc\u00e9s.<\/p>\n<p style=\"text-align: justify;\">Aquesta adjudicaci\u00f3 s&#8217;afig a <strong>les obres que es duen a terme actualment<\/strong>, que consisteixen en la dotaci\u00f3 de noves instal\u00b7lacions de seguretat en tota la l\u00ednia d&#8217;ample convencional Alcoi-X\u00e0tiva, i que compten amb un import d&#8217;adjudicaci\u00f3 que supera els<strong> 7 milions d&#8217;euros<\/strong>.<\/p>\n","protected":false},"excerpt":{"rendered":"<p>ADIF ha aprovat l&#8217;adjudicaci\u00f3 de la redacci\u00f3 del projecte per a la renovaci\u00f3 de via de la l\u00ednea de tren&#8230;<\/p>\n","protected":false},"author":1,"featured_media":26609,"comment_status":"open","ping_status":"open","sticky":false,"template":"","format":"standard","meta":{"footnotes":""},"categories":[6909,97,75,125],"tags":[9979,160,694,7728,7729,9983,681,577,154,579],"class_list":["post-65942","post","type-post","status-publish","format-standard","has-post-thumbnail","hentry","category-actualidad","category-alcoy","category-noticias","category-portada","tag-adjudicacio","tag-alcoi","tag-ontinyent","tag-projecte","tag-redaccio","tag-renovacio","tag-toni-frances","tag-tren","tag-via","tag-xativa"],"yoast_head":"<!-- This site is optimized with the Yoast SEO plugin v27.3 - https:\/\/yoast.com\/product\/yoast-seo-wordpress\/ -->\n<title>Adjudicada la redacci\u00f3 del projecte de renovaci\u00f3 de la via entre Alcoi i Ontinyent - COPE Alcoy<\/title>\n<meta name=\"robots\" content=\"index, follow, max-snippet:-1, max-image-preview:large, max-video-preview:-1\" \/>\n<link rel=\"canonical\" href=\"https:\/\/www.copealcoy.es\/es\/adjudicada-la-redaccio-del-projecte-de-renovacio-de-la-via-entre-alcoi-i-ontinyent\/\" \/>\n<meta property=\"og:locale\" content=\"es_ES\" \/>\n<meta property=\"og:type\" content=\"article\" \/>\n<meta property=\"og:title\" content=\"Adjudicada la redacci\u00f3 del projecte de renovaci\u00f3 de la via entre Alcoi i Ontinyent - COPE Alcoy\" \/>\n<meta property=\"og:description\" content=\"ADIF ha aprovat l&#8217;adjudicaci\u00f3 de la redacci\u00f3 del projecte per a la renovaci\u00f3 de via de la l\u00ednea de tren...\" \/>\n<meta property=\"og:url\" content=\"https:\/\/www.copealcoy.es\/es\/adjudicada-la-redaccio-del-projecte-de-renovacio-de-la-via-entre-alcoi-i-ontinyent\/\" \/>\n<meta property=\"og:site_name\" content=\"COPE Alcoy\" \/>\n<meta property=\"article:published_time\" content=\"2020-09-30T11:30:50+00:00\" \/>\n<meta property=\"article:modified_time\" content=\"2020-10-01T11:15:56+00:00\" \/>\n<meta property=\"og:image\" content=\"https:\/\/www.copealcoy.es\/wp-content\/uploads\/2016\/11\/maxresdefault-1.jpg\" \/>\n\t<meta property=\"og:image:width\" content=\"1280\" \/>\n\t<meta property=\"og:image:height\" content=\"720\" \/>\n\t<meta property=\"og:image:type\" content=\"image\/jpeg\" \/>\n<meta name=\"author\" content=\"Cope Alcoy\" \/>\n<meta name=\"twitter:label1\" content=\"Escrito por\" \/>\n\t<meta name=\"twitter:data1\" content=\"Cope Alcoy\" \/>\n\t<meta name=\"twitter:label2\" content=\"Tiempo de lectura\" \/>\n\t<meta name=\"twitter:data2\" content=\"1 minuto\" \/>\n<script type=\"application\/ld+json\" class=\"yoast-schema-graph\">{\"@context\":\"https:\\\/\\\/schema.org\",\"@graph\":[{\"@type\":\"Article\",\"@id\":\"https:\\\/\\\/www.copealcoy.es\\\/es\\\/adjudicada-la-redaccio-del-projecte-de-renovacio-de-la-via-entre-alcoi-i-ontinyent\\\/#article\",\"isPartOf\":{\"@id\":\"https:\\\/\\\/www.copealcoy.es\\\/es\\\/adjudicada-la-redaccio-del-projecte-de-renovacio-de-la-via-entre-alcoi-i-ontinyent\\\/\"},\"author\":{\"name\":\"Cope Alcoy\",\"@id\":\"https:\\\/\\\/www.copealcoy.es\\\/es\\\/#\\\/schema\\\/person\\\/e777c87fa024e57d40170af9df39882c\"},\"headline\":\"Adjudicada la redacci\u00f3 del projecte de renovaci\u00f3 de la via entre Alcoi i Ontinyent\",\"datePublished\":\"2020-09-30T11:30:50+00:00\",\"dateModified\":\"2020-10-01T11:15:56+00:00\",\"mainEntityOfPage\":{\"@id\":\"https:\\\/\\\/www.copealcoy.es\\\/es\\\/adjudicada-la-redaccio-del-projecte-de-renovacio-de-la-via-entre-alcoi-i-ontinyent\\\/\"},\"wordCount\":303,\"commentCount\":0,\"image\":{\"@id\":\"https:\\\/\\\/www.copealcoy.es\\\/es\\\/adjudicada-la-redaccio-del-projecte-de-renovacio-de-la-via-entre-alcoi-i-ontinyent\\\/#primaryimage\"},\"thumbnailUrl\":\"https:\\\/\\\/www.copealcoy.es\\\/wp-content\\\/uploads\\\/2016\\\/11\\\/maxresdefault-1.jpg\",\"keywords\":[\"adjudicaci\u00f3\",\"Alcoi\",\"Ontinyent\",\"projecte\",\"redacci\u00f3\",\"renovaci\u00f3\",\"Toni Franc\u00e9s\",\"Tren\",\"V\u00eda\",\"X\u00e0tiva\"],\"articleSection\":[\"Actualidad\",\"Alcoy\",\"Noticias\",\"Portada\"],\"inLanguage\":\"es\"},{\"@type\":\"WebPage\",\"@id\":\"https:\\\/\\\/www.copealcoy.es\\\/es\\\/adjudicada-la-redaccio-del-projecte-de-renovacio-de-la-via-entre-alcoi-i-ontinyent\\\/\",\"url\":\"https:\\\/\\\/www.copealcoy.es\\\/es\\\/adjudicada-la-redaccio-del-projecte-de-renovacio-de-la-via-entre-alcoi-i-ontinyent\\\/\",\"name\":\"Adjudicada la redacci\u00f3 del projecte de renovaci\u00f3 de la via entre Alcoi i Ontinyent - COPE Alcoy\",\"isPartOf\":{\"@id\":\"https:\\\/\\\/www.copealcoy.es\\\/es\\\/#website\"},\"primaryImageOfPage\":{\"@id\":\"https:\\\/\\\/www.copealcoy.es\\\/es\\\/adjudicada-la-redaccio-del-projecte-de-renovacio-de-la-via-entre-alcoi-i-ontinyent\\\/#primaryimage\"},\"image\":{\"@id\":\"https:\\\/\\\/www.copealcoy.es\\\/es\\\/adjudicada-la-redaccio-del-projecte-de-renovacio-de-la-via-entre-alcoi-i-ontinyent\\\/#primaryimage\"},\"thumbnailUrl\":\"https:\\\/\\\/www.copealcoy.es\\\/wp-content\\\/uploads\\\/2016\\\/11\\\/maxresdefault-1.jpg\",\"datePublished\":\"2020-09-30T11:30:50+00:00\",\"dateModified\":\"2020-10-01T11:15:56+00:00\",\"author\":{\"@id\":\"https:\\\/\\\/www.copealcoy.es\\\/es\\\/#\\\/schema\\\/person\\\/e777c87fa024e57d40170af9df39882c\"},\"breadcrumb\":{\"@id\":\"https:\\\/\\\/www.copealcoy.es\\\/es\\\/adjudicada-la-redaccio-del-projecte-de-renovacio-de-la-via-entre-alcoi-i-ontinyent\\\/#breadcrumb\"},\"inLanguage\":\"es\",\"potentialAction\":[{\"@type\":\"ReadAction\",\"target\":[\"https:\\\/\\\/www.copealcoy.es\\\/es\\\/adjudicada-la-redaccio-del-projecte-de-renovacio-de-la-via-entre-alcoi-i-ontinyent\\\/\"]}]},{\"@type\":\"ImageObject\",\"inLanguage\":\"es\",\"@id\":\"https:\\\/\\\/www.copealcoy.es\\\/es\\\/adjudicada-la-redaccio-del-projecte-de-renovacio-de-la-via-entre-alcoi-i-ontinyent\\\/#primaryimage\",\"url\":\"https:\\\/\\\/www.copealcoy.es\\\/wp-content\\\/uploads\\\/2016\\\/11\\\/maxresdefault-1.jpg\",\"contentUrl\":\"https:\\\/\\\/www.copealcoy.es\\\/wp-content\\\/uploads\\\/2016\\\/11\\\/maxresdefault-1.jpg\",\"width\":1280,\"height\":720},{\"@type\":\"BreadcrumbList\",\"@id\":\"https:\\\/\\\/www.copealcoy.es\\\/es\\\/adjudicada-la-redaccio-del-projecte-de-renovacio-de-la-via-entre-alcoi-i-ontinyent\\\/#breadcrumb\",\"itemListElement\":[{\"@type\":\"ListItem\",\"position\":1,\"name\":\"Portada\",\"item\":\"https:\\\/\\\/www.copealcoy.es\\\/es\\\/\"},{\"@type\":\"ListItem\",\"position\":2,\"name\":\"Adjudicada la redacci\u00f3 del projecte de renovaci\u00f3 de la via entre Alcoi i Ontinyent\"}]},{\"@type\":\"WebSite\",\"@id\":\"https:\\\/\\\/www.copealcoy.es\\\/es\\\/#website\",\"url\":\"https:\\\/\\\/www.copealcoy.es\\\/es\\\/\",\"name\":\"COPE Alcoy\",\"description\":\"Emisora COPE de radio local con emisi\u00f3n online. Pont de Sant Jordi 8-10 03803 Alcoy\",\"potentialAction\":[{\"@type\":\"SearchAction\",\"target\":{\"@type\":\"EntryPoint\",\"urlTemplate\":\"https:\\\/\\\/www.copealcoy.es\\\/es\\\/?s={search_term_string}\"},\"query-input\":{\"@type\":\"PropertyValueSpecification\",\"valueRequired\":true,\"valueName\":\"search_term_string\"}}],\"inLanguage\":\"es\"},{\"@type\":\"Person\",\"@id\":\"https:\\\/\\\/www.copealcoy.es\\\/es\\\/#\\\/schema\\\/person\\\/e777c87fa024e57d40170af9df39882c\",\"name\":\"Cope Alcoy\",\"image\":{\"@type\":\"ImageObject\",\"inLanguage\":\"es\",\"@id\":\"https:\\\/\\\/secure.gravatar.com\\\/avatar\\\/bb65d0283347e303893ba14f0692005417c1e0e690a325a4c5d8bb2b3943ee14?s=96&d=mm&r=g\",\"url\":\"https:\\\/\\\/secure.gravatar.com\\\/avatar\\\/bb65d0283347e303893ba14f0692005417c1e0e690a325a4c5d8bb2b3943ee14?s=96&d=mm&r=g\",\"contentUrl\":\"https:\\\/\\\/secure.gravatar.com\\\/avatar\\\/bb65d0283347e303893ba14f0692005417c1e0e690a325a4c5d8bb2b3943ee14?s=96&d=mm&r=g\",\"caption\":\"Cope Alcoy\"}}]}<\/script>\n<!-- \/ Yoast SEO plugin. -->","yoast_head_json":{"title":"Adjudicada la redacci\u00f3 del projecte de renovaci\u00f3 de la via entre Alcoi i Ontinyent - COPE Alcoy","robots":{"index":"index","follow":"follow","max-snippet":"max-snippet:-1","max-image-preview":"max-image-preview:large","max-video-preview":"max-video-preview:-1"},"canonical":"https:\/\/www.copealcoy.es\/es\/adjudicada-la-redaccio-del-projecte-de-renovacio-de-la-via-entre-alcoi-i-ontinyent\/","og_locale":"es_ES","og_type":"article","og_title":"Adjudicada la redacci\u00f3 del projecte de renovaci\u00f3 de la via entre Alcoi i Ontinyent - COPE Alcoy","og_description":"ADIF ha aprovat l&#8217;adjudicaci\u00f3 de la redacci\u00f3 del projecte per a la renovaci\u00f3 de via de la l\u00ednea de tren...","og_url":"https:\/\/www.copealcoy.es\/es\/adjudicada-la-redaccio-del-projecte-de-renovacio-de-la-via-entre-alcoi-i-ontinyent\/","og_site_name":"COPE Alcoy","article_published_time":"2020-09-30T11:30:50+00:00","article_modified_time":"2020-10-01T11:15:56+00:00","og_image":[{"width":1280,"height":720,"url":"https:\/\/www.copealcoy.es\/wp-content\/uploads\/2016\/11\/maxresdefault-1.jpg","type":"image\/jpeg"}],"author":"Cope Alcoy","twitter_misc":{"Escrito por":"Cope Alcoy","Tiempo de lectura":"1 minuto"},"schema":{"@context":"https:\/\/schema.org","@graph":[{"@type":"Article","@id":"https:\/\/www.copealcoy.es\/es\/adjudicada-la-redaccio-del-projecte-de-renovacio-de-la-via-entre-alcoi-i-ontinyent\/#article","isPartOf":{"@id":"https:\/\/www.copealcoy.es\/es\/adjudicada-la-redaccio-del-projecte-de-renovacio-de-la-via-entre-alcoi-i-ontinyent\/"},"author":{"name":"Cope Alcoy","@id":"https:\/\/www.copealcoy.es\/es\/#\/schema\/person\/e777c87fa024e57d40170af9df39882c"},"headline":"Adjudicada la redacci\u00f3 del projecte de renovaci\u00f3 de la via entre Alcoi i Ontinyent","datePublished":"2020-09-30T11:30:50+00:00","dateModified":"2020-10-01T11:15:56+00:00","mainEntityOfPage":{"@id":"https:\/\/www.copealcoy.es\/es\/adjudicada-la-redaccio-del-projecte-de-renovacio-de-la-via-entre-alcoi-i-ontinyent\/"},"wordCount":303,"commentCount":0,"image":{"@id":"https:\/\/www.copealcoy.es\/es\/adjudicada-la-redaccio-del-projecte-de-renovacio-de-la-via-entre-alcoi-i-ontinyent\/#primaryimage"},"thumbnailUrl":"https:\/\/www.copealcoy.es\/wp-content\/uploads\/2016\/11\/maxresdefault-1.jpg","keywords":["adjudicaci\u00f3","Alcoi","Ontinyent","projecte","redacci\u00f3","renovaci\u00f3","Toni Franc\u00e9s","Tren","V\u00eda","X\u00e0tiva"],"articleSection":["Actualidad","Alcoy","Noticias","Portada"],"inLanguage":"es"},{"@type":"WebPage","@id":"https:\/\/www.copealcoy.es\/es\/adjudicada-la-redaccio-del-projecte-de-renovacio-de-la-via-entre-alcoi-i-ontinyent\/","url":"https:\/\/www.copealcoy.es\/es\/adjudicada-la-redaccio-del-projecte-de-renovacio-de-la-via-entre-alcoi-i-ontinyent\/","name":"Adjudicada la redacci\u00f3 del projecte de renovaci\u00f3 de la via entre Alcoi i Ontinyent - COPE Alcoy","isPartOf":{"@id":"https:\/\/www.copealcoy.es\/es\/#website"},"primaryImageOfPage":{"@id":"https:\/\/www.copealcoy.es\/es\/adjudicada-la-redaccio-del-projecte-de-renovacio-de-la-via-entre-alcoi-i-ontinyent\/#primaryimage"},"image":{"@id":"https:\/\/www.copealcoy.es\/es\/adjudicada-la-redaccio-del-projecte-de-renovacio-de-la-via-entre-alcoi-i-ontinyent\/#primaryimage"},"thumbnailUrl":"https:\/\/www.copealcoy.es\/wp-content\/uploads\/2016\/11\/maxresdefault-1.jpg","datePublished":"2020-09-30T11:30:50+00:00","dateModified":"2020-10-01T11:15:56+00:00","author":{"@id":"https:\/\/www.copealcoy.es\/es\/#\/schema\/person\/e777c87fa024e57d40170af9df39882c"},"breadcrumb":{"@id":"https:\/\/www.copealcoy.es\/es\/adjudicada-la-redaccio-del-projecte-de-renovacio-de-la-via-entre-alcoi-i-ontinyent\/#breadcrumb"},"inLanguage":"es","potentialAction":[{"@type":"ReadAction","target":["https:\/\/www.copealcoy.es\/es\/adjudicada-la-redaccio-del-projecte-de-renovacio-de-la-via-entre-alcoi-i-ontinyent\/"]}]},{"@type":"ImageObject","inLanguage":"es","@id":"https:\/\/www.copealcoy.es\/es\/adjudicada-la-redaccio-del-projecte-de-renovacio-de-la-via-entre-alcoi-i-ontinyent\/#primaryimage","url":"https:\/\/www.copealcoy.es\/wp-content\/uploads\/2016\/11\/maxresdefault-1.jpg","contentUrl":"https:\/\/www.copealcoy.es\/wp-content\/uploads\/2016\/11\/maxresdefault-1.jpg","width":1280,"height":720},{"@type":"BreadcrumbList","@id":"https:\/\/www.copealcoy.es\/es\/adjudicada-la-redaccio-del-projecte-de-renovacio-de-la-via-entre-alcoi-i-ontinyent\/#breadcrumb","itemListElement":[{"@type":"ListItem","position":1,"name":"Portada","item":"https:\/\/www.copealcoy.es\/es\/"},{"@type":"ListItem","position":2,"name":"Adjudicada la redacci\u00f3 del projecte de renovaci\u00f3 de la via entre Alcoi i Ontinyent"}]},{"@type":"WebSite","@id":"https:\/\/www.copealcoy.es\/es\/#website","url":"https:\/\/www.copealcoy.es\/es\/","name":"COPE Alcoy","description":"Emisora COPE de radio local con emisi\u00f3n online. Pont de Sant Jordi 8-10 03803 Alcoy","potentialAction":[{"@type":"SearchAction","target":{"@type":"EntryPoint","urlTemplate":"https:\/\/www.copealcoy.es\/es\/?s={search_term_string}"},"query-input":{"@type":"PropertyValueSpecification","valueRequired":true,"valueName":"search_term_string"}}],"inLanguage":"es"},{"@type":"Person","@id":"https:\/\/www.copealcoy.es\/es\/#\/schema\/person\/e777c87fa024e57d40170af9df39882c","name":"Cope Alcoy","image":{"@type":"ImageObject","inLanguage":"es","@id":"https:\/\/secure.gravatar.com\/avatar\/bb65d0283347e303893ba14f0692005417c1e0e690a325a4c5d8bb2b3943ee14?s=96&d=mm&r=g","url":"https:\/\/secure.gravatar.com\/avatar\/bb65d0283347e303893ba14f0692005417c1e0e690a325a4c5d8bb2b3943ee14?s=96&d=mm&r=g","contentUrl":"https:\/\/secure.gravatar.com\/avatar\/bb65d0283347e303893ba14f0692005417c1e0e690a325a4c5d8bb2b3943ee14?s=96&d=mm&r=g","caption":"Cope Alcoy"}}]}},"_links":{"self":[{"href":"https:\/\/www.copealcoy.es\/es\/wp-json\/wp\/v2\/posts\/65942","targetHints":{"allow":["GET"]}}],"collection":[{"href":"https:\/\/www.copealcoy.es\/es\/wp-json\/wp\/v2\/posts"}],"about":[{"href":"https:\/\/www.copealcoy.es\/es\/wp-json\/wp\/v2\/types\/post"}],"author":[{"embeddable":true,"href":"https:\/\/www.copealcoy.es\/es\/wp-json\/wp\/v2\/users\/1"}],"replies":[{"embeddable":true,"href":"https:\/\/www.copealcoy.es\/es\/wp-json\/wp\/v2\/comments?post=65942"}],"version-history":[{"count":0,"href":"https:\/\/www.copealcoy.es\/es\/wp-json\/wp\/v2\/posts\/65942\/revisions"}],"wp:featuredmedia":[{"embeddable":true,"href":"https:\/\/www.copealcoy.es\/es\/wp-json\/wp\/v2\/media\/26609"}],"wp:attachment":[{"href":"https:\/\/www.copealcoy.es\/es\/wp-json\/wp\/v2\/media?parent=65942"}],"wp:term":[{"taxonomy":"category","embeddable":true,"href":"https:\/\/www.copealcoy.es\/es\/wp-json\/wp\/v2\/categories?post=65942"},{"taxonomy":"post_tag","embeddable":true,"href":"https:\/\/www.copealcoy.es\/es\/wp-json\/wp\/v2\/tags?post=65942"}],"curies":[{"name":"wp","href":"https:\/\/api.w.org\/{rel}","templated":true}]}}