{"id":65892,"date":"2020-09-29T08:28:56","date_gmt":"2020-09-29T08:28:56","guid":{"rendered":"https:\/\/www.copealcoy.es\/?p=65892"},"modified":"2020-09-29T08:36:04","modified_gmt":"2020-09-29T08:36:04","slug":"el-campus-de-alcoy-da-la-bienvenida-a-los-nuevos-estudiantes","status":"publish","type":"post","link":"https:\/\/www.copealcoy.es\/es\/el-campus-de-alcoy-da-la-bienvenida-a-los-nuevos-estudiantes\/","title":{"rendered":"El Campus de Alcoy da la bienvenida a los nuevos estudiantes"},"content":{"rendered":"<p style=\"text-align: justify;\">La Plaza Ferr\u00e1ndiz y Carbonell de Alcoy acogi\u00f3 ayer la <strong>Jornada de Acogida<\/strong> del <strong>Campus de Alcoy de la Univeritat Polit\u00e8cnica de Val\u00e8ncia (UPV)<\/strong>, una actividad dirigida a los nuevos estudiantes de los 6 grados y los 2 dobles grados. De los cerca de <strong>500 alumnos<\/strong> y alumnas de nuevo ingreso, unos <strong>350<\/strong> tomaron parte en <strong>un evento que cont\u00f3 con todas las medidas higi\u00e9nicas y de distanciamiento<\/strong>, adapt\u00e1ndose as\u00ed a los protocolos de las autoridades sanitarias por la Covid-19.<\/p>\n<p style=\"text-align: justify;\">La Jornada de Acogida fue presentada por el subdirector de Comunicaci\u00f3n y Promoci\u00f3n del Campus, <strong>Manuel Llorca<\/strong>, y en ella intervinieron <strong>Antonio Arques<\/strong>, subdirector de Alumnado e Investigaci\u00f3n;\u00a0 <strong>David Garc\u00eda<\/strong>, subdirector de Infraestructuras y de M\u00e1ster y Formaci\u00f3n Permanente; <strong>Lucas Ballester y Aar\u00f3n Ram\u00f3n Torrens<\/strong>, como representantes de Delegaci\u00f3n de Alumnos; y <strong>Antonio Franc\u00e9s<\/strong>, alcalde de Alcoi. Por \u00faltimo, el director del Campus de Alcoy de la UPV, <strong>Juan Ignacio Torregrosa<\/strong>, dio una calurosa bienvenida a todos los estudiantes y les anim\u00f3 a todos en esta nueva etapa.<\/p>\n<p style=\"text-align: justify;\">La jornada finaliz\u00f3 con un almuerzo donde los <strong>alumnos-tutores<\/strong> explicaron a los nuevos estudiantes el funcionamiento del campus y todo lo que deben saber en los primeros d\u00edas como universitarios. Todo ello <strong>antes del inicio oficial de las clases<\/strong> que se ha previsto para este martes 29 de septiembre.<\/p>\n<p style=\"text-align: justify;\">Recordar que <strong>el Campus de Alcoy de la\u00a0 UPV ha cubierto pr\u00e1cticamente la totalidad de la matr\u00edcula<\/strong> en los grados, m\u00e1steres universitarios y dobles grados. Actualmente, <strong>se dispone de lista de espera en pr\u00e1cticamente todas las titulaciones<\/strong>, con los que se podr\u00edan cubrir posibles bajas.<\/p>\n","protected":false},"excerpt":{"rendered":"<p>La Plaza Ferr\u00e1ndiz y Carbonell de Alcoy acogi\u00f3 ayer la Jornada de Acogida del Campus de Alcoy de la Univeritat&#8230;<\/p>\n","protected":false},"author":1,"featured_media":65893,"comment_status":"open","ping_status":"open","sticky":false,"template":"","format":"standard","meta":{"footnotes":""},"categories":[97,5374,900,75],"tags":[6070,1732,9973,9972,4381],"class_list":["post-65892","post","type-post","status-publish","format-standard","has-post-thumbnail","hentry","category-alcoy","category-campus-de-alcoy","category-educacion","category-noticias","tag-bienvenida","tag-campus-alcoy","tag-inicio-curso","tag-nuevos-estudiantes","tag-universidad-politecnica-de-valencia"],"yoast_head":"<!-- This site is optimized with the Yoast SEO plugin v27.3 - https:\/\/yoast.com\/product\/yoast-seo-wordpress\/ -->\n<title>El Campus de Alcoy da la bienvenida a los nuevos estudiantes - COPE Alcoy<\/title>\n<meta name=\"robots\" content=\"index, follow, max-snippet:-1, max-image-preview:large, max-video-preview:-1\" \/>\n<link rel=\"canonical\" href=\"https:\/\/www.copealcoy.es\/es\/el-campus-de-alcoy-da-la-bienvenida-a-los-nuevos-estudiantes\/\" \/>\n<meta property=\"og:locale\" content=\"es_ES\" \/>\n<meta property=\"og:type\" content=\"article\" \/>\n<meta property=\"og:title\" content=\"El Campus de Alcoy da la bienvenida a los nuevos estudiantes - COPE Alcoy\" \/>\n<meta property=\"og:description\" content=\"La Plaza Ferr\u00e1ndiz y Carbonell de Alcoy acogi\u00f3 ayer la Jornada de Acogida del Campus de Alcoy de la Univeritat...\" \/>\n<meta property=\"og:url\" content=\"https:\/\/www.copealcoy.es\/es\/el-campus-de-alcoy-da-la-bienvenida-a-los-nuevos-estudiantes\/\" \/>\n<meta property=\"og:site_name\" content=\"COPE Alcoy\" \/>\n<meta property=\"article:published_time\" content=\"2020-09-29T08:28:56+00:00\" \/>\n<meta property=\"article:modified_time\" content=\"2020-09-29T08:36:04+00:00\" \/>\n<meta property=\"og:image\" content=\"https:\/\/www.copealcoy.es\/wp-content\/uploads\/2020\/09\/Jornada-Acogida-2.jpg\" \/>\n\t<meta property=\"og:image:width\" content=\"2048\" \/>\n\t<meta property=\"og:image:height\" content=\"1362\" \/>\n\t<meta property=\"og:image:type\" content=\"image\/jpeg\" \/>\n<meta name=\"author\" content=\"Cope Alcoy\" \/>\n<meta name=\"twitter:label1\" content=\"Escrito por\" \/>\n\t<meta name=\"twitter:data1\" content=\"Cope Alcoy\" \/>\n\t<meta name=\"twitter:label2\" content=\"Tiempo de lectura\" \/>\n\t<meta name=\"twitter:data2\" content=\"1 minuto\" \/>\n<script type=\"application\/ld+json\" class=\"yoast-schema-graph\">{\"@context\":\"https:\\\/\\\/schema.org\",\"@graph\":[{\"@type\":\"Article\",\"@id\":\"https:\\\/\\\/www.copealcoy.es\\\/es\\\/el-campus-de-alcoy-da-la-bienvenida-a-los-nuevos-estudiantes\\\/#article\",\"isPartOf\":{\"@id\":\"https:\\\/\\\/www.copealcoy.es\\\/es\\\/el-campus-de-alcoy-da-la-bienvenida-a-los-nuevos-estudiantes\\\/\"},\"author\":{\"name\":\"Cope Alcoy\",\"@id\":\"https:\\\/\\\/www.copealcoy.es\\\/es\\\/#\\\/schema\\\/person\\\/e777c87fa024e57d40170af9df39882c\"},\"headline\":\"El Campus de Alcoy da la bienvenida a los nuevos estudiantes\",\"datePublished\":\"2020-09-29T08:28:56+00:00\",\"dateModified\":\"2020-09-29T08:36:04+00:00\",\"mainEntityOfPage\":{\"@id\":\"https:\\\/\\\/www.copealcoy.es\\\/es\\\/el-campus-de-alcoy-da-la-bienvenida-a-los-nuevos-estudiantes\\\/\"},\"wordCount\":289,\"commentCount\":0,\"image\":{\"@id\":\"https:\\\/\\\/www.copealcoy.es\\\/es\\\/el-campus-de-alcoy-da-la-bienvenida-a-los-nuevos-estudiantes\\\/#primaryimage\"},\"thumbnailUrl\":\"https:\\\/\\\/www.copealcoy.es\\\/wp-content\\\/uploads\\\/2020\\\/09\\\/Jornada-Acogida-2.jpg\",\"keywords\":[\"bienvenida\",\"Campus Alcoy\",\"inicio curso\",\"nuevos estudiantes\",\"Universidad Polit\u00e9cnica de Valencia\"],\"articleSection\":[\"Alcoy\",\"Campus de Alcoy\",\"Educaci\u00f3n\",\"Noticias\"],\"inLanguage\":\"es\"},{\"@type\":\"WebPage\",\"@id\":\"https:\\\/\\\/www.copealcoy.es\\\/es\\\/el-campus-de-alcoy-da-la-bienvenida-a-los-nuevos-estudiantes\\\/\",\"url\":\"https:\\\/\\\/www.copealcoy.es\\\/es\\\/el-campus-de-alcoy-da-la-bienvenida-a-los-nuevos-estudiantes\\\/\",\"name\":\"El Campus de Alcoy da la bienvenida a los nuevos estudiantes - COPE Alcoy\",\"isPartOf\":{\"@id\":\"https:\\\/\\\/www.copealcoy.es\\\/es\\\/#website\"},\"primaryImageOfPage\":{\"@id\":\"https:\\\/\\\/www.copealcoy.es\\\/es\\\/el-campus-de-alcoy-da-la-bienvenida-a-los-nuevos-estudiantes\\\/#primaryimage\"},\"image\":{\"@id\":\"https:\\\/\\\/www.copealcoy.es\\\/es\\\/el-campus-de-alcoy-da-la-bienvenida-a-los-nuevos-estudiantes\\\/#primaryimage\"},\"thumbnailUrl\":\"https:\\\/\\\/www.copealcoy.es\\\/wp-content\\\/uploads\\\/2020\\\/09\\\/Jornada-Acogida-2.jpg\",\"datePublished\":\"2020-09-29T08:28:56+00:00\",\"dateModified\":\"2020-09-29T08:36:04+00:00\",\"author\":{\"@id\":\"https:\\\/\\\/www.copealcoy.es\\\/es\\\/#\\\/schema\\\/person\\\/e777c87fa024e57d40170af9df39882c\"},\"breadcrumb\":{\"@id\":\"https:\\\/\\\/www.copealcoy.es\\\/es\\\/el-campus-de-alcoy-da-la-bienvenida-a-los-nuevos-estudiantes\\\/#breadcrumb\"},\"inLanguage\":\"es\",\"potentialAction\":[{\"@type\":\"ReadAction\",\"target\":[\"https:\\\/\\\/www.copealcoy.es\\\/es\\\/el-campus-de-alcoy-da-la-bienvenida-a-los-nuevos-estudiantes\\\/\"]}]},{\"@type\":\"ImageObject\",\"inLanguage\":\"es\",\"@id\":\"https:\\\/\\\/www.copealcoy.es\\\/es\\\/el-campus-de-alcoy-da-la-bienvenida-a-los-nuevos-estudiantes\\\/#primaryimage\",\"url\":\"https:\\\/\\\/www.copealcoy.es\\\/wp-content\\\/uploads\\\/2020\\\/09\\\/Jornada-Acogida-2.jpg\",\"contentUrl\":\"https:\\\/\\\/www.copealcoy.es\\\/wp-content\\\/uploads\\\/2020\\\/09\\\/Jornada-Acogida-2.jpg\",\"width\":2048,\"height\":1362},{\"@type\":\"BreadcrumbList\",\"@id\":\"https:\\\/\\\/www.copealcoy.es\\\/es\\\/el-campus-de-alcoy-da-la-bienvenida-a-los-nuevos-estudiantes\\\/#breadcrumb\",\"itemListElement\":[{\"@type\":\"ListItem\",\"position\":1,\"name\":\"Portada\",\"item\":\"https:\\\/\\\/www.copealcoy.es\\\/es\\\/\"},{\"@type\":\"ListItem\",\"position\":2,\"name\":\"El Campus de Alcoy da la bienvenida a los nuevos estudiantes\"}]},{\"@type\":\"WebSite\",\"@id\":\"https:\\\/\\\/www.copealcoy.es\\\/es\\\/#website\",\"url\":\"https:\\\/\\\/www.copealcoy.es\\\/es\\\/\",\"name\":\"COPE Alcoy\",\"description\":\"Emisora COPE de radio local con emisi\u00f3n online. Pont de Sant Jordi 8-10 03803 Alcoy\",\"potentialAction\":[{\"@type\":\"SearchAction\",\"target\":{\"@type\":\"EntryPoint\",\"urlTemplate\":\"https:\\\/\\\/www.copealcoy.es\\\/es\\\/?s={search_term_string}\"},\"query-input\":{\"@type\":\"PropertyValueSpecification\",\"valueRequired\":true,\"valueName\":\"search_term_string\"}}],\"inLanguage\":\"es\"},{\"@type\":\"Person\",\"@id\":\"https:\\\/\\\/www.copealcoy.es\\\/es\\\/#\\\/schema\\\/person\\\/e777c87fa024e57d40170af9df39882c\",\"name\":\"Cope Alcoy\",\"image\":{\"@type\":\"ImageObject\",\"inLanguage\":\"es\",\"@id\":\"https:\\\/\\\/secure.gravatar.com\\\/avatar\\\/bb65d0283347e303893ba14f0692005417c1e0e690a325a4c5d8bb2b3943ee14?s=96&d=mm&r=g\",\"url\":\"https:\\\/\\\/secure.gravatar.com\\\/avatar\\\/bb65d0283347e303893ba14f0692005417c1e0e690a325a4c5d8bb2b3943ee14?s=96&d=mm&r=g\",\"contentUrl\":\"https:\\\/\\\/secure.gravatar.com\\\/avatar\\\/bb65d0283347e303893ba14f0692005417c1e0e690a325a4c5d8bb2b3943ee14?s=96&d=mm&r=g\",\"caption\":\"Cope Alcoy\"}}]}<\/script>\n<!-- \/ Yoast SEO plugin. -->","yoast_head_json":{"title":"El Campus de Alcoy da la bienvenida a los nuevos estudiantes - COPE Alcoy","robots":{"index":"index","follow":"follow","max-snippet":"max-snippet:-1","max-image-preview":"max-image-preview:large","max-video-preview":"max-video-preview:-1"},"canonical":"https:\/\/www.copealcoy.es\/es\/el-campus-de-alcoy-da-la-bienvenida-a-los-nuevos-estudiantes\/","og_locale":"es_ES","og_type":"article","og_title":"El Campus de Alcoy da la bienvenida a los nuevos estudiantes - COPE Alcoy","og_description":"La Plaza Ferr\u00e1ndiz y Carbonell de Alcoy acogi\u00f3 ayer la Jornada de Acogida del Campus de Alcoy de la Univeritat...","og_url":"https:\/\/www.copealcoy.es\/es\/el-campus-de-alcoy-da-la-bienvenida-a-los-nuevos-estudiantes\/","og_site_name":"COPE Alcoy","article_published_time":"2020-09-29T08:28:56+00:00","article_modified_time":"2020-09-29T08:36:04+00:00","og_image":[{"width":2048,"height":1362,"url":"https:\/\/www.copealcoy.es\/wp-content\/uploads\/2020\/09\/Jornada-Acogida-2.jpg","type":"image\/jpeg"}],"author":"Cope Alcoy","twitter_misc":{"Escrito por":"Cope Alcoy","Tiempo de lectura":"1 minuto"},"schema":{"@context":"https:\/\/schema.org","@graph":[{"@type":"Article","@id":"https:\/\/www.copealcoy.es\/es\/el-campus-de-alcoy-da-la-bienvenida-a-los-nuevos-estudiantes\/#article","isPartOf":{"@id":"https:\/\/www.copealcoy.es\/es\/el-campus-de-alcoy-da-la-bienvenida-a-los-nuevos-estudiantes\/"},"author":{"name":"Cope Alcoy","@id":"https:\/\/www.copealcoy.es\/es\/#\/schema\/person\/e777c87fa024e57d40170af9df39882c"},"headline":"El Campus de Alcoy da la bienvenida a los nuevos estudiantes","datePublished":"2020-09-29T08:28:56+00:00","dateModified":"2020-09-29T08:36:04+00:00","mainEntityOfPage":{"@id":"https:\/\/www.copealcoy.es\/es\/el-campus-de-alcoy-da-la-bienvenida-a-los-nuevos-estudiantes\/"},"wordCount":289,"commentCount":0,"image":{"@id":"https:\/\/www.copealcoy.es\/es\/el-campus-de-alcoy-da-la-bienvenida-a-los-nuevos-estudiantes\/#primaryimage"},"thumbnailUrl":"https:\/\/www.copealcoy.es\/wp-content\/uploads\/2020\/09\/Jornada-Acogida-2.jpg","keywords":["bienvenida","Campus Alcoy","inicio curso","nuevos estudiantes","Universidad Polit\u00e9cnica de Valencia"],"articleSection":["Alcoy","Campus de Alcoy","Educaci\u00f3n","Noticias"],"inLanguage":"es"},{"@type":"WebPage","@id":"https:\/\/www.copealcoy.es\/es\/el-campus-de-alcoy-da-la-bienvenida-a-los-nuevos-estudiantes\/","url":"https:\/\/www.copealcoy.es\/es\/el-campus-de-alcoy-da-la-bienvenida-a-los-nuevos-estudiantes\/","name":"El Campus de Alcoy da la bienvenida a los nuevos estudiantes - COPE Alcoy","isPartOf":{"@id":"https:\/\/www.copealcoy.es\/es\/#website"},"primaryImageOfPage":{"@id":"https:\/\/www.copealcoy.es\/es\/el-campus-de-alcoy-da-la-bienvenida-a-los-nuevos-estudiantes\/#primaryimage"},"image":{"@id":"https:\/\/www.copealcoy.es\/es\/el-campus-de-alcoy-da-la-bienvenida-a-los-nuevos-estudiantes\/#primaryimage"},"thumbnailUrl":"https:\/\/www.copealcoy.es\/wp-content\/uploads\/2020\/09\/Jornada-Acogida-2.jpg","datePublished":"2020-09-29T08:28:56+00:00","dateModified":"2020-09-29T08:36:04+00:00","author":{"@id":"https:\/\/www.copealcoy.es\/es\/#\/schema\/person\/e777c87fa024e57d40170af9df39882c"},"breadcrumb":{"@id":"https:\/\/www.copealcoy.es\/es\/el-campus-de-alcoy-da-la-bienvenida-a-los-nuevos-estudiantes\/#breadcrumb"},"inLanguage":"es","potentialAction":[{"@type":"ReadAction","target":["https:\/\/www.copealcoy.es\/es\/el-campus-de-alcoy-da-la-bienvenida-a-los-nuevos-estudiantes\/"]}]},{"@type":"ImageObject","inLanguage":"es","@id":"https:\/\/www.copealcoy.es\/es\/el-campus-de-alcoy-da-la-bienvenida-a-los-nuevos-estudiantes\/#primaryimage","url":"https:\/\/www.copealcoy.es\/wp-content\/uploads\/2020\/09\/Jornada-Acogida-2.jpg","contentUrl":"https:\/\/www.copealcoy.es\/wp-content\/uploads\/2020\/09\/Jornada-Acogida-2.jpg","width":2048,"height":1362},{"@type":"BreadcrumbList","@id":"https:\/\/www.copealcoy.es\/es\/el-campus-de-alcoy-da-la-bienvenida-a-los-nuevos-estudiantes\/#breadcrumb","itemListElement":[{"@type":"ListItem","position":1,"name":"Portada","item":"https:\/\/www.copealcoy.es\/es\/"},{"@type":"ListItem","position":2,"name":"El Campus de Alcoy da la bienvenida a los nuevos estudiantes"}]},{"@type":"WebSite","@id":"https:\/\/www.copealcoy.es\/es\/#website","url":"https:\/\/www.copealcoy.es\/es\/","name":"COPE Alcoy","description":"Emisora COPE de radio local con emisi\u00f3n online. Pont de Sant Jordi 8-10 03803 Alcoy","potentialAction":[{"@type":"SearchAction","target":{"@type":"EntryPoint","urlTemplate":"https:\/\/www.copealcoy.es\/es\/?s={search_term_string}"},"query-input":{"@type":"PropertyValueSpecification","valueRequired":true,"valueName":"search_term_string"}}],"inLanguage":"es"},{"@type":"Person","@id":"https:\/\/www.copealcoy.es\/es\/#\/schema\/person\/e777c87fa024e57d40170af9df39882c","name":"Cope Alcoy","image":{"@type":"ImageObject","inLanguage":"es","@id":"https:\/\/secure.gravatar.com\/avatar\/bb65d0283347e303893ba14f0692005417c1e0e690a325a4c5d8bb2b3943ee14?s=96&d=mm&r=g","url":"https:\/\/secure.gravatar.com\/avatar\/bb65d0283347e303893ba14f0692005417c1e0e690a325a4c5d8bb2b3943ee14?s=96&d=mm&r=g","contentUrl":"https:\/\/secure.gravatar.com\/avatar\/bb65d0283347e303893ba14f0692005417c1e0e690a325a4c5d8bb2b3943ee14?s=96&d=mm&r=g","caption":"Cope Alcoy"}}]}},"_links":{"self":[{"href":"https:\/\/www.copealcoy.es\/es\/wp-json\/wp\/v2\/posts\/65892","targetHints":{"allow":["GET"]}}],"collection":[{"href":"https:\/\/www.copealcoy.es\/es\/wp-json\/wp\/v2\/posts"}],"about":[{"href":"https:\/\/www.copealcoy.es\/es\/wp-json\/wp\/v2\/types\/post"}],"author":[{"embeddable":true,"href":"https:\/\/www.copealcoy.es\/es\/wp-json\/wp\/v2\/users\/1"}],"replies":[{"embeddable":true,"href":"https:\/\/www.copealcoy.es\/es\/wp-json\/wp\/v2\/comments?post=65892"}],"version-history":[{"count":0,"href":"https:\/\/www.copealcoy.es\/es\/wp-json\/wp\/v2\/posts\/65892\/revisions"}],"wp:featuredmedia":[{"embeddable":true,"href":"https:\/\/www.copealcoy.es\/es\/wp-json\/wp\/v2\/media\/65893"}],"wp:attachment":[{"href":"https:\/\/www.copealcoy.es\/es\/wp-json\/wp\/v2\/media?parent=65892"}],"wp:term":[{"taxonomy":"category","embeddable":true,"href":"https:\/\/www.copealcoy.es\/es\/wp-json\/wp\/v2\/categories?post=65892"},{"taxonomy":"post_tag","embeddable":true,"href":"https:\/\/www.copealcoy.es\/es\/wp-json\/wp\/v2\/tags?post=65892"}],"curies":[{"name":"wp","href":"https:\/\/api.w.org\/{rel}","templated":true}]}}