{"id":65843,"date":"2020-09-28T09:20:29","date_gmt":"2020-09-28T09:20:29","guid":{"rendered":"https:\/\/www.copealcoy.es\/?p=65843"},"modified":"2020-10-06T08:23:10","modified_gmt":"2020-10-06T08:23:10","slug":"lalcoyano-comencara-la-lliga-enfrontant-se-a-lhercules","status":"publish","type":"post","link":"https:\/\/www.copealcoy.es\/es\/lalcoyano-comencara-la-lliga-enfrontant-se-a-lhercules\/","title":{"rendered":"L&#8217;Alcoyano comen\u00e7ar\u00e0 la lliga enfrontant-se a l&#8217;H\u00e8rcules"},"content":{"rendered":"<p style=\"text-align: justify;\">El <strong>Club\u00a0<span class=\"hiddenSpellError\">Deportivo<\/span>\u00a0<span class=\"hiddenSpellError\">Alcoyano<\/span><\/strong>\u00a0comen\u00e7ar\u00e0 la temporada de lliga <strong>el pr\u00f2xim 18 d&#8217;octubre<\/strong> i ho far\u00e0 <strong>enfrontant-se a l&#8217;H\u00e8rcules<\/strong> en un partit que tindr\u00e0 lloc al <strong>Camp Municipal del\u00a0<span class=\"hiddenSpellError\">Collao<\/span><\/strong>. Arrancar\u00e0 aix\u00ed <strong>una at\u00edpica temporada marcada per la crisi sanit\u00e0ria del Coronavirus<\/strong> i que <strong>tindr\u00e0 un format diferent<\/strong> que far\u00e0 que la competici\u00f3 acabe el pr\u00f2xim mes de mar\u00e7.<\/p>\n<p style=\"text-align: justify;\">Recordar que <strong>el\u00a0<span class=\"hiddenSpellError\">Deportivo<\/span>\u00a0jugar\u00e0 al subgrup\u00a0<span class=\"hiddenSpellError\">b<\/span>\u00a0del grup III de la Segona B i s&#8217;enfrontar\u00e0 a equips valencians i balears<\/strong>. A m\u00e9s el <strong>primer despla\u00e7ament<\/strong> del\u00a0<span class=\"hiddenSpellError\">Deportivo<\/span>\u00a0<strong>ser\u00e0 a Oriola<\/strong> el 25 d&#8217;octubre.<\/p>\n<p style=\"text-align: justify;\">Pots consultar<strong> tots els detalls del calendari<\/strong> <a href=\"https:\/\/cdn1.sefutbol.com\/sites\/default\/files\/pdf\/3b_2021.pdf\"><span style=\"color: #0000ff;\"><strong>ac\u00ed<\/strong><\/span><\/a>:<\/p>\n","protected":false},"excerpt":{"rendered":"<p>El Club\u00a0Deportivo\u00a0Alcoyano\u00a0comen\u00e7ar\u00e0 la temporada de lliga el pr\u00f2xim 18 d&#8217;octubre i ho far\u00e0 enfrontant-se a l&#8217;H\u00e8rcules en un partit que&#8230;<\/p>\n","protected":false},"author":1,"featured_media":26884,"comment_status":"open","ping_status":"open","sticky":false,"template":"","format":"standard","meta":{"footnotes":""},"categories":[97,92,75],"tags":[140,892,9963,9896],"class_list":["post-65843","post","type-post","status-publish","format-standard","has-post-thumbnail","hentry","category-alcoy","category-deportes","category-noticias","tag-alcoyano","tag-hercules","tag-inici","tag-lliga"],"yoast_head":"<!-- This site is optimized with the Yoast SEO plugin v27.3 - https:\/\/yoast.com\/product\/yoast-seo-wordpress\/ -->\n<title>L&#039;Alcoyano comen\u00e7ar\u00e0 la lliga enfrontant-se a l&#039;H\u00e8rcules - COPE Alcoy<\/title>\n<meta name=\"robots\" content=\"index, follow, max-snippet:-1, max-image-preview:large, max-video-preview:-1\" \/>\n<link rel=\"canonical\" href=\"https:\/\/www.copealcoy.es\/es\/lalcoyano-comencara-la-lliga-enfrontant-se-a-lhercules\/\" \/>\n<meta property=\"og:locale\" content=\"es_ES\" \/>\n<meta property=\"og:type\" content=\"article\" \/>\n<meta property=\"og:title\" content=\"L&#039;Alcoyano comen\u00e7ar\u00e0 la lliga enfrontant-se a l&#039;H\u00e8rcules - COPE Alcoy\" \/>\n<meta property=\"og:description\" content=\"El Club\u00a0Deportivo\u00a0Alcoyano\u00a0comen\u00e7ar\u00e0 la temporada de lliga el pr\u00f2xim 18 d&#8217;octubre i ho far\u00e0 enfrontant-se a l&#8217;H\u00e8rcules en un partit que...\" \/>\n<meta property=\"og:url\" content=\"https:\/\/www.copealcoy.es\/es\/lalcoyano-comencara-la-lliga-enfrontant-se-a-lhercules\/\" \/>\n<meta property=\"og:site_name\" content=\"COPE Alcoy\" \/>\n<meta property=\"article:published_time\" content=\"2020-09-28T09:20:29+00:00\" \/>\n<meta property=\"article:modified_time\" content=\"2020-10-06T08:23:10+00:00\" \/>\n<meta property=\"og:image\" content=\"https:\/\/www.copealcoy.es\/wp-content\/uploads\/2016\/11\/15232054_966042190205933_4070042517370031103_n.jpg\" \/>\n\t<meta property=\"og:image:width\" content=\"960\" \/>\n\t<meta property=\"og:image:height\" content=\"540\" \/>\n\t<meta property=\"og:image:type\" content=\"image\/jpeg\" \/>\n<meta name=\"author\" content=\"Cope Alcoy\" \/>\n<meta name=\"twitter:label1\" content=\"Escrito por\" \/>\n\t<meta name=\"twitter:data1\" content=\"Cope Alcoy\" \/>\n\t<meta name=\"twitter:label2\" content=\"Tiempo de lectura\" \/>\n\t<meta name=\"twitter:data2\" content=\"1 minuto\" \/>\n<script type=\"application\/ld+json\" class=\"yoast-schema-graph\">{\"@context\":\"https:\\\/\\\/schema.org\",\"@graph\":[{\"@type\":\"Article\",\"@id\":\"https:\\\/\\\/www.copealcoy.es\\\/es\\\/lalcoyano-comencara-la-lliga-enfrontant-se-a-lhercules\\\/#article\",\"isPartOf\":{\"@id\":\"https:\\\/\\\/www.copealcoy.es\\\/es\\\/lalcoyano-comencara-la-lliga-enfrontant-se-a-lhercules\\\/\"},\"author\":{\"name\":\"Cope Alcoy\",\"@id\":\"https:\\\/\\\/www.copealcoy.es\\\/es\\\/#\\\/schema\\\/person\\\/e777c87fa024e57d40170af9df39882c\"},\"headline\":\"L&#8217;Alcoyano comen\u00e7ar\u00e0 la lliga enfrontant-se a l&#8217;H\u00e8rcules\",\"datePublished\":\"2020-09-28T09:20:29+00:00\",\"dateModified\":\"2020-10-06T08:23:10+00:00\",\"mainEntityOfPage\":{\"@id\":\"https:\\\/\\\/www.copealcoy.es\\\/es\\\/lalcoyano-comencara-la-lliga-enfrontant-se-a-lhercules\\\/\"},\"wordCount\":123,\"commentCount\":0,\"image\":{\"@id\":\"https:\\\/\\\/www.copealcoy.es\\\/es\\\/lalcoyano-comencara-la-lliga-enfrontant-se-a-lhercules\\\/#primaryimage\"},\"thumbnailUrl\":\"https:\\\/\\\/www.copealcoy.es\\\/wp-content\\\/uploads\\\/2016\\\/11\\\/15232054_966042190205933_4070042517370031103_n.jpg\",\"keywords\":[\"Alcoyano\",\"H\u00e9rcules\",\"inici\",\"lliga\"],\"articleSection\":[\"Alcoy\",\"Deportes\",\"Noticias\"],\"inLanguage\":\"es\"},{\"@type\":\"WebPage\",\"@id\":\"https:\\\/\\\/www.copealcoy.es\\\/es\\\/lalcoyano-comencara-la-lliga-enfrontant-se-a-lhercules\\\/\",\"url\":\"https:\\\/\\\/www.copealcoy.es\\\/es\\\/lalcoyano-comencara-la-lliga-enfrontant-se-a-lhercules\\\/\",\"name\":\"L'Alcoyano comen\u00e7ar\u00e0 la lliga enfrontant-se a l'H\u00e8rcules - COPE Alcoy\",\"isPartOf\":{\"@id\":\"https:\\\/\\\/www.copealcoy.es\\\/es\\\/#website\"},\"primaryImageOfPage\":{\"@id\":\"https:\\\/\\\/www.copealcoy.es\\\/es\\\/lalcoyano-comencara-la-lliga-enfrontant-se-a-lhercules\\\/#primaryimage\"},\"image\":{\"@id\":\"https:\\\/\\\/www.copealcoy.es\\\/es\\\/lalcoyano-comencara-la-lliga-enfrontant-se-a-lhercules\\\/#primaryimage\"},\"thumbnailUrl\":\"https:\\\/\\\/www.copealcoy.es\\\/wp-content\\\/uploads\\\/2016\\\/11\\\/15232054_966042190205933_4070042517370031103_n.jpg\",\"datePublished\":\"2020-09-28T09:20:29+00:00\",\"dateModified\":\"2020-10-06T08:23:10+00:00\",\"author\":{\"@id\":\"https:\\\/\\\/www.copealcoy.es\\\/es\\\/#\\\/schema\\\/person\\\/e777c87fa024e57d40170af9df39882c\"},\"breadcrumb\":{\"@id\":\"https:\\\/\\\/www.copealcoy.es\\\/es\\\/lalcoyano-comencara-la-lliga-enfrontant-se-a-lhercules\\\/#breadcrumb\"},\"inLanguage\":\"es\",\"potentialAction\":[{\"@type\":\"ReadAction\",\"target\":[\"https:\\\/\\\/www.copealcoy.es\\\/es\\\/lalcoyano-comencara-la-lliga-enfrontant-se-a-lhercules\\\/\"]}]},{\"@type\":\"ImageObject\",\"inLanguage\":\"es\",\"@id\":\"https:\\\/\\\/www.copealcoy.es\\\/es\\\/lalcoyano-comencara-la-lliga-enfrontant-se-a-lhercules\\\/#primaryimage\",\"url\":\"https:\\\/\\\/www.copealcoy.es\\\/wp-content\\\/uploads\\\/2016\\\/11\\\/15232054_966042190205933_4070042517370031103_n.jpg\",\"contentUrl\":\"https:\\\/\\\/www.copealcoy.es\\\/wp-content\\\/uploads\\\/2016\\\/11\\\/15232054_966042190205933_4070042517370031103_n.jpg\",\"width\":960,\"height\":540,\"caption\":\"El Alcoyano festejando la victoria\"},{\"@type\":\"BreadcrumbList\",\"@id\":\"https:\\\/\\\/www.copealcoy.es\\\/es\\\/lalcoyano-comencara-la-lliga-enfrontant-se-a-lhercules\\\/#breadcrumb\",\"itemListElement\":[{\"@type\":\"ListItem\",\"position\":1,\"name\":\"Portada\",\"item\":\"https:\\\/\\\/www.copealcoy.es\\\/es\\\/\"},{\"@type\":\"ListItem\",\"position\":2,\"name\":\"L&#8217;Alcoyano comen\u00e7ar\u00e0 la lliga enfrontant-se a l&#8217;H\u00e8rcules\"}]},{\"@type\":\"WebSite\",\"@id\":\"https:\\\/\\\/www.copealcoy.es\\\/es\\\/#website\",\"url\":\"https:\\\/\\\/www.copealcoy.es\\\/es\\\/\",\"name\":\"COPE Alcoy\",\"description\":\"Emisora COPE de radio local con emisi\u00f3n online. Pont de Sant Jordi 8-10 03803 Alcoy\",\"potentialAction\":[{\"@type\":\"SearchAction\",\"target\":{\"@type\":\"EntryPoint\",\"urlTemplate\":\"https:\\\/\\\/www.copealcoy.es\\\/es\\\/?s={search_term_string}\"},\"query-input\":{\"@type\":\"PropertyValueSpecification\",\"valueRequired\":true,\"valueName\":\"search_term_string\"}}],\"inLanguage\":\"es\"},{\"@type\":\"Person\",\"@id\":\"https:\\\/\\\/www.copealcoy.es\\\/es\\\/#\\\/schema\\\/person\\\/e777c87fa024e57d40170af9df39882c\",\"name\":\"Cope Alcoy\",\"image\":{\"@type\":\"ImageObject\",\"inLanguage\":\"es\",\"@id\":\"https:\\\/\\\/secure.gravatar.com\\\/avatar\\\/bb65d0283347e303893ba14f0692005417c1e0e690a325a4c5d8bb2b3943ee14?s=96&d=mm&r=g\",\"url\":\"https:\\\/\\\/secure.gravatar.com\\\/avatar\\\/bb65d0283347e303893ba14f0692005417c1e0e690a325a4c5d8bb2b3943ee14?s=96&d=mm&r=g\",\"contentUrl\":\"https:\\\/\\\/secure.gravatar.com\\\/avatar\\\/bb65d0283347e303893ba14f0692005417c1e0e690a325a4c5d8bb2b3943ee14?s=96&d=mm&r=g\",\"caption\":\"Cope Alcoy\"}}]}<\/script>\n<!-- \/ Yoast SEO plugin. -->","yoast_head_json":{"title":"L'Alcoyano comen\u00e7ar\u00e0 la lliga enfrontant-se a l'H\u00e8rcules - COPE Alcoy","robots":{"index":"index","follow":"follow","max-snippet":"max-snippet:-1","max-image-preview":"max-image-preview:large","max-video-preview":"max-video-preview:-1"},"canonical":"https:\/\/www.copealcoy.es\/es\/lalcoyano-comencara-la-lliga-enfrontant-se-a-lhercules\/","og_locale":"es_ES","og_type":"article","og_title":"L'Alcoyano comen\u00e7ar\u00e0 la lliga enfrontant-se a l'H\u00e8rcules - COPE Alcoy","og_description":"El Club\u00a0Deportivo\u00a0Alcoyano\u00a0comen\u00e7ar\u00e0 la temporada de lliga el pr\u00f2xim 18 d&#8217;octubre i ho far\u00e0 enfrontant-se a l&#8217;H\u00e8rcules en un partit que...","og_url":"https:\/\/www.copealcoy.es\/es\/lalcoyano-comencara-la-lliga-enfrontant-se-a-lhercules\/","og_site_name":"COPE Alcoy","article_published_time":"2020-09-28T09:20:29+00:00","article_modified_time":"2020-10-06T08:23:10+00:00","og_image":[{"width":960,"height":540,"url":"https:\/\/www.copealcoy.es\/wp-content\/uploads\/2016\/11\/15232054_966042190205933_4070042517370031103_n.jpg","type":"image\/jpeg"}],"author":"Cope Alcoy","twitter_misc":{"Escrito por":"Cope Alcoy","Tiempo de lectura":"1 minuto"},"schema":{"@context":"https:\/\/schema.org","@graph":[{"@type":"Article","@id":"https:\/\/www.copealcoy.es\/es\/lalcoyano-comencara-la-lliga-enfrontant-se-a-lhercules\/#article","isPartOf":{"@id":"https:\/\/www.copealcoy.es\/es\/lalcoyano-comencara-la-lliga-enfrontant-se-a-lhercules\/"},"author":{"name":"Cope Alcoy","@id":"https:\/\/www.copealcoy.es\/es\/#\/schema\/person\/e777c87fa024e57d40170af9df39882c"},"headline":"L&#8217;Alcoyano comen\u00e7ar\u00e0 la lliga enfrontant-se a l&#8217;H\u00e8rcules","datePublished":"2020-09-28T09:20:29+00:00","dateModified":"2020-10-06T08:23:10+00:00","mainEntityOfPage":{"@id":"https:\/\/www.copealcoy.es\/es\/lalcoyano-comencara-la-lliga-enfrontant-se-a-lhercules\/"},"wordCount":123,"commentCount":0,"image":{"@id":"https:\/\/www.copealcoy.es\/es\/lalcoyano-comencara-la-lliga-enfrontant-se-a-lhercules\/#primaryimage"},"thumbnailUrl":"https:\/\/www.copealcoy.es\/wp-content\/uploads\/2016\/11\/15232054_966042190205933_4070042517370031103_n.jpg","keywords":["Alcoyano","H\u00e9rcules","inici","lliga"],"articleSection":["Alcoy","Deportes","Noticias"],"inLanguage":"es"},{"@type":"WebPage","@id":"https:\/\/www.copealcoy.es\/es\/lalcoyano-comencara-la-lliga-enfrontant-se-a-lhercules\/","url":"https:\/\/www.copealcoy.es\/es\/lalcoyano-comencara-la-lliga-enfrontant-se-a-lhercules\/","name":"L'Alcoyano comen\u00e7ar\u00e0 la lliga enfrontant-se a l'H\u00e8rcules - COPE Alcoy","isPartOf":{"@id":"https:\/\/www.copealcoy.es\/es\/#website"},"primaryImageOfPage":{"@id":"https:\/\/www.copealcoy.es\/es\/lalcoyano-comencara-la-lliga-enfrontant-se-a-lhercules\/#primaryimage"},"image":{"@id":"https:\/\/www.copealcoy.es\/es\/lalcoyano-comencara-la-lliga-enfrontant-se-a-lhercules\/#primaryimage"},"thumbnailUrl":"https:\/\/www.copealcoy.es\/wp-content\/uploads\/2016\/11\/15232054_966042190205933_4070042517370031103_n.jpg","datePublished":"2020-09-28T09:20:29+00:00","dateModified":"2020-10-06T08:23:10+00:00","author":{"@id":"https:\/\/www.copealcoy.es\/es\/#\/schema\/person\/e777c87fa024e57d40170af9df39882c"},"breadcrumb":{"@id":"https:\/\/www.copealcoy.es\/es\/lalcoyano-comencara-la-lliga-enfrontant-se-a-lhercules\/#breadcrumb"},"inLanguage":"es","potentialAction":[{"@type":"ReadAction","target":["https:\/\/www.copealcoy.es\/es\/lalcoyano-comencara-la-lliga-enfrontant-se-a-lhercules\/"]}]},{"@type":"ImageObject","inLanguage":"es","@id":"https:\/\/www.copealcoy.es\/es\/lalcoyano-comencara-la-lliga-enfrontant-se-a-lhercules\/#primaryimage","url":"https:\/\/www.copealcoy.es\/wp-content\/uploads\/2016\/11\/15232054_966042190205933_4070042517370031103_n.jpg","contentUrl":"https:\/\/www.copealcoy.es\/wp-content\/uploads\/2016\/11\/15232054_966042190205933_4070042517370031103_n.jpg","width":960,"height":540,"caption":"El Alcoyano festejando la victoria"},{"@type":"BreadcrumbList","@id":"https:\/\/www.copealcoy.es\/es\/lalcoyano-comencara-la-lliga-enfrontant-se-a-lhercules\/#breadcrumb","itemListElement":[{"@type":"ListItem","position":1,"name":"Portada","item":"https:\/\/www.copealcoy.es\/es\/"},{"@type":"ListItem","position":2,"name":"L&#8217;Alcoyano comen\u00e7ar\u00e0 la lliga enfrontant-se a l&#8217;H\u00e8rcules"}]},{"@type":"WebSite","@id":"https:\/\/www.copealcoy.es\/es\/#website","url":"https:\/\/www.copealcoy.es\/es\/","name":"COPE Alcoy","description":"Emisora COPE de radio local con emisi\u00f3n online. Pont de Sant Jordi 8-10 03803 Alcoy","potentialAction":[{"@type":"SearchAction","target":{"@type":"EntryPoint","urlTemplate":"https:\/\/www.copealcoy.es\/es\/?s={search_term_string}"},"query-input":{"@type":"PropertyValueSpecification","valueRequired":true,"valueName":"search_term_string"}}],"inLanguage":"es"},{"@type":"Person","@id":"https:\/\/www.copealcoy.es\/es\/#\/schema\/person\/e777c87fa024e57d40170af9df39882c","name":"Cope Alcoy","image":{"@type":"ImageObject","inLanguage":"es","@id":"https:\/\/secure.gravatar.com\/avatar\/bb65d0283347e303893ba14f0692005417c1e0e690a325a4c5d8bb2b3943ee14?s=96&d=mm&r=g","url":"https:\/\/secure.gravatar.com\/avatar\/bb65d0283347e303893ba14f0692005417c1e0e690a325a4c5d8bb2b3943ee14?s=96&d=mm&r=g","contentUrl":"https:\/\/secure.gravatar.com\/avatar\/bb65d0283347e303893ba14f0692005417c1e0e690a325a4c5d8bb2b3943ee14?s=96&d=mm&r=g","caption":"Cope Alcoy"}}]}},"_links":{"self":[{"href":"https:\/\/www.copealcoy.es\/es\/wp-json\/wp\/v2\/posts\/65843","targetHints":{"allow":["GET"]}}],"collection":[{"href":"https:\/\/www.copealcoy.es\/es\/wp-json\/wp\/v2\/posts"}],"about":[{"href":"https:\/\/www.copealcoy.es\/es\/wp-json\/wp\/v2\/types\/post"}],"author":[{"embeddable":true,"href":"https:\/\/www.copealcoy.es\/es\/wp-json\/wp\/v2\/users\/1"}],"replies":[{"embeddable":true,"href":"https:\/\/www.copealcoy.es\/es\/wp-json\/wp\/v2\/comments?post=65843"}],"version-history":[{"count":0,"href":"https:\/\/www.copealcoy.es\/es\/wp-json\/wp\/v2\/posts\/65843\/revisions"}],"wp:featuredmedia":[{"embeddable":true,"href":"https:\/\/www.copealcoy.es\/es\/wp-json\/wp\/v2\/media\/26884"}],"wp:attachment":[{"href":"https:\/\/www.copealcoy.es\/es\/wp-json\/wp\/v2\/media?parent=65843"}],"wp:term":[{"taxonomy":"category","embeddable":true,"href":"https:\/\/www.copealcoy.es\/es\/wp-json\/wp\/v2\/categories?post=65843"},{"taxonomy":"post_tag","embeddable":true,"href":"https:\/\/www.copealcoy.es\/es\/wp-json\/wp\/v2\/tags?post=65843"}],"curies":[{"name":"wp","href":"https:\/\/api.w.org\/{rel}","templated":true}]}}