{"id":65669,"date":"2020-09-22T11:04:09","date_gmt":"2020-09-22T11:04:09","guid":{"rendered":"https:\/\/www.copealcoy.es\/?p=65669"},"modified":"2020-09-22T11:11:44","modified_gmt":"2020-09-22T11:11:44","slug":"tornen-els-cursos-de-natacio-de-leduardo-latorre-amb-novetats","status":"publish","type":"post","link":"https:\/\/www.copealcoy.es\/es\/tornen-els-cursos-de-natacio-de-leduardo-latorre-amb-novetats\/","title":{"rendered":"Tornen els cursos de nataci\u00f3 de l&#8217;Eduardo Latorre amb novetats"},"content":{"rendered":"<p style=\"text-align: justify;\">Tornen <strong>els cursos de nataci\u00f3<\/strong> al <strong>Complex Esportiu\u00a0<span class=\"hiddenSpellError\">Eduardo<\/span>\u00a0Latorre d&#8217;Alcoi<\/strong> i ho fan amb <strong>totes les mesures de seguretat per a fer front a la Covid-19<\/strong>. La preinscripci\u00f3 <strong>ser\u00e0 electr\u00f2nica<\/strong> segons els grups d&#8217;edat. Per als beb\u00e9s, xicotets i adults, <strong>el 22 de setembre de 9 a 14 hores<\/strong>; i per a infantils, cadets i juniors, <strong>el 23 de setembre<\/strong> de 9 a 14 hores. Aquesta preinscripci\u00f3 <strong>no garanteix la pla\u00e7a<\/strong> i per tant <strong>s&#8217;informar\u00e0 de les inscripcions acceptades com de les no acceptades<\/strong>. Aix\u00ed mateix, segons informa la regidoria d&#8217;Esports, <strong>nom\u00e9s s&#8217;acceptar\u00e0 una inscripci\u00f3 per alumne<\/strong>.<\/p>\n<p lang=\"ca-ES\" align=\"justify\">El regidor d&#8217;esports a l&#8217;Ajuntament d&#8217;Alcoi, <strong>Miguel Juan Reig<\/strong>, explica al respecte que &#8220;<em>els cursos de nataci\u00f3 de l&#8217;Eduardo Latorre comen\u00e7aran amb un curs de dos mesos per als diferents grups d&#8217;edat, des de beb\u00e9s a adults. Ens hem adaptat per a complir amb els protocols de seguretat i seguir oferint aquesta activitat a l&#8217;espera de l&#8217;evoluci\u00f3 del coronavirus. Els cursos de nataci\u00f3 sempre s\u00f3n molt esperats per les fam\u00edlies amb xiquetes i xiquets per ajudar-los a perdre la por a l&#8217;aigua per\u00f2, tamb\u00e9 comptem amb molta demanda d&#8217;adults i xiquets amants de la nataci\u00f3 que volen seguir avan\u00e7ant en aquesta pr\u00e0ctica esportiva. Tots ells podran tornar a la piscina de l&#8217;Eduardo Latorre a partir de l&#8217;1 d&#8217;octubre<\/em>&#8220;, ha afirmat.<\/p>\n<p lang=\"ca-ES\" align=\"justify\">L&#8217;enlla\u00e7 <strong>per a poder realitzar la preinscripci\u00f3 el 22 o 23 de setembre<\/strong>, depenent dels grups d&#8217;edat indicats abans, \u00e9s el seg\u00fcent: <span style=\"color: #0000ff;\"><strong>https:\/\/www.alcoi.org\/es\/areas\/deportes\/elatorre\/<\/strong>.<\/span><\/p>\n","protected":false},"excerpt":{"rendered":"<p>Tornen els cursos de nataci\u00f3 al Complex Esportiu\u00a0Eduardo\u00a0Latorre d&#8217;Alcoi i ho fan amb totes les mesures de seguretat per a&#8230;<\/p>\n","protected":false},"author":1,"featured_media":8784,"comment_status":"open","ping_status":"open","sticky":false,"template":"","format":"standard","meta":{"footnotes":""},"categories":[97,92,75,1],"tags":[160,3263,362,2366,9926],"class_list":["post-65669","post","type-post","status-publish","format-standard","has-post-thumbnail","hentry","category-alcoy","category-deportes","category-noticias","category-sin-categorizar","tag-alcoi","tag-cursos","tag-eduardo-latorre","tag-miguel-juan-reig","tag-natacio"],"yoast_head":"<!-- This site is optimized with the Yoast SEO plugin v27.3 - https:\/\/yoast.com\/product\/yoast-seo-wordpress\/ -->\n<title>Tornen els cursos de nataci\u00f3 de l&#039;Eduardo Latorre amb novetats - COPE Alcoy<\/title>\n<meta name=\"robots\" content=\"index, follow, max-snippet:-1, max-image-preview:large, max-video-preview:-1\" \/>\n<link rel=\"canonical\" href=\"https:\/\/www.copealcoy.es\/es\/tornen-els-cursos-de-natacio-de-leduardo-latorre-amb-novetats\/\" \/>\n<meta property=\"og:locale\" content=\"es_ES\" \/>\n<meta property=\"og:type\" content=\"article\" \/>\n<meta property=\"og:title\" content=\"Tornen els cursos de nataci\u00f3 de l&#039;Eduardo Latorre amb novetats - COPE Alcoy\" \/>\n<meta property=\"og:description\" content=\"Tornen els cursos de nataci\u00f3 al Complex Esportiu\u00a0Eduardo\u00a0Latorre d&#8217;Alcoi i ho fan amb totes les mesures de seguretat per a...\" \/>\n<meta property=\"og:url\" content=\"https:\/\/www.copealcoy.es\/es\/tornen-els-cursos-de-natacio-de-leduardo-latorre-amb-novetats\/\" \/>\n<meta property=\"og:site_name\" content=\"COPE Alcoy\" \/>\n<meta property=\"article:published_time\" content=\"2020-09-22T11:04:09+00:00\" \/>\n<meta property=\"article:modified_time\" content=\"2020-09-22T11:11:44+00:00\" \/>\n<meta property=\"og:image\" content=\"https:\/\/www.copealcoy.es\/wp-content\/uploads\/2014\/12\/image15.jpg\" \/>\n\t<meta property=\"og:image:width\" content=\"1024\" \/>\n\t<meta property=\"og:image:height\" content=\"585\" \/>\n\t<meta property=\"og:image:type\" content=\"image\/jpeg\" \/>\n<meta name=\"author\" content=\"Cope Alcoy\" \/>\n<meta name=\"twitter:label1\" content=\"Escrito por\" \/>\n\t<meta name=\"twitter:data1\" content=\"Cope Alcoy\" \/>\n\t<meta name=\"twitter:label2\" content=\"Tiempo de lectura\" \/>\n\t<meta name=\"twitter:data2\" content=\"1 minuto\" \/>\n<script type=\"application\/ld+json\" class=\"yoast-schema-graph\">{\"@context\":\"https:\\\/\\\/schema.org\",\"@graph\":[{\"@type\":\"Article\",\"@id\":\"https:\\\/\\\/www.copealcoy.es\\\/es\\\/tornen-els-cursos-de-natacio-de-leduardo-latorre-amb-novetats\\\/#article\",\"isPartOf\":{\"@id\":\"https:\\\/\\\/www.copealcoy.es\\\/es\\\/tornen-els-cursos-de-natacio-de-leduardo-latorre-amb-novetats\\\/\"},\"author\":{\"name\":\"Cope Alcoy\",\"@id\":\"https:\\\/\\\/www.copealcoy.es\\\/es\\\/#\\\/schema\\\/person\\\/e777c87fa024e57d40170af9df39882c\"},\"headline\":\"Tornen els cursos de nataci\u00f3 de l&#8217;Eduardo Latorre amb novetats\",\"datePublished\":\"2020-09-22T11:04:09+00:00\",\"dateModified\":\"2020-09-22T11:11:44+00:00\",\"mainEntityOfPage\":{\"@id\":\"https:\\\/\\\/www.copealcoy.es\\\/es\\\/tornen-els-cursos-de-natacio-de-leduardo-latorre-amb-novetats\\\/\"},\"wordCount\":280,\"commentCount\":0,\"image\":{\"@id\":\"https:\\\/\\\/www.copealcoy.es\\\/es\\\/tornen-els-cursos-de-natacio-de-leduardo-latorre-amb-novetats\\\/#primaryimage\"},\"thumbnailUrl\":\"https:\\\/\\\/www.copealcoy.es\\\/wp-content\\\/uploads\\\/2014\\\/12\\\/image15.jpg\",\"keywords\":[\"Alcoi\",\"Cursos\",\"Eduardo Latorre\",\"Miguel Juan Reig\",\"nataci\u00f3\"],\"articleSection\":[\"Alcoy\",\"Deportes\",\"Noticias\",\"Sin categorizar\"],\"inLanguage\":\"es\"},{\"@type\":\"WebPage\",\"@id\":\"https:\\\/\\\/www.copealcoy.es\\\/es\\\/tornen-els-cursos-de-natacio-de-leduardo-latorre-amb-novetats\\\/\",\"url\":\"https:\\\/\\\/www.copealcoy.es\\\/es\\\/tornen-els-cursos-de-natacio-de-leduardo-latorre-amb-novetats\\\/\",\"name\":\"Tornen els cursos de nataci\u00f3 de l'Eduardo Latorre amb novetats - COPE Alcoy\",\"isPartOf\":{\"@id\":\"https:\\\/\\\/www.copealcoy.es\\\/es\\\/#website\"},\"primaryImageOfPage\":{\"@id\":\"https:\\\/\\\/www.copealcoy.es\\\/es\\\/tornen-els-cursos-de-natacio-de-leduardo-latorre-amb-novetats\\\/#primaryimage\"},\"image\":{\"@id\":\"https:\\\/\\\/www.copealcoy.es\\\/es\\\/tornen-els-cursos-de-natacio-de-leduardo-latorre-amb-novetats\\\/#primaryimage\"},\"thumbnailUrl\":\"https:\\\/\\\/www.copealcoy.es\\\/wp-content\\\/uploads\\\/2014\\\/12\\\/image15.jpg\",\"datePublished\":\"2020-09-22T11:04:09+00:00\",\"dateModified\":\"2020-09-22T11:11:44+00:00\",\"author\":{\"@id\":\"https:\\\/\\\/www.copealcoy.es\\\/es\\\/#\\\/schema\\\/person\\\/e777c87fa024e57d40170af9df39882c\"},\"breadcrumb\":{\"@id\":\"https:\\\/\\\/www.copealcoy.es\\\/es\\\/tornen-els-cursos-de-natacio-de-leduardo-latorre-amb-novetats\\\/#breadcrumb\"},\"inLanguage\":\"es\",\"potentialAction\":[{\"@type\":\"ReadAction\",\"target\":[\"https:\\\/\\\/www.copealcoy.es\\\/es\\\/tornen-els-cursos-de-natacio-de-leduardo-latorre-amb-novetats\\\/\"]}]},{\"@type\":\"ImageObject\",\"inLanguage\":\"es\",\"@id\":\"https:\\\/\\\/www.copealcoy.es\\\/es\\\/tornen-els-cursos-de-natacio-de-leduardo-latorre-amb-novetats\\\/#primaryimage\",\"url\":\"https:\\\/\\\/www.copealcoy.es\\\/wp-content\\\/uploads\\\/2014\\\/12\\\/image15.jpg\",\"contentUrl\":\"https:\\\/\\\/www.copealcoy.es\\\/wp-content\\\/uploads\\\/2014\\\/12\\\/image15.jpg\",\"width\":1024,\"height\":585},{\"@type\":\"BreadcrumbList\",\"@id\":\"https:\\\/\\\/www.copealcoy.es\\\/es\\\/tornen-els-cursos-de-natacio-de-leduardo-latorre-amb-novetats\\\/#breadcrumb\",\"itemListElement\":[{\"@type\":\"ListItem\",\"position\":1,\"name\":\"Portada\",\"item\":\"https:\\\/\\\/www.copealcoy.es\\\/es\\\/\"},{\"@type\":\"ListItem\",\"position\":2,\"name\":\"Tornen els cursos de nataci\u00f3 de l&#8217;Eduardo Latorre amb novetats\"}]},{\"@type\":\"WebSite\",\"@id\":\"https:\\\/\\\/www.copealcoy.es\\\/es\\\/#website\",\"url\":\"https:\\\/\\\/www.copealcoy.es\\\/es\\\/\",\"name\":\"COPE Alcoy\",\"description\":\"Emisora COPE de radio local con emisi\u00f3n online. Pont de Sant Jordi 8-10 03803 Alcoy\",\"potentialAction\":[{\"@type\":\"SearchAction\",\"target\":{\"@type\":\"EntryPoint\",\"urlTemplate\":\"https:\\\/\\\/www.copealcoy.es\\\/es\\\/?s={search_term_string}\"},\"query-input\":{\"@type\":\"PropertyValueSpecification\",\"valueRequired\":true,\"valueName\":\"search_term_string\"}}],\"inLanguage\":\"es\"},{\"@type\":\"Person\",\"@id\":\"https:\\\/\\\/www.copealcoy.es\\\/es\\\/#\\\/schema\\\/person\\\/e777c87fa024e57d40170af9df39882c\",\"name\":\"Cope Alcoy\",\"image\":{\"@type\":\"ImageObject\",\"inLanguage\":\"es\",\"@id\":\"https:\\\/\\\/secure.gravatar.com\\\/avatar\\\/bb65d0283347e303893ba14f0692005417c1e0e690a325a4c5d8bb2b3943ee14?s=96&d=mm&r=g\",\"url\":\"https:\\\/\\\/secure.gravatar.com\\\/avatar\\\/bb65d0283347e303893ba14f0692005417c1e0e690a325a4c5d8bb2b3943ee14?s=96&d=mm&r=g\",\"contentUrl\":\"https:\\\/\\\/secure.gravatar.com\\\/avatar\\\/bb65d0283347e303893ba14f0692005417c1e0e690a325a4c5d8bb2b3943ee14?s=96&d=mm&r=g\",\"caption\":\"Cope Alcoy\"}}]}<\/script>\n<!-- \/ Yoast SEO plugin. -->","yoast_head_json":{"title":"Tornen els cursos de nataci\u00f3 de l'Eduardo Latorre amb novetats - COPE Alcoy","robots":{"index":"index","follow":"follow","max-snippet":"max-snippet:-1","max-image-preview":"max-image-preview:large","max-video-preview":"max-video-preview:-1"},"canonical":"https:\/\/www.copealcoy.es\/es\/tornen-els-cursos-de-natacio-de-leduardo-latorre-amb-novetats\/","og_locale":"es_ES","og_type":"article","og_title":"Tornen els cursos de nataci\u00f3 de l'Eduardo Latorre amb novetats - COPE Alcoy","og_description":"Tornen els cursos de nataci\u00f3 al Complex Esportiu\u00a0Eduardo\u00a0Latorre d&#8217;Alcoi i ho fan amb totes les mesures de seguretat per a...","og_url":"https:\/\/www.copealcoy.es\/es\/tornen-els-cursos-de-natacio-de-leduardo-latorre-amb-novetats\/","og_site_name":"COPE Alcoy","article_published_time":"2020-09-22T11:04:09+00:00","article_modified_time":"2020-09-22T11:11:44+00:00","og_image":[{"width":1024,"height":585,"url":"https:\/\/www.copealcoy.es\/wp-content\/uploads\/2014\/12\/image15.jpg","type":"image\/jpeg"}],"author":"Cope Alcoy","twitter_misc":{"Escrito por":"Cope Alcoy","Tiempo de lectura":"1 minuto"},"schema":{"@context":"https:\/\/schema.org","@graph":[{"@type":"Article","@id":"https:\/\/www.copealcoy.es\/es\/tornen-els-cursos-de-natacio-de-leduardo-latorre-amb-novetats\/#article","isPartOf":{"@id":"https:\/\/www.copealcoy.es\/es\/tornen-els-cursos-de-natacio-de-leduardo-latorre-amb-novetats\/"},"author":{"name":"Cope Alcoy","@id":"https:\/\/www.copealcoy.es\/es\/#\/schema\/person\/e777c87fa024e57d40170af9df39882c"},"headline":"Tornen els cursos de nataci\u00f3 de l&#8217;Eduardo Latorre amb novetats","datePublished":"2020-09-22T11:04:09+00:00","dateModified":"2020-09-22T11:11:44+00:00","mainEntityOfPage":{"@id":"https:\/\/www.copealcoy.es\/es\/tornen-els-cursos-de-natacio-de-leduardo-latorre-amb-novetats\/"},"wordCount":280,"commentCount":0,"image":{"@id":"https:\/\/www.copealcoy.es\/es\/tornen-els-cursos-de-natacio-de-leduardo-latorre-amb-novetats\/#primaryimage"},"thumbnailUrl":"https:\/\/www.copealcoy.es\/wp-content\/uploads\/2014\/12\/image15.jpg","keywords":["Alcoi","Cursos","Eduardo Latorre","Miguel Juan Reig","nataci\u00f3"],"articleSection":["Alcoy","Deportes","Noticias","Sin categorizar"],"inLanguage":"es"},{"@type":"WebPage","@id":"https:\/\/www.copealcoy.es\/es\/tornen-els-cursos-de-natacio-de-leduardo-latorre-amb-novetats\/","url":"https:\/\/www.copealcoy.es\/es\/tornen-els-cursos-de-natacio-de-leduardo-latorre-amb-novetats\/","name":"Tornen els cursos de nataci\u00f3 de l'Eduardo Latorre amb novetats - COPE Alcoy","isPartOf":{"@id":"https:\/\/www.copealcoy.es\/es\/#website"},"primaryImageOfPage":{"@id":"https:\/\/www.copealcoy.es\/es\/tornen-els-cursos-de-natacio-de-leduardo-latorre-amb-novetats\/#primaryimage"},"image":{"@id":"https:\/\/www.copealcoy.es\/es\/tornen-els-cursos-de-natacio-de-leduardo-latorre-amb-novetats\/#primaryimage"},"thumbnailUrl":"https:\/\/www.copealcoy.es\/wp-content\/uploads\/2014\/12\/image15.jpg","datePublished":"2020-09-22T11:04:09+00:00","dateModified":"2020-09-22T11:11:44+00:00","author":{"@id":"https:\/\/www.copealcoy.es\/es\/#\/schema\/person\/e777c87fa024e57d40170af9df39882c"},"breadcrumb":{"@id":"https:\/\/www.copealcoy.es\/es\/tornen-els-cursos-de-natacio-de-leduardo-latorre-amb-novetats\/#breadcrumb"},"inLanguage":"es","potentialAction":[{"@type":"ReadAction","target":["https:\/\/www.copealcoy.es\/es\/tornen-els-cursos-de-natacio-de-leduardo-latorre-amb-novetats\/"]}]},{"@type":"ImageObject","inLanguage":"es","@id":"https:\/\/www.copealcoy.es\/es\/tornen-els-cursos-de-natacio-de-leduardo-latorre-amb-novetats\/#primaryimage","url":"https:\/\/www.copealcoy.es\/wp-content\/uploads\/2014\/12\/image15.jpg","contentUrl":"https:\/\/www.copealcoy.es\/wp-content\/uploads\/2014\/12\/image15.jpg","width":1024,"height":585},{"@type":"BreadcrumbList","@id":"https:\/\/www.copealcoy.es\/es\/tornen-els-cursos-de-natacio-de-leduardo-latorre-amb-novetats\/#breadcrumb","itemListElement":[{"@type":"ListItem","position":1,"name":"Portada","item":"https:\/\/www.copealcoy.es\/es\/"},{"@type":"ListItem","position":2,"name":"Tornen els cursos de nataci\u00f3 de l&#8217;Eduardo Latorre amb novetats"}]},{"@type":"WebSite","@id":"https:\/\/www.copealcoy.es\/es\/#website","url":"https:\/\/www.copealcoy.es\/es\/","name":"COPE Alcoy","description":"Emisora COPE de radio local con emisi\u00f3n online. Pont de Sant Jordi 8-10 03803 Alcoy","potentialAction":[{"@type":"SearchAction","target":{"@type":"EntryPoint","urlTemplate":"https:\/\/www.copealcoy.es\/es\/?s={search_term_string}"},"query-input":{"@type":"PropertyValueSpecification","valueRequired":true,"valueName":"search_term_string"}}],"inLanguage":"es"},{"@type":"Person","@id":"https:\/\/www.copealcoy.es\/es\/#\/schema\/person\/e777c87fa024e57d40170af9df39882c","name":"Cope Alcoy","image":{"@type":"ImageObject","inLanguage":"es","@id":"https:\/\/secure.gravatar.com\/avatar\/bb65d0283347e303893ba14f0692005417c1e0e690a325a4c5d8bb2b3943ee14?s=96&d=mm&r=g","url":"https:\/\/secure.gravatar.com\/avatar\/bb65d0283347e303893ba14f0692005417c1e0e690a325a4c5d8bb2b3943ee14?s=96&d=mm&r=g","contentUrl":"https:\/\/secure.gravatar.com\/avatar\/bb65d0283347e303893ba14f0692005417c1e0e690a325a4c5d8bb2b3943ee14?s=96&d=mm&r=g","caption":"Cope Alcoy"}}]}},"_links":{"self":[{"href":"https:\/\/www.copealcoy.es\/es\/wp-json\/wp\/v2\/posts\/65669","targetHints":{"allow":["GET"]}}],"collection":[{"href":"https:\/\/www.copealcoy.es\/es\/wp-json\/wp\/v2\/posts"}],"about":[{"href":"https:\/\/www.copealcoy.es\/es\/wp-json\/wp\/v2\/types\/post"}],"author":[{"embeddable":true,"href":"https:\/\/www.copealcoy.es\/es\/wp-json\/wp\/v2\/users\/1"}],"replies":[{"embeddable":true,"href":"https:\/\/www.copealcoy.es\/es\/wp-json\/wp\/v2\/comments?post=65669"}],"version-history":[{"count":0,"href":"https:\/\/www.copealcoy.es\/es\/wp-json\/wp\/v2\/posts\/65669\/revisions"}],"wp:featuredmedia":[{"embeddable":true,"href":"https:\/\/www.copealcoy.es\/es\/wp-json\/wp\/v2\/media\/8784"}],"wp:attachment":[{"href":"https:\/\/www.copealcoy.es\/es\/wp-json\/wp\/v2\/media?parent=65669"}],"wp:term":[{"taxonomy":"category","embeddable":true,"href":"https:\/\/www.copealcoy.es\/es\/wp-json\/wp\/v2\/categories?post=65669"},{"taxonomy":"post_tag","embeddable":true,"href":"https:\/\/www.copealcoy.es\/es\/wp-json\/wp\/v2\/tags?post=65669"}],"curies":[{"name":"wp","href":"https:\/\/api.w.org\/{rel}","templated":true}]}}