{"id":65625,"date":"2020-09-18T17:58:39","date_gmt":"2020-09-18T17:58:39","guid":{"rendered":"https:\/\/www.copealcoy.es\/?p=65625"},"modified":"2020-09-18T18:09:39","modified_gmt":"2020-09-18T18:09:39","slug":"alcoi-retra-homenatge-a-la-verge-dels-lliris-aquest-cap-de-setmana","status":"publish","type":"post","link":"https:\/\/www.copealcoy.es\/es\/alcoi-retra-homenatge-a-la-verge-dels-lliris-aquest-cap-de-setmana\/","title":{"rendered":"Alcoi retr\u00e0 homenatge a la Verge dels Lliris aquest cap de setmana"},"content":{"rendered":"<p style=\"text-align: justify;\">La ciutat d&#8217;Alcoi <strong>ha preparat diferents actes religiosos per a aquest cap de setmana<\/strong> amb la intenci\u00f3 de <strong>retre homenatge a la Mare de D\u00e9u <span class=\"hiddenGrammarError\">dels Lliris<\/span><\/strong> en els dies en els quals <strong>anaven a celebrar-se les jornades centrals de les anuals festes patronals<\/strong>.<\/p>\n<p style=\"text-align: justify;\">Aquesta vesprada tindr\u00e0 lloc <strong>una missa solemne a la Parr\u00f2quia de Sant Maria a partir de les 18:00\u202fh<\/strong> mentre que despr\u00e9s es realitzar\u00e0 <strong>una ofrena simb\u00f2lica a la patrona<\/strong> amb la participaci\u00f3 de representants de les diferents entitats alcoianes. Tamb\u00e9 <strong>es cantar\u00e0 l&#8217;Himne de la Coronaci\u00f3 de la Verge i la Salve<\/strong> abans de <strong>la disparada d&#8217;un castell de focs artificials<\/strong> en l&#8217;exterior del temple &#8220;<em>enguany tenim oportunitat de viure una Festa de la patrona m\u00e9s \u00edntima en uns temps de pand\u00e8mia com aquests on tenim molt present a la Mare de D\u00e9u i fins i tot l&#8217;hem posada als balcons des del confinament per a demanar-li la seua protecci\u00f3<\/em>&#8220;, afirma <strong><span class=\"hiddenGreenError\">Don<\/span> Jos\u00e9 Luis Llopis<\/strong>, titular de les parr\u00f2quies del Centre.<\/p>\n<p style=\"text-align: justify;\">Les celebracions en honor a la Verge <span class=\"hiddenGrammarError\">dels Lliris<\/span> <strong>acabaran diumenge al <span class=\"hiddenSpellError\">midgia<\/span> amb una <span class=\"hiddenSpellError\">eucarist\u00eda<\/span> solemne al mateix temple de Sant Maure<\/strong>, a la ciutat, i <strong>al Santuari<\/strong> del Carrascar de la Font Roja.<\/p>\n","protected":false},"excerpt":{"rendered":"<p>La ciutat d&#8217;Alcoi ha preparat diferents actes religiosos per a aquest cap de setmana amb la intenci\u00f3 de retre homenatge&#8230;<\/p>\n","protected":false},"author":1,"featured_media":15838,"comment_status":"open","ping_status":"open","sticky":false,"template":"","format":"standard","meta":{"footnotes":""},"categories":[97,78,75],"tags":[160,9919,9822,7878,9656],"class_list":["post-65625","post","type-post","status-publish","format-standard","has-post-thumbnail","hentry","category-alcoy","category-fiestaycultura","category-noticias","tag-alcoi","tag-cap-de-setmana","tag-festes-patronals","tag-homenatge","tag-verge-dels-lliris"],"yoast_head":"<!-- This site is optimized with the Yoast SEO plugin v27.3 - https:\/\/yoast.com\/product\/yoast-seo-wordpress\/ -->\n<title>Alcoi retr\u00e0 homenatge a la Verge dels Lliris aquest cap de setmana - COPE Alcoy<\/title>\n<meta name=\"robots\" content=\"index, follow, max-snippet:-1, max-image-preview:large, max-video-preview:-1\" \/>\n<link rel=\"canonical\" href=\"https:\/\/www.copealcoy.es\/es\/alcoi-retra-homenatge-a-la-verge-dels-lliris-aquest-cap-de-setmana\/\" \/>\n<meta property=\"og:locale\" content=\"es_ES\" \/>\n<meta property=\"og:type\" content=\"article\" \/>\n<meta property=\"og:title\" content=\"Alcoi retr\u00e0 homenatge a la Verge dels Lliris aquest cap de setmana - COPE Alcoy\" \/>\n<meta property=\"og:description\" content=\"La ciutat d&#8217;Alcoi ha preparat diferents actes religiosos per a aquest cap de setmana amb la intenci\u00f3 de retre homenatge...\" \/>\n<meta property=\"og:url\" content=\"https:\/\/www.copealcoy.es\/es\/alcoi-retra-homenatge-a-la-verge-dels-lliris-aquest-cap-de-setmana\/\" \/>\n<meta property=\"og:site_name\" content=\"COPE Alcoy\" \/>\n<meta property=\"article:published_time\" content=\"2020-09-18T17:58:39+00:00\" \/>\n<meta property=\"article:modified_time\" content=\"2020-09-18T18:09:39+00:00\" \/>\n<meta property=\"og:image\" content=\"https:\/\/www.copealcoy.es\/wp-content\/uploads\/2015\/09\/DSC00809.jpg\" \/>\n\t<meta property=\"og:image:width\" content=\"1788\" \/>\n\t<meta property=\"og:image:height\" content=\"1118\" \/>\n\t<meta property=\"og:image:type\" content=\"image\/jpeg\" \/>\n<meta name=\"author\" content=\"Cope Alcoy\" \/>\n<meta name=\"twitter:label1\" content=\"Escrito por\" \/>\n\t<meta name=\"twitter:data1\" content=\"Cope Alcoy\" \/>\n\t<meta name=\"twitter:label2\" content=\"Tiempo de lectura\" \/>\n\t<meta name=\"twitter:data2\" content=\"1 minuto\" \/>\n<script type=\"application\/ld+json\" class=\"yoast-schema-graph\">{\"@context\":\"https:\\\/\\\/schema.org\",\"@graph\":[{\"@type\":\"Article\",\"@id\":\"https:\\\/\\\/www.copealcoy.es\\\/es\\\/alcoi-retra-homenatge-a-la-verge-dels-lliris-aquest-cap-de-setmana\\\/#article\",\"isPartOf\":{\"@id\":\"https:\\\/\\\/www.copealcoy.es\\\/es\\\/alcoi-retra-homenatge-a-la-verge-dels-lliris-aquest-cap-de-setmana\\\/\"},\"author\":{\"name\":\"Cope Alcoy\",\"@id\":\"https:\\\/\\\/www.copealcoy.es\\\/es\\\/#\\\/schema\\\/person\\\/e777c87fa024e57d40170af9df39882c\"},\"headline\":\"Alcoi retr\u00e0 homenatge a la Verge dels Lliris aquest cap de setmana\",\"datePublished\":\"2020-09-18T17:58:39+00:00\",\"dateModified\":\"2020-09-18T18:09:39+00:00\",\"mainEntityOfPage\":{\"@id\":\"https:\\\/\\\/www.copealcoy.es\\\/es\\\/alcoi-retra-homenatge-a-la-verge-dels-lliris-aquest-cap-de-setmana\\\/\"},\"wordCount\":226,\"commentCount\":0,\"image\":{\"@id\":\"https:\\\/\\\/www.copealcoy.es\\\/es\\\/alcoi-retra-homenatge-a-la-verge-dels-lliris-aquest-cap-de-setmana\\\/#primaryimage\"},\"thumbnailUrl\":\"https:\\\/\\\/www.copealcoy.es\\\/wp-content\\\/uploads\\\/2015\\\/09\\\/DSC00809.jpg\",\"keywords\":[\"Alcoi\",\"cap de setmana\",\"Festes Patronals\",\"homenatge\",\"Verge dels Lliris\"],\"articleSection\":[\"Alcoy\",\"Fiesta y Cultura\",\"Noticias\"],\"inLanguage\":\"es\"},{\"@type\":\"WebPage\",\"@id\":\"https:\\\/\\\/www.copealcoy.es\\\/es\\\/alcoi-retra-homenatge-a-la-verge-dels-lliris-aquest-cap-de-setmana\\\/\",\"url\":\"https:\\\/\\\/www.copealcoy.es\\\/es\\\/alcoi-retra-homenatge-a-la-verge-dels-lliris-aquest-cap-de-setmana\\\/\",\"name\":\"Alcoi retr\u00e0 homenatge a la Verge dels Lliris aquest cap de setmana - COPE Alcoy\",\"isPartOf\":{\"@id\":\"https:\\\/\\\/www.copealcoy.es\\\/es\\\/#website\"},\"primaryImageOfPage\":{\"@id\":\"https:\\\/\\\/www.copealcoy.es\\\/es\\\/alcoi-retra-homenatge-a-la-verge-dels-lliris-aquest-cap-de-setmana\\\/#primaryimage\"},\"image\":{\"@id\":\"https:\\\/\\\/www.copealcoy.es\\\/es\\\/alcoi-retra-homenatge-a-la-verge-dels-lliris-aquest-cap-de-setmana\\\/#primaryimage\"},\"thumbnailUrl\":\"https:\\\/\\\/www.copealcoy.es\\\/wp-content\\\/uploads\\\/2015\\\/09\\\/DSC00809.jpg\",\"datePublished\":\"2020-09-18T17:58:39+00:00\",\"dateModified\":\"2020-09-18T18:09:39+00:00\",\"author\":{\"@id\":\"https:\\\/\\\/www.copealcoy.es\\\/es\\\/#\\\/schema\\\/person\\\/e777c87fa024e57d40170af9df39882c\"},\"breadcrumb\":{\"@id\":\"https:\\\/\\\/www.copealcoy.es\\\/es\\\/alcoi-retra-homenatge-a-la-verge-dels-lliris-aquest-cap-de-setmana\\\/#breadcrumb\"},\"inLanguage\":\"es\",\"potentialAction\":[{\"@type\":\"ReadAction\",\"target\":[\"https:\\\/\\\/www.copealcoy.es\\\/es\\\/alcoi-retra-homenatge-a-la-verge-dels-lliris-aquest-cap-de-setmana\\\/\"]}]},{\"@type\":\"ImageObject\",\"inLanguage\":\"es\",\"@id\":\"https:\\\/\\\/www.copealcoy.es\\\/es\\\/alcoi-retra-homenatge-a-la-verge-dels-lliris-aquest-cap-de-setmana\\\/#primaryimage\",\"url\":\"https:\\\/\\\/www.copealcoy.es\\\/wp-content\\\/uploads\\\/2015\\\/09\\\/DSC00809.jpg\",\"contentUrl\":\"https:\\\/\\\/www.copealcoy.es\\\/wp-content\\\/uploads\\\/2015\\\/09\\\/DSC00809.jpg\",\"width\":1727,\"height\":1080,\"caption\":\"La Virgen de los Lirios a la salida de la iglesia de San Mauro\"},{\"@type\":\"BreadcrumbList\",\"@id\":\"https:\\\/\\\/www.copealcoy.es\\\/es\\\/alcoi-retra-homenatge-a-la-verge-dels-lliris-aquest-cap-de-setmana\\\/#breadcrumb\",\"itemListElement\":[{\"@type\":\"ListItem\",\"position\":1,\"name\":\"Portada\",\"item\":\"https:\\\/\\\/www.copealcoy.es\\\/es\\\/\"},{\"@type\":\"ListItem\",\"position\":2,\"name\":\"Alcoi retr\u00e0 homenatge a la Verge dels Lliris aquest cap de setmana\"}]},{\"@type\":\"WebSite\",\"@id\":\"https:\\\/\\\/www.copealcoy.es\\\/es\\\/#website\",\"url\":\"https:\\\/\\\/www.copealcoy.es\\\/es\\\/\",\"name\":\"COPE Alcoy\",\"description\":\"Emisora COPE de radio local con emisi\u00f3n online. Pont de Sant Jordi 8-10 03803 Alcoy\",\"potentialAction\":[{\"@type\":\"SearchAction\",\"target\":{\"@type\":\"EntryPoint\",\"urlTemplate\":\"https:\\\/\\\/www.copealcoy.es\\\/es\\\/?s={search_term_string}\"},\"query-input\":{\"@type\":\"PropertyValueSpecification\",\"valueRequired\":true,\"valueName\":\"search_term_string\"}}],\"inLanguage\":\"es\"},{\"@type\":\"Person\",\"@id\":\"https:\\\/\\\/www.copealcoy.es\\\/es\\\/#\\\/schema\\\/person\\\/e777c87fa024e57d40170af9df39882c\",\"name\":\"Cope Alcoy\",\"image\":{\"@type\":\"ImageObject\",\"inLanguage\":\"es\",\"@id\":\"https:\\\/\\\/secure.gravatar.com\\\/avatar\\\/bb65d0283347e303893ba14f0692005417c1e0e690a325a4c5d8bb2b3943ee14?s=96&d=mm&r=g\",\"url\":\"https:\\\/\\\/secure.gravatar.com\\\/avatar\\\/bb65d0283347e303893ba14f0692005417c1e0e690a325a4c5d8bb2b3943ee14?s=96&d=mm&r=g\",\"contentUrl\":\"https:\\\/\\\/secure.gravatar.com\\\/avatar\\\/bb65d0283347e303893ba14f0692005417c1e0e690a325a4c5d8bb2b3943ee14?s=96&d=mm&r=g\",\"caption\":\"Cope Alcoy\"}}]}<\/script>\n<!-- \/ Yoast SEO plugin. -->","yoast_head_json":{"title":"Alcoi retr\u00e0 homenatge a la Verge dels Lliris aquest cap de setmana - COPE Alcoy","robots":{"index":"index","follow":"follow","max-snippet":"max-snippet:-1","max-image-preview":"max-image-preview:large","max-video-preview":"max-video-preview:-1"},"canonical":"https:\/\/www.copealcoy.es\/es\/alcoi-retra-homenatge-a-la-verge-dels-lliris-aquest-cap-de-setmana\/","og_locale":"es_ES","og_type":"article","og_title":"Alcoi retr\u00e0 homenatge a la Verge dels Lliris aquest cap de setmana - COPE Alcoy","og_description":"La ciutat d&#8217;Alcoi ha preparat diferents actes religiosos per a aquest cap de setmana amb la intenci\u00f3 de retre homenatge...","og_url":"https:\/\/www.copealcoy.es\/es\/alcoi-retra-homenatge-a-la-verge-dels-lliris-aquest-cap-de-setmana\/","og_site_name":"COPE Alcoy","article_published_time":"2020-09-18T17:58:39+00:00","article_modified_time":"2020-09-18T18:09:39+00:00","og_image":[{"width":1788,"height":1118,"url":"https:\/\/www.copealcoy.es\/wp-content\/uploads\/2015\/09\/DSC00809.jpg","type":"image\/jpeg"}],"author":"Cope Alcoy","twitter_misc":{"Escrito por":"Cope Alcoy","Tiempo de lectura":"1 minuto"},"schema":{"@context":"https:\/\/schema.org","@graph":[{"@type":"Article","@id":"https:\/\/www.copealcoy.es\/es\/alcoi-retra-homenatge-a-la-verge-dels-lliris-aquest-cap-de-setmana\/#article","isPartOf":{"@id":"https:\/\/www.copealcoy.es\/es\/alcoi-retra-homenatge-a-la-verge-dels-lliris-aquest-cap-de-setmana\/"},"author":{"name":"Cope Alcoy","@id":"https:\/\/www.copealcoy.es\/es\/#\/schema\/person\/e777c87fa024e57d40170af9df39882c"},"headline":"Alcoi retr\u00e0 homenatge a la Verge dels Lliris aquest cap de setmana","datePublished":"2020-09-18T17:58:39+00:00","dateModified":"2020-09-18T18:09:39+00:00","mainEntityOfPage":{"@id":"https:\/\/www.copealcoy.es\/es\/alcoi-retra-homenatge-a-la-verge-dels-lliris-aquest-cap-de-setmana\/"},"wordCount":226,"commentCount":0,"image":{"@id":"https:\/\/www.copealcoy.es\/es\/alcoi-retra-homenatge-a-la-verge-dels-lliris-aquest-cap-de-setmana\/#primaryimage"},"thumbnailUrl":"https:\/\/www.copealcoy.es\/wp-content\/uploads\/2015\/09\/DSC00809.jpg","keywords":["Alcoi","cap de setmana","Festes Patronals","homenatge","Verge dels Lliris"],"articleSection":["Alcoy","Fiesta y Cultura","Noticias"],"inLanguage":"es"},{"@type":"WebPage","@id":"https:\/\/www.copealcoy.es\/es\/alcoi-retra-homenatge-a-la-verge-dels-lliris-aquest-cap-de-setmana\/","url":"https:\/\/www.copealcoy.es\/es\/alcoi-retra-homenatge-a-la-verge-dels-lliris-aquest-cap-de-setmana\/","name":"Alcoi retr\u00e0 homenatge a la Verge dels Lliris aquest cap de setmana - COPE Alcoy","isPartOf":{"@id":"https:\/\/www.copealcoy.es\/es\/#website"},"primaryImageOfPage":{"@id":"https:\/\/www.copealcoy.es\/es\/alcoi-retra-homenatge-a-la-verge-dels-lliris-aquest-cap-de-setmana\/#primaryimage"},"image":{"@id":"https:\/\/www.copealcoy.es\/es\/alcoi-retra-homenatge-a-la-verge-dels-lliris-aquest-cap-de-setmana\/#primaryimage"},"thumbnailUrl":"https:\/\/www.copealcoy.es\/wp-content\/uploads\/2015\/09\/DSC00809.jpg","datePublished":"2020-09-18T17:58:39+00:00","dateModified":"2020-09-18T18:09:39+00:00","author":{"@id":"https:\/\/www.copealcoy.es\/es\/#\/schema\/person\/e777c87fa024e57d40170af9df39882c"},"breadcrumb":{"@id":"https:\/\/www.copealcoy.es\/es\/alcoi-retra-homenatge-a-la-verge-dels-lliris-aquest-cap-de-setmana\/#breadcrumb"},"inLanguage":"es","potentialAction":[{"@type":"ReadAction","target":["https:\/\/www.copealcoy.es\/es\/alcoi-retra-homenatge-a-la-verge-dels-lliris-aquest-cap-de-setmana\/"]}]},{"@type":"ImageObject","inLanguage":"es","@id":"https:\/\/www.copealcoy.es\/es\/alcoi-retra-homenatge-a-la-verge-dels-lliris-aquest-cap-de-setmana\/#primaryimage","url":"https:\/\/www.copealcoy.es\/wp-content\/uploads\/2015\/09\/DSC00809.jpg","contentUrl":"https:\/\/www.copealcoy.es\/wp-content\/uploads\/2015\/09\/DSC00809.jpg","width":1727,"height":1080,"caption":"La Virgen de los Lirios a la salida de la iglesia de San Mauro"},{"@type":"BreadcrumbList","@id":"https:\/\/www.copealcoy.es\/es\/alcoi-retra-homenatge-a-la-verge-dels-lliris-aquest-cap-de-setmana\/#breadcrumb","itemListElement":[{"@type":"ListItem","position":1,"name":"Portada","item":"https:\/\/www.copealcoy.es\/es\/"},{"@type":"ListItem","position":2,"name":"Alcoi retr\u00e0 homenatge a la Verge dels Lliris aquest cap de setmana"}]},{"@type":"WebSite","@id":"https:\/\/www.copealcoy.es\/es\/#website","url":"https:\/\/www.copealcoy.es\/es\/","name":"COPE Alcoy","description":"Emisora COPE de radio local con emisi\u00f3n online. Pont de Sant Jordi 8-10 03803 Alcoy","potentialAction":[{"@type":"SearchAction","target":{"@type":"EntryPoint","urlTemplate":"https:\/\/www.copealcoy.es\/es\/?s={search_term_string}"},"query-input":{"@type":"PropertyValueSpecification","valueRequired":true,"valueName":"search_term_string"}}],"inLanguage":"es"},{"@type":"Person","@id":"https:\/\/www.copealcoy.es\/es\/#\/schema\/person\/e777c87fa024e57d40170af9df39882c","name":"Cope Alcoy","image":{"@type":"ImageObject","inLanguage":"es","@id":"https:\/\/secure.gravatar.com\/avatar\/bb65d0283347e303893ba14f0692005417c1e0e690a325a4c5d8bb2b3943ee14?s=96&d=mm&r=g","url":"https:\/\/secure.gravatar.com\/avatar\/bb65d0283347e303893ba14f0692005417c1e0e690a325a4c5d8bb2b3943ee14?s=96&d=mm&r=g","contentUrl":"https:\/\/secure.gravatar.com\/avatar\/bb65d0283347e303893ba14f0692005417c1e0e690a325a4c5d8bb2b3943ee14?s=96&d=mm&r=g","caption":"Cope Alcoy"}}]}},"_links":{"self":[{"href":"https:\/\/www.copealcoy.es\/es\/wp-json\/wp\/v2\/posts\/65625","targetHints":{"allow":["GET"]}}],"collection":[{"href":"https:\/\/www.copealcoy.es\/es\/wp-json\/wp\/v2\/posts"}],"about":[{"href":"https:\/\/www.copealcoy.es\/es\/wp-json\/wp\/v2\/types\/post"}],"author":[{"embeddable":true,"href":"https:\/\/www.copealcoy.es\/es\/wp-json\/wp\/v2\/users\/1"}],"replies":[{"embeddable":true,"href":"https:\/\/www.copealcoy.es\/es\/wp-json\/wp\/v2\/comments?post=65625"}],"version-history":[{"count":0,"href":"https:\/\/www.copealcoy.es\/es\/wp-json\/wp\/v2\/posts\/65625\/revisions"}],"wp:featuredmedia":[{"embeddable":true,"href":"https:\/\/www.copealcoy.es\/es\/wp-json\/wp\/v2\/media\/15838"}],"wp:attachment":[{"href":"https:\/\/www.copealcoy.es\/es\/wp-json\/wp\/v2\/media?parent=65625"}],"wp:term":[{"taxonomy":"category","embeddable":true,"href":"https:\/\/www.copealcoy.es\/es\/wp-json\/wp\/v2\/categories?post=65625"},{"taxonomy":"post_tag","embeddable":true,"href":"https:\/\/www.copealcoy.es\/es\/wp-json\/wp\/v2\/tags?post=65625"}],"curies":[{"name":"wp","href":"https:\/\/api.w.org\/{rel}","templated":true}]}}