{"id":65549,"date":"2020-09-16T15:26:29","date_gmt":"2020-09-16T15:26:29","guid":{"rendered":"https:\/\/www.copealcoy.es\/?p=65549"},"modified":"2020-09-16T16:19:22","modified_gmt":"2020-09-16T16:19:22","slug":"jose-domingo-sempere-pregona-les-festes-de-la-patrona-dalcoi","status":"publish","type":"post","link":"https:\/\/www.copealcoy.es\/es\/jose-domingo-sempere-pregona-les-festes-de-la-patrona-dalcoi\/","title":{"rendered":"Jos\u00e9 Domingo Sempere pregona les Festes de la patrona d&#8217;Alcoi"},"content":{"rendered":"<p style=\"text-align: justify;\">La <strong>Parr\u00f2quia de Sant Maure i Sant Francesc d&#8217;Alcoi<\/strong> va acollir ahir de vesprada <strong>el Preg\u00f3<\/strong> de les Festes Patronals en honor a la Verge <span class=\"hiddenGrammarError\">dels Lliris<\/span>.<\/p>\n<p style=\"text-align: justify;\">L&#8217;encarregat de declamar aquest Preg\u00f3 fou el President de l&#8217;Associaci\u00f3 de Sant Maure, <strong>Jos\u00e9 Domingo Sempere<\/strong>, en celebrar enguany aquesta entitat <strong>els <span class=\"hiddenGreenError\">400<\/span> anys des que el m\u00e0rtir <span class=\"hiddenSpellError\">es<\/span> patr\u00f3 de la nostra ciutat<\/strong>. En la seua declamaci\u00f3 <strong>Sempere va fer refer\u00e8ncia a la situaci\u00f3 extraordin\u00e0ria que vivim enguany<\/strong> a causa de la pand\u00e8mia i va destacar <strong>la gran devoci\u00f3 que Alcoi li professa a la Mare de D\u00e9u de la Font Roja<\/strong>. Tamb\u00e9 va recordar a Sant Maure, <strong>el patr\u00f3 que va triar la nostra ciutat en 1620<\/strong> davant els greus terratr\u00e9mols que patia el nostre poble.<\/p>\n<p style=\"text-align: justify;\">Despr\u00e9s del Preg\u00f3 els actes continuen aquest dimecres <strong>amb l&#8217;inici del Tridu<\/strong>, uns cultes que tamb\u00e9 tindran lloc a la Parr\u00f2quia de Sant Maure i Sant Francesc. Durant aquests dies <strong>es retr\u00e0 homenatge a les fam\u00edlies, les cambreres i els m\u00e9s joves<\/strong> abans dels <strong>oficis religiosos<\/strong> que tindran lloc durant el pr\u00f2xim cap de setmana.<\/p>\n","protected":false},"excerpt":{"rendered":"<p>La Parr\u00f2quia de Sant Maure i Sant Francesc d&#8217;Alcoi va acollir ahir de vesprada el Preg\u00f3 de les Festes Patronals&#8230;<\/p>\n","protected":false},"author":1,"featured_media":65550,"comment_status":"open","ping_status":"open","sticky":false,"template":"","format":"standard","meta":{"footnotes":""},"categories":[97,78,75],"tags":[924,4961,9823,9903],"class_list":["post-65549","post","type-post","status-publish","format-standard","has-post-thumbnail","hentry","category-alcoy","category-fiestaycultura","category-noticias","tag-festes","tag-jose-domingo-sempere","tag-mare-de-deu-dels-lliris","tag-prego"],"yoast_head":"<!-- This site is optimized with the Yoast SEO plugin v27.3 - https:\/\/yoast.com\/product\/yoast-seo-wordpress\/ -->\n<title>Jos\u00e9 Domingo Sempere pregona les Festes de la patrona d&#039;Alcoi - COPE Alcoy<\/title>\n<meta name=\"robots\" content=\"index, follow, max-snippet:-1, max-image-preview:large, max-video-preview:-1\" \/>\n<link rel=\"canonical\" href=\"https:\/\/www.copealcoy.es\/es\/jose-domingo-sempere-pregona-les-festes-de-la-patrona-dalcoi\/\" \/>\n<meta property=\"og:locale\" content=\"es_ES\" \/>\n<meta property=\"og:type\" content=\"article\" \/>\n<meta property=\"og:title\" content=\"Jos\u00e9 Domingo Sempere pregona les Festes de la patrona d&#039;Alcoi - COPE Alcoy\" \/>\n<meta property=\"og:description\" content=\"La Parr\u00f2quia de Sant Maure i Sant Francesc d&#8217;Alcoi va acollir ahir de vesprada el Preg\u00f3 de les Festes Patronals...\" \/>\n<meta property=\"og:url\" content=\"https:\/\/www.copealcoy.es\/es\/jose-domingo-sempere-pregona-les-festes-de-la-patrona-dalcoi\/\" \/>\n<meta property=\"og:site_name\" content=\"COPE Alcoy\" \/>\n<meta property=\"article:published_time\" content=\"2020-09-16T15:26:29+00:00\" \/>\n<meta property=\"article:modified_time\" content=\"2020-09-16T16:19:22+00:00\" \/>\n<meta property=\"og:image\" content=\"https:\/\/www.copealcoy.es\/wp-content\/uploads\/2020\/09\/119556352_3525594310838836_4375770503207167795_n.jpg\" \/>\n\t<meta property=\"og:image:width\" content=\"960\" \/>\n\t<meta property=\"og:image:height\" content=\"720\" \/>\n\t<meta property=\"og:image:type\" content=\"image\/jpeg\" \/>\n<meta name=\"author\" content=\"Cope Alcoy\" \/>\n<meta name=\"twitter:label1\" content=\"Escrito por\" \/>\n\t<meta name=\"twitter:data1\" content=\"Cope Alcoy\" \/>\n\t<meta name=\"twitter:label2\" content=\"Tiempo de lectura\" \/>\n\t<meta name=\"twitter:data2\" content=\"1 minuto\" \/>\n<script type=\"application\/ld+json\" class=\"yoast-schema-graph\">{\"@context\":\"https:\\\/\\\/schema.org\",\"@graph\":[{\"@type\":\"Article\",\"@id\":\"https:\\\/\\\/www.copealcoy.es\\\/es\\\/jose-domingo-sempere-pregona-les-festes-de-la-patrona-dalcoi\\\/#article\",\"isPartOf\":{\"@id\":\"https:\\\/\\\/www.copealcoy.es\\\/es\\\/jose-domingo-sempere-pregona-les-festes-de-la-patrona-dalcoi\\\/\"},\"author\":{\"name\":\"Cope Alcoy\",\"@id\":\"https:\\\/\\\/www.copealcoy.es\\\/es\\\/#\\\/schema\\\/person\\\/e777c87fa024e57d40170af9df39882c\"},\"headline\":\"Jos\u00e9 Domingo Sempere pregona les Festes de la patrona d&#8217;Alcoi\",\"datePublished\":\"2020-09-16T15:26:29+00:00\",\"dateModified\":\"2020-09-16T16:19:22+00:00\",\"mainEntityOfPage\":{\"@id\":\"https:\\\/\\\/www.copealcoy.es\\\/es\\\/jose-domingo-sempere-pregona-les-festes-de-la-patrona-dalcoi\\\/\"},\"wordCount\":205,\"commentCount\":0,\"image\":{\"@id\":\"https:\\\/\\\/www.copealcoy.es\\\/es\\\/jose-domingo-sempere-pregona-les-festes-de-la-patrona-dalcoi\\\/#primaryimage\"},\"thumbnailUrl\":\"https:\\\/\\\/www.copealcoy.es\\\/wp-content\\\/uploads\\\/2020\\\/09\\\/119556352_3525594310838836_4375770503207167795_n.jpg\",\"keywords\":[\"Festes\",\"Jos\u00e9 Domingo Sempere\",\"Mare de D\u00e9u dels Lliris\",\"preg\u00f3\"],\"articleSection\":[\"Alcoy\",\"Fiesta y Cultura\",\"Noticias\"],\"inLanguage\":\"es\"},{\"@type\":\"WebPage\",\"@id\":\"https:\\\/\\\/www.copealcoy.es\\\/es\\\/jose-domingo-sempere-pregona-les-festes-de-la-patrona-dalcoi\\\/\",\"url\":\"https:\\\/\\\/www.copealcoy.es\\\/es\\\/jose-domingo-sempere-pregona-les-festes-de-la-patrona-dalcoi\\\/\",\"name\":\"Jos\u00e9 Domingo Sempere pregona les Festes de la patrona d'Alcoi - COPE Alcoy\",\"isPartOf\":{\"@id\":\"https:\\\/\\\/www.copealcoy.es\\\/es\\\/#website\"},\"primaryImageOfPage\":{\"@id\":\"https:\\\/\\\/www.copealcoy.es\\\/es\\\/jose-domingo-sempere-pregona-les-festes-de-la-patrona-dalcoi\\\/#primaryimage\"},\"image\":{\"@id\":\"https:\\\/\\\/www.copealcoy.es\\\/es\\\/jose-domingo-sempere-pregona-les-festes-de-la-patrona-dalcoi\\\/#primaryimage\"},\"thumbnailUrl\":\"https:\\\/\\\/www.copealcoy.es\\\/wp-content\\\/uploads\\\/2020\\\/09\\\/119556352_3525594310838836_4375770503207167795_n.jpg\",\"datePublished\":\"2020-09-16T15:26:29+00:00\",\"dateModified\":\"2020-09-16T16:19:22+00:00\",\"author\":{\"@id\":\"https:\\\/\\\/www.copealcoy.es\\\/es\\\/#\\\/schema\\\/person\\\/e777c87fa024e57d40170af9df39882c\"},\"breadcrumb\":{\"@id\":\"https:\\\/\\\/www.copealcoy.es\\\/es\\\/jose-domingo-sempere-pregona-les-festes-de-la-patrona-dalcoi\\\/#breadcrumb\"},\"inLanguage\":\"es\",\"potentialAction\":[{\"@type\":\"ReadAction\",\"target\":[\"https:\\\/\\\/www.copealcoy.es\\\/es\\\/jose-domingo-sempere-pregona-les-festes-de-la-patrona-dalcoi\\\/\"]}]},{\"@type\":\"ImageObject\",\"inLanguage\":\"es\",\"@id\":\"https:\\\/\\\/www.copealcoy.es\\\/es\\\/jose-domingo-sempere-pregona-les-festes-de-la-patrona-dalcoi\\\/#primaryimage\",\"url\":\"https:\\\/\\\/www.copealcoy.es\\\/wp-content\\\/uploads\\\/2020\\\/09\\\/119556352_3525594310838836_4375770503207167795_n.jpg\",\"contentUrl\":\"https:\\\/\\\/www.copealcoy.es\\\/wp-content\\\/uploads\\\/2020\\\/09\\\/119556352_3525594310838836_4375770503207167795_n.jpg\",\"width\":960,\"height\":720},{\"@type\":\"BreadcrumbList\",\"@id\":\"https:\\\/\\\/www.copealcoy.es\\\/es\\\/jose-domingo-sempere-pregona-les-festes-de-la-patrona-dalcoi\\\/#breadcrumb\",\"itemListElement\":[{\"@type\":\"ListItem\",\"position\":1,\"name\":\"Portada\",\"item\":\"https:\\\/\\\/www.copealcoy.es\\\/es\\\/\"},{\"@type\":\"ListItem\",\"position\":2,\"name\":\"Jos\u00e9 Domingo Sempere pregona les Festes de la patrona d&#8217;Alcoi\"}]},{\"@type\":\"WebSite\",\"@id\":\"https:\\\/\\\/www.copealcoy.es\\\/es\\\/#website\",\"url\":\"https:\\\/\\\/www.copealcoy.es\\\/es\\\/\",\"name\":\"COPE Alcoy\",\"description\":\"Emisora COPE de radio local con emisi\u00f3n online. Pont de Sant Jordi 8-10 03803 Alcoy\",\"potentialAction\":[{\"@type\":\"SearchAction\",\"target\":{\"@type\":\"EntryPoint\",\"urlTemplate\":\"https:\\\/\\\/www.copealcoy.es\\\/es\\\/?s={search_term_string}\"},\"query-input\":{\"@type\":\"PropertyValueSpecification\",\"valueRequired\":true,\"valueName\":\"search_term_string\"}}],\"inLanguage\":\"es\"},{\"@type\":\"Person\",\"@id\":\"https:\\\/\\\/www.copealcoy.es\\\/es\\\/#\\\/schema\\\/person\\\/e777c87fa024e57d40170af9df39882c\",\"name\":\"Cope Alcoy\",\"image\":{\"@type\":\"ImageObject\",\"inLanguage\":\"es\",\"@id\":\"https:\\\/\\\/secure.gravatar.com\\\/avatar\\\/bb65d0283347e303893ba14f0692005417c1e0e690a325a4c5d8bb2b3943ee14?s=96&d=mm&r=g\",\"url\":\"https:\\\/\\\/secure.gravatar.com\\\/avatar\\\/bb65d0283347e303893ba14f0692005417c1e0e690a325a4c5d8bb2b3943ee14?s=96&d=mm&r=g\",\"contentUrl\":\"https:\\\/\\\/secure.gravatar.com\\\/avatar\\\/bb65d0283347e303893ba14f0692005417c1e0e690a325a4c5d8bb2b3943ee14?s=96&d=mm&r=g\",\"caption\":\"Cope Alcoy\"}}]}<\/script>\n<!-- \/ Yoast SEO plugin. -->","yoast_head_json":{"title":"Jos\u00e9 Domingo Sempere pregona les Festes de la patrona d'Alcoi - COPE Alcoy","robots":{"index":"index","follow":"follow","max-snippet":"max-snippet:-1","max-image-preview":"max-image-preview:large","max-video-preview":"max-video-preview:-1"},"canonical":"https:\/\/www.copealcoy.es\/es\/jose-domingo-sempere-pregona-les-festes-de-la-patrona-dalcoi\/","og_locale":"es_ES","og_type":"article","og_title":"Jos\u00e9 Domingo Sempere pregona les Festes de la patrona d'Alcoi - COPE Alcoy","og_description":"La Parr\u00f2quia de Sant Maure i Sant Francesc d&#8217;Alcoi va acollir ahir de vesprada el Preg\u00f3 de les Festes Patronals...","og_url":"https:\/\/www.copealcoy.es\/es\/jose-domingo-sempere-pregona-les-festes-de-la-patrona-dalcoi\/","og_site_name":"COPE Alcoy","article_published_time":"2020-09-16T15:26:29+00:00","article_modified_time":"2020-09-16T16:19:22+00:00","og_image":[{"width":960,"height":720,"url":"https:\/\/www.copealcoy.es\/wp-content\/uploads\/2020\/09\/119556352_3525594310838836_4375770503207167795_n.jpg","type":"image\/jpeg"}],"author":"Cope Alcoy","twitter_misc":{"Escrito por":"Cope Alcoy","Tiempo de lectura":"1 minuto"},"schema":{"@context":"https:\/\/schema.org","@graph":[{"@type":"Article","@id":"https:\/\/www.copealcoy.es\/es\/jose-domingo-sempere-pregona-les-festes-de-la-patrona-dalcoi\/#article","isPartOf":{"@id":"https:\/\/www.copealcoy.es\/es\/jose-domingo-sempere-pregona-les-festes-de-la-patrona-dalcoi\/"},"author":{"name":"Cope Alcoy","@id":"https:\/\/www.copealcoy.es\/es\/#\/schema\/person\/e777c87fa024e57d40170af9df39882c"},"headline":"Jos\u00e9 Domingo Sempere pregona les Festes de la patrona d&#8217;Alcoi","datePublished":"2020-09-16T15:26:29+00:00","dateModified":"2020-09-16T16:19:22+00:00","mainEntityOfPage":{"@id":"https:\/\/www.copealcoy.es\/es\/jose-domingo-sempere-pregona-les-festes-de-la-patrona-dalcoi\/"},"wordCount":205,"commentCount":0,"image":{"@id":"https:\/\/www.copealcoy.es\/es\/jose-domingo-sempere-pregona-les-festes-de-la-patrona-dalcoi\/#primaryimage"},"thumbnailUrl":"https:\/\/www.copealcoy.es\/wp-content\/uploads\/2020\/09\/119556352_3525594310838836_4375770503207167795_n.jpg","keywords":["Festes","Jos\u00e9 Domingo Sempere","Mare de D\u00e9u dels Lliris","preg\u00f3"],"articleSection":["Alcoy","Fiesta y Cultura","Noticias"],"inLanguage":"es"},{"@type":"WebPage","@id":"https:\/\/www.copealcoy.es\/es\/jose-domingo-sempere-pregona-les-festes-de-la-patrona-dalcoi\/","url":"https:\/\/www.copealcoy.es\/es\/jose-domingo-sempere-pregona-les-festes-de-la-patrona-dalcoi\/","name":"Jos\u00e9 Domingo Sempere pregona les Festes de la patrona d'Alcoi - COPE Alcoy","isPartOf":{"@id":"https:\/\/www.copealcoy.es\/es\/#website"},"primaryImageOfPage":{"@id":"https:\/\/www.copealcoy.es\/es\/jose-domingo-sempere-pregona-les-festes-de-la-patrona-dalcoi\/#primaryimage"},"image":{"@id":"https:\/\/www.copealcoy.es\/es\/jose-domingo-sempere-pregona-les-festes-de-la-patrona-dalcoi\/#primaryimage"},"thumbnailUrl":"https:\/\/www.copealcoy.es\/wp-content\/uploads\/2020\/09\/119556352_3525594310838836_4375770503207167795_n.jpg","datePublished":"2020-09-16T15:26:29+00:00","dateModified":"2020-09-16T16:19:22+00:00","author":{"@id":"https:\/\/www.copealcoy.es\/es\/#\/schema\/person\/e777c87fa024e57d40170af9df39882c"},"breadcrumb":{"@id":"https:\/\/www.copealcoy.es\/es\/jose-domingo-sempere-pregona-les-festes-de-la-patrona-dalcoi\/#breadcrumb"},"inLanguage":"es","potentialAction":[{"@type":"ReadAction","target":["https:\/\/www.copealcoy.es\/es\/jose-domingo-sempere-pregona-les-festes-de-la-patrona-dalcoi\/"]}]},{"@type":"ImageObject","inLanguage":"es","@id":"https:\/\/www.copealcoy.es\/es\/jose-domingo-sempere-pregona-les-festes-de-la-patrona-dalcoi\/#primaryimage","url":"https:\/\/www.copealcoy.es\/wp-content\/uploads\/2020\/09\/119556352_3525594310838836_4375770503207167795_n.jpg","contentUrl":"https:\/\/www.copealcoy.es\/wp-content\/uploads\/2020\/09\/119556352_3525594310838836_4375770503207167795_n.jpg","width":960,"height":720},{"@type":"BreadcrumbList","@id":"https:\/\/www.copealcoy.es\/es\/jose-domingo-sempere-pregona-les-festes-de-la-patrona-dalcoi\/#breadcrumb","itemListElement":[{"@type":"ListItem","position":1,"name":"Portada","item":"https:\/\/www.copealcoy.es\/es\/"},{"@type":"ListItem","position":2,"name":"Jos\u00e9 Domingo Sempere pregona les Festes de la patrona d&#8217;Alcoi"}]},{"@type":"WebSite","@id":"https:\/\/www.copealcoy.es\/es\/#website","url":"https:\/\/www.copealcoy.es\/es\/","name":"COPE Alcoy","description":"Emisora COPE de radio local con emisi\u00f3n online. Pont de Sant Jordi 8-10 03803 Alcoy","potentialAction":[{"@type":"SearchAction","target":{"@type":"EntryPoint","urlTemplate":"https:\/\/www.copealcoy.es\/es\/?s={search_term_string}"},"query-input":{"@type":"PropertyValueSpecification","valueRequired":true,"valueName":"search_term_string"}}],"inLanguage":"es"},{"@type":"Person","@id":"https:\/\/www.copealcoy.es\/es\/#\/schema\/person\/e777c87fa024e57d40170af9df39882c","name":"Cope Alcoy","image":{"@type":"ImageObject","inLanguage":"es","@id":"https:\/\/secure.gravatar.com\/avatar\/bb65d0283347e303893ba14f0692005417c1e0e690a325a4c5d8bb2b3943ee14?s=96&d=mm&r=g","url":"https:\/\/secure.gravatar.com\/avatar\/bb65d0283347e303893ba14f0692005417c1e0e690a325a4c5d8bb2b3943ee14?s=96&d=mm&r=g","contentUrl":"https:\/\/secure.gravatar.com\/avatar\/bb65d0283347e303893ba14f0692005417c1e0e690a325a4c5d8bb2b3943ee14?s=96&d=mm&r=g","caption":"Cope Alcoy"}}]}},"_links":{"self":[{"href":"https:\/\/www.copealcoy.es\/es\/wp-json\/wp\/v2\/posts\/65549","targetHints":{"allow":["GET"]}}],"collection":[{"href":"https:\/\/www.copealcoy.es\/es\/wp-json\/wp\/v2\/posts"}],"about":[{"href":"https:\/\/www.copealcoy.es\/es\/wp-json\/wp\/v2\/types\/post"}],"author":[{"embeddable":true,"href":"https:\/\/www.copealcoy.es\/es\/wp-json\/wp\/v2\/users\/1"}],"replies":[{"embeddable":true,"href":"https:\/\/www.copealcoy.es\/es\/wp-json\/wp\/v2\/comments?post=65549"}],"version-history":[{"count":0,"href":"https:\/\/www.copealcoy.es\/es\/wp-json\/wp\/v2\/posts\/65549\/revisions"}],"wp:featuredmedia":[{"embeddable":true,"href":"https:\/\/www.copealcoy.es\/es\/wp-json\/wp\/v2\/media\/65550"}],"wp:attachment":[{"href":"https:\/\/www.copealcoy.es\/es\/wp-json\/wp\/v2\/media?parent=65549"}],"wp:term":[{"taxonomy":"category","embeddable":true,"href":"https:\/\/www.copealcoy.es\/es\/wp-json\/wp\/v2\/categories?post=65549"},{"taxonomy":"post_tag","embeddable":true,"href":"https:\/\/www.copealcoy.es\/es\/wp-json\/wp\/v2\/tags?post=65549"}],"curies":[{"name":"wp","href":"https:\/\/api.w.org\/{rel}","templated":true}]}}