{"id":65542,"date":"2020-09-16T14:53:55","date_gmt":"2020-09-16T14:53:55","guid":{"rendered":"https:\/\/www.copealcoy.es\/?p=65542"},"modified":"2020-09-16T15:10:34","modified_gmt":"2020-09-16T15:10:34","slug":"juan-serrano-deixa-de-ser-el-president-de-lalcoyano","status":"publish","type":"post","link":"https:\/\/www.copealcoy.es\/es\/juan-serrano-deixa-de-ser-el-president-de-lalcoyano\/","title":{"rendered":"Juan Serrano deixa de ser el President de l&#8217;Alcoyano"},"content":{"rendered":"<p style=\"text-align: justify;\">El <strong>Club <span class=\"hiddenSpellError\">Deportivo<\/span> <span class=\"hiddenSpellError\">Alcoyano<\/span><\/strong> ha informat que el seu Consell d&#8217;Administraci\u00f3 <strong>ha rebut la ren\u00fancia irrevocable de <span class=\"hiddenSpellError\">Juan<\/span> Serrano com a President de l&#8217;entitat esportiva<\/strong>. En un comunicat assenyalen que <strong>Serrano feia dos anys que havia posat el seu c\u00e0rrec a disposici\u00f3<\/strong> al mateix temps que destaquen que a<strong>mb el nou ascens a <span class=\"hiddenSpellError\">2aB<\/span><\/strong><span class=\"hiddenSpellError\">,<\/span> el fins ara President, <strong>ha decidit posar el punt final a la seua traject\u00f2ria<\/strong> en el Club de forma definitiva.<\/p>\n<p style=\"text-align: justify;\">Des del Consell d&#8217;Administraci\u00f3 destaquen que <strong>comunicaran aquesta decisi\u00f3 a la <span class=\"hiddenSpellError\">FFCV<\/span><\/strong> i informen que <strong>procediran a elegir prompte a un nou cap visible<\/strong> per al Club de la moral. Tamb\u00e9 agraeixen <strong>la tasca realitzada durant els anys que ha estat com a President<\/strong> aix\u00ed com <strong>l&#8217;esfor\u00e7 i la dedicaci\u00f3<\/strong> mostrats cap al conjunt. Per \u00faltim <strong>li han desitjat a <span class=\"hiddenSpellError\">Juan<\/span> Serrano la millor de les sorts<\/strong> sense deixar de manifestar el total suport a la gesti\u00f3 econ\u00f2mica i institucional realitzada durant el seu mandat.<\/p>\n","protected":false},"excerpt":{"rendered":"<p>El Club Deportivo Alcoyano ha informat que el seu Consell d&#8217;Administraci\u00f3 ha rebut la ren\u00fancia irrevocable de Juan Serrano com&#8230;<\/p>\n","protected":false},"author":1,"featured_media":65420,"comment_status":"open","ping_status":"open","sticky":false,"template":"","format":"standard","meta":{"footnotes":""},"categories":[97,92,75],"tags":[160,9637,2110,1479,4254],"class_list":["post-65542","post","type-post","status-publish","format-standard","has-post-thumbnail","hentry","category-alcoy","category-deportes","category-noticias","tag-alcoi","tag-alcoiano","tag-juan-serrano","tag-president","tag-renuncia"],"yoast_head":"<!-- This site is optimized with the Yoast SEO plugin v27.3 - https:\/\/yoast.com\/product\/yoast-seo-wordpress\/ -->\n<title>Juan Serrano deixa de ser el President de l&#039;Alcoyano - COPE Alcoy<\/title>\n<meta name=\"robots\" content=\"index, follow, max-snippet:-1, max-image-preview:large, max-video-preview:-1\" \/>\n<link rel=\"canonical\" href=\"https:\/\/www.copealcoy.es\/es\/juan-serrano-deixa-de-ser-el-president-de-lalcoyano\/\" \/>\n<meta property=\"og:locale\" content=\"es_ES\" \/>\n<meta property=\"og:type\" content=\"article\" \/>\n<meta property=\"og:title\" content=\"Juan Serrano deixa de ser el President de l&#039;Alcoyano - COPE Alcoy\" \/>\n<meta property=\"og:description\" content=\"El Club Deportivo Alcoyano ha informat que el seu Consell d&#8217;Administraci\u00f3 ha rebut la ren\u00fancia irrevocable de Juan Serrano com...\" \/>\n<meta property=\"og:url\" content=\"https:\/\/www.copealcoy.es\/es\/juan-serrano-deixa-de-ser-el-president-de-lalcoyano\/\" \/>\n<meta property=\"og:site_name\" content=\"COPE Alcoy\" \/>\n<meta property=\"article:published_time\" content=\"2020-09-16T14:53:55+00:00\" \/>\n<meta property=\"article:modified_time\" content=\"2020-09-16T15:10:34+00:00\" \/>\n<meta property=\"og:image\" content=\"https:\/\/www.copealcoy.es\/wp-content\/uploads\/2020\/09\/Juan-Serrano-Presidente-Alcoyano.jpg\" \/>\n\t<meta property=\"og:image:width\" content=\"850\" \/>\n\t<meta property=\"og:image:height\" content=\"493\" \/>\n\t<meta property=\"og:image:type\" content=\"image\/jpeg\" \/>\n<meta name=\"author\" content=\"Cope Alcoy\" \/>\n<meta name=\"twitter:label1\" content=\"Escrito por\" \/>\n\t<meta name=\"twitter:data1\" content=\"Cope Alcoy\" \/>\n\t<meta name=\"twitter:label2\" content=\"Tiempo de lectura\" \/>\n\t<meta name=\"twitter:data2\" content=\"1 minuto\" \/>\n<script type=\"application\/ld+json\" class=\"yoast-schema-graph\">{\"@context\":\"https:\\\/\\\/schema.org\",\"@graph\":[{\"@type\":\"Article\",\"@id\":\"https:\\\/\\\/www.copealcoy.es\\\/es\\\/juan-serrano-deixa-de-ser-el-president-de-lalcoyano\\\/#article\",\"isPartOf\":{\"@id\":\"https:\\\/\\\/www.copealcoy.es\\\/es\\\/juan-serrano-deixa-de-ser-el-president-de-lalcoyano\\\/\"},\"author\":{\"name\":\"Cope Alcoy\",\"@id\":\"https:\\\/\\\/www.copealcoy.es\\\/es\\\/#\\\/schema\\\/person\\\/e777c87fa024e57d40170af9df39882c\"},\"headline\":\"Juan Serrano deixa de ser el President de l&#8217;Alcoyano\",\"datePublished\":\"2020-09-16T14:53:55+00:00\",\"dateModified\":\"2020-09-16T15:10:34+00:00\",\"mainEntityOfPage\":{\"@id\":\"https:\\\/\\\/www.copealcoy.es\\\/es\\\/juan-serrano-deixa-de-ser-el-president-de-lalcoyano\\\/\"},\"wordCount\":177,\"commentCount\":0,\"image\":{\"@id\":\"https:\\\/\\\/www.copealcoy.es\\\/es\\\/juan-serrano-deixa-de-ser-el-president-de-lalcoyano\\\/#primaryimage\"},\"thumbnailUrl\":\"https:\\\/\\\/www.copealcoy.es\\\/wp-content\\\/uploads\\\/2020\\\/09\\\/Juan-Serrano-Presidente-Alcoyano.jpg\",\"keywords\":[\"Alcoi\",\"Alcoiano\",\"Juan Serrano\",\"President\",\"renuncia\"],\"articleSection\":[\"Alcoy\",\"Deportes\",\"Noticias\"],\"inLanguage\":\"es\"},{\"@type\":\"WebPage\",\"@id\":\"https:\\\/\\\/www.copealcoy.es\\\/es\\\/juan-serrano-deixa-de-ser-el-president-de-lalcoyano\\\/\",\"url\":\"https:\\\/\\\/www.copealcoy.es\\\/es\\\/juan-serrano-deixa-de-ser-el-president-de-lalcoyano\\\/\",\"name\":\"Juan Serrano deixa de ser el President de l'Alcoyano - COPE Alcoy\",\"isPartOf\":{\"@id\":\"https:\\\/\\\/www.copealcoy.es\\\/es\\\/#website\"},\"primaryImageOfPage\":{\"@id\":\"https:\\\/\\\/www.copealcoy.es\\\/es\\\/juan-serrano-deixa-de-ser-el-president-de-lalcoyano\\\/#primaryimage\"},\"image\":{\"@id\":\"https:\\\/\\\/www.copealcoy.es\\\/es\\\/juan-serrano-deixa-de-ser-el-president-de-lalcoyano\\\/#primaryimage\"},\"thumbnailUrl\":\"https:\\\/\\\/www.copealcoy.es\\\/wp-content\\\/uploads\\\/2020\\\/09\\\/Juan-Serrano-Presidente-Alcoyano.jpg\",\"datePublished\":\"2020-09-16T14:53:55+00:00\",\"dateModified\":\"2020-09-16T15:10:34+00:00\",\"author\":{\"@id\":\"https:\\\/\\\/www.copealcoy.es\\\/es\\\/#\\\/schema\\\/person\\\/e777c87fa024e57d40170af9df39882c\"},\"breadcrumb\":{\"@id\":\"https:\\\/\\\/www.copealcoy.es\\\/es\\\/juan-serrano-deixa-de-ser-el-president-de-lalcoyano\\\/#breadcrumb\"},\"inLanguage\":\"es\",\"potentialAction\":[{\"@type\":\"ReadAction\",\"target\":[\"https:\\\/\\\/www.copealcoy.es\\\/es\\\/juan-serrano-deixa-de-ser-el-president-de-lalcoyano\\\/\"]}]},{\"@type\":\"ImageObject\",\"inLanguage\":\"es\",\"@id\":\"https:\\\/\\\/www.copealcoy.es\\\/es\\\/juan-serrano-deixa-de-ser-el-president-de-lalcoyano\\\/#primaryimage\",\"url\":\"https:\\\/\\\/www.copealcoy.es\\\/wp-content\\\/uploads\\\/2020\\\/09\\\/Juan-Serrano-Presidente-Alcoyano.jpg\",\"contentUrl\":\"https:\\\/\\\/www.copealcoy.es\\\/wp-content\\\/uploads\\\/2020\\\/09\\\/Juan-Serrano-Presidente-Alcoyano.jpg\",\"width\":850,\"height\":493},{\"@type\":\"BreadcrumbList\",\"@id\":\"https:\\\/\\\/www.copealcoy.es\\\/es\\\/juan-serrano-deixa-de-ser-el-president-de-lalcoyano\\\/#breadcrumb\",\"itemListElement\":[{\"@type\":\"ListItem\",\"position\":1,\"name\":\"Portada\",\"item\":\"https:\\\/\\\/www.copealcoy.es\\\/es\\\/\"},{\"@type\":\"ListItem\",\"position\":2,\"name\":\"Juan Serrano deixa de ser el President de l&#8217;Alcoyano\"}]},{\"@type\":\"WebSite\",\"@id\":\"https:\\\/\\\/www.copealcoy.es\\\/es\\\/#website\",\"url\":\"https:\\\/\\\/www.copealcoy.es\\\/es\\\/\",\"name\":\"COPE Alcoy\",\"description\":\"Emisora COPE de radio local con emisi\u00f3n online. Pont de Sant Jordi 8-10 03803 Alcoy\",\"potentialAction\":[{\"@type\":\"SearchAction\",\"target\":{\"@type\":\"EntryPoint\",\"urlTemplate\":\"https:\\\/\\\/www.copealcoy.es\\\/es\\\/?s={search_term_string}\"},\"query-input\":{\"@type\":\"PropertyValueSpecification\",\"valueRequired\":true,\"valueName\":\"search_term_string\"}}],\"inLanguage\":\"es\"},{\"@type\":\"Person\",\"@id\":\"https:\\\/\\\/www.copealcoy.es\\\/es\\\/#\\\/schema\\\/person\\\/e777c87fa024e57d40170af9df39882c\",\"name\":\"Cope Alcoy\",\"image\":{\"@type\":\"ImageObject\",\"inLanguage\":\"es\",\"@id\":\"https:\\\/\\\/secure.gravatar.com\\\/avatar\\\/bb65d0283347e303893ba14f0692005417c1e0e690a325a4c5d8bb2b3943ee14?s=96&d=mm&r=g\",\"url\":\"https:\\\/\\\/secure.gravatar.com\\\/avatar\\\/bb65d0283347e303893ba14f0692005417c1e0e690a325a4c5d8bb2b3943ee14?s=96&d=mm&r=g\",\"contentUrl\":\"https:\\\/\\\/secure.gravatar.com\\\/avatar\\\/bb65d0283347e303893ba14f0692005417c1e0e690a325a4c5d8bb2b3943ee14?s=96&d=mm&r=g\",\"caption\":\"Cope Alcoy\"}}]}<\/script>\n<!-- \/ Yoast SEO plugin. -->","yoast_head_json":{"title":"Juan Serrano deixa de ser el President de l'Alcoyano - COPE Alcoy","robots":{"index":"index","follow":"follow","max-snippet":"max-snippet:-1","max-image-preview":"max-image-preview:large","max-video-preview":"max-video-preview:-1"},"canonical":"https:\/\/www.copealcoy.es\/es\/juan-serrano-deixa-de-ser-el-president-de-lalcoyano\/","og_locale":"es_ES","og_type":"article","og_title":"Juan Serrano deixa de ser el President de l'Alcoyano - COPE Alcoy","og_description":"El Club Deportivo Alcoyano ha informat que el seu Consell d&#8217;Administraci\u00f3 ha rebut la ren\u00fancia irrevocable de Juan Serrano com...","og_url":"https:\/\/www.copealcoy.es\/es\/juan-serrano-deixa-de-ser-el-president-de-lalcoyano\/","og_site_name":"COPE Alcoy","article_published_time":"2020-09-16T14:53:55+00:00","article_modified_time":"2020-09-16T15:10:34+00:00","og_image":[{"width":850,"height":493,"url":"https:\/\/www.copealcoy.es\/wp-content\/uploads\/2020\/09\/Juan-Serrano-Presidente-Alcoyano.jpg","type":"image\/jpeg"}],"author":"Cope Alcoy","twitter_misc":{"Escrito por":"Cope Alcoy","Tiempo de lectura":"1 minuto"},"schema":{"@context":"https:\/\/schema.org","@graph":[{"@type":"Article","@id":"https:\/\/www.copealcoy.es\/es\/juan-serrano-deixa-de-ser-el-president-de-lalcoyano\/#article","isPartOf":{"@id":"https:\/\/www.copealcoy.es\/es\/juan-serrano-deixa-de-ser-el-president-de-lalcoyano\/"},"author":{"name":"Cope Alcoy","@id":"https:\/\/www.copealcoy.es\/es\/#\/schema\/person\/e777c87fa024e57d40170af9df39882c"},"headline":"Juan Serrano deixa de ser el President de l&#8217;Alcoyano","datePublished":"2020-09-16T14:53:55+00:00","dateModified":"2020-09-16T15:10:34+00:00","mainEntityOfPage":{"@id":"https:\/\/www.copealcoy.es\/es\/juan-serrano-deixa-de-ser-el-president-de-lalcoyano\/"},"wordCount":177,"commentCount":0,"image":{"@id":"https:\/\/www.copealcoy.es\/es\/juan-serrano-deixa-de-ser-el-president-de-lalcoyano\/#primaryimage"},"thumbnailUrl":"https:\/\/www.copealcoy.es\/wp-content\/uploads\/2020\/09\/Juan-Serrano-Presidente-Alcoyano.jpg","keywords":["Alcoi","Alcoiano","Juan Serrano","President","renuncia"],"articleSection":["Alcoy","Deportes","Noticias"],"inLanguage":"es"},{"@type":"WebPage","@id":"https:\/\/www.copealcoy.es\/es\/juan-serrano-deixa-de-ser-el-president-de-lalcoyano\/","url":"https:\/\/www.copealcoy.es\/es\/juan-serrano-deixa-de-ser-el-president-de-lalcoyano\/","name":"Juan Serrano deixa de ser el President de l'Alcoyano - COPE Alcoy","isPartOf":{"@id":"https:\/\/www.copealcoy.es\/es\/#website"},"primaryImageOfPage":{"@id":"https:\/\/www.copealcoy.es\/es\/juan-serrano-deixa-de-ser-el-president-de-lalcoyano\/#primaryimage"},"image":{"@id":"https:\/\/www.copealcoy.es\/es\/juan-serrano-deixa-de-ser-el-president-de-lalcoyano\/#primaryimage"},"thumbnailUrl":"https:\/\/www.copealcoy.es\/wp-content\/uploads\/2020\/09\/Juan-Serrano-Presidente-Alcoyano.jpg","datePublished":"2020-09-16T14:53:55+00:00","dateModified":"2020-09-16T15:10:34+00:00","author":{"@id":"https:\/\/www.copealcoy.es\/es\/#\/schema\/person\/e777c87fa024e57d40170af9df39882c"},"breadcrumb":{"@id":"https:\/\/www.copealcoy.es\/es\/juan-serrano-deixa-de-ser-el-president-de-lalcoyano\/#breadcrumb"},"inLanguage":"es","potentialAction":[{"@type":"ReadAction","target":["https:\/\/www.copealcoy.es\/es\/juan-serrano-deixa-de-ser-el-president-de-lalcoyano\/"]}]},{"@type":"ImageObject","inLanguage":"es","@id":"https:\/\/www.copealcoy.es\/es\/juan-serrano-deixa-de-ser-el-president-de-lalcoyano\/#primaryimage","url":"https:\/\/www.copealcoy.es\/wp-content\/uploads\/2020\/09\/Juan-Serrano-Presidente-Alcoyano.jpg","contentUrl":"https:\/\/www.copealcoy.es\/wp-content\/uploads\/2020\/09\/Juan-Serrano-Presidente-Alcoyano.jpg","width":850,"height":493},{"@type":"BreadcrumbList","@id":"https:\/\/www.copealcoy.es\/es\/juan-serrano-deixa-de-ser-el-president-de-lalcoyano\/#breadcrumb","itemListElement":[{"@type":"ListItem","position":1,"name":"Portada","item":"https:\/\/www.copealcoy.es\/es\/"},{"@type":"ListItem","position":2,"name":"Juan Serrano deixa de ser el President de l&#8217;Alcoyano"}]},{"@type":"WebSite","@id":"https:\/\/www.copealcoy.es\/es\/#website","url":"https:\/\/www.copealcoy.es\/es\/","name":"COPE Alcoy","description":"Emisora COPE de radio local con emisi\u00f3n online. Pont de Sant Jordi 8-10 03803 Alcoy","potentialAction":[{"@type":"SearchAction","target":{"@type":"EntryPoint","urlTemplate":"https:\/\/www.copealcoy.es\/es\/?s={search_term_string}"},"query-input":{"@type":"PropertyValueSpecification","valueRequired":true,"valueName":"search_term_string"}}],"inLanguage":"es"},{"@type":"Person","@id":"https:\/\/www.copealcoy.es\/es\/#\/schema\/person\/e777c87fa024e57d40170af9df39882c","name":"Cope Alcoy","image":{"@type":"ImageObject","inLanguage":"es","@id":"https:\/\/secure.gravatar.com\/avatar\/bb65d0283347e303893ba14f0692005417c1e0e690a325a4c5d8bb2b3943ee14?s=96&d=mm&r=g","url":"https:\/\/secure.gravatar.com\/avatar\/bb65d0283347e303893ba14f0692005417c1e0e690a325a4c5d8bb2b3943ee14?s=96&d=mm&r=g","contentUrl":"https:\/\/secure.gravatar.com\/avatar\/bb65d0283347e303893ba14f0692005417c1e0e690a325a4c5d8bb2b3943ee14?s=96&d=mm&r=g","caption":"Cope Alcoy"}}]}},"_links":{"self":[{"href":"https:\/\/www.copealcoy.es\/es\/wp-json\/wp\/v2\/posts\/65542","targetHints":{"allow":["GET"]}}],"collection":[{"href":"https:\/\/www.copealcoy.es\/es\/wp-json\/wp\/v2\/posts"}],"about":[{"href":"https:\/\/www.copealcoy.es\/es\/wp-json\/wp\/v2\/types\/post"}],"author":[{"embeddable":true,"href":"https:\/\/www.copealcoy.es\/es\/wp-json\/wp\/v2\/users\/1"}],"replies":[{"embeddable":true,"href":"https:\/\/www.copealcoy.es\/es\/wp-json\/wp\/v2\/comments?post=65542"}],"version-history":[{"count":0,"href":"https:\/\/www.copealcoy.es\/es\/wp-json\/wp\/v2\/posts\/65542\/revisions"}],"wp:featuredmedia":[{"embeddable":true,"href":"https:\/\/www.copealcoy.es\/es\/wp-json\/wp\/v2\/media\/65420"}],"wp:attachment":[{"href":"https:\/\/www.copealcoy.es\/es\/wp-json\/wp\/v2\/media?parent=65542"}],"wp:term":[{"taxonomy":"category","embeddable":true,"href":"https:\/\/www.copealcoy.es\/es\/wp-json\/wp\/v2\/categories?post=65542"},{"taxonomy":"post_tag","embeddable":true,"href":"https:\/\/www.copealcoy.es\/es\/wp-json\/wp\/v2\/tags?post=65542"}],"curies":[{"name":"wp","href":"https:\/\/api.w.org\/{rel}","templated":true}]}}