{"id":65419,"date":"2020-09-14T07:10:01","date_gmt":"2020-09-14T07:10:01","guid":{"rendered":"https:\/\/www.copealcoy.es\/?p=65419"},"modified":"2020-09-14T07:43:45","modified_gmt":"2020-09-14T07:43:45","slug":"juan-serrano-deixara-de-ser-president-de-lalcoyano","status":"publish","type":"post","link":"https:\/\/www.copealcoy.es\/es\/juan-serrano-deixara-de-ser-president-de-lalcoyano\/","title":{"rendered":"Juan Serrano deixar\u00e0 de ser President de l&#8217;Alcoyano"},"content":{"rendered":"<p style=\"text-align: justify;\"><strong><span class=\"hiddenSpellError\">Juan<\/span>\u00a0Serrano<\/strong> est\u00e0 a punt de deixar de ser <strong>President del Club\u00a0<span class=\"hiddenSpellError\">Deportivo<\/span>\u00a0<span class=\"hiddenSpellError\">Alcoiano<\/span><\/strong>\u00a0despr\u00e9s de <strong>m\u00e9s d&#8217;una d\u00e8cada<\/strong> al capdavant de l&#8217;entitat esportiva. El portal digital de not\u00edcies\u00a0<span class=\"hiddenSpellError\">AraMultim\u00e8dia<\/span>\u00a0<strong>avan\u00e7ava fa uns dies que aquest dilluns podria produir-se la ren\u00fancia al c\u00e0rrec de Serrano<\/strong>, un fet que quedaria materialitzat davant notari. En les \u00faltimes setmanes<strong> han sonat molts noms propis<\/strong> per a presidir la instituci\u00f3 <span class=\"hiddenSpellError\">alcoianista<\/span>\u00a0i el que t\u00e9 m\u00e9s for\u00e7a ara mateixa \u00e9s el de <strong>Toni Just\u00edcia<\/strong>, professional alcoi\u00e0 de les comunicacions i Primer\u00a0<span class=\"hiddenGrammarError\" style=\"padding-bottom: 2px; background-image: url('..\/..\/..\/..\/..\/images\/squiggle.png'); background-repeat: repeat-x; background-position: left bottom; vertical-align: text-top; cursor: default; color: #000000; font-family: Verdana, Arial, Helvetica, sans-serif; font-size: 12px; font-style: normal; font-variant-ligatures: normal; font-variant-caps: normal; font-weight: 400; letter-spacing: normal; orphans: 2; text-align: start; text-indent: 0px; text-transform: none; white-space: normal; widows: 2; word-spacing: 0px; -webkit-text-stroke-width: 0px; background-color: #f7f7f7; text-decoration-style: initial; text-decoration-color: initial;\">Tro<\/span>\u00a0dels Andalusos.<\/p>\n<p style=\"text-align: justify;\">Recordar que durant l&#8217;etapa de\u00a0<span class=\"hiddenSpellError\">Juan<\/span>\u00a0Serrano com a President de l&#8217;<span class=\"hiddenSpellError\">Alcoyano<\/span>\u00a0<strong>es van produir importants gestes com el m\u00edtic ascens a\u00a02a B en 2011<\/strong>, una categoria de la qual<strong> va descendir el Club la temporada passada<\/strong> i a la que <strong>ha tornat per a la campanya 2020\/2021<\/strong> despr\u00e9s d&#8217;una gran temporada i moltes vicissituds derivades de la crisi del Coronavirus.<\/p>\n","protected":false},"excerpt":{"rendered":"<p>Juan\u00a0Serrano est\u00e0 a punt de deixar de ser President del Club\u00a0Deportivo\u00a0Alcoiano\u00a0despr\u00e9s de m\u00e9s d&#8217;una d\u00e8cada al capdavant de l&#8217;entitat esportiva&#8230;.<\/p>\n","protected":false},"author":1,"featured_media":65420,"comment_status":"open","ping_status":"open","sticky":false,"template":"","format":"standard","meta":{"footnotes":""},"categories":[92,75],"tags":[160,9637,2110,1479],"class_list":["post-65419","post","type-post","status-publish","format-standard","has-post-thumbnail","hentry","category-deportes","category-noticias","tag-alcoi","tag-alcoiano","tag-juan-serrano","tag-president"],"yoast_head":"<!-- This site is optimized with the Yoast SEO plugin v27.3 - https:\/\/yoast.com\/product\/yoast-seo-wordpress\/ -->\n<title>Juan Serrano deixar\u00e0 de ser President de l&#039;Alcoyano - COPE Alcoy<\/title>\n<meta name=\"robots\" content=\"index, follow, max-snippet:-1, max-image-preview:large, max-video-preview:-1\" \/>\n<link rel=\"canonical\" href=\"https:\/\/www.copealcoy.es\/es\/juan-serrano-deixara-de-ser-president-de-lalcoyano\/\" \/>\n<meta property=\"og:locale\" content=\"es_ES\" \/>\n<meta property=\"og:type\" content=\"article\" \/>\n<meta property=\"og:title\" content=\"Juan Serrano deixar\u00e0 de ser President de l&#039;Alcoyano - COPE Alcoy\" \/>\n<meta property=\"og:description\" content=\"Juan\u00a0Serrano est\u00e0 a punt de deixar de ser President del Club\u00a0Deportivo\u00a0Alcoiano\u00a0despr\u00e9s de m\u00e9s d&#8217;una d\u00e8cada al capdavant de l&#8217;entitat esportiva....\" \/>\n<meta property=\"og:url\" content=\"https:\/\/www.copealcoy.es\/es\/juan-serrano-deixara-de-ser-president-de-lalcoyano\/\" \/>\n<meta property=\"og:site_name\" content=\"COPE Alcoy\" \/>\n<meta property=\"article:published_time\" content=\"2020-09-14T07:10:01+00:00\" \/>\n<meta property=\"article:modified_time\" content=\"2020-09-14T07:43:45+00:00\" \/>\n<meta property=\"og:image\" content=\"https:\/\/www.copealcoy.es\/wp-content\/uploads\/2020\/09\/Juan-Serrano-Presidente-Alcoyano.jpg\" \/>\n\t<meta property=\"og:image:width\" content=\"850\" \/>\n\t<meta property=\"og:image:height\" content=\"493\" \/>\n\t<meta property=\"og:image:type\" content=\"image\/jpeg\" \/>\n<meta name=\"author\" content=\"Cope Alcoy\" \/>\n<meta name=\"twitter:label1\" content=\"Escrito por\" \/>\n\t<meta name=\"twitter:data1\" content=\"Cope Alcoy\" \/>\n\t<meta name=\"twitter:label2\" content=\"Tiempo de lectura\" \/>\n\t<meta name=\"twitter:data2\" content=\"1 minuto\" \/>\n<script type=\"application\/ld+json\" class=\"yoast-schema-graph\">{\"@context\":\"https:\\\/\\\/schema.org\",\"@graph\":[{\"@type\":\"Article\",\"@id\":\"https:\\\/\\\/www.copealcoy.es\\\/es\\\/juan-serrano-deixara-de-ser-president-de-lalcoyano\\\/#article\",\"isPartOf\":{\"@id\":\"https:\\\/\\\/www.copealcoy.es\\\/es\\\/juan-serrano-deixara-de-ser-president-de-lalcoyano\\\/\"},\"author\":{\"name\":\"Cope Alcoy\",\"@id\":\"https:\\\/\\\/www.copealcoy.es\\\/es\\\/#\\\/schema\\\/person\\\/e777c87fa024e57d40170af9df39882c\"},\"headline\":\"Juan Serrano deixar\u00e0 de ser President de l&#8217;Alcoyano\",\"datePublished\":\"2020-09-14T07:10:01+00:00\",\"dateModified\":\"2020-09-14T07:43:45+00:00\",\"mainEntityOfPage\":{\"@id\":\"https:\\\/\\\/www.copealcoy.es\\\/es\\\/juan-serrano-deixara-de-ser-president-de-lalcoyano\\\/\"},\"wordCount\":177,\"commentCount\":0,\"image\":{\"@id\":\"https:\\\/\\\/www.copealcoy.es\\\/es\\\/juan-serrano-deixara-de-ser-president-de-lalcoyano\\\/#primaryimage\"},\"thumbnailUrl\":\"https:\\\/\\\/www.copealcoy.es\\\/wp-content\\\/uploads\\\/2020\\\/09\\\/Juan-Serrano-Presidente-Alcoyano.jpg\",\"keywords\":[\"Alcoi\",\"Alcoiano\",\"Juan Serrano\",\"President\"],\"articleSection\":[\"Deportes\",\"Noticias\"],\"inLanguage\":\"es\"},{\"@type\":\"WebPage\",\"@id\":\"https:\\\/\\\/www.copealcoy.es\\\/es\\\/juan-serrano-deixara-de-ser-president-de-lalcoyano\\\/\",\"url\":\"https:\\\/\\\/www.copealcoy.es\\\/es\\\/juan-serrano-deixara-de-ser-president-de-lalcoyano\\\/\",\"name\":\"Juan Serrano deixar\u00e0 de ser President de l'Alcoyano - COPE Alcoy\",\"isPartOf\":{\"@id\":\"https:\\\/\\\/www.copealcoy.es\\\/es\\\/#website\"},\"primaryImageOfPage\":{\"@id\":\"https:\\\/\\\/www.copealcoy.es\\\/es\\\/juan-serrano-deixara-de-ser-president-de-lalcoyano\\\/#primaryimage\"},\"image\":{\"@id\":\"https:\\\/\\\/www.copealcoy.es\\\/es\\\/juan-serrano-deixara-de-ser-president-de-lalcoyano\\\/#primaryimage\"},\"thumbnailUrl\":\"https:\\\/\\\/www.copealcoy.es\\\/wp-content\\\/uploads\\\/2020\\\/09\\\/Juan-Serrano-Presidente-Alcoyano.jpg\",\"datePublished\":\"2020-09-14T07:10:01+00:00\",\"dateModified\":\"2020-09-14T07:43:45+00:00\",\"author\":{\"@id\":\"https:\\\/\\\/www.copealcoy.es\\\/es\\\/#\\\/schema\\\/person\\\/e777c87fa024e57d40170af9df39882c\"},\"breadcrumb\":{\"@id\":\"https:\\\/\\\/www.copealcoy.es\\\/es\\\/juan-serrano-deixara-de-ser-president-de-lalcoyano\\\/#breadcrumb\"},\"inLanguage\":\"es\",\"potentialAction\":[{\"@type\":\"ReadAction\",\"target\":[\"https:\\\/\\\/www.copealcoy.es\\\/es\\\/juan-serrano-deixara-de-ser-president-de-lalcoyano\\\/\"]}]},{\"@type\":\"ImageObject\",\"inLanguage\":\"es\",\"@id\":\"https:\\\/\\\/www.copealcoy.es\\\/es\\\/juan-serrano-deixara-de-ser-president-de-lalcoyano\\\/#primaryimage\",\"url\":\"https:\\\/\\\/www.copealcoy.es\\\/wp-content\\\/uploads\\\/2020\\\/09\\\/Juan-Serrano-Presidente-Alcoyano.jpg\",\"contentUrl\":\"https:\\\/\\\/www.copealcoy.es\\\/wp-content\\\/uploads\\\/2020\\\/09\\\/Juan-Serrano-Presidente-Alcoyano.jpg\",\"width\":850,\"height\":493},{\"@type\":\"BreadcrumbList\",\"@id\":\"https:\\\/\\\/www.copealcoy.es\\\/es\\\/juan-serrano-deixara-de-ser-president-de-lalcoyano\\\/#breadcrumb\",\"itemListElement\":[{\"@type\":\"ListItem\",\"position\":1,\"name\":\"Portada\",\"item\":\"https:\\\/\\\/www.copealcoy.es\\\/es\\\/\"},{\"@type\":\"ListItem\",\"position\":2,\"name\":\"Juan Serrano deixar\u00e0 de ser President de l&#8217;Alcoyano\"}]},{\"@type\":\"WebSite\",\"@id\":\"https:\\\/\\\/www.copealcoy.es\\\/es\\\/#website\",\"url\":\"https:\\\/\\\/www.copealcoy.es\\\/es\\\/\",\"name\":\"COPE Alcoy\",\"description\":\"Emisora COPE de radio local con emisi\u00f3n online. Pont de Sant Jordi 8-10 03803 Alcoy\",\"potentialAction\":[{\"@type\":\"SearchAction\",\"target\":{\"@type\":\"EntryPoint\",\"urlTemplate\":\"https:\\\/\\\/www.copealcoy.es\\\/es\\\/?s={search_term_string}\"},\"query-input\":{\"@type\":\"PropertyValueSpecification\",\"valueRequired\":true,\"valueName\":\"search_term_string\"}}],\"inLanguage\":\"es\"},{\"@type\":\"Person\",\"@id\":\"https:\\\/\\\/www.copealcoy.es\\\/es\\\/#\\\/schema\\\/person\\\/e777c87fa024e57d40170af9df39882c\",\"name\":\"Cope Alcoy\",\"image\":{\"@type\":\"ImageObject\",\"inLanguage\":\"es\",\"@id\":\"https:\\\/\\\/secure.gravatar.com\\\/avatar\\\/bb65d0283347e303893ba14f0692005417c1e0e690a325a4c5d8bb2b3943ee14?s=96&d=mm&r=g\",\"url\":\"https:\\\/\\\/secure.gravatar.com\\\/avatar\\\/bb65d0283347e303893ba14f0692005417c1e0e690a325a4c5d8bb2b3943ee14?s=96&d=mm&r=g\",\"contentUrl\":\"https:\\\/\\\/secure.gravatar.com\\\/avatar\\\/bb65d0283347e303893ba14f0692005417c1e0e690a325a4c5d8bb2b3943ee14?s=96&d=mm&r=g\",\"caption\":\"Cope Alcoy\"}}]}<\/script>\n<!-- \/ Yoast SEO plugin. -->","yoast_head_json":{"title":"Juan Serrano deixar\u00e0 de ser President de l'Alcoyano - COPE Alcoy","robots":{"index":"index","follow":"follow","max-snippet":"max-snippet:-1","max-image-preview":"max-image-preview:large","max-video-preview":"max-video-preview:-1"},"canonical":"https:\/\/www.copealcoy.es\/es\/juan-serrano-deixara-de-ser-president-de-lalcoyano\/","og_locale":"es_ES","og_type":"article","og_title":"Juan Serrano deixar\u00e0 de ser President de l'Alcoyano - COPE Alcoy","og_description":"Juan\u00a0Serrano est\u00e0 a punt de deixar de ser President del Club\u00a0Deportivo\u00a0Alcoiano\u00a0despr\u00e9s de m\u00e9s d&#8217;una d\u00e8cada al capdavant de l&#8217;entitat esportiva....","og_url":"https:\/\/www.copealcoy.es\/es\/juan-serrano-deixara-de-ser-president-de-lalcoyano\/","og_site_name":"COPE Alcoy","article_published_time":"2020-09-14T07:10:01+00:00","article_modified_time":"2020-09-14T07:43:45+00:00","og_image":[{"width":850,"height":493,"url":"https:\/\/www.copealcoy.es\/wp-content\/uploads\/2020\/09\/Juan-Serrano-Presidente-Alcoyano.jpg","type":"image\/jpeg"}],"author":"Cope Alcoy","twitter_misc":{"Escrito por":"Cope Alcoy","Tiempo de lectura":"1 minuto"},"schema":{"@context":"https:\/\/schema.org","@graph":[{"@type":"Article","@id":"https:\/\/www.copealcoy.es\/es\/juan-serrano-deixara-de-ser-president-de-lalcoyano\/#article","isPartOf":{"@id":"https:\/\/www.copealcoy.es\/es\/juan-serrano-deixara-de-ser-president-de-lalcoyano\/"},"author":{"name":"Cope Alcoy","@id":"https:\/\/www.copealcoy.es\/es\/#\/schema\/person\/e777c87fa024e57d40170af9df39882c"},"headline":"Juan Serrano deixar\u00e0 de ser President de l&#8217;Alcoyano","datePublished":"2020-09-14T07:10:01+00:00","dateModified":"2020-09-14T07:43:45+00:00","mainEntityOfPage":{"@id":"https:\/\/www.copealcoy.es\/es\/juan-serrano-deixara-de-ser-president-de-lalcoyano\/"},"wordCount":177,"commentCount":0,"image":{"@id":"https:\/\/www.copealcoy.es\/es\/juan-serrano-deixara-de-ser-president-de-lalcoyano\/#primaryimage"},"thumbnailUrl":"https:\/\/www.copealcoy.es\/wp-content\/uploads\/2020\/09\/Juan-Serrano-Presidente-Alcoyano.jpg","keywords":["Alcoi","Alcoiano","Juan Serrano","President"],"articleSection":["Deportes","Noticias"],"inLanguage":"es"},{"@type":"WebPage","@id":"https:\/\/www.copealcoy.es\/es\/juan-serrano-deixara-de-ser-president-de-lalcoyano\/","url":"https:\/\/www.copealcoy.es\/es\/juan-serrano-deixara-de-ser-president-de-lalcoyano\/","name":"Juan Serrano deixar\u00e0 de ser President de l'Alcoyano - COPE Alcoy","isPartOf":{"@id":"https:\/\/www.copealcoy.es\/es\/#website"},"primaryImageOfPage":{"@id":"https:\/\/www.copealcoy.es\/es\/juan-serrano-deixara-de-ser-president-de-lalcoyano\/#primaryimage"},"image":{"@id":"https:\/\/www.copealcoy.es\/es\/juan-serrano-deixara-de-ser-president-de-lalcoyano\/#primaryimage"},"thumbnailUrl":"https:\/\/www.copealcoy.es\/wp-content\/uploads\/2020\/09\/Juan-Serrano-Presidente-Alcoyano.jpg","datePublished":"2020-09-14T07:10:01+00:00","dateModified":"2020-09-14T07:43:45+00:00","author":{"@id":"https:\/\/www.copealcoy.es\/es\/#\/schema\/person\/e777c87fa024e57d40170af9df39882c"},"breadcrumb":{"@id":"https:\/\/www.copealcoy.es\/es\/juan-serrano-deixara-de-ser-president-de-lalcoyano\/#breadcrumb"},"inLanguage":"es","potentialAction":[{"@type":"ReadAction","target":["https:\/\/www.copealcoy.es\/es\/juan-serrano-deixara-de-ser-president-de-lalcoyano\/"]}]},{"@type":"ImageObject","inLanguage":"es","@id":"https:\/\/www.copealcoy.es\/es\/juan-serrano-deixara-de-ser-president-de-lalcoyano\/#primaryimage","url":"https:\/\/www.copealcoy.es\/wp-content\/uploads\/2020\/09\/Juan-Serrano-Presidente-Alcoyano.jpg","contentUrl":"https:\/\/www.copealcoy.es\/wp-content\/uploads\/2020\/09\/Juan-Serrano-Presidente-Alcoyano.jpg","width":850,"height":493},{"@type":"BreadcrumbList","@id":"https:\/\/www.copealcoy.es\/es\/juan-serrano-deixara-de-ser-president-de-lalcoyano\/#breadcrumb","itemListElement":[{"@type":"ListItem","position":1,"name":"Portada","item":"https:\/\/www.copealcoy.es\/es\/"},{"@type":"ListItem","position":2,"name":"Juan Serrano deixar\u00e0 de ser President de l&#8217;Alcoyano"}]},{"@type":"WebSite","@id":"https:\/\/www.copealcoy.es\/es\/#website","url":"https:\/\/www.copealcoy.es\/es\/","name":"COPE Alcoy","description":"Emisora COPE de radio local con emisi\u00f3n online. Pont de Sant Jordi 8-10 03803 Alcoy","potentialAction":[{"@type":"SearchAction","target":{"@type":"EntryPoint","urlTemplate":"https:\/\/www.copealcoy.es\/es\/?s={search_term_string}"},"query-input":{"@type":"PropertyValueSpecification","valueRequired":true,"valueName":"search_term_string"}}],"inLanguage":"es"},{"@type":"Person","@id":"https:\/\/www.copealcoy.es\/es\/#\/schema\/person\/e777c87fa024e57d40170af9df39882c","name":"Cope Alcoy","image":{"@type":"ImageObject","inLanguage":"es","@id":"https:\/\/secure.gravatar.com\/avatar\/bb65d0283347e303893ba14f0692005417c1e0e690a325a4c5d8bb2b3943ee14?s=96&d=mm&r=g","url":"https:\/\/secure.gravatar.com\/avatar\/bb65d0283347e303893ba14f0692005417c1e0e690a325a4c5d8bb2b3943ee14?s=96&d=mm&r=g","contentUrl":"https:\/\/secure.gravatar.com\/avatar\/bb65d0283347e303893ba14f0692005417c1e0e690a325a4c5d8bb2b3943ee14?s=96&d=mm&r=g","caption":"Cope Alcoy"}}]}},"_links":{"self":[{"href":"https:\/\/www.copealcoy.es\/es\/wp-json\/wp\/v2\/posts\/65419","targetHints":{"allow":["GET"]}}],"collection":[{"href":"https:\/\/www.copealcoy.es\/es\/wp-json\/wp\/v2\/posts"}],"about":[{"href":"https:\/\/www.copealcoy.es\/es\/wp-json\/wp\/v2\/types\/post"}],"author":[{"embeddable":true,"href":"https:\/\/www.copealcoy.es\/es\/wp-json\/wp\/v2\/users\/1"}],"replies":[{"embeddable":true,"href":"https:\/\/www.copealcoy.es\/es\/wp-json\/wp\/v2\/comments?post=65419"}],"version-history":[{"count":0,"href":"https:\/\/www.copealcoy.es\/es\/wp-json\/wp\/v2\/posts\/65419\/revisions"}],"wp:featuredmedia":[{"embeddable":true,"href":"https:\/\/www.copealcoy.es\/es\/wp-json\/wp\/v2\/media\/65420"}],"wp:attachment":[{"href":"https:\/\/www.copealcoy.es\/es\/wp-json\/wp\/v2\/media?parent=65419"}],"wp:term":[{"taxonomy":"category","embeddable":true,"href":"https:\/\/www.copealcoy.es\/es\/wp-json\/wp\/v2\/categories?post=65419"},{"taxonomy":"post_tag","embeddable":true,"href":"https:\/\/www.copealcoy.es\/es\/wp-json\/wp\/v2\/tags?post=65419"}],"curies":[{"name":"wp","href":"https:\/\/api.w.org\/{rel}","templated":true}]}}