{"id":65373,"date":"2020-09-11T10:43:48","date_gmt":"2020-09-11T10:43:48","guid":{"rendered":"https:\/\/www.copealcoy.es\/?p=65373"},"modified":"2020-09-11T15:19:37","modified_gmt":"2020-09-11T15:19:37","slug":"benillup-un-dels-pobles-del-comtat-lliures-de-covid-19","status":"publish","type":"post","link":"https:\/\/www.copealcoy.es\/es\/benillup-un-dels-pobles-del-comtat-lliures-de-covid-19\/","title":{"rendered":"Benillup, un dels pobles del Comtat lliures de Covid-19"},"content":{"rendered":"<p style=\"text-align: justify;\">Benillup \u00e9s un dels pobles de la prov\u00edncia d&#8217;Alacant que <strong>fins al moment no ha registrat cap cas positiu per Coronavirus<\/strong> tal com es despr\u00e9n de <strong>les dades aportades per la Conselleria de Sanitat<\/strong> de la Generalitat Valenciana.<\/p>\n<p style=\"text-align: justify;\">L&#8217;alcalde d&#8217;aquesta localitat del Comtat,\u00a0<strong><span class=\"hiddenSpellError\">Javier<\/span>\u00a0Navarro<\/strong>, ha estat en\u00a0<span class=\"hiddenSpellError\">COPE<\/span>\u00a0ALCOI i <strong>hi ha agra\u00eft el comportament que han tingut els ve\u00efns i les ve\u00efnes<\/strong> durant tot aquest temps de pand\u00e8mia. A m\u00e9s recorda que <strong>l&#8217;Ajuntament ha aplicat des de mar\u00e7 moltes mesures per a frenar la propagaci\u00f3 del virus en el municipi<\/strong> &#8220;<em>per exemple vam incrementar la desinfecci\u00f3 en la neteja dels carrers i vam tancar totes les instal\u00b7lacions municipals, entre elles la piscina municipal durant aquest estiu<\/em>&#8220;, ha assegurat. A m\u00e9s Navarro destaca que <strong>la gent de fora que ha anat al poble en estiu va prendre totes les mesures de seguretat<\/strong> &#8220;<em>les persones que viuen a altres pobles de la comarca es van fer les proves PCR nom\u00e9s arribar i tamb\u00e9 van guardar quarantena uns dies per precauci\u00f3 i per a evitar que poguera haver-hi un contagi entre la nostra gent major<\/em>&#8220;, ha afirmat el primer edil.<\/p>\n<p style=\"text-align: justify;\">A totes les mesures posades en marxa pel poble <strong>se sumen la suspensi\u00f3 de les festes patronals i de totes les activitats culturals<\/strong> que estaven previstes per al per\u00edode estival.<\/p>\n<p>Escolta l&#8217;entrevista amb l&#8217;alcalde de Benillup:<\/p>\n<p><iframe loading=\"lazy\" title=\"Poble A Poble 11 De Setembre 2020-Benillup\" width=\"100%\" height=\"120\" src=\"https:\/\/www.mixcloud.com\/widget\/iframe\/?feed=https%3A%2F%2Fwww.mixcloud.com%2FCOPEAlcoy%2Fpoble-a-poble-11-de-setembre-2020-benillup%2F&amp;hide_cover=1\" frameborder=\"0\"><\/iframe><\/p>\n","protected":false},"excerpt":{"rendered":"<p>Benillup \u00e9s un dels pobles de la prov\u00edncia d&#8217;Alacant que fins al moment no ha registrat cap cas positiu per&#8230;<\/p>\n","protected":false},"author":1,"featured_media":54193,"comment_status":"open","ping_status":"open","sticky":false,"template":"","format":"standard","meta":{"footnotes":""},"categories":[98,75,1],"tags":[409,236,237,9872,9871],"class_list":["post-65373","post","type-post","status-publish","format-standard","has-post-thumbnail","hentry","category-comarcas","category-noticias","category-sin-categorizar","tag-benillup","tag-comarca","tag-comtat","tag-lliures-de-covid-19","tag-pobles"],"yoast_head":"<!-- This site is optimized with the Yoast SEO plugin v27.3 - https:\/\/yoast.com\/product\/yoast-seo-wordpress\/ -->\n<title>Benillup, un dels pobles del Comtat lliures de Covid-19 - COPE Alcoy<\/title>\n<meta name=\"robots\" content=\"index, follow, max-snippet:-1, max-image-preview:large, max-video-preview:-1\" \/>\n<link rel=\"canonical\" href=\"https:\/\/www.copealcoy.es\/es\/benillup-un-dels-pobles-del-comtat-lliures-de-covid-19\/\" \/>\n<meta property=\"og:locale\" content=\"es_ES\" \/>\n<meta property=\"og:type\" content=\"article\" \/>\n<meta property=\"og:title\" content=\"Benillup, un dels pobles del Comtat lliures de Covid-19 - COPE Alcoy\" \/>\n<meta property=\"og:description\" content=\"Benillup \u00e9s un dels pobles de la prov\u00edncia d&#8217;Alacant que fins al moment no ha registrat cap cas positiu per...\" \/>\n<meta property=\"og:url\" content=\"https:\/\/www.copealcoy.es\/es\/benillup-un-dels-pobles-del-comtat-lliures-de-covid-19\/\" \/>\n<meta property=\"og:site_name\" content=\"COPE Alcoy\" \/>\n<meta property=\"article:published_time\" content=\"2020-09-11T10:43:48+00:00\" \/>\n<meta property=\"article:modified_time\" content=\"2020-09-11T15:19:37+00:00\" \/>\n<meta property=\"og:image\" content=\"https:\/\/www.copealcoy.es\/wp-content\/uploads\/2019\/08\/Vista_de_Benillup-1-scaled.jpg\" \/>\n\t<meta property=\"og:image:width\" content=\"2560\" \/>\n\t<meta property=\"og:image:height\" content=\"1690\" \/>\n\t<meta property=\"og:image:type\" content=\"image\/jpeg\" \/>\n<meta name=\"author\" content=\"Cope Alcoy\" \/>\n<meta name=\"twitter:label1\" content=\"Escrito por\" \/>\n\t<meta name=\"twitter:data1\" content=\"Cope Alcoy\" \/>\n\t<meta name=\"twitter:label2\" content=\"Tiempo de lectura\" \/>\n\t<meta name=\"twitter:data2\" content=\"1 minuto\" \/>\n<script type=\"application\/ld+json\" class=\"yoast-schema-graph\">{\"@context\":\"https:\\\/\\\/schema.org\",\"@graph\":[{\"@type\":\"Article\",\"@id\":\"https:\\\/\\\/www.copealcoy.es\\\/es\\\/benillup-un-dels-pobles-del-comtat-lliures-de-covid-19\\\/#article\",\"isPartOf\":{\"@id\":\"https:\\\/\\\/www.copealcoy.es\\\/es\\\/benillup-un-dels-pobles-del-comtat-lliures-de-covid-19\\\/\"},\"author\":{\"name\":\"Cope Alcoy\",\"@id\":\"https:\\\/\\\/www.copealcoy.es\\\/es\\\/#\\\/schema\\\/person\\\/e777c87fa024e57d40170af9df39882c\"},\"headline\":\"Benillup, un dels pobles del Comtat lliures de Covid-19\",\"datePublished\":\"2020-09-11T10:43:48+00:00\",\"dateModified\":\"2020-09-11T15:19:37+00:00\",\"mainEntityOfPage\":{\"@id\":\"https:\\\/\\\/www.copealcoy.es\\\/es\\\/benillup-un-dels-pobles-del-comtat-lliures-de-covid-19\\\/\"},\"wordCount\":259,\"commentCount\":0,\"image\":{\"@id\":\"https:\\\/\\\/www.copealcoy.es\\\/es\\\/benillup-un-dels-pobles-del-comtat-lliures-de-covid-19\\\/#primaryimage\"},\"thumbnailUrl\":\"https:\\\/\\\/www.copealcoy.es\\\/wp-content\\\/uploads\\\/2019\\\/08\\\/Vista_de_Benillup-1-scaled.jpg\",\"keywords\":[\"Benillup\",\"Comarca\",\"Comtat\",\"lliures de Covid-19\",\"pobles\"],\"articleSection\":[\"Comarcas\",\"Noticias\",\"Sin categorizar\"],\"inLanguage\":\"es\"},{\"@type\":\"WebPage\",\"@id\":\"https:\\\/\\\/www.copealcoy.es\\\/es\\\/benillup-un-dels-pobles-del-comtat-lliures-de-covid-19\\\/\",\"url\":\"https:\\\/\\\/www.copealcoy.es\\\/es\\\/benillup-un-dels-pobles-del-comtat-lliures-de-covid-19\\\/\",\"name\":\"Benillup, un dels pobles del Comtat lliures de Covid-19 - COPE Alcoy\",\"isPartOf\":{\"@id\":\"https:\\\/\\\/www.copealcoy.es\\\/es\\\/#website\"},\"primaryImageOfPage\":{\"@id\":\"https:\\\/\\\/www.copealcoy.es\\\/es\\\/benillup-un-dels-pobles-del-comtat-lliures-de-covid-19\\\/#primaryimage\"},\"image\":{\"@id\":\"https:\\\/\\\/www.copealcoy.es\\\/es\\\/benillup-un-dels-pobles-del-comtat-lliures-de-covid-19\\\/#primaryimage\"},\"thumbnailUrl\":\"https:\\\/\\\/www.copealcoy.es\\\/wp-content\\\/uploads\\\/2019\\\/08\\\/Vista_de_Benillup-1-scaled.jpg\",\"datePublished\":\"2020-09-11T10:43:48+00:00\",\"dateModified\":\"2020-09-11T15:19:37+00:00\",\"author\":{\"@id\":\"https:\\\/\\\/www.copealcoy.es\\\/es\\\/#\\\/schema\\\/person\\\/e777c87fa024e57d40170af9df39882c\"},\"breadcrumb\":{\"@id\":\"https:\\\/\\\/www.copealcoy.es\\\/es\\\/benillup-un-dels-pobles-del-comtat-lliures-de-covid-19\\\/#breadcrumb\"},\"inLanguage\":\"es\",\"potentialAction\":[{\"@type\":\"ReadAction\",\"target\":[\"https:\\\/\\\/www.copealcoy.es\\\/es\\\/benillup-un-dels-pobles-del-comtat-lliures-de-covid-19\\\/\"]}]},{\"@type\":\"ImageObject\",\"inLanguage\":\"es\",\"@id\":\"https:\\\/\\\/www.copealcoy.es\\\/es\\\/benillup-un-dels-pobles-del-comtat-lliures-de-covid-19\\\/#primaryimage\",\"url\":\"https:\\\/\\\/www.copealcoy.es\\\/wp-content\\\/uploads\\\/2019\\\/08\\\/Vista_de_Benillup-1-scaled.jpg\",\"contentUrl\":\"https:\\\/\\\/www.copealcoy.es\\\/wp-content\\\/uploads\\\/2019\\\/08\\\/Vista_de_Benillup-1-scaled.jpg\",\"width\":2560,\"height\":1690},{\"@type\":\"BreadcrumbList\",\"@id\":\"https:\\\/\\\/www.copealcoy.es\\\/es\\\/benillup-un-dels-pobles-del-comtat-lliures-de-covid-19\\\/#breadcrumb\",\"itemListElement\":[{\"@type\":\"ListItem\",\"position\":1,\"name\":\"Portada\",\"item\":\"https:\\\/\\\/www.copealcoy.es\\\/es\\\/\"},{\"@type\":\"ListItem\",\"position\":2,\"name\":\"Benillup, un dels pobles del Comtat lliures de Covid-19\"}]},{\"@type\":\"WebSite\",\"@id\":\"https:\\\/\\\/www.copealcoy.es\\\/es\\\/#website\",\"url\":\"https:\\\/\\\/www.copealcoy.es\\\/es\\\/\",\"name\":\"COPE Alcoy\",\"description\":\"Emisora COPE de radio local con emisi\u00f3n online. Pont de Sant Jordi 8-10 03803 Alcoy\",\"potentialAction\":[{\"@type\":\"SearchAction\",\"target\":{\"@type\":\"EntryPoint\",\"urlTemplate\":\"https:\\\/\\\/www.copealcoy.es\\\/es\\\/?s={search_term_string}\"},\"query-input\":{\"@type\":\"PropertyValueSpecification\",\"valueRequired\":true,\"valueName\":\"search_term_string\"}}],\"inLanguage\":\"es\"},{\"@type\":\"Person\",\"@id\":\"https:\\\/\\\/www.copealcoy.es\\\/es\\\/#\\\/schema\\\/person\\\/e777c87fa024e57d40170af9df39882c\",\"name\":\"Cope Alcoy\",\"image\":{\"@type\":\"ImageObject\",\"inLanguage\":\"es\",\"@id\":\"https:\\\/\\\/secure.gravatar.com\\\/avatar\\\/bb65d0283347e303893ba14f0692005417c1e0e690a325a4c5d8bb2b3943ee14?s=96&d=mm&r=g\",\"url\":\"https:\\\/\\\/secure.gravatar.com\\\/avatar\\\/bb65d0283347e303893ba14f0692005417c1e0e690a325a4c5d8bb2b3943ee14?s=96&d=mm&r=g\",\"contentUrl\":\"https:\\\/\\\/secure.gravatar.com\\\/avatar\\\/bb65d0283347e303893ba14f0692005417c1e0e690a325a4c5d8bb2b3943ee14?s=96&d=mm&r=g\",\"caption\":\"Cope Alcoy\"}}]}<\/script>\n<!-- \/ Yoast SEO plugin. -->","yoast_head_json":{"title":"Benillup, un dels pobles del Comtat lliures de Covid-19 - COPE Alcoy","robots":{"index":"index","follow":"follow","max-snippet":"max-snippet:-1","max-image-preview":"max-image-preview:large","max-video-preview":"max-video-preview:-1"},"canonical":"https:\/\/www.copealcoy.es\/es\/benillup-un-dels-pobles-del-comtat-lliures-de-covid-19\/","og_locale":"es_ES","og_type":"article","og_title":"Benillup, un dels pobles del Comtat lliures de Covid-19 - COPE Alcoy","og_description":"Benillup \u00e9s un dels pobles de la prov\u00edncia d&#8217;Alacant que fins al moment no ha registrat cap cas positiu per...","og_url":"https:\/\/www.copealcoy.es\/es\/benillup-un-dels-pobles-del-comtat-lliures-de-covid-19\/","og_site_name":"COPE Alcoy","article_published_time":"2020-09-11T10:43:48+00:00","article_modified_time":"2020-09-11T15:19:37+00:00","og_image":[{"width":2560,"height":1690,"url":"https:\/\/www.copealcoy.es\/wp-content\/uploads\/2019\/08\/Vista_de_Benillup-1-scaled.jpg","type":"image\/jpeg"}],"author":"Cope Alcoy","twitter_misc":{"Escrito por":"Cope Alcoy","Tiempo de lectura":"1 minuto"},"schema":{"@context":"https:\/\/schema.org","@graph":[{"@type":"Article","@id":"https:\/\/www.copealcoy.es\/es\/benillup-un-dels-pobles-del-comtat-lliures-de-covid-19\/#article","isPartOf":{"@id":"https:\/\/www.copealcoy.es\/es\/benillup-un-dels-pobles-del-comtat-lliures-de-covid-19\/"},"author":{"name":"Cope Alcoy","@id":"https:\/\/www.copealcoy.es\/es\/#\/schema\/person\/e777c87fa024e57d40170af9df39882c"},"headline":"Benillup, un dels pobles del Comtat lliures de Covid-19","datePublished":"2020-09-11T10:43:48+00:00","dateModified":"2020-09-11T15:19:37+00:00","mainEntityOfPage":{"@id":"https:\/\/www.copealcoy.es\/es\/benillup-un-dels-pobles-del-comtat-lliures-de-covid-19\/"},"wordCount":259,"commentCount":0,"image":{"@id":"https:\/\/www.copealcoy.es\/es\/benillup-un-dels-pobles-del-comtat-lliures-de-covid-19\/#primaryimage"},"thumbnailUrl":"https:\/\/www.copealcoy.es\/wp-content\/uploads\/2019\/08\/Vista_de_Benillup-1-scaled.jpg","keywords":["Benillup","Comarca","Comtat","lliures de Covid-19","pobles"],"articleSection":["Comarcas","Noticias","Sin categorizar"],"inLanguage":"es"},{"@type":"WebPage","@id":"https:\/\/www.copealcoy.es\/es\/benillup-un-dels-pobles-del-comtat-lliures-de-covid-19\/","url":"https:\/\/www.copealcoy.es\/es\/benillup-un-dels-pobles-del-comtat-lliures-de-covid-19\/","name":"Benillup, un dels pobles del Comtat lliures de Covid-19 - COPE Alcoy","isPartOf":{"@id":"https:\/\/www.copealcoy.es\/es\/#website"},"primaryImageOfPage":{"@id":"https:\/\/www.copealcoy.es\/es\/benillup-un-dels-pobles-del-comtat-lliures-de-covid-19\/#primaryimage"},"image":{"@id":"https:\/\/www.copealcoy.es\/es\/benillup-un-dels-pobles-del-comtat-lliures-de-covid-19\/#primaryimage"},"thumbnailUrl":"https:\/\/www.copealcoy.es\/wp-content\/uploads\/2019\/08\/Vista_de_Benillup-1-scaled.jpg","datePublished":"2020-09-11T10:43:48+00:00","dateModified":"2020-09-11T15:19:37+00:00","author":{"@id":"https:\/\/www.copealcoy.es\/es\/#\/schema\/person\/e777c87fa024e57d40170af9df39882c"},"breadcrumb":{"@id":"https:\/\/www.copealcoy.es\/es\/benillup-un-dels-pobles-del-comtat-lliures-de-covid-19\/#breadcrumb"},"inLanguage":"es","potentialAction":[{"@type":"ReadAction","target":["https:\/\/www.copealcoy.es\/es\/benillup-un-dels-pobles-del-comtat-lliures-de-covid-19\/"]}]},{"@type":"ImageObject","inLanguage":"es","@id":"https:\/\/www.copealcoy.es\/es\/benillup-un-dels-pobles-del-comtat-lliures-de-covid-19\/#primaryimage","url":"https:\/\/www.copealcoy.es\/wp-content\/uploads\/2019\/08\/Vista_de_Benillup-1-scaled.jpg","contentUrl":"https:\/\/www.copealcoy.es\/wp-content\/uploads\/2019\/08\/Vista_de_Benillup-1-scaled.jpg","width":2560,"height":1690},{"@type":"BreadcrumbList","@id":"https:\/\/www.copealcoy.es\/es\/benillup-un-dels-pobles-del-comtat-lliures-de-covid-19\/#breadcrumb","itemListElement":[{"@type":"ListItem","position":1,"name":"Portada","item":"https:\/\/www.copealcoy.es\/es\/"},{"@type":"ListItem","position":2,"name":"Benillup, un dels pobles del Comtat lliures de Covid-19"}]},{"@type":"WebSite","@id":"https:\/\/www.copealcoy.es\/es\/#website","url":"https:\/\/www.copealcoy.es\/es\/","name":"COPE Alcoy","description":"Emisora COPE de radio local con emisi\u00f3n online. Pont de Sant Jordi 8-10 03803 Alcoy","potentialAction":[{"@type":"SearchAction","target":{"@type":"EntryPoint","urlTemplate":"https:\/\/www.copealcoy.es\/es\/?s={search_term_string}"},"query-input":{"@type":"PropertyValueSpecification","valueRequired":true,"valueName":"search_term_string"}}],"inLanguage":"es"},{"@type":"Person","@id":"https:\/\/www.copealcoy.es\/es\/#\/schema\/person\/e777c87fa024e57d40170af9df39882c","name":"Cope Alcoy","image":{"@type":"ImageObject","inLanguage":"es","@id":"https:\/\/secure.gravatar.com\/avatar\/bb65d0283347e303893ba14f0692005417c1e0e690a325a4c5d8bb2b3943ee14?s=96&d=mm&r=g","url":"https:\/\/secure.gravatar.com\/avatar\/bb65d0283347e303893ba14f0692005417c1e0e690a325a4c5d8bb2b3943ee14?s=96&d=mm&r=g","contentUrl":"https:\/\/secure.gravatar.com\/avatar\/bb65d0283347e303893ba14f0692005417c1e0e690a325a4c5d8bb2b3943ee14?s=96&d=mm&r=g","caption":"Cope Alcoy"}}]}},"_links":{"self":[{"href":"https:\/\/www.copealcoy.es\/es\/wp-json\/wp\/v2\/posts\/65373","targetHints":{"allow":["GET"]}}],"collection":[{"href":"https:\/\/www.copealcoy.es\/es\/wp-json\/wp\/v2\/posts"}],"about":[{"href":"https:\/\/www.copealcoy.es\/es\/wp-json\/wp\/v2\/types\/post"}],"author":[{"embeddable":true,"href":"https:\/\/www.copealcoy.es\/es\/wp-json\/wp\/v2\/users\/1"}],"replies":[{"embeddable":true,"href":"https:\/\/www.copealcoy.es\/es\/wp-json\/wp\/v2\/comments?post=65373"}],"version-history":[{"count":0,"href":"https:\/\/www.copealcoy.es\/es\/wp-json\/wp\/v2\/posts\/65373\/revisions"}],"wp:featuredmedia":[{"embeddable":true,"href":"https:\/\/www.copealcoy.es\/es\/wp-json\/wp\/v2\/media\/54193"}],"wp:attachment":[{"href":"https:\/\/www.copealcoy.es\/es\/wp-json\/wp\/v2\/media?parent=65373"}],"wp:term":[{"taxonomy":"category","embeddable":true,"href":"https:\/\/www.copealcoy.es\/es\/wp-json\/wp\/v2\/categories?post=65373"},{"taxonomy":"post_tag","embeddable":true,"href":"https:\/\/www.copealcoy.es\/es\/wp-json\/wp\/v2\/tags?post=65373"}],"curies":[{"name":"wp","href":"https:\/\/api.w.org\/{rel}","templated":true}]}}