{"id":65264,"date":"2020-09-09T07:06:38","date_gmt":"2020-09-09T07:06:38","guid":{"rendered":"https:\/\/www.copealcoy.es\/?p=65264"},"modified":"2020-09-10T11:26:36","modified_gmt":"2020-09-10T11:26:36","slug":"lassociacio-de-sant-jordi-estudia-que-les-proximes-festes-siguen-de-4-dies","status":"publish","type":"post","link":"https:\/\/www.copealcoy.es\/es\/lassociacio-de-sant-jordi-estudia-que-les-proximes-festes-siguen-de-4-dies\/","title":{"rendered":"L&#8217;Associaci\u00f3 de Sant Jordi estudia que les pr\u00f2ximes Festes siguen de 4 dies"},"content":{"rendered":"<p style=\"text-align: justify;\">La <strong>Junta Directiva de l&#8217;Associaci\u00f3 de Sant Jordi<\/strong> ha plantejat que quan es tornen a celebrar les Festes de Moros i Cristians d&#8217;Alcoi <strong>aquestes duren quatre dies<\/strong>, una iniciativa que en cas de prosperar<strong> hauria de ser aprovada primer per l&#8217;Assemblea General del Casal i despr\u00e9s per l&#8217;Ajuntament<\/strong>. Ara <strong>seran les 28\u00a0<span class=\"hiddenSpellError\">filaes<\/span>\u00a0alcoianes les que l&#8217;estudiaran<\/strong> per tal d&#8217;analitzar els pros i contres de la idea.<\/p>\n<p style=\"text-align: justify;\">Des de l&#8217;entitat festera han explicat en un comunicat que amb aquest projecte <strong>es vol donar un impuls a tots els sectors implicats en la trilogia i que estan patint greus conseq\u00fc\u00e8ncies a causa de la no celebraci\u00f3 de les nostres festes<\/strong> per l&#8217;alerta sanit\u00e0ria de la Covid-19. Amb la proposta el Casal vol tornar a\u00a0il\u00b7lusionar els festers i que els dissenyadors, m\u00fasics, confeccionistes i un llarg etc\u00e8tera tinguen en perspectiva faenes previstes a mitj\u00e0 termini<span class=\"hiddenGrammarError\">&#8220;<\/span>&#8220;<em>els alcoians enyorem reunir-nos i celebrar les nostres Festes. El futur \u00e9s una miqueta incert, aix\u00ed que pensem que la millor soluci\u00f3 per a pal\u00b7liar aquesta esp\u00e8cie d&#8217;estat d&#8217;enyoran\u00e7a festera implica comen\u00e7ar a preparar les millors Festes de la hist\u00f2ria d&#8217;Alcoi. \u00c9s important mantenir viva la flama de la Festa entre tots nosaltres<\/em>&#8220;, assenyala <strong>Juan Jos\u00e9 Olcina<\/strong>, President de l&#8217;Associaci\u00f3.<\/p>\n<p style=\"text-align: justify;\">Recordar que <strong>en 1976 ja hi va haver\u00a0<span class=\"hiddenGreenError\">4<\/span>\u00a0dies de festes amb motiu del VII Centenari del patronatge de Sant Jordi<\/strong>. En aquella ocasi\u00f3 <strong>les dues Entrades foren de vesprada en dies diferents<\/strong> mentre que la resta de jornades, com \u00e9s habitual, <strong>van estar reservades a recordar el Patr\u00f3 i a l&#8217;Alardo<\/strong>.<\/p>\n<p><strong>L&#8217;Ajuntament veu amb bons ulls la proposta\u00a0<\/strong><\/p>\n<p style=\"text-align: justify;\">L&#8217;Ajuntament d&#8217;Alcoi <strong>veu amb bons ulls la proposta feta pel Casal<\/strong> i considera que la mateixa <strong>deu ser fruit del major consens possible<\/strong>.<\/p>\n<p style=\"text-align: justify;\">La regidoria de Festes ha assegurat que <strong>ja est\u00e0 treballant en tot all\u00f2 que entra dins de les seues compet\u00e8ncies per a veure com es poden organitzar unes festes de quatre dies<\/strong> a l&#8217;espera de la decisi\u00f3 que adopten els m\u00e0xims representants de les Filaes alcoianes &#8220;<em>parlem d&#8217;una proposta, sabem de les dificultats que qualsevol canvi pot suposar en la Nostra Festa, ja que implica molt\u00edssimes coses i a moltes persones. Coneixem les dificultats i les preguntes que tots ens podem fer sobre aspectes com la m\u00fasica, el cost econ\u00f2mic que ha d&#8217;afrontar cada fester, els c\u00e0rrecs, hostaleria, artesans, les cadires, la p\u00f3lvora i molt\u00edssimes m\u00e9s per aix\u00f2, ara m\u00e9s que mai hem de treballar tots junts, aportant tot el que tenim per veure com quadrar els canvis i mostrar la nostra millor disposici\u00f3 per a fer, una vegada m\u00e9s, les millors festes del m\u00f3n. Tots sabem que la Covid-19 ens ha trastocat la vida per\u00f2 davant de les dificultats cal actuar, donar el millor de cadascun, aportant, construint i creient que si alguna ciutat \u00e9s capa\u00e7 d&#8217;il\u00b7lusionar, eixa ciutat \u00e9s Alcoi<\/em>&#8220;, ha assegurat la regidora, <strong>Carol Ortiz<\/strong>.<\/p>\n","protected":false},"excerpt":{"rendered":"<p>La Junta Directiva de l&#8217;Associaci\u00f3 de Sant Jordi ha plantejat que quan es tornen a celebrar les Festes de Moros&#8230;<\/p>\n","protected":false},"author":1,"featured_media":41541,"comment_status":"open","ping_status":"open","sticky":false,"template":"","format":"standard","meta":{"footnotes":""},"categories":[97,78,75,125],"tags":[160,9845,9846,856,9847,9848],"class_list":["post-65264","post","type-post","status-publish","format-standard","has-post-thumbnail","hentry","category-alcoy","category-fiestaycultura","category-noticias","category-portada","tag-alcoi","tag-associacio-de-sant-jordi","tag-estudi","tag-moros-i-cristians","tag-proximes-festes","tag-quatre-dies"],"yoast_head":"<!-- This site is optimized with the Yoast SEO plugin v27.3 - https:\/\/yoast.com\/product\/yoast-seo-wordpress\/ -->\n<title>L&#039;Associaci\u00f3 de Sant Jordi estudia que les pr\u00f2ximes Festes siguen de 4 dies - COPE Alcoy<\/title>\n<meta name=\"robots\" content=\"index, follow, max-snippet:-1, max-image-preview:large, max-video-preview:-1\" \/>\n<link rel=\"canonical\" href=\"https:\/\/www.copealcoy.es\/es\/lassociacio-de-sant-jordi-estudia-que-les-proximes-festes-siguen-de-4-dies\/\" \/>\n<meta property=\"og:locale\" content=\"es_ES\" \/>\n<meta property=\"og:type\" content=\"article\" \/>\n<meta property=\"og:title\" content=\"L&#039;Associaci\u00f3 de Sant Jordi estudia que les pr\u00f2ximes Festes siguen de 4 dies - COPE Alcoy\" \/>\n<meta property=\"og:description\" content=\"La Junta Directiva de l&#8217;Associaci\u00f3 de Sant Jordi ha plantejat que quan es tornen a celebrar les Festes de Moros...\" \/>\n<meta property=\"og:url\" content=\"https:\/\/www.copealcoy.es\/es\/lassociacio-de-sant-jordi-estudia-que-les-proximes-festes-siguen-de-4-dies\/\" \/>\n<meta property=\"og:site_name\" content=\"COPE Alcoy\" \/>\n<meta property=\"article:published_time\" content=\"2020-09-09T07:06:38+00:00\" \/>\n<meta property=\"article:modified_time\" content=\"2020-09-10T11:26:36+00:00\" \/>\n<meta property=\"og:image\" content=\"https:\/\/www.copealcoy.es\/wp-content\/uploads\/2018\/04\/unnamed-3.jpg\" \/>\n\t<meta property=\"og:image:width\" content=\"1438\" \/>\n\t<meta property=\"og:image:height\" content=\"960\" \/>\n\t<meta property=\"og:image:type\" content=\"image\/jpeg\" \/>\n<meta name=\"author\" content=\"Cope Alcoy\" \/>\n<meta name=\"twitter:label1\" content=\"Escrito por\" \/>\n\t<meta name=\"twitter:data1\" content=\"Cope Alcoy\" \/>\n\t<meta name=\"twitter:label2\" content=\"Tiempo de lectura\" \/>\n\t<meta name=\"twitter:data2\" content=\"2 minutos\" \/>\n<script type=\"application\/ld+json\" class=\"yoast-schema-graph\">{\"@context\":\"https:\\\/\\\/schema.org\",\"@graph\":[{\"@type\":\"Article\",\"@id\":\"https:\\\/\\\/www.copealcoy.es\\\/es\\\/lassociacio-de-sant-jordi-estudia-que-les-proximes-festes-siguen-de-4-dies\\\/#article\",\"isPartOf\":{\"@id\":\"https:\\\/\\\/www.copealcoy.es\\\/es\\\/lassociacio-de-sant-jordi-estudia-que-les-proximes-festes-siguen-de-4-dies\\\/\"},\"author\":{\"name\":\"Cope Alcoy\",\"@id\":\"https:\\\/\\\/www.copealcoy.es\\\/es\\\/#\\\/schema\\\/person\\\/e777c87fa024e57d40170af9df39882c\"},\"headline\":\"L&#8217;Associaci\u00f3 de Sant Jordi estudia que les pr\u00f2ximes Festes siguen de 4 dies\",\"datePublished\":\"2020-09-09T07:06:38+00:00\",\"dateModified\":\"2020-09-10T11:26:36+00:00\",\"mainEntityOfPage\":{\"@id\":\"https:\\\/\\\/www.copealcoy.es\\\/es\\\/lassociacio-de-sant-jordi-estudia-que-les-proximes-festes-siguen-de-4-dies\\\/\"},\"wordCount\":530,\"commentCount\":0,\"image\":{\"@id\":\"https:\\\/\\\/www.copealcoy.es\\\/es\\\/lassociacio-de-sant-jordi-estudia-que-les-proximes-festes-siguen-de-4-dies\\\/#primaryimage\"},\"thumbnailUrl\":\"https:\\\/\\\/www.copealcoy.es\\\/wp-content\\\/uploads\\\/2018\\\/04\\\/unnamed-3-e1643897855472.jpg\",\"keywords\":[\"Alcoi\",\"Associaci\u00f3 de Sant Jordi\",\"estudi\",\"Moros i Cristians\",\"pr\u00f3ximes festes\",\"quatre dies\"],\"articleSection\":[\"Alcoy\",\"Fiesta y Cultura\",\"Noticias\",\"Portada\"],\"inLanguage\":\"es\"},{\"@type\":\"WebPage\",\"@id\":\"https:\\\/\\\/www.copealcoy.es\\\/es\\\/lassociacio-de-sant-jordi-estudia-que-les-proximes-festes-siguen-de-4-dies\\\/\",\"url\":\"https:\\\/\\\/www.copealcoy.es\\\/es\\\/lassociacio-de-sant-jordi-estudia-que-les-proximes-festes-siguen-de-4-dies\\\/\",\"name\":\"L'Associaci\u00f3 de Sant Jordi estudia que les pr\u00f2ximes Festes siguen de 4 dies - COPE Alcoy\",\"isPartOf\":{\"@id\":\"https:\\\/\\\/www.copealcoy.es\\\/es\\\/#website\"},\"primaryImageOfPage\":{\"@id\":\"https:\\\/\\\/www.copealcoy.es\\\/es\\\/lassociacio-de-sant-jordi-estudia-que-les-proximes-festes-siguen-de-4-dies\\\/#primaryimage\"},\"image\":{\"@id\":\"https:\\\/\\\/www.copealcoy.es\\\/es\\\/lassociacio-de-sant-jordi-estudia-que-les-proximes-festes-siguen-de-4-dies\\\/#primaryimage\"},\"thumbnailUrl\":\"https:\\\/\\\/www.copealcoy.es\\\/wp-content\\\/uploads\\\/2018\\\/04\\\/unnamed-3-e1643897855472.jpg\",\"datePublished\":\"2020-09-09T07:06:38+00:00\",\"dateModified\":\"2020-09-10T11:26:36+00:00\",\"author\":{\"@id\":\"https:\\\/\\\/www.copealcoy.es\\\/es\\\/#\\\/schema\\\/person\\\/e777c87fa024e57d40170af9df39882c\"},\"breadcrumb\":{\"@id\":\"https:\\\/\\\/www.copealcoy.es\\\/es\\\/lassociacio-de-sant-jordi-estudia-que-les-proximes-festes-siguen-de-4-dies\\\/#breadcrumb\"},\"inLanguage\":\"es\",\"potentialAction\":[{\"@type\":\"ReadAction\",\"target\":[\"https:\\\/\\\/www.copealcoy.es\\\/es\\\/lassociacio-de-sant-jordi-estudia-que-les-proximes-festes-siguen-de-4-dies\\\/\"]}]},{\"@type\":\"ImageObject\",\"inLanguage\":\"es\",\"@id\":\"https:\\\/\\\/www.copealcoy.es\\\/es\\\/lassociacio-de-sant-jordi-estudia-que-les-proximes-festes-siguen-de-4-dies\\\/#primaryimage\",\"url\":\"https:\\\/\\\/www.copealcoy.es\\\/wp-content\\\/uploads\\\/2018\\\/04\\\/unnamed-3-e1643897855472.jpg\",\"contentUrl\":\"https:\\\/\\\/www.copealcoy.es\\\/wp-content\\\/uploads\\\/2018\\\/04\\\/unnamed-3-e1643897855472.jpg\",\"width\":640,\"height\":427,\"caption\":\"Los cristianos ya desfilan por las calles de Alcoy \\\/ Foto\"},{\"@type\":\"BreadcrumbList\",\"@id\":\"https:\\\/\\\/www.copealcoy.es\\\/es\\\/lassociacio-de-sant-jordi-estudia-que-les-proximes-festes-siguen-de-4-dies\\\/#breadcrumb\",\"itemListElement\":[{\"@type\":\"ListItem\",\"position\":1,\"name\":\"Portada\",\"item\":\"https:\\\/\\\/www.copealcoy.es\\\/es\\\/\"},{\"@type\":\"ListItem\",\"position\":2,\"name\":\"L&#8217;Associaci\u00f3 de Sant Jordi estudia que les pr\u00f2ximes Festes siguen de 4 dies\"}]},{\"@type\":\"WebSite\",\"@id\":\"https:\\\/\\\/www.copealcoy.es\\\/es\\\/#website\",\"url\":\"https:\\\/\\\/www.copealcoy.es\\\/es\\\/\",\"name\":\"COPE Alcoy\",\"description\":\"Emisora COPE de radio local con emisi\u00f3n online. Pont de Sant Jordi 8-10 03803 Alcoy\",\"potentialAction\":[{\"@type\":\"SearchAction\",\"target\":{\"@type\":\"EntryPoint\",\"urlTemplate\":\"https:\\\/\\\/www.copealcoy.es\\\/es\\\/?s={search_term_string}\"},\"query-input\":{\"@type\":\"PropertyValueSpecification\",\"valueRequired\":true,\"valueName\":\"search_term_string\"}}],\"inLanguage\":\"es\"},{\"@type\":\"Person\",\"@id\":\"https:\\\/\\\/www.copealcoy.es\\\/es\\\/#\\\/schema\\\/person\\\/e777c87fa024e57d40170af9df39882c\",\"name\":\"Cope Alcoy\",\"image\":{\"@type\":\"ImageObject\",\"inLanguage\":\"es\",\"@id\":\"https:\\\/\\\/secure.gravatar.com\\\/avatar\\\/bb65d0283347e303893ba14f0692005417c1e0e690a325a4c5d8bb2b3943ee14?s=96&d=mm&r=g\",\"url\":\"https:\\\/\\\/secure.gravatar.com\\\/avatar\\\/bb65d0283347e303893ba14f0692005417c1e0e690a325a4c5d8bb2b3943ee14?s=96&d=mm&r=g\",\"contentUrl\":\"https:\\\/\\\/secure.gravatar.com\\\/avatar\\\/bb65d0283347e303893ba14f0692005417c1e0e690a325a4c5d8bb2b3943ee14?s=96&d=mm&r=g\",\"caption\":\"Cope Alcoy\"}}]}<\/script>\n<!-- \/ Yoast SEO plugin. -->","yoast_head_json":{"title":"L'Associaci\u00f3 de Sant Jordi estudia que les pr\u00f2ximes Festes siguen de 4 dies - COPE Alcoy","robots":{"index":"index","follow":"follow","max-snippet":"max-snippet:-1","max-image-preview":"max-image-preview:large","max-video-preview":"max-video-preview:-1"},"canonical":"https:\/\/www.copealcoy.es\/es\/lassociacio-de-sant-jordi-estudia-que-les-proximes-festes-siguen-de-4-dies\/","og_locale":"es_ES","og_type":"article","og_title":"L'Associaci\u00f3 de Sant Jordi estudia que les pr\u00f2ximes Festes siguen de 4 dies - COPE Alcoy","og_description":"La Junta Directiva de l&#8217;Associaci\u00f3 de Sant Jordi ha plantejat que quan es tornen a celebrar les Festes de Moros...","og_url":"https:\/\/www.copealcoy.es\/es\/lassociacio-de-sant-jordi-estudia-que-les-proximes-festes-siguen-de-4-dies\/","og_site_name":"COPE Alcoy","article_published_time":"2020-09-09T07:06:38+00:00","article_modified_time":"2020-09-10T11:26:36+00:00","og_image":[{"width":1438,"height":960,"url":"https:\/\/www.copealcoy.es\/wp-content\/uploads\/2018\/04\/unnamed-3.jpg","type":"image\/jpeg"}],"author":"Cope Alcoy","twitter_misc":{"Escrito por":"Cope Alcoy","Tiempo de lectura":"2 minutos"},"schema":{"@context":"https:\/\/schema.org","@graph":[{"@type":"Article","@id":"https:\/\/www.copealcoy.es\/es\/lassociacio-de-sant-jordi-estudia-que-les-proximes-festes-siguen-de-4-dies\/#article","isPartOf":{"@id":"https:\/\/www.copealcoy.es\/es\/lassociacio-de-sant-jordi-estudia-que-les-proximes-festes-siguen-de-4-dies\/"},"author":{"name":"Cope Alcoy","@id":"https:\/\/www.copealcoy.es\/es\/#\/schema\/person\/e777c87fa024e57d40170af9df39882c"},"headline":"L&#8217;Associaci\u00f3 de Sant Jordi estudia que les pr\u00f2ximes Festes siguen de 4 dies","datePublished":"2020-09-09T07:06:38+00:00","dateModified":"2020-09-10T11:26:36+00:00","mainEntityOfPage":{"@id":"https:\/\/www.copealcoy.es\/es\/lassociacio-de-sant-jordi-estudia-que-les-proximes-festes-siguen-de-4-dies\/"},"wordCount":530,"commentCount":0,"image":{"@id":"https:\/\/www.copealcoy.es\/es\/lassociacio-de-sant-jordi-estudia-que-les-proximes-festes-siguen-de-4-dies\/#primaryimage"},"thumbnailUrl":"https:\/\/www.copealcoy.es\/wp-content\/uploads\/2018\/04\/unnamed-3-e1643897855472.jpg","keywords":["Alcoi","Associaci\u00f3 de Sant Jordi","estudi","Moros i Cristians","pr\u00f3ximes festes","quatre dies"],"articleSection":["Alcoy","Fiesta y Cultura","Noticias","Portada"],"inLanguage":"es"},{"@type":"WebPage","@id":"https:\/\/www.copealcoy.es\/es\/lassociacio-de-sant-jordi-estudia-que-les-proximes-festes-siguen-de-4-dies\/","url":"https:\/\/www.copealcoy.es\/es\/lassociacio-de-sant-jordi-estudia-que-les-proximes-festes-siguen-de-4-dies\/","name":"L'Associaci\u00f3 de Sant Jordi estudia que les pr\u00f2ximes Festes siguen de 4 dies - COPE Alcoy","isPartOf":{"@id":"https:\/\/www.copealcoy.es\/es\/#website"},"primaryImageOfPage":{"@id":"https:\/\/www.copealcoy.es\/es\/lassociacio-de-sant-jordi-estudia-que-les-proximes-festes-siguen-de-4-dies\/#primaryimage"},"image":{"@id":"https:\/\/www.copealcoy.es\/es\/lassociacio-de-sant-jordi-estudia-que-les-proximes-festes-siguen-de-4-dies\/#primaryimage"},"thumbnailUrl":"https:\/\/www.copealcoy.es\/wp-content\/uploads\/2018\/04\/unnamed-3-e1643897855472.jpg","datePublished":"2020-09-09T07:06:38+00:00","dateModified":"2020-09-10T11:26:36+00:00","author":{"@id":"https:\/\/www.copealcoy.es\/es\/#\/schema\/person\/e777c87fa024e57d40170af9df39882c"},"breadcrumb":{"@id":"https:\/\/www.copealcoy.es\/es\/lassociacio-de-sant-jordi-estudia-que-les-proximes-festes-siguen-de-4-dies\/#breadcrumb"},"inLanguage":"es","potentialAction":[{"@type":"ReadAction","target":["https:\/\/www.copealcoy.es\/es\/lassociacio-de-sant-jordi-estudia-que-les-proximes-festes-siguen-de-4-dies\/"]}]},{"@type":"ImageObject","inLanguage":"es","@id":"https:\/\/www.copealcoy.es\/es\/lassociacio-de-sant-jordi-estudia-que-les-proximes-festes-siguen-de-4-dies\/#primaryimage","url":"https:\/\/www.copealcoy.es\/wp-content\/uploads\/2018\/04\/unnamed-3-e1643897855472.jpg","contentUrl":"https:\/\/www.copealcoy.es\/wp-content\/uploads\/2018\/04\/unnamed-3-e1643897855472.jpg","width":640,"height":427,"caption":"Los cristianos ya desfilan por las calles de Alcoy \/ Foto"},{"@type":"BreadcrumbList","@id":"https:\/\/www.copealcoy.es\/es\/lassociacio-de-sant-jordi-estudia-que-les-proximes-festes-siguen-de-4-dies\/#breadcrumb","itemListElement":[{"@type":"ListItem","position":1,"name":"Portada","item":"https:\/\/www.copealcoy.es\/es\/"},{"@type":"ListItem","position":2,"name":"L&#8217;Associaci\u00f3 de Sant Jordi estudia que les pr\u00f2ximes Festes siguen de 4 dies"}]},{"@type":"WebSite","@id":"https:\/\/www.copealcoy.es\/es\/#website","url":"https:\/\/www.copealcoy.es\/es\/","name":"COPE Alcoy","description":"Emisora COPE de radio local con emisi\u00f3n online. Pont de Sant Jordi 8-10 03803 Alcoy","potentialAction":[{"@type":"SearchAction","target":{"@type":"EntryPoint","urlTemplate":"https:\/\/www.copealcoy.es\/es\/?s={search_term_string}"},"query-input":{"@type":"PropertyValueSpecification","valueRequired":true,"valueName":"search_term_string"}}],"inLanguage":"es"},{"@type":"Person","@id":"https:\/\/www.copealcoy.es\/es\/#\/schema\/person\/e777c87fa024e57d40170af9df39882c","name":"Cope Alcoy","image":{"@type":"ImageObject","inLanguage":"es","@id":"https:\/\/secure.gravatar.com\/avatar\/bb65d0283347e303893ba14f0692005417c1e0e690a325a4c5d8bb2b3943ee14?s=96&d=mm&r=g","url":"https:\/\/secure.gravatar.com\/avatar\/bb65d0283347e303893ba14f0692005417c1e0e690a325a4c5d8bb2b3943ee14?s=96&d=mm&r=g","contentUrl":"https:\/\/secure.gravatar.com\/avatar\/bb65d0283347e303893ba14f0692005417c1e0e690a325a4c5d8bb2b3943ee14?s=96&d=mm&r=g","caption":"Cope Alcoy"}}]}},"_links":{"self":[{"href":"https:\/\/www.copealcoy.es\/es\/wp-json\/wp\/v2\/posts\/65264","targetHints":{"allow":["GET"]}}],"collection":[{"href":"https:\/\/www.copealcoy.es\/es\/wp-json\/wp\/v2\/posts"}],"about":[{"href":"https:\/\/www.copealcoy.es\/es\/wp-json\/wp\/v2\/types\/post"}],"author":[{"embeddable":true,"href":"https:\/\/www.copealcoy.es\/es\/wp-json\/wp\/v2\/users\/1"}],"replies":[{"embeddable":true,"href":"https:\/\/www.copealcoy.es\/es\/wp-json\/wp\/v2\/comments?post=65264"}],"version-history":[{"count":0,"href":"https:\/\/www.copealcoy.es\/es\/wp-json\/wp\/v2\/posts\/65264\/revisions"}],"wp:featuredmedia":[{"embeddable":true,"href":"https:\/\/www.copealcoy.es\/es\/wp-json\/wp\/v2\/media\/41541"}],"wp:attachment":[{"href":"https:\/\/www.copealcoy.es\/es\/wp-json\/wp\/v2\/media?parent=65264"}],"wp:term":[{"taxonomy":"category","embeddable":true,"href":"https:\/\/www.copealcoy.es\/es\/wp-json\/wp\/v2\/categories?post=65264"},{"taxonomy":"post_tag","embeddable":true,"href":"https:\/\/www.copealcoy.es\/es\/wp-json\/wp\/v2\/tags?post=65264"}],"curies":[{"name":"wp","href":"https:\/\/api.w.org\/{rel}","templated":true}]}}