{"id":65215,"date":"2020-09-07T17:16:16","date_gmt":"2020-09-07T17:16:16","guid":{"rendered":"https:\/\/www.copealcoy.es\/?p=65215"},"modified":"2022-02-28T12:55:03","modified_gmt":"2022-02-28T11:55:03","slug":"lescola-rural-fa-front-a-la-pandemia-i-lluita-per-la-seua-supervivencia","status":"publish","type":"post","link":"https:\/\/www.copealcoy.es\/es\/lescola-rural-fa-front-a-la-pandemia-i-lluita-per-la-seua-supervivencia\/","title":{"rendered":"L&#8217;Escola Rural fa front a la pand\u00e8mia i lluita per la seua superviv\u00e8ncia"},"content":{"rendered":"<p style=\"text-align: justify;\">Els <strong>col\u00b7legis dels pobles menuts de les comarques del Comtat i de l&#8217;Alcoi\u00e0 tamb\u00e9 ha comen\u00e7at el curs escolar<\/strong> en aquest 7 de setembre i ho han fet <strong>prenent totes les mesures marcades per les autoritats sanit\u00e0ries i educatives<\/strong> de cara a fer front a la Covid-19.<\/p>\n<p style=\"text-align: justify;\">En aquests centres educatius, a difer\u00e8ncia de les grans poblacions de la Comarca, <strong>no es produeixen grans aglomeracions d&#8217;escolars a les portes del col\u00b7legi o en els patis<\/strong>, ja que <strong>s\u00f3n pocs els menuts que hi acudeixen a classe cada dia<\/strong> a causa de <strong>la despoblaci\u00f3<\/strong> que es pateix en gran part de la comarca &#8220;<em>malauradament als pobles menuts cada vegada hi ha menys xiquets i aix\u00f2 es fa sentir a les aules. Aquest fet, en el cas de la crisi sanit\u00e0ria del Coronavirus, ens permet realitzar un major control en el seguiment de les mesures perqu\u00e8 <span class=\"hiddenGreenError\">al<\/span> tenir pocs alumnes a classe podem estar m\u00e9s pendents de les atencions que precisen<\/em>&#8220;, ha assegurat en <span class=\"hiddenSpellError\">COPE<\/span> ALCOI <strong><span class=\"hiddenSpellError\">Azoraida<\/span> Mart\u00ednez<\/strong>, Directora del <span class=\"hiddenGrammarError\">CRA<\/span> Mariola-Benicadell.<\/p>\n<p style=\"text-align: justify;\">Aquesta agrupaci\u00f3 de col\u00b7legis rurals <strong>aposta per una educaci\u00f3 personalitzada amb la realitzaci\u00f3 de nombrosos projectes transversals<\/strong> duant el curs. L&#8217;alerta sanit\u00e0ria tamb\u00e9 far\u00e0 que <strong>la planificaci\u00f3 del curs siga totalment diferent<\/strong> en comparaci\u00f3 a anys anteriors &#8220;<em>nosaltres fem moltes activitats amb les fam\u00edlies i enguany tot aix\u00f2 ho hem hagut de repensar per a evitar que als centres entren persones provinents de l&#8217;exterior. Ens hem adaptat per\u00f2 seguirem estant <span class=\"hiddenGreenError\">ah\u00ed<\/span> defensant l&#8217;escola rural, perqu\u00e8 els xiquets dels nostres pobles continuen rebent una educaci\u00f3 de qualitat i en valors<\/em>&#8220;, conclou <span class=\"hiddenSpellError\">Azoraida<\/span> Mart\u00ednez.<\/p>\n<p style=\"text-align: justify;\">Recordar que el <span class=\"hiddenGrammarError\">CRA<\/span> Mariola-Benicadell <strong>engloba als centres educatius existents en les poblacions del Comtat d&#8217;Agres, Alfafara i Gaianes<\/strong>. Indicar que <strong>Alfafara\u00a0ha estrenat nou col\u00b7legi constru\u00eft a trav\u00e9s del Pla Edificant del Consell<\/strong> al costat de l&#8217;antic aulari i amb una inversi\u00f3 de m\u00e9s de 700.000 euros.<\/p>\n","protected":false},"excerpt":{"rendered":"<p>Els col\u00b7legis dels pobles menuts de les comarques del Comtat i de l&#8217;Alcoi\u00e0 tamb\u00e9 ha comen\u00e7at el curs escolar en&#8230;<\/p>\n","protected":false},"author":1,"featured_media":65216,"comment_status":"open","ping_status":"open","sticky":false,"template":"","format":"standard","meta":{"footnotes":""},"categories":[98,75],"tags":[482,237,7281,7397,9832,9820,9831],"class_list":["post-65215","post","type-post","status-publish","format-standard","has-post-thumbnail","hentry","category-comarcas","category-noticias","tag-alcoia","tag-comtat","tag-coronavirus","tag-covid-19","tag-crai-mariola-benicadell","tag-curs-escolar","tag-escola-rural"],"yoast_head":"<!-- This site is optimized with the Yoast SEO plugin v27.3 - https:\/\/yoast.com\/product\/yoast-seo-wordpress\/ -->\n<title>L&#039;Escola Rural fa front a la pand\u00e8mia i lluita per la seua superviv\u00e8ncia - COPE Alcoy<\/title>\n<meta name=\"robots\" content=\"index, follow, max-snippet:-1, max-image-preview:large, max-video-preview:-1\" \/>\n<link rel=\"canonical\" href=\"https:\/\/www.copealcoy.es\/es\/lescola-rural-fa-front-a-la-pandemia-i-lluita-per-la-seua-supervivencia\/\" \/>\n<meta property=\"og:locale\" content=\"es_ES\" \/>\n<meta property=\"og:type\" content=\"article\" \/>\n<meta property=\"og:title\" content=\"L&#039;Escola Rural fa front a la pand\u00e8mia i lluita per la seua superviv\u00e8ncia - COPE Alcoy\" \/>\n<meta property=\"og:description\" content=\"Els col\u00b7legis dels pobles menuts de les comarques del Comtat i de l&#8217;Alcoi\u00e0 tamb\u00e9 ha comen\u00e7at el curs escolar en...\" \/>\n<meta property=\"og:url\" content=\"https:\/\/www.copealcoy.es\/es\/lescola-rural-fa-front-a-la-pandemia-i-lluita-per-la-seua-supervivencia\/\" \/>\n<meta property=\"og:site_name\" content=\"COPE Alcoy\" \/>\n<meta property=\"article:published_time\" content=\"2020-09-07T17:16:16+00:00\" \/>\n<meta property=\"article:modified_time\" content=\"2022-02-28T11:55:03+00:00\" \/>\n<meta property=\"og:image\" content=\"https:\/\/www.copealcoy.es\/wp-content\/uploads\/2020\/09\/74478975_1026157204387352_4648262028639600640_o.jpg\" \/>\n\t<meta property=\"og:image:width\" content=\"1024\" \/>\n\t<meta property=\"og:image:height\" content=\"683\" \/>\n\t<meta property=\"og:image:type\" content=\"image\/jpeg\" \/>\n<meta name=\"author\" content=\"Cope Alcoy\" \/>\n<meta name=\"twitter:label1\" content=\"Escrito por\" \/>\n\t<meta name=\"twitter:data1\" content=\"Cope Alcoy\" \/>\n\t<meta name=\"twitter:label2\" content=\"Tiempo de lectura\" \/>\n\t<meta name=\"twitter:data2\" content=\"2 minutos\" \/>\n<script type=\"application\/ld+json\" class=\"yoast-schema-graph\">{\"@context\":\"https:\\\/\\\/schema.org\",\"@graph\":[{\"@type\":\"Article\",\"@id\":\"https:\\\/\\\/www.copealcoy.es\\\/es\\\/lescola-rural-fa-front-a-la-pandemia-i-lluita-per-la-seua-supervivencia\\\/#article\",\"isPartOf\":{\"@id\":\"https:\\\/\\\/www.copealcoy.es\\\/es\\\/lescola-rural-fa-front-a-la-pandemia-i-lluita-per-la-seua-supervivencia\\\/\"},\"author\":{\"name\":\"Cope Alcoy\",\"@id\":\"https:\\\/\\\/www.copealcoy.es\\\/es\\\/#\\\/schema\\\/person\\\/e777c87fa024e57d40170af9df39882c\"},\"headline\":\"L&#8217;Escola Rural fa front a la pand\u00e8mia i lluita per la seua superviv\u00e8ncia\",\"datePublished\":\"2020-09-07T17:16:16+00:00\",\"dateModified\":\"2022-02-28T11:55:03+00:00\",\"mainEntityOfPage\":{\"@id\":\"https:\\\/\\\/www.copealcoy.es\\\/es\\\/lescola-rural-fa-front-a-la-pandemia-i-lluita-per-la-seua-supervivencia\\\/\"},\"wordCount\":348,\"commentCount\":0,\"image\":{\"@id\":\"https:\\\/\\\/www.copealcoy.es\\\/es\\\/lescola-rural-fa-front-a-la-pandemia-i-lluita-per-la-seua-supervivencia\\\/#primaryimage\"},\"thumbnailUrl\":\"https:\\\/\\\/www.copealcoy.es\\\/wp-content\\\/uploads\\\/2020\\\/09\\\/74478975_1026157204387352_4648262028639600640_o.jpg\",\"keywords\":[\"Alcoi\u00e0\",\"Comtat\",\"Coronavirus\",\"Covid-19\",\"CRAI Mariola-Benicadell\",\"curs escolar\",\"Escola Rural\"],\"articleSection\":[\"Comarcas\",\"Noticias\"],\"inLanguage\":\"es\"},{\"@type\":\"WebPage\",\"@id\":\"https:\\\/\\\/www.copealcoy.es\\\/es\\\/lescola-rural-fa-front-a-la-pandemia-i-lluita-per-la-seua-supervivencia\\\/\",\"url\":\"https:\\\/\\\/www.copealcoy.es\\\/es\\\/lescola-rural-fa-front-a-la-pandemia-i-lluita-per-la-seua-supervivencia\\\/\",\"name\":\"L'Escola Rural fa front a la pand\u00e8mia i lluita per la seua superviv\u00e8ncia - COPE Alcoy\",\"isPartOf\":{\"@id\":\"https:\\\/\\\/www.copealcoy.es\\\/es\\\/#website\"},\"primaryImageOfPage\":{\"@id\":\"https:\\\/\\\/www.copealcoy.es\\\/es\\\/lescola-rural-fa-front-a-la-pandemia-i-lluita-per-la-seua-supervivencia\\\/#primaryimage\"},\"image\":{\"@id\":\"https:\\\/\\\/www.copealcoy.es\\\/es\\\/lescola-rural-fa-front-a-la-pandemia-i-lluita-per-la-seua-supervivencia\\\/#primaryimage\"},\"thumbnailUrl\":\"https:\\\/\\\/www.copealcoy.es\\\/wp-content\\\/uploads\\\/2020\\\/09\\\/74478975_1026157204387352_4648262028639600640_o.jpg\",\"datePublished\":\"2020-09-07T17:16:16+00:00\",\"dateModified\":\"2022-02-28T11:55:03+00:00\",\"author\":{\"@id\":\"https:\\\/\\\/www.copealcoy.es\\\/es\\\/#\\\/schema\\\/person\\\/e777c87fa024e57d40170af9df39882c\"},\"breadcrumb\":{\"@id\":\"https:\\\/\\\/www.copealcoy.es\\\/es\\\/lescola-rural-fa-front-a-la-pandemia-i-lluita-per-la-seua-supervivencia\\\/#breadcrumb\"},\"inLanguage\":\"es\",\"potentialAction\":[{\"@type\":\"ReadAction\",\"target\":[\"https:\\\/\\\/www.copealcoy.es\\\/es\\\/lescola-rural-fa-front-a-la-pandemia-i-lluita-per-la-seua-supervivencia\\\/\"]}]},{\"@type\":\"ImageObject\",\"inLanguage\":\"es\",\"@id\":\"https:\\\/\\\/www.copealcoy.es\\\/es\\\/lescola-rural-fa-front-a-la-pandemia-i-lluita-per-la-seua-supervivencia\\\/#primaryimage\",\"url\":\"https:\\\/\\\/www.copealcoy.es\\\/wp-content\\\/uploads\\\/2020\\\/09\\\/74478975_1026157204387352_4648262028639600640_o.jpg\",\"contentUrl\":\"https:\\\/\\\/www.copealcoy.es\\\/wp-content\\\/uploads\\\/2020\\\/09\\\/74478975_1026157204387352_4648262028639600640_o.jpg\",\"width\":1024,\"height\":683,\"caption\":\"Cole Agres\"},{\"@type\":\"BreadcrumbList\",\"@id\":\"https:\\\/\\\/www.copealcoy.es\\\/es\\\/lescola-rural-fa-front-a-la-pandemia-i-lluita-per-la-seua-supervivencia\\\/#breadcrumb\",\"itemListElement\":[{\"@type\":\"ListItem\",\"position\":1,\"name\":\"Portada\",\"item\":\"https:\\\/\\\/www.copealcoy.es\\\/es\\\/\"},{\"@type\":\"ListItem\",\"position\":2,\"name\":\"L&#8217;Escola Rural fa front a la pand\u00e8mia i lluita per la seua superviv\u00e8ncia\"}]},{\"@type\":\"WebSite\",\"@id\":\"https:\\\/\\\/www.copealcoy.es\\\/es\\\/#website\",\"url\":\"https:\\\/\\\/www.copealcoy.es\\\/es\\\/\",\"name\":\"COPE Alcoy\",\"description\":\"Emisora COPE de radio local con emisi\u00f3n online. Pont de Sant Jordi 8-10 03803 Alcoy\",\"potentialAction\":[{\"@type\":\"SearchAction\",\"target\":{\"@type\":\"EntryPoint\",\"urlTemplate\":\"https:\\\/\\\/www.copealcoy.es\\\/es\\\/?s={search_term_string}\"},\"query-input\":{\"@type\":\"PropertyValueSpecification\",\"valueRequired\":true,\"valueName\":\"search_term_string\"}}],\"inLanguage\":\"es\"},{\"@type\":\"Person\",\"@id\":\"https:\\\/\\\/www.copealcoy.es\\\/es\\\/#\\\/schema\\\/person\\\/e777c87fa024e57d40170af9df39882c\",\"name\":\"Cope Alcoy\",\"image\":{\"@type\":\"ImageObject\",\"inLanguage\":\"es\",\"@id\":\"https:\\\/\\\/secure.gravatar.com\\\/avatar\\\/bb65d0283347e303893ba14f0692005417c1e0e690a325a4c5d8bb2b3943ee14?s=96&d=mm&r=g\",\"url\":\"https:\\\/\\\/secure.gravatar.com\\\/avatar\\\/bb65d0283347e303893ba14f0692005417c1e0e690a325a4c5d8bb2b3943ee14?s=96&d=mm&r=g\",\"contentUrl\":\"https:\\\/\\\/secure.gravatar.com\\\/avatar\\\/bb65d0283347e303893ba14f0692005417c1e0e690a325a4c5d8bb2b3943ee14?s=96&d=mm&r=g\",\"caption\":\"Cope Alcoy\"}}]}<\/script>\n<!-- \/ Yoast SEO plugin. -->","yoast_head_json":{"title":"L'Escola Rural fa front a la pand\u00e8mia i lluita per la seua superviv\u00e8ncia - COPE Alcoy","robots":{"index":"index","follow":"follow","max-snippet":"max-snippet:-1","max-image-preview":"max-image-preview:large","max-video-preview":"max-video-preview:-1"},"canonical":"https:\/\/www.copealcoy.es\/es\/lescola-rural-fa-front-a-la-pandemia-i-lluita-per-la-seua-supervivencia\/","og_locale":"es_ES","og_type":"article","og_title":"L'Escola Rural fa front a la pand\u00e8mia i lluita per la seua superviv\u00e8ncia - COPE Alcoy","og_description":"Els col\u00b7legis dels pobles menuts de les comarques del Comtat i de l&#8217;Alcoi\u00e0 tamb\u00e9 ha comen\u00e7at el curs escolar en...","og_url":"https:\/\/www.copealcoy.es\/es\/lescola-rural-fa-front-a-la-pandemia-i-lluita-per-la-seua-supervivencia\/","og_site_name":"COPE Alcoy","article_published_time":"2020-09-07T17:16:16+00:00","article_modified_time":"2022-02-28T11:55:03+00:00","og_image":[{"width":1024,"height":683,"url":"https:\/\/www.copealcoy.es\/wp-content\/uploads\/2020\/09\/74478975_1026157204387352_4648262028639600640_o.jpg","type":"image\/jpeg"}],"author":"Cope Alcoy","twitter_misc":{"Escrito por":"Cope Alcoy","Tiempo de lectura":"2 minutos"},"schema":{"@context":"https:\/\/schema.org","@graph":[{"@type":"Article","@id":"https:\/\/www.copealcoy.es\/es\/lescola-rural-fa-front-a-la-pandemia-i-lluita-per-la-seua-supervivencia\/#article","isPartOf":{"@id":"https:\/\/www.copealcoy.es\/es\/lescola-rural-fa-front-a-la-pandemia-i-lluita-per-la-seua-supervivencia\/"},"author":{"name":"Cope Alcoy","@id":"https:\/\/www.copealcoy.es\/es\/#\/schema\/person\/e777c87fa024e57d40170af9df39882c"},"headline":"L&#8217;Escola Rural fa front a la pand\u00e8mia i lluita per la seua superviv\u00e8ncia","datePublished":"2020-09-07T17:16:16+00:00","dateModified":"2022-02-28T11:55:03+00:00","mainEntityOfPage":{"@id":"https:\/\/www.copealcoy.es\/es\/lescola-rural-fa-front-a-la-pandemia-i-lluita-per-la-seua-supervivencia\/"},"wordCount":348,"commentCount":0,"image":{"@id":"https:\/\/www.copealcoy.es\/es\/lescola-rural-fa-front-a-la-pandemia-i-lluita-per-la-seua-supervivencia\/#primaryimage"},"thumbnailUrl":"https:\/\/www.copealcoy.es\/wp-content\/uploads\/2020\/09\/74478975_1026157204387352_4648262028639600640_o.jpg","keywords":["Alcoi\u00e0","Comtat","Coronavirus","Covid-19","CRAI Mariola-Benicadell","curs escolar","Escola Rural"],"articleSection":["Comarcas","Noticias"],"inLanguage":"es"},{"@type":"WebPage","@id":"https:\/\/www.copealcoy.es\/es\/lescola-rural-fa-front-a-la-pandemia-i-lluita-per-la-seua-supervivencia\/","url":"https:\/\/www.copealcoy.es\/es\/lescola-rural-fa-front-a-la-pandemia-i-lluita-per-la-seua-supervivencia\/","name":"L'Escola Rural fa front a la pand\u00e8mia i lluita per la seua superviv\u00e8ncia - COPE Alcoy","isPartOf":{"@id":"https:\/\/www.copealcoy.es\/es\/#website"},"primaryImageOfPage":{"@id":"https:\/\/www.copealcoy.es\/es\/lescola-rural-fa-front-a-la-pandemia-i-lluita-per-la-seua-supervivencia\/#primaryimage"},"image":{"@id":"https:\/\/www.copealcoy.es\/es\/lescola-rural-fa-front-a-la-pandemia-i-lluita-per-la-seua-supervivencia\/#primaryimage"},"thumbnailUrl":"https:\/\/www.copealcoy.es\/wp-content\/uploads\/2020\/09\/74478975_1026157204387352_4648262028639600640_o.jpg","datePublished":"2020-09-07T17:16:16+00:00","dateModified":"2022-02-28T11:55:03+00:00","author":{"@id":"https:\/\/www.copealcoy.es\/es\/#\/schema\/person\/e777c87fa024e57d40170af9df39882c"},"breadcrumb":{"@id":"https:\/\/www.copealcoy.es\/es\/lescola-rural-fa-front-a-la-pandemia-i-lluita-per-la-seua-supervivencia\/#breadcrumb"},"inLanguage":"es","potentialAction":[{"@type":"ReadAction","target":["https:\/\/www.copealcoy.es\/es\/lescola-rural-fa-front-a-la-pandemia-i-lluita-per-la-seua-supervivencia\/"]}]},{"@type":"ImageObject","inLanguage":"es","@id":"https:\/\/www.copealcoy.es\/es\/lescola-rural-fa-front-a-la-pandemia-i-lluita-per-la-seua-supervivencia\/#primaryimage","url":"https:\/\/www.copealcoy.es\/wp-content\/uploads\/2020\/09\/74478975_1026157204387352_4648262028639600640_o.jpg","contentUrl":"https:\/\/www.copealcoy.es\/wp-content\/uploads\/2020\/09\/74478975_1026157204387352_4648262028639600640_o.jpg","width":1024,"height":683,"caption":"Cole Agres"},{"@type":"BreadcrumbList","@id":"https:\/\/www.copealcoy.es\/es\/lescola-rural-fa-front-a-la-pandemia-i-lluita-per-la-seua-supervivencia\/#breadcrumb","itemListElement":[{"@type":"ListItem","position":1,"name":"Portada","item":"https:\/\/www.copealcoy.es\/es\/"},{"@type":"ListItem","position":2,"name":"L&#8217;Escola Rural fa front a la pand\u00e8mia i lluita per la seua superviv\u00e8ncia"}]},{"@type":"WebSite","@id":"https:\/\/www.copealcoy.es\/es\/#website","url":"https:\/\/www.copealcoy.es\/es\/","name":"COPE Alcoy","description":"Emisora COPE de radio local con emisi\u00f3n online. Pont de Sant Jordi 8-10 03803 Alcoy","potentialAction":[{"@type":"SearchAction","target":{"@type":"EntryPoint","urlTemplate":"https:\/\/www.copealcoy.es\/es\/?s={search_term_string}"},"query-input":{"@type":"PropertyValueSpecification","valueRequired":true,"valueName":"search_term_string"}}],"inLanguage":"es"},{"@type":"Person","@id":"https:\/\/www.copealcoy.es\/es\/#\/schema\/person\/e777c87fa024e57d40170af9df39882c","name":"Cope Alcoy","image":{"@type":"ImageObject","inLanguage":"es","@id":"https:\/\/secure.gravatar.com\/avatar\/bb65d0283347e303893ba14f0692005417c1e0e690a325a4c5d8bb2b3943ee14?s=96&d=mm&r=g","url":"https:\/\/secure.gravatar.com\/avatar\/bb65d0283347e303893ba14f0692005417c1e0e690a325a4c5d8bb2b3943ee14?s=96&d=mm&r=g","contentUrl":"https:\/\/secure.gravatar.com\/avatar\/bb65d0283347e303893ba14f0692005417c1e0e690a325a4c5d8bb2b3943ee14?s=96&d=mm&r=g","caption":"Cope Alcoy"}}]}},"_links":{"self":[{"href":"https:\/\/www.copealcoy.es\/es\/wp-json\/wp\/v2\/posts\/65215","targetHints":{"allow":["GET"]}}],"collection":[{"href":"https:\/\/www.copealcoy.es\/es\/wp-json\/wp\/v2\/posts"}],"about":[{"href":"https:\/\/www.copealcoy.es\/es\/wp-json\/wp\/v2\/types\/post"}],"author":[{"embeddable":true,"href":"https:\/\/www.copealcoy.es\/es\/wp-json\/wp\/v2\/users\/1"}],"replies":[{"embeddable":true,"href":"https:\/\/www.copealcoy.es\/es\/wp-json\/wp\/v2\/comments?post=65215"}],"version-history":[{"count":0,"href":"https:\/\/www.copealcoy.es\/es\/wp-json\/wp\/v2\/posts\/65215\/revisions"}],"wp:featuredmedia":[{"embeddable":true,"href":"https:\/\/www.copealcoy.es\/es\/wp-json\/wp\/v2\/media\/65216"}],"wp:attachment":[{"href":"https:\/\/www.copealcoy.es\/es\/wp-json\/wp\/v2\/media?parent=65215"}],"wp:term":[{"taxonomy":"category","embeddable":true,"href":"https:\/\/www.copealcoy.es\/es\/wp-json\/wp\/v2\/categories?post=65215"},{"taxonomy":"post_tag","embeddable":true,"href":"https:\/\/www.copealcoy.es\/es\/wp-json\/wp\/v2\/tags?post=65215"}],"curies":[{"name":"wp","href":"https:\/\/api.w.org\/{rel}","templated":true}]}}