{"id":65164,"date":"2020-09-06T19:09:51","date_gmt":"2020-09-06T19:09:51","guid":{"rendered":"https:\/\/www.copealcoy.es\/?p=65164"},"modified":"2020-09-07T11:35:17","modified_gmt":"2020-09-07T11:35:17","slug":"la-crisi-de-la-covid-19-marca-linici-del-curs","status":"publish","type":"post","link":"https:\/\/www.copealcoy.es\/es\/la-crisi-de-la-covid-19-marca-linici-del-curs\/","title":{"rendered":"La crisi de la Covid-19 marca l&#8217;inici del curs"},"content":{"rendered":"<p style=\"text-align: justify;\">M\u00e9s d&#8217;<strong>11.000 estudiants d&#8217;Alcoi<\/strong> comencen aquest dilluns<strong> un at\u00edpic curs escolar marcat per la crisi sanit\u00e0ria de la Covid-19<\/strong>. A m\u00e9s hi ha hagut a la ciutat <strong>una contractaci\u00f3 extraordin\u00e0ria de 40 professionals docents<\/strong>, 34 per part de la Conselleria d&#8217;Educaci\u00f3 i 6 per part de l\u2019Ajuntament. A tot a\u00e7\u00f2 se suma que <strong>la Generalitat ha atorgat 221.434 euros als centres educatius alcoians<\/strong> per a fer front a les despeses que han d&#8217;assumir de cara acomplir amb els protocols sanitaris contra el coronavirus.<\/p>\n<p style=\"text-align: justify;\">Entre les mesures adoptades pels col\u00b7legis destaquen <strong>l&#8217;habilitaci\u00f3 d&#8217;itineraris espec\u00edfics per a les entrades i eixides dels alumnes<\/strong> <span class=\"hiddenSpellError\">ax\u00ed<\/span> com <strong>la implantaci\u00f3 de punts amb gel hidroalcoh\u00f2lic<\/strong>. Tamb\u00e9 els estudiants <strong>hauran de dur mascareta obligat\u00f2ria a partir de <span class=\"hiddenGreenError\">6<\/span> anys<\/strong> mentre que <strong>l&#8217;Ajuntament refor\u00e7ar\u00e0 la neteja<\/strong> dels centres educatius, ja que aquesta responsabilitat <span class=\"hiddenSpellError\">es<\/span> de compet\u00e8ncia municipal. En quant al <strong>transport escolar als centres educatius<\/strong> cal indicar que per a poder complir amb les condicions d\u2019aforament marcades per l&#8217;excepcionalitat sanit\u00e0ria a causa de la Covid 19 se suprimir\u00e0 la l\u00ednia espec\u00edfica que anava a l\u2019IES Pare Vit\u00f2ria. En el seu lloc <strong>es duplicar\u00e0 la l\u00ednia d\u2019autobusos urbans<\/strong> en l\u2019horari d\u2019acc\u00e9s el que possibilitar\u00e0 a l\u2019alumnat poder assistir amb el transport p\u00fablic.<\/p>\n<p style=\"text-align: justify;\">L&#8217;Alcalde d&#8217;Alcoi, <strong>Toni Franc\u00e9s<\/strong>, ha agra\u00eft el gran treball que han fet els docents i el personal dels col\u00b7legis per a <strong>adaptar les instal\u00b7lacions a les exig\u00e8ncies que marca la nova normalitat<\/strong> en l&#8217;\u00e0mbit educatiu. A m\u00e9s Franc\u00e9s <strong>recorda la import\u00e0ncia de la presencialitat en les classes<\/strong> &#8220;<em>ensenyament en l\u00ednia mai no podr\u00e0 substituir l\u2019ensenyament presencial, sobretot en alumnat d\u2019Infantil, Prim\u00e0ria i primers cursos de l\u2019ESO. Per aix\u00f2 nom\u00e9s cal fer-ne \u00fas quan siga imprescindible en casos de confinament d\u2019aules o centres. Des de la Generalitat i l\u2019Ajuntament treballem amb l\u2019objectiu de democratitzar l\u2019educaci\u00f3 at\u00e9s que cada casa t\u00e9 les seues caracter\u00edstiques socials, econ\u00f2miques, digitals i culturals. D\u2019altra banda, els centres educatius no sols s\u00f3n llocs d\u2019educaci\u00f3 sin\u00f3 tamb\u00e9 ho s\u00f3n de socialitzaci\u00f3. En aquest sentit, hem d\u2019esfor\u00e7ar-nos per garantir la m\u00e0xima presencialitat possible per reduir la bretxa educativa que es generaria a causa de l\u2019augment de les desigualtats. \u00c9s important destacar el gran treball que han fet els Centres Educatius d\u2019Alcoi, tots ells han fet els deures b\u00e9 i a temps per poder comen\u00e7ar el curs amb les m\u00e0ximes garanties possibles dins de la situaci\u00f3 en la qual ens trobem, vull donar-los l\u2019enhorabona<\/em>&#8220;, afirma.<\/p>\n<p style=\"text-align: justify;\">Recordar que <strong>el Consell Escolar Municipal es va reunir la passada setmana per a ultimar tot el protocol que marcar\u00e0 aquesta at\u00edpica tornada a les aules<\/strong> en setembre de 2020.<\/p>\n","protected":false},"excerpt":{"rendered":"<p>M\u00e9s d&#8217;11.000 estudiants d&#8217;Alcoi comencen aquest dilluns un at\u00edpic curs escolar marcat per la crisi sanit\u00e0ria de la Covid-19. A&#8230;<\/p>\n","protected":false},"author":1,"featured_media":65165,"comment_status":"open","ping_status":"open","sticky":false,"template":"","format":"standard","meta":{"footnotes":""},"categories":[97,900,75],"tags":[160,9819,7281,7397,9820,9818],"class_list":["post-65164","post","type-post","status-publish","format-standard","has-post-thumbnail","hentry","category-alcoy","category-educacion","category-noticias","tag-alcoi","tag-cole","tag-coronavirus","tag-covid-19","tag-curs-escolar","tag-tornada"],"yoast_head":"<!-- This site is optimized with the Yoast SEO plugin v27.3 - https:\/\/yoast.com\/product\/yoast-seo-wordpress\/ -->\n<title>La crisi de la Covid-19 marca l&#039;inici del curs - COPE Alcoy<\/title>\n<meta name=\"robots\" content=\"index, follow, max-snippet:-1, max-image-preview:large, max-video-preview:-1\" \/>\n<link rel=\"canonical\" href=\"https:\/\/www.copealcoy.es\/es\/la-crisi-de-la-covid-19-marca-linici-del-curs\/\" \/>\n<meta property=\"og:locale\" content=\"es_ES\" \/>\n<meta property=\"og:type\" content=\"article\" \/>\n<meta property=\"og:title\" content=\"La crisi de la Covid-19 marca l&#039;inici del curs - COPE Alcoy\" \/>\n<meta property=\"og:description\" content=\"M\u00e9s d&#8217;11.000 estudiants d&#8217;Alcoi comencen aquest dilluns un at\u00edpic curs escolar marcat per la crisi sanit\u00e0ria de la Covid-19. A...\" \/>\n<meta property=\"og:url\" content=\"https:\/\/www.copealcoy.es\/es\/la-crisi-de-la-covid-19-marca-linici-del-curs\/\" \/>\n<meta property=\"og:site_name\" content=\"COPE Alcoy\" \/>\n<meta property=\"article:published_time\" content=\"2020-09-06T19:09:51+00:00\" \/>\n<meta property=\"article:modified_time\" content=\"2020-09-07T11:35:17+00:00\" \/>\n<meta property=\"og:image\" content=\"https:\/\/www.copealcoy.es\/wp-content\/uploads\/2020\/09\/Consell-Escolar-4-e1599419375486.jpeg\" \/>\n\t<meta property=\"og:image:width\" content=\"1024\" \/>\n\t<meta property=\"og:image:height\" content=\"583\" \/>\n\t<meta property=\"og:image:type\" content=\"image\/jpeg\" \/>\n<meta name=\"author\" content=\"Cope Alcoy\" \/>\n<meta name=\"twitter:label1\" content=\"Escrito por\" \/>\n\t<meta name=\"twitter:data1\" content=\"Cope Alcoy\" \/>\n\t<meta name=\"twitter:label2\" content=\"Tiempo de lectura\" \/>\n\t<meta name=\"twitter:data2\" content=\"2 minutos\" \/>\n<script type=\"application\/ld+json\" class=\"yoast-schema-graph\">{\"@context\":\"https:\\\/\\\/schema.org\",\"@graph\":[{\"@type\":\"Article\",\"@id\":\"https:\\\/\\\/www.copealcoy.es\\\/es\\\/la-crisi-de-la-covid-19-marca-linici-del-curs\\\/#article\",\"isPartOf\":{\"@id\":\"https:\\\/\\\/www.copealcoy.es\\\/es\\\/la-crisi-de-la-covid-19-marca-linici-del-curs\\\/\"},\"author\":{\"name\":\"Cope Alcoy\",\"@id\":\"https:\\\/\\\/www.copealcoy.es\\\/es\\\/#\\\/schema\\\/person\\\/e777c87fa024e57d40170af9df39882c\"},\"headline\":\"La crisi de la Covid-19 marca l&#8217;inici del curs\",\"datePublished\":\"2020-09-06T19:09:51+00:00\",\"dateModified\":\"2020-09-07T11:35:17+00:00\",\"mainEntityOfPage\":{\"@id\":\"https:\\\/\\\/www.copealcoy.es\\\/es\\\/la-crisi-de-la-covid-19-marca-linici-del-curs\\\/\"},\"wordCount\":501,\"commentCount\":0,\"image\":{\"@id\":\"https:\\\/\\\/www.copealcoy.es\\\/es\\\/la-crisi-de-la-covid-19-marca-linici-del-curs\\\/#primaryimage\"},\"thumbnailUrl\":\"https:\\\/\\\/www.copealcoy.es\\\/wp-content\\\/uploads\\\/2020\\\/09\\\/Consell-Escolar-4-e1599419375486.jpeg\",\"keywords\":[\"Alcoi\",\"cole\",\"Coronavirus\",\"Covid-19\",\"curs escolar\",\"tornada\"],\"articleSection\":[\"Alcoy\",\"Educaci\u00f3n\",\"Noticias\"],\"inLanguage\":\"es\"},{\"@type\":\"WebPage\",\"@id\":\"https:\\\/\\\/www.copealcoy.es\\\/es\\\/la-crisi-de-la-covid-19-marca-linici-del-curs\\\/\",\"url\":\"https:\\\/\\\/www.copealcoy.es\\\/es\\\/la-crisi-de-la-covid-19-marca-linici-del-curs\\\/\",\"name\":\"La crisi de la Covid-19 marca l'inici del curs - COPE Alcoy\",\"isPartOf\":{\"@id\":\"https:\\\/\\\/www.copealcoy.es\\\/es\\\/#website\"},\"primaryImageOfPage\":{\"@id\":\"https:\\\/\\\/www.copealcoy.es\\\/es\\\/la-crisi-de-la-covid-19-marca-linici-del-curs\\\/#primaryimage\"},\"image\":{\"@id\":\"https:\\\/\\\/www.copealcoy.es\\\/es\\\/la-crisi-de-la-covid-19-marca-linici-del-curs\\\/#primaryimage\"},\"thumbnailUrl\":\"https:\\\/\\\/www.copealcoy.es\\\/wp-content\\\/uploads\\\/2020\\\/09\\\/Consell-Escolar-4-e1599419375486.jpeg\",\"datePublished\":\"2020-09-06T19:09:51+00:00\",\"dateModified\":\"2020-09-07T11:35:17+00:00\",\"author\":{\"@id\":\"https:\\\/\\\/www.copealcoy.es\\\/es\\\/#\\\/schema\\\/person\\\/e777c87fa024e57d40170af9df39882c\"},\"breadcrumb\":{\"@id\":\"https:\\\/\\\/www.copealcoy.es\\\/es\\\/la-crisi-de-la-covid-19-marca-linici-del-curs\\\/#breadcrumb\"},\"inLanguage\":\"es\",\"potentialAction\":[{\"@type\":\"ReadAction\",\"target\":[\"https:\\\/\\\/www.copealcoy.es\\\/es\\\/la-crisi-de-la-covid-19-marca-linici-del-curs\\\/\"]}]},{\"@type\":\"ImageObject\",\"inLanguage\":\"es\",\"@id\":\"https:\\\/\\\/www.copealcoy.es\\\/es\\\/la-crisi-de-la-covid-19-marca-linici-del-curs\\\/#primaryimage\",\"url\":\"https:\\\/\\\/www.copealcoy.es\\\/wp-content\\\/uploads\\\/2020\\\/09\\\/Consell-Escolar-4-e1599419375486.jpeg\",\"contentUrl\":\"https:\\\/\\\/www.copealcoy.es\\\/wp-content\\\/uploads\\\/2020\\\/09\\\/Consell-Escolar-4-e1599419375486.jpeg\",\"width\":1024,\"height\":583},{\"@type\":\"BreadcrumbList\",\"@id\":\"https:\\\/\\\/www.copealcoy.es\\\/es\\\/la-crisi-de-la-covid-19-marca-linici-del-curs\\\/#breadcrumb\",\"itemListElement\":[{\"@type\":\"ListItem\",\"position\":1,\"name\":\"Portada\",\"item\":\"https:\\\/\\\/www.copealcoy.es\\\/es\\\/\"},{\"@type\":\"ListItem\",\"position\":2,\"name\":\"La crisi de la Covid-19 marca l&#8217;inici del curs\"}]},{\"@type\":\"WebSite\",\"@id\":\"https:\\\/\\\/www.copealcoy.es\\\/es\\\/#website\",\"url\":\"https:\\\/\\\/www.copealcoy.es\\\/es\\\/\",\"name\":\"COPE Alcoy\",\"description\":\"Emisora COPE de radio local con emisi\u00f3n online. Pont de Sant Jordi 8-10 03803 Alcoy\",\"potentialAction\":[{\"@type\":\"SearchAction\",\"target\":{\"@type\":\"EntryPoint\",\"urlTemplate\":\"https:\\\/\\\/www.copealcoy.es\\\/es\\\/?s={search_term_string}\"},\"query-input\":{\"@type\":\"PropertyValueSpecification\",\"valueRequired\":true,\"valueName\":\"search_term_string\"}}],\"inLanguage\":\"es\"},{\"@type\":\"Person\",\"@id\":\"https:\\\/\\\/www.copealcoy.es\\\/es\\\/#\\\/schema\\\/person\\\/e777c87fa024e57d40170af9df39882c\",\"name\":\"Cope Alcoy\",\"image\":{\"@type\":\"ImageObject\",\"inLanguage\":\"es\",\"@id\":\"https:\\\/\\\/secure.gravatar.com\\\/avatar\\\/bb65d0283347e303893ba14f0692005417c1e0e690a325a4c5d8bb2b3943ee14?s=96&d=mm&r=g\",\"url\":\"https:\\\/\\\/secure.gravatar.com\\\/avatar\\\/bb65d0283347e303893ba14f0692005417c1e0e690a325a4c5d8bb2b3943ee14?s=96&d=mm&r=g\",\"contentUrl\":\"https:\\\/\\\/secure.gravatar.com\\\/avatar\\\/bb65d0283347e303893ba14f0692005417c1e0e690a325a4c5d8bb2b3943ee14?s=96&d=mm&r=g\",\"caption\":\"Cope Alcoy\"}}]}<\/script>\n<!-- \/ Yoast SEO plugin. -->","yoast_head_json":{"title":"La crisi de la Covid-19 marca l'inici del curs - COPE Alcoy","robots":{"index":"index","follow":"follow","max-snippet":"max-snippet:-1","max-image-preview":"max-image-preview:large","max-video-preview":"max-video-preview:-1"},"canonical":"https:\/\/www.copealcoy.es\/es\/la-crisi-de-la-covid-19-marca-linici-del-curs\/","og_locale":"es_ES","og_type":"article","og_title":"La crisi de la Covid-19 marca l'inici del curs - COPE Alcoy","og_description":"M\u00e9s d&#8217;11.000 estudiants d&#8217;Alcoi comencen aquest dilluns un at\u00edpic curs escolar marcat per la crisi sanit\u00e0ria de la Covid-19. A...","og_url":"https:\/\/www.copealcoy.es\/es\/la-crisi-de-la-covid-19-marca-linici-del-curs\/","og_site_name":"COPE Alcoy","article_published_time":"2020-09-06T19:09:51+00:00","article_modified_time":"2020-09-07T11:35:17+00:00","og_image":[{"width":1024,"height":583,"url":"https:\/\/www.copealcoy.es\/wp-content\/uploads\/2020\/09\/Consell-Escolar-4-e1599419375486.jpeg","type":"image\/jpeg"}],"author":"Cope Alcoy","twitter_misc":{"Escrito por":"Cope Alcoy","Tiempo de lectura":"2 minutos"},"schema":{"@context":"https:\/\/schema.org","@graph":[{"@type":"Article","@id":"https:\/\/www.copealcoy.es\/es\/la-crisi-de-la-covid-19-marca-linici-del-curs\/#article","isPartOf":{"@id":"https:\/\/www.copealcoy.es\/es\/la-crisi-de-la-covid-19-marca-linici-del-curs\/"},"author":{"name":"Cope Alcoy","@id":"https:\/\/www.copealcoy.es\/es\/#\/schema\/person\/e777c87fa024e57d40170af9df39882c"},"headline":"La crisi de la Covid-19 marca l&#8217;inici del curs","datePublished":"2020-09-06T19:09:51+00:00","dateModified":"2020-09-07T11:35:17+00:00","mainEntityOfPage":{"@id":"https:\/\/www.copealcoy.es\/es\/la-crisi-de-la-covid-19-marca-linici-del-curs\/"},"wordCount":501,"commentCount":0,"image":{"@id":"https:\/\/www.copealcoy.es\/es\/la-crisi-de-la-covid-19-marca-linici-del-curs\/#primaryimage"},"thumbnailUrl":"https:\/\/www.copealcoy.es\/wp-content\/uploads\/2020\/09\/Consell-Escolar-4-e1599419375486.jpeg","keywords":["Alcoi","cole","Coronavirus","Covid-19","curs escolar","tornada"],"articleSection":["Alcoy","Educaci\u00f3n","Noticias"],"inLanguage":"es"},{"@type":"WebPage","@id":"https:\/\/www.copealcoy.es\/es\/la-crisi-de-la-covid-19-marca-linici-del-curs\/","url":"https:\/\/www.copealcoy.es\/es\/la-crisi-de-la-covid-19-marca-linici-del-curs\/","name":"La crisi de la Covid-19 marca l'inici del curs - COPE Alcoy","isPartOf":{"@id":"https:\/\/www.copealcoy.es\/es\/#website"},"primaryImageOfPage":{"@id":"https:\/\/www.copealcoy.es\/es\/la-crisi-de-la-covid-19-marca-linici-del-curs\/#primaryimage"},"image":{"@id":"https:\/\/www.copealcoy.es\/es\/la-crisi-de-la-covid-19-marca-linici-del-curs\/#primaryimage"},"thumbnailUrl":"https:\/\/www.copealcoy.es\/wp-content\/uploads\/2020\/09\/Consell-Escolar-4-e1599419375486.jpeg","datePublished":"2020-09-06T19:09:51+00:00","dateModified":"2020-09-07T11:35:17+00:00","author":{"@id":"https:\/\/www.copealcoy.es\/es\/#\/schema\/person\/e777c87fa024e57d40170af9df39882c"},"breadcrumb":{"@id":"https:\/\/www.copealcoy.es\/es\/la-crisi-de-la-covid-19-marca-linici-del-curs\/#breadcrumb"},"inLanguage":"es","potentialAction":[{"@type":"ReadAction","target":["https:\/\/www.copealcoy.es\/es\/la-crisi-de-la-covid-19-marca-linici-del-curs\/"]}]},{"@type":"ImageObject","inLanguage":"es","@id":"https:\/\/www.copealcoy.es\/es\/la-crisi-de-la-covid-19-marca-linici-del-curs\/#primaryimage","url":"https:\/\/www.copealcoy.es\/wp-content\/uploads\/2020\/09\/Consell-Escolar-4-e1599419375486.jpeg","contentUrl":"https:\/\/www.copealcoy.es\/wp-content\/uploads\/2020\/09\/Consell-Escolar-4-e1599419375486.jpeg","width":1024,"height":583},{"@type":"BreadcrumbList","@id":"https:\/\/www.copealcoy.es\/es\/la-crisi-de-la-covid-19-marca-linici-del-curs\/#breadcrumb","itemListElement":[{"@type":"ListItem","position":1,"name":"Portada","item":"https:\/\/www.copealcoy.es\/es\/"},{"@type":"ListItem","position":2,"name":"La crisi de la Covid-19 marca l&#8217;inici del curs"}]},{"@type":"WebSite","@id":"https:\/\/www.copealcoy.es\/es\/#website","url":"https:\/\/www.copealcoy.es\/es\/","name":"COPE Alcoy","description":"Emisora COPE de radio local con emisi\u00f3n online. Pont de Sant Jordi 8-10 03803 Alcoy","potentialAction":[{"@type":"SearchAction","target":{"@type":"EntryPoint","urlTemplate":"https:\/\/www.copealcoy.es\/es\/?s={search_term_string}"},"query-input":{"@type":"PropertyValueSpecification","valueRequired":true,"valueName":"search_term_string"}}],"inLanguage":"es"},{"@type":"Person","@id":"https:\/\/www.copealcoy.es\/es\/#\/schema\/person\/e777c87fa024e57d40170af9df39882c","name":"Cope Alcoy","image":{"@type":"ImageObject","inLanguage":"es","@id":"https:\/\/secure.gravatar.com\/avatar\/bb65d0283347e303893ba14f0692005417c1e0e690a325a4c5d8bb2b3943ee14?s=96&d=mm&r=g","url":"https:\/\/secure.gravatar.com\/avatar\/bb65d0283347e303893ba14f0692005417c1e0e690a325a4c5d8bb2b3943ee14?s=96&d=mm&r=g","contentUrl":"https:\/\/secure.gravatar.com\/avatar\/bb65d0283347e303893ba14f0692005417c1e0e690a325a4c5d8bb2b3943ee14?s=96&d=mm&r=g","caption":"Cope Alcoy"}}]}},"_links":{"self":[{"href":"https:\/\/www.copealcoy.es\/es\/wp-json\/wp\/v2\/posts\/65164","targetHints":{"allow":["GET"]}}],"collection":[{"href":"https:\/\/www.copealcoy.es\/es\/wp-json\/wp\/v2\/posts"}],"about":[{"href":"https:\/\/www.copealcoy.es\/es\/wp-json\/wp\/v2\/types\/post"}],"author":[{"embeddable":true,"href":"https:\/\/www.copealcoy.es\/es\/wp-json\/wp\/v2\/users\/1"}],"replies":[{"embeddable":true,"href":"https:\/\/www.copealcoy.es\/es\/wp-json\/wp\/v2\/comments?post=65164"}],"version-history":[{"count":0,"href":"https:\/\/www.copealcoy.es\/es\/wp-json\/wp\/v2\/posts\/65164\/revisions"}],"wp:featuredmedia":[{"embeddable":true,"href":"https:\/\/www.copealcoy.es\/es\/wp-json\/wp\/v2\/media\/65165"}],"wp:attachment":[{"href":"https:\/\/www.copealcoy.es\/es\/wp-json\/wp\/v2\/media?parent=65164"}],"wp:term":[{"taxonomy":"category","embeddable":true,"href":"https:\/\/www.copealcoy.es\/es\/wp-json\/wp\/v2\/categories?post=65164"},{"taxonomy":"post_tag","embeddable":true,"href":"https:\/\/www.copealcoy.es\/es\/wp-json\/wp\/v2\/tags?post=65164"}],"curies":[{"name":"wp","href":"https:\/\/api.w.org\/{rel}","templated":true}]}}