{"id":65141,"date":"2020-09-04T16:35:34","date_gmt":"2020-09-04T16:35:34","guid":{"rendered":"https:\/\/www.copealcoy.es\/?p=65141"},"modified":"2020-09-04T16:50:35","modified_gmt":"2020-09-04T16:50:35","slug":"30-848-usuaris-passaren-per-les-piscines-municipals-dalcoi","status":"publish","type":"post","link":"https:\/\/www.copealcoy.es\/es\/30-848-usuaris-passaren-per-les-piscines-municipals-dalcoi\/","title":{"rendered":"30.848 usuaris passaren per les piscines municipals d&#8217;Alcoi"},"content":{"rendered":"<p style=\"text-align: justify;\">Un total de<strong> 30.848 usuaris<\/strong> passaren per <strong>les piscines municipals d&#8217;Alcoi<\/strong> durant aquest estiu <strong>segons les dades que ha oferit aquesta setmana la regidoria d&#8217;Esports de l&#8217;Ajuntament<\/strong> de la nostra ciutat.<\/p>\n<p style=\"text-align: justify;\">La temporada,<strong> marcada per la crisi sanit\u00e0ria de la Covid-19<\/strong> i les mesures implantades a les instal\u00b7lacions per a frenar la propagaci\u00f3 del virus, va comen\u00e7ar <strong>el passat 28 de juny<\/strong> i <strong>va finalitzar el diumenge 30 d&#8217;agost<\/strong>. Per piscines, la de <strong>Jos\u00e9 <span class=\"hiddenSpellError\">Trenzano<\/span> <span class=\"hiddenGrammarError\">Al\u00f3s<\/span><\/strong> va comptabilitzar 16.583 accessos, la de <strong>Caramanxel <span class=\"hiddenSpellError\">Juan<\/span> <span class=\"hiddenSpellError\">Agudo<\/span> <span class=\"hiddenSpellError\">Garat<\/span><\/strong> 8.299 i la de <strong>Batoi<\/strong> 5.966. Despr\u00e9s del tancament diumenge passat de les tres piscines municipals, <strong>les dades d&#8217;assist\u00e8ncia a les mateixes queden lluny de les d&#8217;anys anteriors<\/strong> a causa de la reducci\u00f3 de l&#8217;aforament a causa de la pand\u00e8mia, la no celebraci\u00f3 de jornades d&#8217;oci infantil i la suspensi\u00f3 de l&#8217;entrada gratu\u00efta per a les persones jubilades en dies assenyalats <span class=\"hiddenGrammarError\">&#8220;<\/span><em>centrant tots els esfor\u00e7os a garantir la seguretat dels usuaris i adoptant per a complir aquest objectiu totes les mesures marcades per la legislaci\u00f3 vigent, els ciutadans han tornat a respondre positivament a l&#8217;obertura de les piscines municipals, des del Govern Municipal i el Centre d\u2019Esports ens hem esfor\u00e7at al m\u00e0xim perqu\u00e8 la ciutadania haja pogut gaudir d&#8217;aquestes instal\u00b7lacions durant l&#8217;estiu oferint la m\u00e0xima seguretat possible&#8221;<\/em>, destaca el regidor d&#8217;Esports, <strong><span class=\"hiddenSpellError\">Miguel<\/span> <span class=\"hiddenSpellError\">Juan<\/span> Reig<\/strong>.<\/p>\n<p style=\"text-align: justify;\">Des de l&#8217;Ajuntament indiquen que fet aquest balan\u00e7 <strong>toca pensar ja en la temporada vinent<\/strong> i remarquen que durant l&#8217;any <strong>continuaran les tasques de manteniment<\/strong> perqu\u00e8 les piscines estiguen en perfectes condicions de cara a l&#8217;estiu del 2021.<\/p>\n","protected":false},"excerpt":{"rendered":"<p>Un total de 30.848 usuaris passaren per les piscines municipals d&#8217;Alcoi durant aquest estiu segons les dades que ha oferit&#8230;<\/p>\n","protected":false},"author":1,"featured_media":43997,"comment_status":"open","ping_status":"open","sticky":false,"template":"","format":"standard","meta":{"footnotes":""},"categories":[97,92,75],"tags":[9808,160,9809,2366,9687],"class_list":["post-65141","post","type-post","status-publish","format-standard","has-post-thumbnail","hentry","category-alcoy","category-deportes","category-noticias","tag-30-848-usuaris","tag-alcoi","tag-esports","tag-miguel-juan-reig","tag-piscines-municipals"],"yoast_head":"<!-- This site is optimized with the Yoast SEO plugin v27.3 - https:\/\/yoast.com\/product\/yoast-seo-wordpress\/ -->\n<title>30.848 usuaris passaren per les piscines municipals d&#039;Alcoi - COPE Alcoy<\/title>\n<meta name=\"robots\" content=\"index, follow, max-snippet:-1, max-image-preview:large, max-video-preview:-1\" \/>\n<link rel=\"canonical\" href=\"https:\/\/www.copealcoy.es\/es\/30-848-usuaris-passaren-per-les-piscines-municipals-dalcoi\/\" \/>\n<meta property=\"og:locale\" content=\"es_ES\" \/>\n<meta property=\"og:type\" content=\"article\" \/>\n<meta property=\"og:title\" content=\"30.848 usuaris passaren per les piscines municipals d&#039;Alcoi - COPE Alcoy\" \/>\n<meta property=\"og:description\" content=\"Un total de 30.848 usuaris passaren per les piscines municipals d&#8217;Alcoi durant aquest estiu segons les dades que ha oferit...\" \/>\n<meta property=\"og:url\" content=\"https:\/\/www.copealcoy.es\/es\/30-848-usuaris-passaren-per-les-piscines-municipals-dalcoi\/\" \/>\n<meta property=\"og:site_name\" content=\"COPE Alcoy\" \/>\n<meta property=\"article:published_time\" content=\"2020-09-04T16:35:34+00:00\" \/>\n<meta property=\"article:modified_time\" content=\"2020-09-04T16:50:35+00:00\" \/>\n<meta property=\"og:image\" content=\"https:\/\/www.copealcoy.es\/wp-content\/uploads\/2018\/07\/20180706_activitats_piscines_20180712021213-e1531500192570.jpg\" \/>\n\t<meta property=\"og:image:width\" content=\"1592\" \/>\n\t<meta property=\"og:image:height\" content=\"888\" \/>\n\t<meta property=\"og:image:type\" content=\"image\/jpeg\" \/>\n<meta name=\"author\" content=\"Cope Alcoy\" \/>\n<meta name=\"twitter:label1\" content=\"Escrito por\" \/>\n\t<meta name=\"twitter:data1\" content=\"Cope Alcoy\" \/>\n\t<meta name=\"twitter:label2\" content=\"Tiempo de lectura\" \/>\n\t<meta name=\"twitter:data2\" content=\"1 minuto\" \/>\n<script type=\"application\/ld+json\" class=\"yoast-schema-graph\">{\"@context\":\"https:\\\/\\\/schema.org\",\"@graph\":[{\"@type\":\"Article\",\"@id\":\"https:\\\/\\\/www.copealcoy.es\\\/es\\\/30-848-usuaris-passaren-per-les-piscines-municipals-dalcoi\\\/#article\",\"isPartOf\":{\"@id\":\"https:\\\/\\\/www.copealcoy.es\\\/es\\\/30-848-usuaris-passaren-per-les-piscines-municipals-dalcoi\\\/\"},\"author\":{\"name\":\"Cope Alcoy\",\"@id\":\"https:\\\/\\\/www.copealcoy.es\\\/es\\\/#\\\/schema\\\/person\\\/e777c87fa024e57d40170af9df39882c\"},\"headline\":\"30.848 usuaris passaren per les piscines municipals d&#8217;Alcoi\",\"datePublished\":\"2020-09-04T16:35:34+00:00\",\"dateModified\":\"2020-09-04T16:50:35+00:00\",\"mainEntityOfPage\":{\"@id\":\"https:\\\/\\\/www.copealcoy.es\\\/es\\\/30-848-usuaris-passaren-per-les-piscines-municipals-dalcoi\\\/\"},\"wordCount\":289,\"commentCount\":0,\"image\":{\"@id\":\"https:\\\/\\\/www.copealcoy.es\\\/es\\\/30-848-usuaris-passaren-per-les-piscines-municipals-dalcoi\\\/#primaryimage\"},\"thumbnailUrl\":\"https:\\\/\\\/www.copealcoy.es\\\/wp-content\\\/uploads\\\/2018\\\/07\\\/20180706_activitats_piscines_20180712021213-e1531500192570.jpg\",\"keywords\":[\"30.848 usuaris\",\"Alcoi\",\"esports\",\"Miguel Juan Reig\",\"piscines municipals\"],\"articleSection\":[\"Alcoy\",\"Deportes\",\"Noticias\"],\"inLanguage\":\"es\"},{\"@type\":\"WebPage\",\"@id\":\"https:\\\/\\\/www.copealcoy.es\\\/es\\\/30-848-usuaris-passaren-per-les-piscines-municipals-dalcoi\\\/\",\"url\":\"https:\\\/\\\/www.copealcoy.es\\\/es\\\/30-848-usuaris-passaren-per-les-piscines-municipals-dalcoi\\\/\",\"name\":\"30.848 usuaris passaren per les piscines municipals d'Alcoi - COPE Alcoy\",\"isPartOf\":{\"@id\":\"https:\\\/\\\/www.copealcoy.es\\\/es\\\/#website\"},\"primaryImageOfPage\":{\"@id\":\"https:\\\/\\\/www.copealcoy.es\\\/es\\\/30-848-usuaris-passaren-per-les-piscines-municipals-dalcoi\\\/#primaryimage\"},\"image\":{\"@id\":\"https:\\\/\\\/www.copealcoy.es\\\/es\\\/30-848-usuaris-passaren-per-les-piscines-municipals-dalcoi\\\/#primaryimage\"},\"thumbnailUrl\":\"https:\\\/\\\/www.copealcoy.es\\\/wp-content\\\/uploads\\\/2018\\\/07\\\/20180706_activitats_piscines_20180712021213-e1531500192570.jpg\",\"datePublished\":\"2020-09-04T16:35:34+00:00\",\"dateModified\":\"2020-09-04T16:50:35+00:00\",\"author\":{\"@id\":\"https:\\\/\\\/www.copealcoy.es\\\/es\\\/#\\\/schema\\\/person\\\/e777c87fa024e57d40170af9df39882c\"},\"breadcrumb\":{\"@id\":\"https:\\\/\\\/www.copealcoy.es\\\/es\\\/30-848-usuaris-passaren-per-les-piscines-municipals-dalcoi\\\/#breadcrumb\"},\"inLanguage\":\"es\",\"potentialAction\":[{\"@type\":\"ReadAction\",\"target\":[\"https:\\\/\\\/www.copealcoy.es\\\/es\\\/30-848-usuaris-passaren-per-les-piscines-municipals-dalcoi\\\/\"]}]},{\"@type\":\"ImageObject\",\"inLanguage\":\"es\",\"@id\":\"https:\\\/\\\/www.copealcoy.es\\\/es\\\/30-848-usuaris-passaren-per-les-piscines-municipals-dalcoi\\\/#primaryimage\",\"url\":\"https:\\\/\\\/www.copealcoy.es\\\/wp-content\\\/uploads\\\/2018\\\/07\\\/20180706_activitats_piscines_20180712021213-e1531500192570.jpg\",\"contentUrl\":\"https:\\\/\\\/www.copealcoy.es\\\/wp-content\\\/uploads\\\/2018\\\/07\\\/20180706_activitats_piscines_20180712021213-e1531500192570.jpg\",\"width\":1592,\"height\":888},{\"@type\":\"BreadcrumbList\",\"@id\":\"https:\\\/\\\/www.copealcoy.es\\\/es\\\/30-848-usuaris-passaren-per-les-piscines-municipals-dalcoi\\\/#breadcrumb\",\"itemListElement\":[{\"@type\":\"ListItem\",\"position\":1,\"name\":\"Portada\",\"item\":\"https:\\\/\\\/www.copealcoy.es\\\/es\\\/\"},{\"@type\":\"ListItem\",\"position\":2,\"name\":\"30.848 usuaris passaren per les piscines municipals d&#8217;Alcoi\"}]},{\"@type\":\"WebSite\",\"@id\":\"https:\\\/\\\/www.copealcoy.es\\\/es\\\/#website\",\"url\":\"https:\\\/\\\/www.copealcoy.es\\\/es\\\/\",\"name\":\"COPE Alcoy\",\"description\":\"Emisora COPE de radio local con emisi\u00f3n online. Pont de Sant Jordi 8-10 03803 Alcoy\",\"potentialAction\":[{\"@type\":\"SearchAction\",\"target\":{\"@type\":\"EntryPoint\",\"urlTemplate\":\"https:\\\/\\\/www.copealcoy.es\\\/es\\\/?s={search_term_string}\"},\"query-input\":{\"@type\":\"PropertyValueSpecification\",\"valueRequired\":true,\"valueName\":\"search_term_string\"}}],\"inLanguage\":\"es\"},{\"@type\":\"Person\",\"@id\":\"https:\\\/\\\/www.copealcoy.es\\\/es\\\/#\\\/schema\\\/person\\\/e777c87fa024e57d40170af9df39882c\",\"name\":\"Cope Alcoy\",\"image\":{\"@type\":\"ImageObject\",\"inLanguage\":\"es\",\"@id\":\"https:\\\/\\\/secure.gravatar.com\\\/avatar\\\/bb65d0283347e303893ba14f0692005417c1e0e690a325a4c5d8bb2b3943ee14?s=96&d=mm&r=g\",\"url\":\"https:\\\/\\\/secure.gravatar.com\\\/avatar\\\/bb65d0283347e303893ba14f0692005417c1e0e690a325a4c5d8bb2b3943ee14?s=96&d=mm&r=g\",\"contentUrl\":\"https:\\\/\\\/secure.gravatar.com\\\/avatar\\\/bb65d0283347e303893ba14f0692005417c1e0e690a325a4c5d8bb2b3943ee14?s=96&d=mm&r=g\",\"caption\":\"Cope Alcoy\"}}]}<\/script>\n<!-- \/ Yoast SEO plugin. -->","yoast_head_json":{"title":"30.848 usuaris passaren per les piscines municipals d'Alcoi - COPE Alcoy","robots":{"index":"index","follow":"follow","max-snippet":"max-snippet:-1","max-image-preview":"max-image-preview:large","max-video-preview":"max-video-preview:-1"},"canonical":"https:\/\/www.copealcoy.es\/es\/30-848-usuaris-passaren-per-les-piscines-municipals-dalcoi\/","og_locale":"es_ES","og_type":"article","og_title":"30.848 usuaris passaren per les piscines municipals d'Alcoi - COPE Alcoy","og_description":"Un total de 30.848 usuaris passaren per les piscines municipals d&#8217;Alcoi durant aquest estiu segons les dades que ha oferit...","og_url":"https:\/\/www.copealcoy.es\/es\/30-848-usuaris-passaren-per-les-piscines-municipals-dalcoi\/","og_site_name":"COPE Alcoy","article_published_time":"2020-09-04T16:35:34+00:00","article_modified_time":"2020-09-04T16:50:35+00:00","og_image":[{"width":1592,"height":888,"url":"https:\/\/www.copealcoy.es\/wp-content\/uploads\/2018\/07\/20180706_activitats_piscines_20180712021213-e1531500192570.jpg","type":"image\/jpeg"}],"author":"Cope Alcoy","twitter_misc":{"Escrito por":"Cope Alcoy","Tiempo de lectura":"1 minuto"},"schema":{"@context":"https:\/\/schema.org","@graph":[{"@type":"Article","@id":"https:\/\/www.copealcoy.es\/es\/30-848-usuaris-passaren-per-les-piscines-municipals-dalcoi\/#article","isPartOf":{"@id":"https:\/\/www.copealcoy.es\/es\/30-848-usuaris-passaren-per-les-piscines-municipals-dalcoi\/"},"author":{"name":"Cope Alcoy","@id":"https:\/\/www.copealcoy.es\/es\/#\/schema\/person\/e777c87fa024e57d40170af9df39882c"},"headline":"30.848 usuaris passaren per les piscines municipals d&#8217;Alcoi","datePublished":"2020-09-04T16:35:34+00:00","dateModified":"2020-09-04T16:50:35+00:00","mainEntityOfPage":{"@id":"https:\/\/www.copealcoy.es\/es\/30-848-usuaris-passaren-per-les-piscines-municipals-dalcoi\/"},"wordCount":289,"commentCount":0,"image":{"@id":"https:\/\/www.copealcoy.es\/es\/30-848-usuaris-passaren-per-les-piscines-municipals-dalcoi\/#primaryimage"},"thumbnailUrl":"https:\/\/www.copealcoy.es\/wp-content\/uploads\/2018\/07\/20180706_activitats_piscines_20180712021213-e1531500192570.jpg","keywords":["30.848 usuaris","Alcoi","esports","Miguel Juan Reig","piscines municipals"],"articleSection":["Alcoy","Deportes","Noticias"],"inLanguage":"es"},{"@type":"WebPage","@id":"https:\/\/www.copealcoy.es\/es\/30-848-usuaris-passaren-per-les-piscines-municipals-dalcoi\/","url":"https:\/\/www.copealcoy.es\/es\/30-848-usuaris-passaren-per-les-piscines-municipals-dalcoi\/","name":"30.848 usuaris passaren per les piscines municipals d'Alcoi - COPE Alcoy","isPartOf":{"@id":"https:\/\/www.copealcoy.es\/es\/#website"},"primaryImageOfPage":{"@id":"https:\/\/www.copealcoy.es\/es\/30-848-usuaris-passaren-per-les-piscines-municipals-dalcoi\/#primaryimage"},"image":{"@id":"https:\/\/www.copealcoy.es\/es\/30-848-usuaris-passaren-per-les-piscines-municipals-dalcoi\/#primaryimage"},"thumbnailUrl":"https:\/\/www.copealcoy.es\/wp-content\/uploads\/2018\/07\/20180706_activitats_piscines_20180712021213-e1531500192570.jpg","datePublished":"2020-09-04T16:35:34+00:00","dateModified":"2020-09-04T16:50:35+00:00","author":{"@id":"https:\/\/www.copealcoy.es\/es\/#\/schema\/person\/e777c87fa024e57d40170af9df39882c"},"breadcrumb":{"@id":"https:\/\/www.copealcoy.es\/es\/30-848-usuaris-passaren-per-les-piscines-municipals-dalcoi\/#breadcrumb"},"inLanguage":"es","potentialAction":[{"@type":"ReadAction","target":["https:\/\/www.copealcoy.es\/es\/30-848-usuaris-passaren-per-les-piscines-municipals-dalcoi\/"]}]},{"@type":"ImageObject","inLanguage":"es","@id":"https:\/\/www.copealcoy.es\/es\/30-848-usuaris-passaren-per-les-piscines-municipals-dalcoi\/#primaryimage","url":"https:\/\/www.copealcoy.es\/wp-content\/uploads\/2018\/07\/20180706_activitats_piscines_20180712021213-e1531500192570.jpg","contentUrl":"https:\/\/www.copealcoy.es\/wp-content\/uploads\/2018\/07\/20180706_activitats_piscines_20180712021213-e1531500192570.jpg","width":1592,"height":888},{"@type":"BreadcrumbList","@id":"https:\/\/www.copealcoy.es\/es\/30-848-usuaris-passaren-per-les-piscines-municipals-dalcoi\/#breadcrumb","itemListElement":[{"@type":"ListItem","position":1,"name":"Portada","item":"https:\/\/www.copealcoy.es\/es\/"},{"@type":"ListItem","position":2,"name":"30.848 usuaris passaren per les piscines municipals d&#8217;Alcoi"}]},{"@type":"WebSite","@id":"https:\/\/www.copealcoy.es\/es\/#website","url":"https:\/\/www.copealcoy.es\/es\/","name":"COPE Alcoy","description":"Emisora COPE de radio local con emisi\u00f3n online. Pont de Sant Jordi 8-10 03803 Alcoy","potentialAction":[{"@type":"SearchAction","target":{"@type":"EntryPoint","urlTemplate":"https:\/\/www.copealcoy.es\/es\/?s={search_term_string}"},"query-input":{"@type":"PropertyValueSpecification","valueRequired":true,"valueName":"search_term_string"}}],"inLanguage":"es"},{"@type":"Person","@id":"https:\/\/www.copealcoy.es\/es\/#\/schema\/person\/e777c87fa024e57d40170af9df39882c","name":"Cope Alcoy","image":{"@type":"ImageObject","inLanguage":"es","@id":"https:\/\/secure.gravatar.com\/avatar\/bb65d0283347e303893ba14f0692005417c1e0e690a325a4c5d8bb2b3943ee14?s=96&d=mm&r=g","url":"https:\/\/secure.gravatar.com\/avatar\/bb65d0283347e303893ba14f0692005417c1e0e690a325a4c5d8bb2b3943ee14?s=96&d=mm&r=g","contentUrl":"https:\/\/secure.gravatar.com\/avatar\/bb65d0283347e303893ba14f0692005417c1e0e690a325a4c5d8bb2b3943ee14?s=96&d=mm&r=g","caption":"Cope Alcoy"}}]}},"_links":{"self":[{"href":"https:\/\/www.copealcoy.es\/es\/wp-json\/wp\/v2\/posts\/65141","targetHints":{"allow":["GET"]}}],"collection":[{"href":"https:\/\/www.copealcoy.es\/es\/wp-json\/wp\/v2\/posts"}],"about":[{"href":"https:\/\/www.copealcoy.es\/es\/wp-json\/wp\/v2\/types\/post"}],"author":[{"embeddable":true,"href":"https:\/\/www.copealcoy.es\/es\/wp-json\/wp\/v2\/users\/1"}],"replies":[{"embeddable":true,"href":"https:\/\/www.copealcoy.es\/es\/wp-json\/wp\/v2\/comments?post=65141"}],"version-history":[{"count":0,"href":"https:\/\/www.copealcoy.es\/es\/wp-json\/wp\/v2\/posts\/65141\/revisions"}],"wp:featuredmedia":[{"embeddable":true,"href":"https:\/\/www.copealcoy.es\/es\/wp-json\/wp\/v2\/media\/43997"}],"wp:attachment":[{"href":"https:\/\/www.copealcoy.es\/es\/wp-json\/wp\/v2\/media?parent=65141"}],"wp:term":[{"taxonomy":"category","embeddable":true,"href":"https:\/\/www.copealcoy.es\/es\/wp-json\/wp\/v2\/categories?post=65141"},{"taxonomy":"post_tag","embeddable":true,"href":"https:\/\/www.copealcoy.es\/es\/wp-json\/wp\/v2\/tags?post=65141"}],"curies":[{"name":"wp","href":"https:\/\/api.w.org\/{rel}","templated":true}]}}