{"id":65116,"date":"2020-09-04T11:45:42","date_gmt":"2020-09-04T11:45:42","guid":{"rendered":"https:\/\/www.copealcoy.es\/?p=65116"},"modified":"2020-09-04T12:12:37","modified_gmt":"2020-09-04T12:12:37","slug":"la-romeria-a-la-font-roja-queda-finalment-suspesa","status":"publish","type":"post","link":"https:\/\/www.copealcoy.es\/es\/la-romeria-a-la-font-roja-queda-finalment-suspesa\/","title":{"rendered":"La Romeria a la Font Roja queda finalment suspesa"},"content":{"rendered":"<p style=\"text-align: justify;\">L&#8217;Ajuntament d&#8217;Alcoi i l&#8217;Arxiconfraria de la Verge\u00a0<span class=\"hiddenGrammarError\">dels Lliris<\/span>\u00a0<strong>han decidit finalment suspendre la tradicional Romeria a la Font Roja<\/strong>, una celebraci\u00f3 que estava prevista per al diumenge 20 de setembre dins dels actes festius en honor a la patrona de la ciutat. Aix\u00ed ho ha explicat en <span class=\"hiddenSpellError\">COPE<\/span>\u00a0ALCOI la Presidenta de l&#8217;entitat, <strong>Maite\u00a0<span class=\"hiddenSpellError\">Pinilla<\/span><\/strong>, al mateix temps que ha recordat que <strong>aquesta decisi\u00f3\u00a0\u00e9s la m\u00e9s encertada tenint en compte la situaci\u00f3 sanit\u00e0ria que est\u00e0 generant de nou la pand\u00e8mia de la Covid-19<\/strong> &#8220;<em>la Romeria va quedar fixada en el seu dia dins del programa d&#8217;actes de les festes patronals per\u00f2 veient que estan produint-se molts repunts de casos creiem que el m\u00e9s convenient \u00e9s no celebrar-la amb la intenci\u00f3 d&#8217;evitar grans aglomeracions de gent en la Font Roja<\/em>&#8220;, assegura.<\/p>\n<p style=\"text-align: justify;\">La suspensi\u00f3 de la Romeria fins al Carrascar<strong> no impedir\u00e0 que hi haja actes en honor a la Mare de D\u00e9u<\/strong>. Aquesta vesprada <strong>es descobrir\u00e0 el cartell anunciador en la fa\u00e7ana de l&#8217;Ajuntament<\/strong>, creat per<strong>\u00a0<span class=\"hiddenSpellError\">Ignacio<\/span>\u00a0<span class=\"hiddenSpellError\">Trelis<\/span><\/strong>, mentre que <strong>el dilluns es presentar\u00e0 la Revista\u00a0<span class=\"hiddenSpellError\">Lilia<\/span><\/strong>\u00a0a partir de les 20:<span class=\"hiddenGrammarError\">30h<\/span>\u00a0amb <strong>la portada que per a la mateixa ha creat\u00a0<span class=\"hiddenSpellError\">Lu\u00eds<\/span>\u00a0<span class=\"hiddenSpellError\">Gigante<\/span><\/strong>. Aquest acte <strong>tindr\u00e0 lloc al temple parroquial de Sant Maure i Sant Francesc<\/strong>, lloc on tamb\u00e9 se celebraran la setmana que ve <strong>cerim\u00f2nies religioses com el Tridu o la Missa Solemne<\/strong> del dissabte 19 de vesprada.<\/p>\n","protected":false},"excerpt":{"rendered":"<p>L&#8217;Ajuntament d&#8217;Alcoi i l&#8217;Arxiconfraria de la Verge\u00a0dels Lliris\u00a0han decidit finalment suspendre la tradicional Romeria a la Font Roja, una celebraci\u00f3&#8230;<\/p>\n","protected":false},"author":1,"featured_media":24935,"comment_status":"open","ping_status":"open","sticky":false,"template":"","format":"standard","meta":{"footnotes":""},"categories":[97,78,75],"tags":[160,9658,9659,9802,9656],"class_list":["post-65116","post","type-post","status-publish","format-standard","has-post-thumbnail","hentry","category-alcoy","category-fiestaycultura","category-noticias","tag-alcoi","tag-arxiconfraria","tag-maite-pinilla","tag-romeria-font-roja","tag-verge-dels-lliris"],"yoast_head":"<!-- This site is optimized with the Yoast SEO plugin v27.3 - https:\/\/yoast.com\/product\/yoast-seo-wordpress\/ -->\n<title>La Romeria a la Font Roja queda finalment suspesa - COPE Alcoy<\/title>\n<meta name=\"robots\" content=\"index, follow, max-snippet:-1, max-image-preview:large, max-video-preview:-1\" \/>\n<link rel=\"canonical\" href=\"https:\/\/www.copealcoy.es\/es\/la-romeria-a-la-font-roja-queda-finalment-suspesa\/\" \/>\n<meta property=\"og:locale\" content=\"es_ES\" \/>\n<meta property=\"og:type\" content=\"article\" \/>\n<meta property=\"og:title\" content=\"La Romeria a la Font Roja queda finalment suspesa - COPE Alcoy\" \/>\n<meta property=\"og:description\" content=\"L&#8217;Ajuntament d&#8217;Alcoi i l&#8217;Arxiconfraria de la Verge\u00a0dels Lliris\u00a0han decidit finalment suspendre la tradicional Romeria a la Font Roja, una celebraci\u00f3...\" \/>\n<meta property=\"og:url\" content=\"https:\/\/www.copealcoy.es\/es\/la-romeria-a-la-font-roja-queda-finalment-suspesa\/\" \/>\n<meta property=\"og:site_name\" content=\"COPE Alcoy\" \/>\n<meta property=\"article:published_time\" content=\"2020-09-04T11:45:42+00:00\" \/>\n<meta property=\"article:modified_time\" content=\"2020-09-04T12:12:37+00:00\" \/>\n<meta property=\"og:image\" content=\"https:\/\/www.copealcoy.es\/wp-content\/uploads\/2016\/09\/14344209_1129656563795722_1460083785278523228_n-e1474209853593.jpg\" \/>\n\t<meta property=\"og:image:width\" content=\"856\" \/>\n\t<meta property=\"og:image:height\" content=\"504\" \/>\n\t<meta property=\"og:image:type\" content=\"image\/jpeg\" \/>\n<meta name=\"author\" content=\"Cope Alcoy\" \/>\n<meta name=\"twitter:label1\" content=\"Escrito por\" \/>\n\t<meta name=\"twitter:data1\" content=\"Cope Alcoy\" \/>\n\t<meta name=\"twitter:label2\" content=\"Tiempo de lectura\" \/>\n\t<meta name=\"twitter:data2\" content=\"1 minuto\" \/>\n<script type=\"application\/ld+json\" class=\"yoast-schema-graph\">{\"@context\":\"https:\\\/\\\/schema.org\",\"@graph\":[{\"@type\":\"Article\",\"@id\":\"https:\\\/\\\/www.copealcoy.es\\\/es\\\/la-romeria-a-la-font-roja-queda-finalment-suspesa\\\/#article\",\"isPartOf\":{\"@id\":\"https:\\\/\\\/www.copealcoy.es\\\/es\\\/la-romeria-a-la-font-roja-queda-finalment-suspesa\\\/\"},\"author\":{\"name\":\"Cope Alcoy\",\"@id\":\"https:\\\/\\\/www.copealcoy.es\\\/es\\\/#\\\/schema\\\/person\\\/e777c87fa024e57d40170af9df39882c\"},\"headline\":\"La Romeria a la Font Roja queda finalment suspesa\",\"datePublished\":\"2020-09-04T11:45:42+00:00\",\"dateModified\":\"2020-09-04T12:12:37+00:00\",\"mainEntityOfPage\":{\"@id\":\"https:\\\/\\\/www.copealcoy.es\\\/es\\\/la-romeria-a-la-font-roja-queda-finalment-suspesa\\\/\"},\"wordCount\":253,\"commentCount\":0,\"image\":{\"@id\":\"https:\\\/\\\/www.copealcoy.es\\\/es\\\/la-romeria-a-la-font-roja-queda-finalment-suspesa\\\/#primaryimage\"},\"thumbnailUrl\":\"https:\\\/\\\/www.copealcoy.es\\\/wp-content\\\/uploads\\\/2016\\\/09\\\/14344209_1129656563795722_1460083785278523228_n-e1474209853593.jpg\",\"keywords\":[\"Alcoi\",\"Arxiconfraria\",\"Maite Pinilla\",\"Romeria Font Roja\",\"Verge dels Lliris\"],\"articleSection\":[\"Alcoy\",\"Fiesta y Cultura\",\"Noticias\"],\"inLanguage\":\"es\"},{\"@type\":\"WebPage\",\"@id\":\"https:\\\/\\\/www.copealcoy.es\\\/es\\\/la-romeria-a-la-font-roja-queda-finalment-suspesa\\\/\",\"url\":\"https:\\\/\\\/www.copealcoy.es\\\/es\\\/la-romeria-a-la-font-roja-queda-finalment-suspesa\\\/\",\"name\":\"La Romeria a la Font Roja queda finalment suspesa - COPE Alcoy\",\"isPartOf\":{\"@id\":\"https:\\\/\\\/www.copealcoy.es\\\/es\\\/#website\"},\"primaryImageOfPage\":{\"@id\":\"https:\\\/\\\/www.copealcoy.es\\\/es\\\/la-romeria-a-la-font-roja-queda-finalment-suspesa\\\/#primaryimage\"},\"image\":{\"@id\":\"https:\\\/\\\/www.copealcoy.es\\\/es\\\/la-romeria-a-la-font-roja-queda-finalment-suspesa\\\/#primaryimage\"},\"thumbnailUrl\":\"https:\\\/\\\/www.copealcoy.es\\\/wp-content\\\/uploads\\\/2016\\\/09\\\/14344209_1129656563795722_1460083785278523228_n-e1474209853593.jpg\",\"datePublished\":\"2020-09-04T11:45:42+00:00\",\"dateModified\":\"2020-09-04T12:12:37+00:00\",\"author\":{\"@id\":\"https:\\\/\\\/www.copealcoy.es\\\/es\\\/#\\\/schema\\\/person\\\/e777c87fa024e57d40170af9df39882c\"},\"breadcrumb\":{\"@id\":\"https:\\\/\\\/www.copealcoy.es\\\/es\\\/la-romeria-a-la-font-roja-queda-finalment-suspesa\\\/#breadcrumb\"},\"inLanguage\":\"es\",\"potentialAction\":[{\"@type\":\"ReadAction\",\"target\":[\"https:\\\/\\\/www.copealcoy.es\\\/es\\\/la-romeria-a-la-font-roja-queda-finalment-suspesa\\\/\"]}]},{\"@type\":\"ImageObject\",\"inLanguage\":\"es\",\"@id\":\"https:\\\/\\\/www.copealcoy.es\\\/es\\\/la-romeria-a-la-font-roja-queda-finalment-suspesa\\\/#primaryimage\",\"url\":\"https:\\\/\\\/www.copealcoy.es\\\/wp-content\\\/uploads\\\/2016\\\/09\\\/14344209_1129656563795722_1460083785278523228_n-e1474209853593.jpg\",\"contentUrl\":\"https:\\\/\\\/www.copealcoy.es\\\/wp-content\\\/uploads\\\/2016\\\/09\\\/14344209_1129656563795722_1460083785278523228_n-e1474209853593.jpg\",\"width\":856,\"height\":504,\"caption\":\"La Virgen ha llegado al Carrascal portada por numerosos fieles \\\/ Foto: Rafa Grau\"},{\"@type\":\"BreadcrumbList\",\"@id\":\"https:\\\/\\\/www.copealcoy.es\\\/es\\\/la-romeria-a-la-font-roja-queda-finalment-suspesa\\\/#breadcrumb\",\"itemListElement\":[{\"@type\":\"ListItem\",\"position\":1,\"name\":\"Portada\",\"item\":\"https:\\\/\\\/www.copealcoy.es\\\/es\\\/\"},{\"@type\":\"ListItem\",\"position\":2,\"name\":\"La Romeria a la Font Roja queda finalment suspesa\"}]},{\"@type\":\"WebSite\",\"@id\":\"https:\\\/\\\/www.copealcoy.es\\\/es\\\/#website\",\"url\":\"https:\\\/\\\/www.copealcoy.es\\\/es\\\/\",\"name\":\"COPE Alcoy\",\"description\":\"Emisora COPE de radio local con emisi\u00f3n online. Pont de Sant Jordi 8-10 03803 Alcoy\",\"potentialAction\":[{\"@type\":\"SearchAction\",\"target\":{\"@type\":\"EntryPoint\",\"urlTemplate\":\"https:\\\/\\\/www.copealcoy.es\\\/es\\\/?s={search_term_string}\"},\"query-input\":{\"@type\":\"PropertyValueSpecification\",\"valueRequired\":true,\"valueName\":\"search_term_string\"}}],\"inLanguage\":\"es\"},{\"@type\":\"Person\",\"@id\":\"https:\\\/\\\/www.copealcoy.es\\\/es\\\/#\\\/schema\\\/person\\\/e777c87fa024e57d40170af9df39882c\",\"name\":\"Cope Alcoy\",\"image\":{\"@type\":\"ImageObject\",\"inLanguage\":\"es\",\"@id\":\"https:\\\/\\\/secure.gravatar.com\\\/avatar\\\/bb65d0283347e303893ba14f0692005417c1e0e690a325a4c5d8bb2b3943ee14?s=96&d=mm&r=g\",\"url\":\"https:\\\/\\\/secure.gravatar.com\\\/avatar\\\/bb65d0283347e303893ba14f0692005417c1e0e690a325a4c5d8bb2b3943ee14?s=96&d=mm&r=g\",\"contentUrl\":\"https:\\\/\\\/secure.gravatar.com\\\/avatar\\\/bb65d0283347e303893ba14f0692005417c1e0e690a325a4c5d8bb2b3943ee14?s=96&d=mm&r=g\",\"caption\":\"Cope Alcoy\"}}]}<\/script>\n<!-- \/ Yoast SEO plugin. -->","yoast_head_json":{"title":"La Romeria a la Font Roja queda finalment suspesa - COPE Alcoy","robots":{"index":"index","follow":"follow","max-snippet":"max-snippet:-1","max-image-preview":"max-image-preview:large","max-video-preview":"max-video-preview:-1"},"canonical":"https:\/\/www.copealcoy.es\/es\/la-romeria-a-la-font-roja-queda-finalment-suspesa\/","og_locale":"es_ES","og_type":"article","og_title":"La Romeria a la Font Roja queda finalment suspesa - COPE Alcoy","og_description":"L&#8217;Ajuntament d&#8217;Alcoi i l&#8217;Arxiconfraria de la Verge\u00a0dels Lliris\u00a0han decidit finalment suspendre la tradicional Romeria a la Font Roja, una celebraci\u00f3...","og_url":"https:\/\/www.copealcoy.es\/es\/la-romeria-a-la-font-roja-queda-finalment-suspesa\/","og_site_name":"COPE Alcoy","article_published_time":"2020-09-04T11:45:42+00:00","article_modified_time":"2020-09-04T12:12:37+00:00","og_image":[{"width":856,"height":504,"url":"https:\/\/www.copealcoy.es\/wp-content\/uploads\/2016\/09\/14344209_1129656563795722_1460083785278523228_n-e1474209853593.jpg","type":"image\/jpeg"}],"author":"Cope Alcoy","twitter_misc":{"Escrito por":"Cope Alcoy","Tiempo de lectura":"1 minuto"},"schema":{"@context":"https:\/\/schema.org","@graph":[{"@type":"Article","@id":"https:\/\/www.copealcoy.es\/es\/la-romeria-a-la-font-roja-queda-finalment-suspesa\/#article","isPartOf":{"@id":"https:\/\/www.copealcoy.es\/es\/la-romeria-a-la-font-roja-queda-finalment-suspesa\/"},"author":{"name":"Cope Alcoy","@id":"https:\/\/www.copealcoy.es\/es\/#\/schema\/person\/e777c87fa024e57d40170af9df39882c"},"headline":"La Romeria a la Font Roja queda finalment suspesa","datePublished":"2020-09-04T11:45:42+00:00","dateModified":"2020-09-04T12:12:37+00:00","mainEntityOfPage":{"@id":"https:\/\/www.copealcoy.es\/es\/la-romeria-a-la-font-roja-queda-finalment-suspesa\/"},"wordCount":253,"commentCount":0,"image":{"@id":"https:\/\/www.copealcoy.es\/es\/la-romeria-a-la-font-roja-queda-finalment-suspesa\/#primaryimage"},"thumbnailUrl":"https:\/\/www.copealcoy.es\/wp-content\/uploads\/2016\/09\/14344209_1129656563795722_1460083785278523228_n-e1474209853593.jpg","keywords":["Alcoi","Arxiconfraria","Maite Pinilla","Romeria Font Roja","Verge dels Lliris"],"articleSection":["Alcoy","Fiesta y Cultura","Noticias"],"inLanguage":"es"},{"@type":"WebPage","@id":"https:\/\/www.copealcoy.es\/es\/la-romeria-a-la-font-roja-queda-finalment-suspesa\/","url":"https:\/\/www.copealcoy.es\/es\/la-romeria-a-la-font-roja-queda-finalment-suspesa\/","name":"La Romeria a la Font Roja queda finalment suspesa - COPE Alcoy","isPartOf":{"@id":"https:\/\/www.copealcoy.es\/es\/#website"},"primaryImageOfPage":{"@id":"https:\/\/www.copealcoy.es\/es\/la-romeria-a-la-font-roja-queda-finalment-suspesa\/#primaryimage"},"image":{"@id":"https:\/\/www.copealcoy.es\/es\/la-romeria-a-la-font-roja-queda-finalment-suspesa\/#primaryimage"},"thumbnailUrl":"https:\/\/www.copealcoy.es\/wp-content\/uploads\/2016\/09\/14344209_1129656563795722_1460083785278523228_n-e1474209853593.jpg","datePublished":"2020-09-04T11:45:42+00:00","dateModified":"2020-09-04T12:12:37+00:00","author":{"@id":"https:\/\/www.copealcoy.es\/es\/#\/schema\/person\/e777c87fa024e57d40170af9df39882c"},"breadcrumb":{"@id":"https:\/\/www.copealcoy.es\/es\/la-romeria-a-la-font-roja-queda-finalment-suspesa\/#breadcrumb"},"inLanguage":"es","potentialAction":[{"@type":"ReadAction","target":["https:\/\/www.copealcoy.es\/es\/la-romeria-a-la-font-roja-queda-finalment-suspesa\/"]}]},{"@type":"ImageObject","inLanguage":"es","@id":"https:\/\/www.copealcoy.es\/es\/la-romeria-a-la-font-roja-queda-finalment-suspesa\/#primaryimage","url":"https:\/\/www.copealcoy.es\/wp-content\/uploads\/2016\/09\/14344209_1129656563795722_1460083785278523228_n-e1474209853593.jpg","contentUrl":"https:\/\/www.copealcoy.es\/wp-content\/uploads\/2016\/09\/14344209_1129656563795722_1460083785278523228_n-e1474209853593.jpg","width":856,"height":504,"caption":"La Virgen ha llegado al Carrascal portada por numerosos fieles \/ Foto: Rafa Grau"},{"@type":"BreadcrumbList","@id":"https:\/\/www.copealcoy.es\/es\/la-romeria-a-la-font-roja-queda-finalment-suspesa\/#breadcrumb","itemListElement":[{"@type":"ListItem","position":1,"name":"Portada","item":"https:\/\/www.copealcoy.es\/es\/"},{"@type":"ListItem","position":2,"name":"La Romeria a la Font Roja queda finalment suspesa"}]},{"@type":"WebSite","@id":"https:\/\/www.copealcoy.es\/es\/#website","url":"https:\/\/www.copealcoy.es\/es\/","name":"COPE Alcoy","description":"Emisora COPE de radio local con emisi\u00f3n online. Pont de Sant Jordi 8-10 03803 Alcoy","potentialAction":[{"@type":"SearchAction","target":{"@type":"EntryPoint","urlTemplate":"https:\/\/www.copealcoy.es\/es\/?s={search_term_string}"},"query-input":{"@type":"PropertyValueSpecification","valueRequired":true,"valueName":"search_term_string"}}],"inLanguage":"es"},{"@type":"Person","@id":"https:\/\/www.copealcoy.es\/es\/#\/schema\/person\/e777c87fa024e57d40170af9df39882c","name":"Cope Alcoy","image":{"@type":"ImageObject","inLanguage":"es","@id":"https:\/\/secure.gravatar.com\/avatar\/bb65d0283347e303893ba14f0692005417c1e0e690a325a4c5d8bb2b3943ee14?s=96&d=mm&r=g","url":"https:\/\/secure.gravatar.com\/avatar\/bb65d0283347e303893ba14f0692005417c1e0e690a325a4c5d8bb2b3943ee14?s=96&d=mm&r=g","contentUrl":"https:\/\/secure.gravatar.com\/avatar\/bb65d0283347e303893ba14f0692005417c1e0e690a325a4c5d8bb2b3943ee14?s=96&d=mm&r=g","caption":"Cope Alcoy"}}]}},"_links":{"self":[{"href":"https:\/\/www.copealcoy.es\/es\/wp-json\/wp\/v2\/posts\/65116","targetHints":{"allow":["GET"]}}],"collection":[{"href":"https:\/\/www.copealcoy.es\/es\/wp-json\/wp\/v2\/posts"}],"about":[{"href":"https:\/\/www.copealcoy.es\/es\/wp-json\/wp\/v2\/types\/post"}],"author":[{"embeddable":true,"href":"https:\/\/www.copealcoy.es\/es\/wp-json\/wp\/v2\/users\/1"}],"replies":[{"embeddable":true,"href":"https:\/\/www.copealcoy.es\/es\/wp-json\/wp\/v2\/comments?post=65116"}],"version-history":[{"count":0,"href":"https:\/\/www.copealcoy.es\/es\/wp-json\/wp\/v2\/posts\/65116\/revisions"}],"wp:featuredmedia":[{"embeddable":true,"href":"https:\/\/www.copealcoy.es\/es\/wp-json\/wp\/v2\/media\/24935"}],"wp:attachment":[{"href":"https:\/\/www.copealcoy.es\/es\/wp-json\/wp\/v2\/media?parent=65116"}],"wp:term":[{"taxonomy":"category","embeddable":true,"href":"https:\/\/www.copealcoy.es\/es\/wp-json\/wp\/v2\/categories?post=65116"},{"taxonomy":"post_tag","embeddable":true,"href":"https:\/\/www.copealcoy.es\/es\/wp-json\/wp\/v2\/tags?post=65116"}],"curies":[{"name":"wp","href":"https:\/\/api.w.org\/{rel}","templated":true}]}}