{"id":65049,"date":"2020-09-02T11:50:36","date_gmt":"2020-09-02T11:50:36","guid":{"rendered":"https:\/\/www.copealcoy.es\/?p=65049"},"modified":"2020-09-02T15:06:33","modified_gmt":"2020-09-02T15:06:33","slug":"juan-jose-moncunill-dimiteix-com-a-portaveu-de-ciutadans-cocentaina","status":"publish","type":"post","link":"https:\/\/www.copealcoy.es\/es\/juan-jose-moncunill-dimiteix-com-a-portaveu-de-ciutadans-cocentaina\/","title":{"rendered":"Juan Jos\u00e9 Moncunill dimiteix com a portaveu de Ciutadans Cocentaina"},"content":{"rendered":"<p style=\"text-align: justify;\">Juan Jos\u00e9\u00a0<span class=\"hiddenSpellError\">Moncunill<\/span>\u00a0<strong>ha presentat la seua dimissi\u00f3 com a portaveu i regidor de Ciutadans<\/strong> a l&#8217;Ajuntament de Cocentaina.<\/p>\n<p style=\"text-align: justify;\">El mateix Moncunill <strong>al\u00b7lega motius personals a l&#8217;hora d&#8217;adoptar aquesta decisi\u00f3<\/strong> i explica que <strong>ha pres la mateixa perqu\u00e8 les seues creences pol\u00edtiques s&#8217;han vist barrejades<\/strong> en els \u00faltims mesos amb una circumst\u00e0ncia personal. Aquesta, segons ha pogut saber COPE ALCOY, <strong>est\u00e0 relacionada amb la construcci\u00f3 de la futura benzinera que es vol executar al poble<\/strong>, ja que <strong>existeix una vinculaci\u00f3 familiar entre el fins ara regidor i els propietaris dels terrenys on est\u00e0 previst el projecte<\/strong>\u00a0&#8220;<em>considere que el fet de ser regidor ha sigut una gran oportunitat per col\u00b7laborar en fer un poble m\u00e9s sostenible i agradable, per\u00f2 el transc\u00f3rrer\u00a0de les coses pot generar malestar a un sector del poble. En els \u00faltims mesos aquest fet est\u00e0 afectant la imatge del partit i \u00e9s per aix\u00f2, per evitar que una circumst\u00e0ncia personal i totalment legal afecte al partit, que he decidit dimitir del c\u00e0rrec de regidor i portaveu del grup municipal de\u00a0<span class=\"hiddenSpellError\">Ciudadanos<\/span>\u00a0de Cocentaina per motius personals<\/em>&#8220;, ha afirmat Juan Jos\u00e9\u00a0<span class=\"hiddenSpellError\">Moncunill<\/span>. Indicar que la regidora\u00a0<strong>Miriam Rodrigo<\/strong>, fins ara la n\u00famero 2 de Ciutadans Cocentaina, ser\u00e0 la que passe a ocupar ara el c\u00e0rrec de portaveu de la formaci\u00f3 pol\u00edtica.<\/p>\n<p style=\"text-align: justify;\"><span style=\"font-size: inherit; text-align: justify;\">Recordar que el projecte de la benzinera\u00a0<\/span><strong style=\"font-size: inherit; text-align: justify;\">est\u00e0 previst a la part alta de la poblaci\u00f3<\/strong><span style=\"font-size: inherit; text-align: justify;\">, al costat de diversos habitatges i tres centres educatius, i al mateix s&#8217;oposen gran quantitat de ve\u00efns.<\/span><\/p>\n","protected":false},"excerpt":{"rendered":"<p>Juan Jos\u00e9\u00a0Moncunill\u00a0ha presentat la seua dimissi\u00f3 com a portaveu i regidor de Ciutadans a l&#8217;Ajuntament de Cocentaina. El mateix Moncunill&#8230;<\/p>\n","protected":false},"author":1,"featured_media":51091,"comment_status":"open","ping_status":"open","sticky":false,"template":"","format":"standard","meta":{"footnotes":""},"categories":[98,75],"tags":[9786,132,9784,8724,9785],"class_list":["post-65049","post","type-post","status-publish","format-standard","has-post-thumbnail","hentry","category-comarcas","category-noticias","tag-ciutadans","tag-cocentaina","tag-dimissio","tag-juan-jose-moncunill","tag-portaveu"],"yoast_head":"<!-- This site is optimized with the Yoast SEO plugin v27.3 - https:\/\/yoast.com\/product\/yoast-seo-wordpress\/ -->\n<title>Juan Jos\u00e9 Moncunill dimiteix com a portaveu de Ciutadans Cocentaina - COPE Alcoy<\/title>\n<meta name=\"robots\" content=\"index, follow, max-snippet:-1, max-image-preview:large, max-video-preview:-1\" \/>\n<link rel=\"canonical\" href=\"https:\/\/www.copealcoy.es\/es\/juan-jose-moncunill-dimiteix-com-a-portaveu-de-ciutadans-cocentaina\/\" \/>\n<meta property=\"og:locale\" content=\"es_ES\" \/>\n<meta property=\"og:type\" content=\"article\" \/>\n<meta property=\"og:title\" content=\"Juan Jos\u00e9 Moncunill dimiteix com a portaveu de Ciutadans Cocentaina - COPE Alcoy\" \/>\n<meta property=\"og:description\" content=\"Juan Jos\u00e9\u00a0Moncunill\u00a0ha presentat la seua dimissi\u00f3 com a portaveu i regidor de Ciutadans a l&#8217;Ajuntament de Cocentaina. El mateix Moncunill...\" \/>\n<meta property=\"og:url\" content=\"https:\/\/www.copealcoy.es\/es\/juan-jose-moncunill-dimiteix-com-a-portaveu-de-ciutadans-cocentaina\/\" \/>\n<meta property=\"og:site_name\" content=\"COPE Alcoy\" \/>\n<meta property=\"article:published_time\" content=\"2020-09-02T11:50:36+00:00\" \/>\n<meta property=\"article:modified_time\" content=\"2020-09-02T15:06:33+00:00\" \/>\n<meta property=\"og:image\" content=\"https:\/\/www.copealcoy.es\/wp-content\/uploads\/2019\/05\/IMG_8105-e1558199753296-1-scaled.jpg\" \/>\n\t<meta property=\"og:image:width\" content=\"2560\" \/>\n\t<meta property=\"og:image:height\" content=\"1408\" \/>\n\t<meta property=\"og:image:type\" content=\"image\/jpeg\" \/>\n<meta name=\"author\" content=\"Cope Alcoy\" \/>\n<meta name=\"twitter:label1\" content=\"Escrito por\" \/>\n\t<meta name=\"twitter:data1\" content=\"Cope Alcoy\" \/>\n\t<meta name=\"twitter:label2\" content=\"Tiempo de lectura\" \/>\n\t<meta name=\"twitter:data2\" content=\"1 minuto\" \/>\n<script type=\"application\/ld+json\" class=\"yoast-schema-graph\">{\"@context\":\"https:\\\/\\\/schema.org\",\"@graph\":[{\"@type\":\"Article\",\"@id\":\"https:\\\/\\\/www.copealcoy.es\\\/es\\\/juan-jose-moncunill-dimiteix-com-a-portaveu-de-ciutadans-cocentaina\\\/#article\",\"isPartOf\":{\"@id\":\"https:\\\/\\\/www.copealcoy.es\\\/es\\\/juan-jose-moncunill-dimiteix-com-a-portaveu-de-ciutadans-cocentaina\\\/\"},\"author\":{\"name\":\"Cope Alcoy\",\"@id\":\"https:\\\/\\\/www.copealcoy.es\\\/es\\\/#\\\/schema\\\/person\\\/e777c87fa024e57d40170af9df39882c\"},\"headline\":\"Juan Jos\u00e9 Moncunill dimiteix com a portaveu de Ciutadans Cocentaina\",\"datePublished\":\"2020-09-02T11:50:36+00:00\",\"dateModified\":\"2020-09-02T15:06:33+00:00\",\"mainEntityOfPage\":{\"@id\":\"https:\\\/\\\/www.copealcoy.es\\\/es\\\/juan-jose-moncunill-dimiteix-com-a-portaveu-de-ciutadans-cocentaina\\\/\"},\"wordCount\":273,\"commentCount\":0,\"image\":{\"@id\":\"https:\\\/\\\/www.copealcoy.es\\\/es\\\/juan-jose-moncunill-dimiteix-com-a-portaveu-de-ciutadans-cocentaina\\\/#primaryimage\"},\"thumbnailUrl\":\"https:\\\/\\\/www.copealcoy.es\\\/wp-content\\\/uploads\\\/2019\\\/05\\\/IMG_8105-e1558199753296-1-scaled.jpg\",\"keywords\":[\"Ciutadans\",\"Cocentaina\",\"dimissi\u00f3\",\"Juan Jos\u00e9 Moncunill\",\"portaveu\"],\"articleSection\":[\"Comarcas\",\"Noticias\"],\"inLanguage\":\"es\"},{\"@type\":\"WebPage\",\"@id\":\"https:\\\/\\\/www.copealcoy.es\\\/es\\\/juan-jose-moncunill-dimiteix-com-a-portaveu-de-ciutadans-cocentaina\\\/\",\"url\":\"https:\\\/\\\/www.copealcoy.es\\\/es\\\/juan-jose-moncunill-dimiteix-com-a-portaveu-de-ciutadans-cocentaina\\\/\",\"name\":\"Juan Jos\u00e9 Moncunill dimiteix com a portaveu de Ciutadans Cocentaina - COPE Alcoy\",\"isPartOf\":{\"@id\":\"https:\\\/\\\/www.copealcoy.es\\\/es\\\/#website\"},\"primaryImageOfPage\":{\"@id\":\"https:\\\/\\\/www.copealcoy.es\\\/es\\\/juan-jose-moncunill-dimiteix-com-a-portaveu-de-ciutadans-cocentaina\\\/#primaryimage\"},\"image\":{\"@id\":\"https:\\\/\\\/www.copealcoy.es\\\/es\\\/juan-jose-moncunill-dimiteix-com-a-portaveu-de-ciutadans-cocentaina\\\/#primaryimage\"},\"thumbnailUrl\":\"https:\\\/\\\/www.copealcoy.es\\\/wp-content\\\/uploads\\\/2019\\\/05\\\/IMG_8105-e1558199753296-1-scaled.jpg\",\"datePublished\":\"2020-09-02T11:50:36+00:00\",\"dateModified\":\"2020-09-02T15:06:33+00:00\",\"author\":{\"@id\":\"https:\\\/\\\/www.copealcoy.es\\\/es\\\/#\\\/schema\\\/person\\\/e777c87fa024e57d40170af9df39882c\"},\"breadcrumb\":{\"@id\":\"https:\\\/\\\/www.copealcoy.es\\\/es\\\/juan-jose-moncunill-dimiteix-com-a-portaveu-de-ciutadans-cocentaina\\\/#breadcrumb\"},\"inLanguage\":\"es\",\"potentialAction\":[{\"@type\":\"ReadAction\",\"target\":[\"https:\\\/\\\/www.copealcoy.es\\\/es\\\/juan-jose-moncunill-dimiteix-com-a-portaveu-de-ciutadans-cocentaina\\\/\"]}]},{\"@type\":\"ImageObject\",\"inLanguage\":\"es\",\"@id\":\"https:\\\/\\\/www.copealcoy.es\\\/es\\\/juan-jose-moncunill-dimiteix-com-a-portaveu-de-ciutadans-cocentaina\\\/#primaryimage\",\"url\":\"https:\\\/\\\/www.copealcoy.es\\\/wp-content\\\/uploads\\\/2019\\\/05\\\/IMG_8105-e1558199753296-1-scaled.jpg\",\"contentUrl\":\"https:\\\/\\\/www.copealcoy.es\\\/wp-content\\\/uploads\\\/2019\\\/05\\\/IMG_8105-e1558199753296-1-scaled.jpg\",\"width\":2560,\"height\":1408,\"caption\":\"Juan Jos\u00e9 Moncunill en su entrevista en Cope Alcoy\"},{\"@type\":\"BreadcrumbList\",\"@id\":\"https:\\\/\\\/www.copealcoy.es\\\/es\\\/juan-jose-moncunill-dimiteix-com-a-portaveu-de-ciutadans-cocentaina\\\/#breadcrumb\",\"itemListElement\":[{\"@type\":\"ListItem\",\"position\":1,\"name\":\"Portada\",\"item\":\"https:\\\/\\\/www.copealcoy.es\\\/es\\\/\"},{\"@type\":\"ListItem\",\"position\":2,\"name\":\"Juan Jos\u00e9 Moncunill dimiteix com a portaveu de Ciutadans Cocentaina\"}]},{\"@type\":\"WebSite\",\"@id\":\"https:\\\/\\\/www.copealcoy.es\\\/es\\\/#website\",\"url\":\"https:\\\/\\\/www.copealcoy.es\\\/es\\\/\",\"name\":\"COPE Alcoy\",\"description\":\"Emisora COPE de radio local con emisi\u00f3n online. Pont de Sant Jordi 8-10 03803 Alcoy\",\"potentialAction\":[{\"@type\":\"SearchAction\",\"target\":{\"@type\":\"EntryPoint\",\"urlTemplate\":\"https:\\\/\\\/www.copealcoy.es\\\/es\\\/?s={search_term_string}\"},\"query-input\":{\"@type\":\"PropertyValueSpecification\",\"valueRequired\":true,\"valueName\":\"search_term_string\"}}],\"inLanguage\":\"es\"},{\"@type\":\"Person\",\"@id\":\"https:\\\/\\\/www.copealcoy.es\\\/es\\\/#\\\/schema\\\/person\\\/e777c87fa024e57d40170af9df39882c\",\"name\":\"Cope Alcoy\",\"image\":{\"@type\":\"ImageObject\",\"inLanguage\":\"es\",\"@id\":\"https:\\\/\\\/secure.gravatar.com\\\/avatar\\\/bb65d0283347e303893ba14f0692005417c1e0e690a325a4c5d8bb2b3943ee14?s=96&d=mm&r=g\",\"url\":\"https:\\\/\\\/secure.gravatar.com\\\/avatar\\\/bb65d0283347e303893ba14f0692005417c1e0e690a325a4c5d8bb2b3943ee14?s=96&d=mm&r=g\",\"contentUrl\":\"https:\\\/\\\/secure.gravatar.com\\\/avatar\\\/bb65d0283347e303893ba14f0692005417c1e0e690a325a4c5d8bb2b3943ee14?s=96&d=mm&r=g\",\"caption\":\"Cope Alcoy\"}}]}<\/script>\n<!-- \/ Yoast SEO plugin. -->","yoast_head_json":{"title":"Juan Jos\u00e9 Moncunill dimiteix com a portaveu de Ciutadans Cocentaina - COPE Alcoy","robots":{"index":"index","follow":"follow","max-snippet":"max-snippet:-1","max-image-preview":"max-image-preview:large","max-video-preview":"max-video-preview:-1"},"canonical":"https:\/\/www.copealcoy.es\/es\/juan-jose-moncunill-dimiteix-com-a-portaveu-de-ciutadans-cocentaina\/","og_locale":"es_ES","og_type":"article","og_title":"Juan Jos\u00e9 Moncunill dimiteix com a portaveu de Ciutadans Cocentaina - COPE Alcoy","og_description":"Juan Jos\u00e9\u00a0Moncunill\u00a0ha presentat la seua dimissi\u00f3 com a portaveu i regidor de Ciutadans a l&#8217;Ajuntament de Cocentaina. El mateix Moncunill...","og_url":"https:\/\/www.copealcoy.es\/es\/juan-jose-moncunill-dimiteix-com-a-portaveu-de-ciutadans-cocentaina\/","og_site_name":"COPE Alcoy","article_published_time":"2020-09-02T11:50:36+00:00","article_modified_time":"2020-09-02T15:06:33+00:00","og_image":[{"width":2560,"height":1408,"url":"https:\/\/www.copealcoy.es\/wp-content\/uploads\/2019\/05\/IMG_8105-e1558199753296-1-scaled.jpg","type":"image\/jpeg"}],"author":"Cope Alcoy","twitter_misc":{"Escrito por":"Cope Alcoy","Tiempo de lectura":"1 minuto"},"schema":{"@context":"https:\/\/schema.org","@graph":[{"@type":"Article","@id":"https:\/\/www.copealcoy.es\/es\/juan-jose-moncunill-dimiteix-com-a-portaveu-de-ciutadans-cocentaina\/#article","isPartOf":{"@id":"https:\/\/www.copealcoy.es\/es\/juan-jose-moncunill-dimiteix-com-a-portaveu-de-ciutadans-cocentaina\/"},"author":{"name":"Cope Alcoy","@id":"https:\/\/www.copealcoy.es\/es\/#\/schema\/person\/e777c87fa024e57d40170af9df39882c"},"headline":"Juan Jos\u00e9 Moncunill dimiteix com a portaveu de Ciutadans Cocentaina","datePublished":"2020-09-02T11:50:36+00:00","dateModified":"2020-09-02T15:06:33+00:00","mainEntityOfPage":{"@id":"https:\/\/www.copealcoy.es\/es\/juan-jose-moncunill-dimiteix-com-a-portaveu-de-ciutadans-cocentaina\/"},"wordCount":273,"commentCount":0,"image":{"@id":"https:\/\/www.copealcoy.es\/es\/juan-jose-moncunill-dimiteix-com-a-portaveu-de-ciutadans-cocentaina\/#primaryimage"},"thumbnailUrl":"https:\/\/www.copealcoy.es\/wp-content\/uploads\/2019\/05\/IMG_8105-e1558199753296-1-scaled.jpg","keywords":["Ciutadans","Cocentaina","dimissi\u00f3","Juan Jos\u00e9 Moncunill","portaveu"],"articleSection":["Comarcas","Noticias"],"inLanguage":"es"},{"@type":"WebPage","@id":"https:\/\/www.copealcoy.es\/es\/juan-jose-moncunill-dimiteix-com-a-portaveu-de-ciutadans-cocentaina\/","url":"https:\/\/www.copealcoy.es\/es\/juan-jose-moncunill-dimiteix-com-a-portaveu-de-ciutadans-cocentaina\/","name":"Juan Jos\u00e9 Moncunill dimiteix com a portaveu de Ciutadans Cocentaina - COPE Alcoy","isPartOf":{"@id":"https:\/\/www.copealcoy.es\/es\/#website"},"primaryImageOfPage":{"@id":"https:\/\/www.copealcoy.es\/es\/juan-jose-moncunill-dimiteix-com-a-portaveu-de-ciutadans-cocentaina\/#primaryimage"},"image":{"@id":"https:\/\/www.copealcoy.es\/es\/juan-jose-moncunill-dimiteix-com-a-portaveu-de-ciutadans-cocentaina\/#primaryimage"},"thumbnailUrl":"https:\/\/www.copealcoy.es\/wp-content\/uploads\/2019\/05\/IMG_8105-e1558199753296-1-scaled.jpg","datePublished":"2020-09-02T11:50:36+00:00","dateModified":"2020-09-02T15:06:33+00:00","author":{"@id":"https:\/\/www.copealcoy.es\/es\/#\/schema\/person\/e777c87fa024e57d40170af9df39882c"},"breadcrumb":{"@id":"https:\/\/www.copealcoy.es\/es\/juan-jose-moncunill-dimiteix-com-a-portaveu-de-ciutadans-cocentaina\/#breadcrumb"},"inLanguage":"es","potentialAction":[{"@type":"ReadAction","target":["https:\/\/www.copealcoy.es\/es\/juan-jose-moncunill-dimiteix-com-a-portaveu-de-ciutadans-cocentaina\/"]}]},{"@type":"ImageObject","inLanguage":"es","@id":"https:\/\/www.copealcoy.es\/es\/juan-jose-moncunill-dimiteix-com-a-portaveu-de-ciutadans-cocentaina\/#primaryimage","url":"https:\/\/www.copealcoy.es\/wp-content\/uploads\/2019\/05\/IMG_8105-e1558199753296-1-scaled.jpg","contentUrl":"https:\/\/www.copealcoy.es\/wp-content\/uploads\/2019\/05\/IMG_8105-e1558199753296-1-scaled.jpg","width":2560,"height":1408,"caption":"Juan Jos\u00e9 Moncunill en su entrevista en Cope Alcoy"},{"@type":"BreadcrumbList","@id":"https:\/\/www.copealcoy.es\/es\/juan-jose-moncunill-dimiteix-com-a-portaveu-de-ciutadans-cocentaina\/#breadcrumb","itemListElement":[{"@type":"ListItem","position":1,"name":"Portada","item":"https:\/\/www.copealcoy.es\/es\/"},{"@type":"ListItem","position":2,"name":"Juan Jos\u00e9 Moncunill dimiteix com a portaveu de Ciutadans Cocentaina"}]},{"@type":"WebSite","@id":"https:\/\/www.copealcoy.es\/es\/#website","url":"https:\/\/www.copealcoy.es\/es\/","name":"COPE Alcoy","description":"Emisora COPE de radio local con emisi\u00f3n online. Pont de Sant Jordi 8-10 03803 Alcoy","potentialAction":[{"@type":"SearchAction","target":{"@type":"EntryPoint","urlTemplate":"https:\/\/www.copealcoy.es\/es\/?s={search_term_string}"},"query-input":{"@type":"PropertyValueSpecification","valueRequired":true,"valueName":"search_term_string"}}],"inLanguage":"es"},{"@type":"Person","@id":"https:\/\/www.copealcoy.es\/es\/#\/schema\/person\/e777c87fa024e57d40170af9df39882c","name":"Cope Alcoy","image":{"@type":"ImageObject","inLanguage":"es","@id":"https:\/\/secure.gravatar.com\/avatar\/bb65d0283347e303893ba14f0692005417c1e0e690a325a4c5d8bb2b3943ee14?s=96&d=mm&r=g","url":"https:\/\/secure.gravatar.com\/avatar\/bb65d0283347e303893ba14f0692005417c1e0e690a325a4c5d8bb2b3943ee14?s=96&d=mm&r=g","contentUrl":"https:\/\/secure.gravatar.com\/avatar\/bb65d0283347e303893ba14f0692005417c1e0e690a325a4c5d8bb2b3943ee14?s=96&d=mm&r=g","caption":"Cope Alcoy"}}]}},"_links":{"self":[{"href":"https:\/\/www.copealcoy.es\/es\/wp-json\/wp\/v2\/posts\/65049","targetHints":{"allow":["GET"]}}],"collection":[{"href":"https:\/\/www.copealcoy.es\/es\/wp-json\/wp\/v2\/posts"}],"about":[{"href":"https:\/\/www.copealcoy.es\/es\/wp-json\/wp\/v2\/types\/post"}],"author":[{"embeddable":true,"href":"https:\/\/www.copealcoy.es\/es\/wp-json\/wp\/v2\/users\/1"}],"replies":[{"embeddable":true,"href":"https:\/\/www.copealcoy.es\/es\/wp-json\/wp\/v2\/comments?post=65049"}],"version-history":[{"count":0,"href":"https:\/\/www.copealcoy.es\/es\/wp-json\/wp\/v2\/posts\/65049\/revisions"}],"wp:featuredmedia":[{"embeddable":true,"href":"https:\/\/www.copealcoy.es\/es\/wp-json\/wp\/v2\/media\/51091"}],"wp:attachment":[{"href":"https:\/\/www.copealcoy.es\/es\/wp-json\/wp\/v2\/media?parent=65049"}],"wp:term":[{"taxonomy":"category","embeddable":true,"href":"https:\/\/www.copealcoy.es\/es\/wp-json\/wp\/v2\/categories?post=65049"},{"taxonomy":"post_tag","embeddable":true,"href":"https:\/\/www.copealcoy.es\/es\/wp-json\/wp\/v2\/tags?post=65049"}],"curies":[{"name":"wp","href":"https:\/\/api.w.org\/{rel}","templated":true}]}}