{"id":65032,"date":"2020-09-02T10:15:46","date_gmt":"2020-09-02T10:15:46","guid":{"rendered":"https:\/\/www.copealcoy.es\/?p=65032"},"modified":"2020-09-02T10:26:38","modified_gmt":"2020-09-02T10:26:38","slug":"entra-en-funcionament-el-servei-de-transport-universitari-de-la-mancomunitat","status":"publish","type":"post","link":"https:\/\/www.copealcoy.es\/es\/entra-en-funcionament-el-servei-de-transport-universitari-de-la-mancomunitat\/","title":{"rendered":"Entra en funcionament el servei de transport universitari de la Mancomunitat"},"content":{"rendered":"<p style=\"text-align: justify;\">La <strong>Mancomunitat de l&#8217;Alcoi\u00e0-Comtat<\/strong> ha tornat a <strong>posar en funcionament el transport universitari<\/strong> cap a Alacant, un servei que va entrar en funcionament\u00a0 durant la jornada d&#8217;ahir.<\/p>\n<p class=\"p5\" style=\"text-align: justify;\"><span class=\"s1\">L\u2019alumnat que comence els seus estudis el present curs 2020\/2021 <strong>ja pot sol\u00b7licitar la seua targeta de transport<\/strong>, mentre que les persones que ja disposen d\u2019ella i l\u2019hagen emprat per al curs anterior <strong>han de sol\u00b7licitar la seua renovaci\u00f3 abans del 31 d\u2019octubre<\/strong>.<\/span><\/p>\n<p class=\"p5\" style=\"text-align: justify;\"><span class=\"s1\">Les sol\u00b7licituds enguany <strong>es fan \u00edntegrament de forma telem\u00e0tica des de la\u00a0<a href=\"http:\/\/macalcoiaicomtat.sedelectronica.es\/\"><span class=\"s3\"><span style=\"color: #0000ff;\">seu electr\u00f2nica de la Mancomunitat<\/span><\/span><\/a><\/strong>, amb l\u2019objectiu de fer el tr\u00e0mit m\u00e9s c\u00f2mode i segur per als usuaris.<\/span><\/p>\n<p class=\"p5\" style=\"text-align: justify;\"><span class=\"s1\">Indicar que <strong>el servei compta amb dos autobusos<\/strong>, un d\u2019anada a les 7 h i un de tornada a les 15.30h. A partir del <strong>14 de setembre<\/strong>, quan comen\u00e7a el curs acad\u00e8mic, <strong>els autobusos tornaran a fer l\u2019horari habitual<\/strong>, amb 6 opcions d\u2019anada i 9 de tornada. L\u2019autob\u00fas fa el trajecte que <strong>uneix Muro, Cocentaina i Alcoi amb el Campus de la Universitat d\u2019Alacant en Sant Vicent del Raspeig<\/strong> i funciona <strong>de dilluns a divendres<\/strong>, a excepci\u00f3 dels festius, durant el per\u00edode lectiu, d\u2019acord amb <a href=\"https:\/\/sga.ua.es\/es\/documentos\/normativa-academica\/calendario\/calendario-academico-2019-20.pdf\"><span class=\"s4\">el calendari acad\u00e8mic<\/span><\/a>, que estipula els dies lectius, festius, per\u00edodes d\u2019ex\u00e0mens i per\u00edodes de vacances. A<\/span><span class=\"s1\">\u00a0m\u00e9s, els usuaris de l\u2019STU <strong>poden viatjar a la l\u00ednia regular Alcoi-Alacant<\/strong> al mateix preu redu\u00eft.<\/span><\/p>\n<p class=\"p5\" style=\"text-align: justify;\"><span class=\"s1\">El <strong>preu habitual<\/strong> per als viatgers de la l\u00ednia regular que uneix Alcoi amb Alacant \u00e9s de <strong>7,80\u20ac<\/strong>, m\u00e9s <strong>el cost que suposa pels usuaris d\u2019altres municipis el transport fins a Alcoi<\/strong>. Amb el Servei de Transport Universitari, <strong>els usuaris s\u2019estalvien entre el 77% i el 84% del cost<\/strong> que suposaria realitzar el mateix trajecte sense subvencionar.<\/span><\/p>\n<p class=\"p5\" style=\"text-align: justify;\"><span class=\"s1\">Els <strong>abonaments disponibles<\/strong> s\u00f3n els seg\u00fcents:<\/span><\/p>\n<ul class=\"ul1\" style=\"text-align: justify;\">\n<li class=\"li5\"><span class=\"s1\">Abonament 1 viatge. 1,80\u20ac.<\/span><\/li>\n<li class=\"li5\"><span class=\"s1\">Abonament 10 viatges. 16,50\u20ac.<\/span><\/li>\n<li class=\"li5\"><span class=\"s1\">Abonament 20 viatges. 32\u20ac.<\/span><\/li>\n<li class=\"li5\"><span class=\"s1\">Abonament mensual. 55\u20ac.<\/span><\/li>\n<\/ul>\n<p class=\"p5\" style=\"text-align: justify;\"><span class=\"s1\">Els viatges <strong>es poden adquirir<\/strong>, una vegada l\u2019usuari dispose de la seua targeta de transport, als departaments de joventut d\u2019Alcoi, Cocentaina i Muro i a l\u2019estaci\u00f3 d\u2019autobusos d\u2019Alcoi.<\/span><\/p>\n<p class=\"p5\" style=\"text-align: justify;\"><span class=\"s1\">Les persones interessades<strong> ja poden trobar\u00a0<\/strong><a href=\"https:\/\/lamancomunitat.org\/transport-universitari-stu\/\"><span class=\"s3\"><strong>tota la informaci\u00f3 <span style=\"color: #0000ff;\">a l\u2019apartat de l\u2019STU<\/span> <\/strong>de la p\u00e0gina web\u00a0<\/span><\/a>de la Mancomunitat de l\u2019Alcoi\u00e0 i el Comtat.<\/span><\/p>\n","protected":false},"excerpt":{"rendered":"<p>La Mancomunitat de l&#8217;Alcoi\u00e0-Comtat ha tornat a posar en funcionament el transport universitari cap a Alacant, un servei que va&#8230;<\/p>\n","protected":false},"author":1,"featured_media":52768,"comment_status":"open","ping_status":"open","sticky":false,"template":"","format":"standard","meta":{"footnotes":""},"categories":[98,75],"tags":[482,237,7758,1745,9778],"class_list":["post-65032","post","type-post","status-publish","format-standard","has-post-thumbnail","hentry","category-comarcas","category-noticias","tag-alcoia","tag-comtat","tag-funcionament","tag-mancomunitat","tag-servei-de-transport-universitari"],"yoast_head":"<!-- This site is optimized with the Yoast SEO plugin v27.3 - https:\/\/yoast.com\/product\/yoast-seo-wordpress\/ -->\n<title>Entra en funcionament el servei de transport universitari de la Mancomunitat - COPE Alcoy<\/title>\n<meta name=\"robots\" content=\"index, follow, max-snippet:-1, max-image-preview:large, max-video-preview:-1\" \/>\n<link rel=\"canonical\" href=\"https:\/\/www.copealcoy.es\/es\/entra-en-funcionament-el-servei-de-transport-universitari-de-la-mancomunitat\/\" \/>\n<meta property=\"og:locale\" content=\"es_ES\" \/>\n<meta property=\"og:type\" content=\"article\" \/>\n<meta property=\"og:title\" content=\"Entra en funcionament el servei de transport universitari de la Mancomunitat - COPE Alcoy\" \/>\n<meta property=\"og:description\" content=\"La Mancomunitat de l&#8217;Alcoi\u00e0-Comtat ha tornat a posar en funcionament el transport universitari cap a Alacant, un servei que va...\" \/>\n<meta property=\"og:url\" content=\"https:\/\/www.copealcoy.es\/es\/entra-en-funcionament-el-servei-de-transport-universitari-de-la-mancomunitat\/\" \/>\n<meta property=\"og:site_name\" content=\"COPE Alcoy\" \/>\n<meta property=\"article:published_time\" content=\"2020-09-02T10:15:46+00:00\" \/>\n<meta property=\"article:modified_time\" content=\"2020-09-02T10:26:38+00:00\" \/>\n<meta property=\"og:image\" content=\"https:\/\/www.copealcoy.es\/wp-content\/uploads\/2019\/07\/grp_vectalia_car-1.jpg\" \/>\n\t<meta property=\"og:image:width\" content=\"550\" \/>\n\t<meta property=\"og:image:height\" content=\"267\" \/>\n\t<meta property=\"og:image:type\" content=\"image\/jpeg\" \/>\n<meta name=\"author\" content=\"Cope Alcoy\" \/>\n<meta name=\"twitter:label1\" content=\"Escrito por\" \/>\n\t<meta name=\"twitter:data1\" content=\"Cope Alcoy\" \/>\n\t<meta name=\"twitter:label2\" content=\"Tiempo de lectura\" \/>\n\t<meta name=\"twitter:data2\" content=\"2 minutos\" \/>\n<script type=\"application\/ld+json\" class=\"yoast-schema-graph\">{\"@context\":\"https:\\\/\\\/schema.org\",\"@graph\":[{\"@type\":\"Article\",\"@id\":\"https:\\\/\\\/www.copealcoy.es\\\/es\\\/entra-en-funcionament-el-servei-de-transport-universitari-de-la-mancomunitat\\\/#article\",\"isPartOf\":{\"@id\":\"https:\\\/\\\/www.copealcoy.es\\\/es\\\/entra-en-funcionament-el-servei-de-transport-universitari-de-la-mancomunitat\\\/\"},\"author\":{\"name\":\"Cope Alcoy\",\"@id\":\"https:\\\/\\\/www.copealcoy.es\\\/es\\\/#\\\/schema\\\/person\\\/e777c87fa024e57d40170af9df39882c\"},\"headline\":\"Entra en funcionament el servei de transport universitari de la Mancomunitat\",\"datePublished\":\"2020-09-02T10:15:46+00:00\",\"dateModified\":\"2020-09-02T10:26:38+00:00\",\"mainEntityOfPage\":{\"@id\":\"https:\\\/\\\/www.copealcoy.es\\\/es\\\/entra-en-funcionament-el-servei-de-transport-universitari-de-la-mancomunitat\\\/\"},\"wordCount\":393,\"commentCount\":0,\"image\":{\"@id\":\"https:\\\/\\\/www.copealcoy.es\\\/es\\\/entra-en-funcionament-el-servei-de-transport-universitari-de-la-mancomunitat\\\/#primaryimage\"},\"thumbnailUrl\":\"https:\\\/\\\/www.copealcoy.es\\\/wp-content\\\/uploads\\\/2019\\\/07\\\/grp_vectalia_car-1.jpg\",\"keywords\":[\"Alcoi\u00e0\",\"Comtat\",\"funcionament\",\"Mancomunitat\",\"servei de transport universitari\"],\"articleSection\":[\"Comarcas\",\"Noticias\"],\"inLanguage\":\"es\"},{\"@type\":\"WebPage\",\"@id\":\"https:\\\/\\\/www.copealcoy.es\\\/es\\\/entra-en-funcionament-el-servei-de-transport-universitari-de-la-mancomunitat\\\/\",\"url\":\"https:\\\/\\\/www.copealcoy.es\\\/es\\\/entra-en-funcionament-el-servei-de-transport-universitari-de-la-mancomunitat\\\/\",\"name\":\"Entra en funcionament el servei de transport universitari de la Mancomunitat - COPE Alcoy\",\"isPartOf\":{\"@id\":\"https:\\\/\\\/www.copealcoy.es\\\/es\\\/#website\"},\"primaryImageOfPage\":{\"@id\":\"https:\\\/\\\/www.copealcoy.es\\\/es\\\/entra-en-funcionament-el-servei-de-transport-universitari-de-la-mancomunitat\\\/#primaryimage\"},\"image\":{\"@id\":\"https:\\\/\\\/www.copealcoy.es\\\/es\\\/entra-en-funcionament-el-servei-de-transport-universitari-de-la-mancomunitat\\\/#primaryimage\"},\"thumbnailUrl\":\"https:\\\/\\\/www.copealcoy.es\\\/wp-content\\\/uploads\\\/2019\\\/07\\\/grp_vectalia_car-1.jpg\",\"datePublished\":\"2020-09-02T10:15:46+00:00\",\"dateModified\":\"2020-09-02T10:26:38+00:00\",\"author\":{\"@id\":\"https:\\\/\\\/www.copealcoy.es\\\/es\\\/#\\\/schema\\\/person\\\/e777c87fa024e57d40170af9df39882c\"},\"breadcrumb\":{\"@id\":\"https:\\\/\\\/www.copealcoy.es\\\/es\\\/entra-en-funcionament-el-servei-de-transport-universitari-de-la-mancomunitat\\\/#breadcrumb\"},\"inLanguage\":\"es\",\"potentialAction\":[{\"@type\":\"ReadAction\",\"target\":[\"https:\\\/\\\/www.copealcoy.es\\\/es\\\/entra-en-funcionament-el-servei-de-transport-universitari-de-la-mancomunitat\\\/\"]}]},{\"@type\":\"ImageObject\",\"inLanguage\":\"es\",\"@id\":\"https:\\\/\\\/www.copealcoy.es\\\/es\\\/entra-en-funcionament-el-servei-de-transport-universitari-de-la-mancomunitat\\\/#primaryimage\",\"url\":\"https:\\\/\\\/www.copealcoy.es\\\/wp-content\\\/uploads\\\/2019\\\/07\\\/grp_vectalia_car-1.jpg\",\"contentUrl\":\"https:\\\/\\\/www.copealcoy.es\\\/wp-content\\\/uploads\\\/2019\\\/07\\\/grp_vectalia_car-1.jpg\",\"width\":550,\"height\":267},{\"@type\":\"BreadcrumbList\",\"@id\":\"https:\\\/\\\/www.copealcoy.es\\\/es\\\/entra-en-funcionament-el-servei-de-transport-universitari-de-la-mancomunitat\\\/#breadcrumb\",\"itemListElement\":[{\"@type\":\"ListItem\",\"position\":1,\"name\":\"Portada\",\"item\":\"https:\\\/\\\/www.copealcoy.es\\\/es\\\/\"},{\"@type\":\"ListItem\",\"position\":2,\"name\":\"Entra en funcionament el servei de transport universitari de la Mancomunitat\"}]},{\"@type\":\"WebSite\",\"@id\":\"https:\\\/\\\/www.copealcoy.es\\\/es\\\/#website\",\"url\":\"https:\\\/\\\/www.copealcoy.es\\\/es\\\/\",\"name\":\"COPE Alcoy\",\"description\":\"Emisora COPE de radio local con emisi\u00f3n online. Pont de Sant Jordi 8-10 03803 Alcoy\",\"potentialAction\":[{\"@type\":\"SearchAction\",\"target\":{\"@type\":\"EntryPoint\",\"urlTemplate\":\"https:\\\/\\\/www.copealcoy.es\\\/es\\\/?s={search_term_string}\"},\"query-input\":{\"@type\":\"PropertyValueSpecification\",\"valueRequired\":true,\"valueName\":\"search_term_string\"}}],\"inLanguage\":\"es\"},{\"@type\":\"Person\",\"@id\":\"https:\\\/\\\/www.copealcoy.es\\\/es\\\/#\\\/schema\\\/person\\\/e777c87fa024e57d40170af9df39882c\",\"name\":\"Cope Alcoy\",\"image\":{\"@type\":\"ImageObject\",\"inLanguage\":\"es\",\"@id\":\"https:\\\/\\\/secure.gravatar.com\\\/avatar\\\/bb65d0283347e303893ba14f0692005417c1e0e690a325a4c5d8bb2b3943ee14?s=96&d=mm&r=g\",\"url\":\"https:\\\/\\\/secure.gravatar.com\\\/avatar\\\/bb65d0283347e303893ba14f0692005417c1e0e690a325a4c5d8bb2b3943ee14?s=96&d=mm&r=g\",\"contentUrl\":\"https:\\\/\\\/secure.gravatar.com\\\/avatar\\\/bb65d0283347e303893ba14f0692005417c1e0e690a325a4c5d8bb2b3943ee14?s=96&d=mm&r=g\",\"caption\":\"Cope Alcoy\"}}]}<\/script>\n<!-- \/ Yoast SEO plugin. -->","yoast_head_json":{"title":"Entra en funcionament el servei de transport universitari de la Mancomunitat - COPE Alcoy","robots":{"index":"index","follow":"follow","max-snippet":"max-snippet:-1","max-image-preview":"max-image-preview:large","max-video-preview":"max-video-preview:-1"},"canonical":"https:\/\/www.copealcoy.es\/es\/entra-en-funcionament-el-servei-de-transport-universitari-de-la-mancomunitat\/","og_locale":"es_ES","og_type":"article","og_title":"Entra en funcionament el servei de transport universitari de la Mancomunitat - COPE Alcoy","og_description":"La Mancomunitat de l&#8217;Alcoi\u00e0-Comtat ha tornat a posar en funcionament el transport universitari cap a Alacant, un servei que va...","og_url":"https:\/\/www.copealcoy.es\/es\/entra-en-funcionament-el-servei-de-transport-universitari-de-la-mancomunitat\/","og_site_name":"COPE Alcoy","article_published_time":"2020-09-02T10:15:46+00:00","article_modified_time":"2020-09-02T10:26:38+00:00","og_image":[{"width":550,"height":267,"url":"https:\/\/www.copealcoy.es\/wp-content\/uploads\/2019\/07\/grp_vectalia_car-1.jpg","type":"image\/jpeg"}],"author":"Cope Alcoy","twitter_misc":{"Escrito por":"Cope Alcoy","Tiempo de lectura":"2 minutos"},"schema":{"@context":"https:\/\/schema.org","@graph":[{"@type":"Article","@id":"https:\/\/www.copealcoy.es\/es\/entra-en-funcionament-el-servei-de-transport-universitari-de-la-mancomunitat\/#article","isPartOf":{"@id":"https:\/\/www.copealcoy.es\/es\/entra-en-funcionament-el-servei-de-transport-universitari-de-la-mancomunitat\/"},"author":{"name":"Cope Alcoy","@id":"https:\/\/www.copealcoy.es\/es\/#\/schema\/person\/e777c87fa024e57d40170af9df39882c"},"headline":"Entra en funcionament el servei de transport universitari de la Mancomunitat","datePublished":"2020-09-02T10:15:46+00:00","dateModified":"2020-09-02T10:26:38+00:00","mainEntityOfPage":{"@id":"https:\/\/www.copealcoy.es\/es\/entra-en-funcionament-el-servei-de-transport-universitari-de-la-mancomunitat\/"},"wordCount":393,"commentCount":0,"image":{"@id":"https:\/\/www.copealcoy.es\/es\/entra-en-funcionament-el-servei-de-transport-universitari-de-la-mancomunitat\/#primaryimage"},"thumbnailUrl":"https:\/\/www.copealcoy.es\/wp-content\/uploads\/2019\/07\/grp_vectalia_car-1.jpg","keywords":["Alcoi\u00e0","Comtat","funcionament","Mancomunitat","servei de transport universitari"],"articleSection":["Comarcas","Noticias"],"inLanguage":"es"},{"@type":"WebPage","@id":"https:\/\/www.copealcoy.es\/es\/entra-en-funcionament-el-servei-de-transport-universitari-de-la-mancomunitat\/","url":"https:\/\/www.copealcoy.es\/es\/entra-en-funcionament-el-servei-de-transport-universitari-de-la-mancomunitat\/","name":"Entra en funcionament el servei de transport universitari de la Mancomunitat - COPE Alcoy","isPartOf":{"@id":"https:\/\/www.copealcoy.es\/es\/#website"},"primaryImageOfPage":{"@id":"https:\/\/www.copealcoy.es\/es\/entra-en-funcionament-el-servei-de-transport-universitari-de-la-mancomunitat\/#primaryimage"},"image":{"@id":"https:\/\/www.copealcoy.es\/es\/entra-en-funcionament-el-servei-de-transport-universitari-de-la-mancomunitat\/#primaryimage"},"thumbnailUrl":"https:\/\/www.copealcoy.es\/wp-content\/uploads\/2019\/07\/grp_vectalia_car-1.jpg","datePublished":"2020-09-02T10:15:46+00:00","dateModified":"2020-09-02T10:26:38+00:00","author":{"@id":"https:\/\/www.copealcoy.es\/es\/#\/schema\/person\/e777c87fa024e57d40170af9df39882c"},"breadcrumb":{"@id":"https:\/\/www.copealcoy.es\/es\/entra-en-funcionament-el-servei-de-transport-universitari-de-la-mancomunitat\/#breadcrumb"},"inLanguage":"es","potentialAction":[{"@type":"ReadAction","target":["https:\/\/www.copealcoy.es\/es\/entra-en-funcionament-el-servei-de-transport-universitari-de-la-mancomunitat\/"]}]},{"@type":"ImageObject","inLanguage":"es","@id":"https:\/\/www.copealcoy.es\/es\/entra-en-funcionament-el-servei-de-transport-universitari-de-la-mancomunitat\/#primaryimage","url":"https:\/\/www.copealcoy.es\/wp-content\/uploads\/2019\/07\/grp_vectalia_car-1.jpg","contentUrl":"https:\/\/www.copealcoy.es\/wp-content\/uploads\/2019\/07\/grp_vectalia_car-1.jpg","width":550,"height":267},{"@type":"BreadcrumbList","@id":"https:\/\/www.copealcoy.es\/es\/entra-en-funcionament-el-servei-de-transport-universitari-de-la-mancomunitat\/#breadcrumb","itemListElement":[{"@type":"ListItem","position":1,"name":"Portada","item":"https:\/\/www.copealcoy.es\/es\/"},{"@type":"ListItem","position":2,"name":"Entra en funcionament el servei de transport universitari de la Mancomunitat"}]},{"@type":"WebSite","@id":"https:\/\/www.copealcoy.es\/es\/#website","url":"https:\/\/www.copealcoy.es\/es\/","name":"COPE Alcoy","description":"Emisora COPE de radio local con emisi\u00f3n online. Pont de Sant Jordi 8-10 03803 Alcoy","potentialAction":[{"@type":"SearchAction","target":{"@type":"EntryPoint","urlTemplate":"https:\/\/www.copealcoy.es\/es\/?s={search_term_string}"},"query-input":{"@type":"PropertyValueSpecification","valueRequired":true,"valueName":"search_term_string"}}],"inLanguage":"es"},{"@type":"Person","@id":"https:\/\/www.copealcoy.es\/es\/#\/schema\/person\/e777c87fa024e57d40170af9df39882c","name":"Cope Alcoy","image":{"@type":"ImageObject","inLanguage":"es","@id":"https:\/\/secure.gravatar.com\/avatar\/bb65d0283347e303893ba14f0692005417c1e0e690a325a4c5d8bb2b3943ee14?s=96&d=mm&r=g","url":"https:\/\/secure.gravatar.com\/avatar\/bb65d0283347e303893ba14f0692005417c1e0e690a325a4c5d8bb2b3943ee14?s=96&d=mm&r=g","contentUrl":"https:\/\/secure.gravatar.com\/avatar\/bb65d0283347e303893ba14f0692005417c1e0e690a325a4c5d8bb2b3943ee14?s=96&d=mm&r=g","caption":"Cope Alcoy"}}]}},"_links":{"self":[{"href":"https:\/\/www.copealcoy.es\/es\/wp-json\/wp\/v2\/posts\/65032","targetHints":{"allow":["GET"]}}],"collection":[{"href":"https:\/\/www.copealcoy.es\/es\/wp-json\/wp\/v2\/posts"}],"about":[{"href":"https:\/\/www.copealcoy.es\/es\/wp-json\/wp\/v2\/types\/post"}],"author":[{"embeddable":true,"href":"https:\/\/www.copealcoy.es\/es\/wp-json\/wp\/v2\/users\/1"}],"replies":[{"embeddable":true,"href":"https:\/\/www.copealcoy.es\/es\/wp-json\/wp\/v2\/comments?post=65032"}],"version-history":[{"count":0,"href":"https:\/\/www.copealcoy.es\/es\/wp-json\/wp\/v2\/posts\/65032\/revisions"}],"wp:featuredmedia":[{"embeddable":true,"href":"https:\/\/www.copealcoy.es\/es\/wp-json\/wp\/v2\/media\/52768"}],"wp:attachment":[{"href":"https:\/\/www.copealcoy.es\/es\/wp-json\/wp\/v2\/media?parent=65032"}],"wp:term":[{"taxonomy":"category","embeddable":true,"href":"https:\/\/www.copealcoy.es\/es\/wp-json\/wp\/v2\/categories?post=65032"},{"taxonomy":"post_tag","embeddable":true,"href":"https:\/\/www.copealcoy.es\/es\/wp-json\/wp\/v2\/tags?post=65032"}],"curies":[{"name":"wp","href":"https:\/\/api.w.org\/{rel}","templated":true}]}}