{"id":65010,"date":"2020-09-01T10:48:43","date_gmt":"2020-09-01T10:48:43","guid":{"rendered":"https:\/\/www.copealcoy.es\/?p=65010"},"modified":"2020-09-01T11:20:58","modified_gmt":"2020-09-01T11:20:58","slug":"alcoi-posa-en-marxa-una-nova-campanya-dels-pressupostos-participatius","status":"publish","type":"post","link":"https:\/\/www.copealcoy.es\/es\/alcoi-posa-en-marxa-una-nova-campanya-dels-pressupostos-participatius\/","title":{"rendered":"Alcoi posa en marxa una nova campanya dels Pressupostos Participatius"},"content":{"rendered":"<p style=\"text-align: justify;\">L&#8217;<strong>Ajuntament d&#8217;Alcoi<\/strong> ha llan\u00e7at <strong>una nova edici\u00f3 de la campanya dels Pressupostos Participatius<\/strong>, una iniciativa per a la qual <strong>s&#8217;ha destinat de nou una partida de 400.000 euros<\/strong>. D&#8217;aquesta quantitat, <strong>un total de 320.000 euros van destinats a propostes d&#8217;inversi\u00f3 i 80.000 a iniciatives de despesa corrent<\/strong> &#8220;<em>la campanya estar\u00e0 condicionada per la Covid-19 pero tenim previst realitzar totes les activitats previstes si la pand\u00e8mia ho permet. Hem plantejat, una vegada m\u00e9s, tallers per a la ciutadania, activitats en els centres educatius i de majors o les votacions presencials<\/em>&#8220;, afirma <strong>Tere Sanjuan<\/strong>, regidora de Democr\u00e0cia Participativa a l&#8217;Ajuntament d&#8217;Alcoi.<\/p>\n<p style=\"text-align: justify;\">Recordar que despr\u00e9s de la presentaci\u00f3 de propostes <strong>els t\u00e8cnis de l&#8217;Ajuntament valoraran les mateixes entre el 2 i el 22 de novembre<\/strong> mentre que <strong>del 25 de novembre al \u00a08 de desembre tindr\u00e0 lloc el per\u00edode de votacions<\/strong>. Les iniciatives que isquen dels tallers participatius <strong>no necessitaran aval<\/strong>, per\u00f2 les altres, <strong>necessitaran un aval de 50 persones<\/strong>.<\/p>\n<p><iframe loading=\"lazy\" title=\"RP Pressupostos Participatius 2020\" width=\"1200\" height=\"675\" src=\"https:\/\/www.youtube.com\/embed\/Ml0Vhkh5gB8?feature=oembed\" frameborder=\"0\" allow=\"accelerometer; autoplay; encrypted-media; gyroscope; picture-in-picture\" allowfullscreen><\/iframe><\/p>\n","protected":false},"excerpt":{"rendered":"<p>L&#8217;Ajuntament d&#8217;Alcoi ha llan\u00e7at una nova edici\u00f3 de la campanya dels Pressupostos Participatius, una iniciativa per a la qual s&#8217;ha&#8230;<\/p>\n","protected":false},"author":1,"featured_media":65011,"comment_status":"open","ping_status":"open","sticky":false,"template":"","format":"standard","meta":{"footnotes":""},"categories":[97,75,79],"tags":[160,9775,9669,6962],"class_list":["post-65010","post","type-post","status-publish","format-standard","has-post-thumbnail","hentry","category-alcoy","category-noticias","category-politicayeconomia","tag-alcoi","tag-nova-campanya","tag-pressupostos-participatius","tag-tere-sanjuan"],"yoast_head":"<!-- This site is optimized with the Yoast SEO plugin v27.3 - https:\/\/yoast.com\/product\/yoast-seo-wordpress\/ -->\n<title>Alcoi posa en marxa una nova campanya dels Pressupostos Participatius - COPE Alcoy<\/title>\n<meta name=\"robots\" content=\"index, follow, max-snippet:-1, max-image-preview:large, max-video-preview:-1\" \/>\n<link rel=\"canonical\" href=\"https:\/\/www.copealcoy.es\/es\/alcoi-posa-en-marxa-una-nova-campanya-dels-pressupostos-participatius\/\" \/>\n<meta property=\"og:locale\" content=\"es_ES\" \/>\n<meta property=\"og:type\" content=\"article\" \/>\n<meta property=\"og:title\" content=\"Alcoi posa en marxa una nova campanya dels Pressupostos Participatius - COPE Alcoy\" \/>\n<meta property=\"og:description\" content=\"L&#8217;Ajuntament d&#8217;Alcoi ha llan\u00e7at una nova edici\u00f3 de la campanya dels Pressupostos Participatius, una iniciativa per a la qual s&#8217;ha...\" \/>\n<meta property=\"og:url\" content=\"https:\/\/www.copealcoy.es\/es\/alcoi-posa-en-marxa-una-nova-campanya-dels-pressupostos-participatius\/\" \/>\n<meta property=\"og:site_name\" content=\"COPE Alcoy\" \/>\n<meta property=\"article:published_time\" content=\"2020-09-01T10:48:43+00:00\" \/>\n<meta property=\"article:modified_time\" content=\"2020-09-01T11:20:58+00:00\" \/>\n<meta property=\"og:image\" content=\"https:\/\/www.copealcoy.es\/wp-content\/uploads\/2020\/09\/RP-Pressupostos-Participatius-1.jpeg\" \/>\n\t<meta property=\"og:image:width\" content=\"877\" \/>\n\t<meta property=\"og:image:height\" content=\"585\" \/>\n\t<meta property=\"og:image:type\" content=\"image\/jpeg\" \/>\n<meta name=\"author\" content=\"Cope Alcoy\" \/>\n<meta name=\"twitter:label1\" content=\"Escrito por\" \/>\n\t<meta name=\"twitter:data1\" content=\"Cope Alcoy\" \/>\n\t<meta name=\"twitter:label2\" content=\"Tiempo de lectura\" \/>\n\t<meta name=\"twitter:data2\" content=\"1 minuto\" \/>\n<script type=\"application\/ld+json\" class=\"yoast-schema-graph\">{\"@context\":\"https:\\\/\\\/schema.org\",\"@graph\":[{\"@type\":\"Article\",\"@id\":\"https:\\\/\\\/www.copealcoy.es\\\/es\\\/alcoi-posa-en-marxa-una-nova-campanya-dels-pressupostos-participatius\\\/#article\",\"isPartOf\":{\"@id\":\"https:\\\/\\\/www.copealcoy.es\\\/es\\\/alcoi-posa-en-marxa-una-nova-campanya-dels-pressupostos-participatius\\\/\"},\"author\":{\"name\":\"Cope Alcoy\",\"@id\":\"https:\\\/\\\/www.copealcoy.es\\\/es\\\/#\\\/schema\\\/person\\\/e777c87fa024e57d40170af9df39882c\"},\"headline\":\"Alcoi posa en marxa una nova campanya dels Pressupostos Participatius\",\"datePublished\":\"2020-09-01T10:48:43+00:00\",\"dateModified\":\"2020-09-01T11:20:58+00:00\",\"mainEntityOfPage\":{\"@id\":\"https:\\\/\\\/www.copealcoy.es\\\/es\\\/alcoi-posa-en-marxa-una-nova-campanya-dels-pressupostos-participatius\\\/\"},\"wordCount\":180,\"commentCount\":0,\"image\":{\"@id\":\"https:\\\/\\\/www.copealcoy.es\\\/es\\\/alcoi-posa-en-marxa-una-nova-campanya-dels-pressupostos-participatius\\\/#primaryimage\"},\"thumbnailUrl\":\"https:\\\/\\\/www.copealcoy.es\\\/wp-content\\\/uploads\\\/2020\\\/09\\\/RP-Pressupostos-Participatius-1.jpeg\",\"keywords\":[\"Alcoi\",\"nova campanya\",\"Pressupostos Participatius\",\"Tere Sanjuan\"],\"articleSection\":[\"Alcoy\",\"Noticias\",\"Pol\u00edtica y Econom\u00eda\"],\"inLanguage\":\"es\"},{\"@type\":\"WebPage\",\"@id\":\"https:\\\/\\\/www.copealcoy.es\\\/es\\\/alcoi-posa-en-marxa-una-nova-campanya-dels-pressupostos-participatius\\\/\",\"url\":\"https:\\\/\\\/www.copealcoy.es\\\/es\\\/alcoi-posa-en-marxa-una-nova-campanya-dels-pressupostos-participatius\\\/\",\"name\":\"Alcoi posa en marxa una nova campanya dels Pressupostos Participatius - COPE Alcoy\",\"isPartOf\":{\"@id\":\"https:\\\/\\\/www.copealcoy.es\\\/es\\\/#website\"},\"primaryImageOfPage\":{\"@id\":\"https:\\\/\\\/www.copealcoy.es\\\/es\\\/alcoi-posa-en-marxa-una-nova-campanya-dels-pressupostos-participatius\\\/#primaryimage\"},\"image\":{\"@id\":\"https:\\\/\\\/www.copealcoy.es\\\/es\\\/alcoi-posa-en-marxa-una-nova-campanya-dels-pressupostos-participatius\\\/#primaryimage\"},\"thumbnailUrl\":\"https:\\\/\\\/www.copealcoy.es\\\/wp-content\\\/uploads\\\/2020\\\/09\\\/RP-Pressupostos-Participatius-1.jpeg\",\"datePublished\":\"2020-09-01T10:48:43+00:00\",\"dateModified\":\"2020-09-01T11:20:58+00:00\",\"author\":{\"@id\":\"https:\\\/\\\/www.copealcoy.es\\\/es\\\/#\\\/schema\\\/person\\\/e777c87fa024e57d40170af9df39882c\"},\"breadcrumb\":{\"@id\":\"https:\\\/\\\/www.copealcoy.es\\\/es\\\/alcoi-posa-en-marxa-una-nova-campanya-dels-pressupostos-participatius\\\/#breadcrumb\"},\"inLanguage\":\"es\",\"potentialAction\":[{\"@type\":\"ReadAction\",\"target\":[\"https:\\\/\\\/www.copealcoy.es\\\/es\\\/alcoi-posa-en-marxa-una-nova-campanya-dels-pressupostos-participatius\\\/\"]}]},{\"@type\":\"ImageObject\",\"inLanguage\":\"es\",\"@id\":\"https:\\\/\\\/www.copealcoy.es\\\/es\\\/alcoi-posa-en-marxa-una-nova-campanya-dels-pressupostos-participatius\\\/#primaryimage\",\"url\":\"https:\\\/\\\/www.copealcoy.es\\\/wp-content\\\/uploads\\\/2020\\\/09\\\/RP-Pressupostos-Participatius-1.jpeg\",\"contentUrl\":\"https:\\\/\\\/www.copealcoy.es\\\/wp-content\\\/uploads\\\/2020\\\/09\\\/RP-Pressupostos-Participatius-1.jpeg\",\"width\":877,\"height\":585},{\"@type\":\"BreadcrumbList\",\"@id\":\"https:\\\/\\\/www.copealcoy.es\\\/es\\\/alcoi-posa-en-marxa-una-nova-campanya-dels-pressupostos-participatius\\\/#breadcrumb\",\"itemListElement\":[{\"@type\":\"ListItem\",\"position\":1,\"name\":\"Portada\",\"item\":\"https:\\\/\\\/www.copealcoy.es\\\/es\\\/\"},{\"@type\":\"ListItem\",\"position\":2,\"name\":\"Alcoi posa en marxa una nova campanya dels Pressupostos Participatius\"}]},{\"@type\":\"WebSite\",\"@id\":\"https:\\\/\\\/www.copealcoy.es\\\/es\\\/#website\",\"url\":\"https:\\\/\\\/www.copealcoy.es\\\/es\\\/\",\"name\":\"COPE Alcoy\",\"description\":\"Emisora COPE de radio local con emisi\u00f3n online. Pont de Sant Jordi 8-10 03803 Alcoy\",\"potentialAction\":[{\"@type\":\"SearchAction\",\"target\":{\"@type\":\"EntryPoint\",\"urlTemplate\":\"https:\\\/\\\/www.copealcoy.es\\\/es\\\/?s={search_term_string}\"},\"query-input\":{\"@type\":\"PropertyValueSpecification\",\"valueRequired\":true,\"valueName\":\"search_term_string\"}}],\"inLanguage\":\"es\"},{\"@type\":\"Person\",\"@id\":\"https:\\\/\\\/www.copealcoy.es\\\/es\\\/#\\\/schema\\\/person\\\/e777c87fa024e57d40170af9df39882c\",\"name\":\"Cope Alcoy\",\"image\":{\"@type\":\"ImageObject\",\"inLanguage\":\"es\",\"@id\":\"https:\\\/\\\/secure.gravatar.com\\\/avatar\\\/bb65d0283347e303893ba14f0692005417c1e0e690a325a4c5d8bb2b3943ee14?s=96&d=mm&r=g\",\"url\":\"https:\\\/\\\/secure.gravatar.com\\\/avatar\\\/bb65d0283347e303893ba14f0692005417c1e0e690a325a4c5d8bb2b3943ee14?s=96&d=mm&r=g\",\"contentUrl\":\"https:\\\/\\\/secure.gravatar.com\\\/avatar\\\/bb65d0283347e303893ba14f0692005417c1e0e690a325a4c5d8bb2b3943ee14?s=96&d=mm&r=g\",\"caption\":\"Cope Alcoy\"}}]}<\/script>\n<!-- \/ Yoast SEO plugin. -->","yoast_head_json":{"title":"Alcoi posa en marxa una nova campanya dels Pressupostos Participatius - COPE Alcoy","robots":{"index":"index","follow":"follow","max-snippet":"max-snippet:-1","max-image-preview":"max-image-preview:large","max-video-preview":"max-video-preview:-1"},"canonical":"https:\/\/www.copealcoy.es\/es\/alcoi-posa-en-marxa-una-nova-campanya-dels-pressupostos-participatius\/","og_locale":"es_ES","og_type":"article","og_title":"Alcoi posa en marxa una nova campanya dels Pressupostos Participatius - COPE Alcoy","og_description":"L&#8217;Ajuntament d&#8217;Alcoi ha llan\u00e7at una nova edici\u00f3 de la campanya dels Pressupostos Participatius, una iniciativa per a la qual s&#8217;ha...","og_url":"https:\/\/www.copealcoy.es\/es\/alcoi-posa-en-marxa-una-nova-campanya-dels-pressupostos-participatius\/","og_site_name":"COPE Alcoy","article_published_time":"2020-09-01T10:48:43+00:00","article_modified_time":"2020-09-01T11:20:58+00:00","og_image":[{"width":877,"height":585,"url":"https:\/\/www.copealcoy.es\/wp-content\/uploads\/2020\/09\/RP-Pressupostos-Participatius-1.jpeg","type":"image\/jpeg"}],"author":"Cope Alcoy","twitter_misc":{"Escrito por":"Cope Alcoy","Tiempo de lectura":"1 minuto"},"schema":{"@context":"https:\/\/schema.org","@graph":[{"@type":"Article","@id":"https:\/\/www.copealcoy.es\/es\/alcoi-posa-en-marxa-una-nova-campanya-dels-pressupostos-participatius\/#article","isPartOf":{"@id":"https:\/\/www.copealcoy.es\/es\/alcoi-posa-en-marxa-una-nova-campanya-dels-pressupostos-participatius\/"},"author":{"name":"Cope Alcoy","@id":"https:\/\/www.copealcoy.es\/es\/#\/schema\/person\/e777c87fa024e57d40170af9df39882c"},"headline":"Alcoi posa en marxa una nova campanya dels Pressupostos Participatius","datePublished":"2020-09-01T10:48:43+00:00","dateModified":"2020-09-01T11:20:58+00:00","mainEntityOfPage":{"@id":"https:\/\/www.copealcoy.es\/es\/alcoi-posa-en-marxa-una-nova-campanya-dels-pressupostos-participatius\/"},"wordCount":180,"commentCount":0,"image":{"@id":"https:\/\/www.copealcoy.es\/es\/alcoi-posa-en-marxa-una-nova-campanya-dels-pressupostos-participatius\/#primaryimage"},"thumbnailUrl":"https:\/\/www.copealcoy.es\/wp-content\/uploads\/2020\/09\/RP-Pressupostos-Participatius-1.jpeg","keywords":["Alcoi","nova campanya","Pressupostos Participatius","Tere Sanjuan"],"articleSection":["Alcoy","Noticias","Pol\u00edtica y Econom\u00eda"],"inLanguage":"es"},{"@type":"WebPage","@id":"https:\/\/www.copealcoy.es\/es\/alcoi-posa-en-marxa-una-nova-campanya-dels-pressupostos-participatius\/","url":"https:\/\/www.copealcoy.es\/es\/alcoi-posa-en-marxa-una-nova-campanya-dels-pressupostos-participatius\/","name":"Alcoi posa en marxa una nova campanya dels Pressupostos Participatius - COPE Alcoy","isPartOf":{"@id":"https:\/\/www.copealcoy.es\/es\/#website"},"primaryImageOfPage":{"@id":"https:\/\/www.copealcoy.es\/es\/alcoi-posa-en-marxa-una-nova-campanya-dels-pressupostos-participatius\/#primaryimage"},"image":{"@id":"https:\/\/www.copealcoy.es\/es\/alcoi-posa-en-marxa-una-nova-campanya-dels-pressupostos-participatius\/#primaryimage"},"thumbnailUrl":"https:\/\/www.copealcoy.es\/wp-content\/uploads\/2020\/09\/RP-Pressupostos-Participatius-1.jpeg","datePublished":"2020-09-01T10:48:43+00:00","dateModified":"2020-09-01T11:20:58+00:00","author":{"@id":"https:\/\/www.copealcoy.es\/es\/#\/schema\/person\/e777c87fa024e57d40170af9df39882c"},"breadcrumb":{"@id":"https:\/\/www.copealcoy.es\/es\/alcoi-posa-en-marxa-una-nova-campanya-dels-pressupostos-participatius\/#breadcrumb"},"inLanguage":"es","potentialAction":[{"@type":"ReadAction","target":["https:\/\/www.copealcoy.es\/es\/alcoi-posa-en-marxa-una-nova-campanya-dels-pressupostos-participatius\/"]}]},{"@type":"ImageObject","inLanguage":"es","@id":"https:\/\/www.copealcoy.es\/es\/alcoi-posa-en-marxa-una-nova-campanya-dels-pressupostos-participatius\/#primaryimage","url":"https:\/\/www.copealcoy.es\/wp-content\/uploads\/2020\/09\/RP-Pressupostos-Participatius-1.jpeg","contentUrl":"https:\/\/www.copealcoy.es\/wp-content\/uploads\/2020\/09\/RP-Pressupostos-Participatius-1.jpeg","width":877,"height":585},{"@type":"BreadcrumbList","@id":"https:\/\/www.copealcoy.es\/es\/alcoi-posa-en-marxa-una-nova-campanya-dels-pressupostos-participatius\/#breadcrumb","itemListElement":[{"@type":"ListItem","position":1,"name":"Portada","item":"https:\/\/www.copealcoy.es\/es\/"},{"@type":"ListItem","position":2,"name":"Alcoi posa en marxa una nova campanya dels Pressupostos Participatius"}]},{"@type":"WebSite","@id":"https:\/\/www.copealcoy.es\/es\/#website","url":"https:\/\/www.copealcoy.es\/es\/","name":"COPE Alcoy","description":"Emisora COPE de radio local con emisi\u00f3n online. Pont de Sant Jordi 8-10 03803 Alcoy","potentialAction":[{"@type":"SearchAction","target":{"@type":"EntryPoint","urlTemplate":"https:\/\/www.copealcoy.es\/es\/?s={search_term_string}"},"query-input":{"@type":"PropertyValueSpecification","valueRequired":true,"valueName":"search_term_string"}}],"inLanguage":"es"},{"@type":"Person","@id":"https:\/\/www.copealcoy.es\/es\/#\/schema\/person\/e777c87fa024e57d40170af9df39882c","name":"Cope Alcoy","image":{"@type":"ImageObject","inLanguage":"es","@id":"https:\/\/secure.gravatar.com\/avatar\/bb65d0283347e303893ba14f0692005417c1e0e690a325a4c5d8bb2b3943ee14?s=96&d=mm&r=g","url":"https:\/\/secure.gravatar.com\/avatar\/bb65d0283347e303893ba14f0692005417c1e0e690a325a4c5d8bb2b3943ee14?s=96&d=mm&r=g","contentUrl":"https:\/\/secure.gravatar.com\/avatar\/bb65d0283347e303893ba14f0692005417c1e0e690a325a4c5d8bb2b3943ee14?s=96&d=mm&r=g","caption":"Cope Alcoy"}}]}},"_links":{"self":[{"href":"https:\/\/www.copealcoy.es\/es\/wp-json\/wp\/v2\/posts\/65010","targetHints":{"allow":["GET"]}}],"collection":[{"href":"https:\/\/www.copealcoy.es\/es\/wp-json\/wp\/v2\/posts"}],"about":[{"href":"https:\/\/www.copealcoy.es\/es\/wp-json\/wp\/v2\/types\/post"}],"author":[{"embeddable":true,"href":"https:\/\/www.copealcoy.es\/es\/wp-json\/wp\/v2\/users\/1"}],"replies":[{"embeddable":true,"href":"https:\/\/www.copealcoy.es\/es\/wp-json\/wp\/v2\/comments?post=65010"}],"version-history":[{"count":0,"href":"https:\/\/www.copealcoy.es\/es\/wp-json\/wp\/v2\/posts\/65010\/revisions"}],"wp:featuredmedia":[{"embeddable":true,"href":"https:\/\/www.copealcoy.es\/es\/wp-json\/wp\/v2\/media\/65011"}],"wp:attachment":[{"href":"https:\/\/www.copealcoy.es\/es\/wp-json\/wp\/v2\/media?parent=65010"}],"wp:term":[{"taxonomy":"category","embeddable":true,"href":"https:\/\/www.copealcoy.es\/es\/wp-json\/wp\/v2\/categories?post=65010"},{"taxonomy":"post_tag","embeddable":true,"href":"https:\/\/www.copealcoy.es\/es\/wp-json\/wp\/v2\/tags?post=65010"}],"curies":[{"name":"wp","href":"https:\/\/api.w.org\/{rel}","templated":true}]}}