{"id":64666,"date":"2020-08-12T10:15:12","date_gmt":"2020-08-12T10:15:12","guid":{"rendered":"https:\/\/www.copealcoy.es\/?p=64666"},"modified":"2020-08-13T11:46:49","modified_gmt":"2020-08-13T11:46:49","slug":"moises-olcina-estar-en-acacias-38-ha-sigut-una-bonica-experiencia","status":"publish","type":"post","link":"https:\/\/www.copealcoy.es\/es\/moises-olcina-estar-en-acacias-38-ha-sigut-una-bonica-experiencia\/","title":{"rendered":"Mois\u00e9s Olcina: &#8220;estar en &#8216;Acacias 38&#8242; ha sigut una bonica experi\u00e8ncia&#8217;"},"content":{"rendered":"<p style=\"text-align: justify;\">El m\u00fasic alcoi\u00e0 <strong>Mois\u00e9s Olcina<\/strong> ha participat en<strong> la s\u00e8rie de les sobretaules de La\u00a0<span class=\"hiddenSpellError\">Uno<\/span>\u00a0de TVE &#8216;<span class=\"hiddenSpellError\">Acacias<\/span>\u00a038<\/strong>&#8216;, una <strong>longeva producci\u00f3 audiovisual<\/strong> que <strong>registra importants \u00edndexs d&#8217;audi\u00e8ncia<\/strong> en la televisi\u00f3 p\u00fablica cada vesprada.<\/p>\n<p style=\"text-align: justify;\">Cal destacar que <strong>Olcina ha interpretat a un m\u00fasic que arriba a Madrid per realitzar una prova de cara a entrar en una orquestra<\/strong> i que <strong>mant\u00e9 una relaci\u00f3 amorosa amb una de les protagonistes<\/strong> del serial. El saxofonista explica que <strong>va arribar a &#8216;<span class=\"hiddenSpellError\">Acacias<\/span>\u00a038&#8242; de la m\u00e0 d&#8217;un dels seus guionistes<\/strong>, en aquest cas l&#8217;alcoi\u00e0 Miquel\u00a0<span class=\"hiddenSpellError\">Peidr\u00f3<\/span>, i <strong>qualifica l&#8217;experi\u00e8ncia de molt gratificant<\/strong> &#8220;<em>pensava que tindria un paper testimonial i quan vaig rebre el gui\u00f3 vaig veure que tenia moltes p\u00e0gines per a aprendre. La veritat \u00e9s que sempre he tingut afici\u00f3 per la interpretaci\u00f3 i amb aquesta oportunitat he pogut gaudir molt d&#8217;una altra faceta art\u00edstica al mateix temps que viscut des de dins el ritme fren\u00e8tic de la gravaci\u00f3 d&#8217;una s\u00e8rie di\u00e0ria. He rebut un tracte meravell\u00f3s per part de tot l&#8217;equip i s\u00f3n tots fant\u00e0stics<\/em>&#8220;, ha afirmat en\u00a0<span class=\"hiddenSpellError\">COPE<\/span>\u00a0<span class=\"hiddenSpellError\">ALCOY<\/span>\u00a0el protagonista.<\/p>\n<p style=\"text-align: justify;\">Mois\u00e9s Olcina <strong>podria tornar a apar\u00e9ixer en &#8216;<span class=\"hiddenSpellError\">Acacias<\/span>\u00a038&#8242; m\u00e9s endavant<\/strong>, ja que, tal com hi ha assegurat en la nostra r\u00e0dio, <strong>el seu personatge ha desaparegut moment\u00e0niament de la s\u00e8rie per\u00f2 encara hi ha apareixen moltes refer\u00e8ncies del mateix<\/strong> al gui\u00f3 del serial.<\/p>\n","protected":false},"excerpt":{"rendered":"<p>El m\u00fasic alcoi\u00e0 Mois\u00e9s Olcina ha participat en la s\u00e8rie de les sobretaules de La\u00a0Uno\u00a0de TVE &#8216;Acacias\u00a038&#8216;, una longeva producci\u00f3&#8230;<\/p>\n","protected":false},"author":1,"featured_media":64667,"comment_status":"open","ping_status":"open","sticky":false,"template":"","format":"standard","meta":{"footnotes":""},"categories":[97,78,75],"tags":[9717,9718,3783,157,9719,9720],"class_list":["post-64666","post","type-post","status-publish","format-standard","has-post-thumbnail","hentry","category-alcoy","category-fiestaycultura","category-noticias","tag-acacias-38","tag-actuacio","tag-moises-olcina","tag-participacio","tag-serie","tag-tve"],"yoast_head":"<!-- This site is optimized with the Yoast SEO plugin v27.3 - https:\/\/yoast.com\/product\/yoast-seo-wordpress\/ -->\n<title>Mois\u00e9s Olcina: &quot;estar en &#039;Acacias 38&#039; ha sigut una bonica experi\u00e8ncia&#039; - COPE Alcoy<\/title>\n<meta name=\"robots\" content=\"index, follow, max-snippet:-1, max-image-preview:large, max-video-preview:-1\" \/>\n<link rel=\"canonical\" href=\"https:\/\/www.copealcoy.es\/es\/moises-olcina-estar-en-acacias-38-ha-sigut-una-bonica-experiencia\/\" \/>\n<meta property=\"og:locale\" content=\"es_ES\" \/>\n<meta property=\"og:type\" content=\"article\" \/>\n<meta property=\"og:title\" content=\"Mois\u00e9s Olcina: &quot;estar en &#039;Acacias 38&#039; ha sigut una bonica experi\u00e8ncia&#039; - COPE Alcoy\" \/>\n<meta property=\"og:description\" content=\"El m\u00fasic alcoi\u00e0 Mois\u00e9s Olcina ha participat en la s\u00e8rie de les sobretaules de La\u00a0Uno\u00a0de TVE &#8216;Acacias\u00a038&#8216;, una longeva producci\u00f3...\" \/>\n<meta property=\"og:url\" content=\"https:\/\/www.copealcoy.es\/es\/moises-olcina-estar-en-acacias-38-ha-sigut-una-bonica-experiencia\/\" \/>\n<meta property=\"og:site_name\" content=\"COPE Alcoy\" \/>\n<meta property=\"article:published_time\" content=\"2020-08-12T10:15:12+00:00\" \/>\n<meta property=\"article:modified_time\" content=\"2020-08-13T11:46:49+00:00\" \/>\n<meta property=\"og:image\" content=\"https:\/\/www.copealcoy.es\/wp-content\/uploads\/2020\/08\/116881144_2431342647164596_204997626374153299_o.jpg\" \/>\n\t<meta property=\"og:image:width\" content=\"1440\" \/>\n\t<meta property=\"og:image:height\" content=\"1080\" \/>\n\t<meta property=\"og:image:type\" content=\"image\/jpeg\" \/>\n<meta name=\"author\" content=\"Cope Alcoy\" \/>\n<meta name=\"twitter:label1\" content=\"Escrito por\" \/>\n\t<meta name=\"twitter:data1\" content=\"Cope Alcoy\" \/>\n\t<meta name=\"twitter:label2\" content=\"Tiempo de lectura\" \/>\n\t<meta name=\"twitter:data2\" content=\"1 minuto\" \/>\n<script type=\"application\/ld+json\" class=\"yoast-schema-graph\">{\"@context\":\"https:\\\/\\\/schema.org\",\"@graph\":[{\"@type\":\"Article\",\"@id\":\"https:\\\/\\\/www.copealcoy.es\\\/es\\\/moises-olcina-estar-en-acacias-38-ha-sigut-una-bonica-experiencia\\\/#article\",\"isPartOf\":{\"@id\":\"https:\\\/\\\/www.copealcoy.es\\\/es\\\/moises-olcina-estar-en-acacias-38-ha-sigut-una-bonica-experiencia\\\/\"},\"author\":{\"name\":\"Cope Alcoy\",\"@id\":\"https:\\\/\\\/www.copealcoy.es\\\/es\\\/#\\\/schema\\\/person\\\/e777c87fa024e57d40170af9df39882c\"},\"headline\":\"Mois\u00e9s Olcina: &#8220;estar en &#8216;Acacias 38&#8242; ha sigut una bonica experi\u00e8ncia&#8217;\",\"datePublished\":\"2020-08-12T10:15:12+00:00\",\"dateModified\":\"2020-08-13T11:46:49+00:00\",\"mainEntityOfPage\":{\"@id\":\"https:\\\/\\\/www.copealcoy.es\\\/es\\\/moises-olcina-estar-en-acacias-38-ha-sigut-una-bonica-experiencia\\\/\"},\"wordCount\":264,\"commentCount\":0,\"image\":{\"@id\":\"https:\\\/\\\/www.copealcoy.es\\\/es\\\/moises-olcina-estar-en-acacias-38-ha-sigut-una-bonica-experiencia\\\/#primaryimage\"},\"thumbnailUrl\":\"https:\\\/\\\/www.copealcoy.es\\\/wp-content\\\/uploads\\\/2020\\\/08\\\/116881144_2431342647164596_204997626374153299_o.jpg\",\"keywords\":[\"Acacias 38\",\"actuaci\u00f3\",\"Mois\u00e9s Olcina\",\"Participaci\u00f3\",\"s\u00e8rie\",\"TVE\"],\"articleSection\":[\"Alcoy\",\"Fiesta y Cultura\",\"Noticias\"],\"inLanguage\":\"es\"},{\"@type\":\"WebPage\",\"@id\":\"https:\\\/\\\/www.copealcoy.es\\\/es\\\/moises-olcina-estar-en-acacias-38-ha-sigut-una-bonica-experiencia\\\/\",\"url\":\"https:\\\/\\\/www.copealcoy.es\\\/es\\\/moises-olcina-estar-en-acacias-38-ha-sigut-una-bonica-experiencia\\\/\",\"name\":\"Mois\u00e9s Olcina: \\\"estar en 'Acacias 38' ha sigut una bonica experi\u00e8ncia' - COPE Alcoy\",\"isPartOf\":{\"@id\":\"https:\\\/\\\/www.copealcoy.es\\\/es\\\/#website\"},\"primaryImageOfPage\":{\"@id\":\"https:\\\/\\\/www.copealcoy.es\\\/es\\\/moises-olcina-estar-en-acacias-38-ha-sigut-una-bonica-experiencia\\\/#primaryimage\"},\"image\":{\"@id\":\"https:\\\/\\\/www.copealcoy.es\\\/es\\\/moises-olcina-estar-en-acacias-38-ha-sigut-una-bonica-experiencia\\\/#primaryimage\"},\"thumbnailUrl\":\"https:\\\/\\\/www.copealcoy.es\\\/wp-content\\\/uploads\\\/2020\\\/08\\\/116881144_2431342647164596_204997626374153299_o.jpg\",\"datePublished\":\"2020-08-12T10:15:12+00:00\",\"dateModified\":\"2020-08-13T11:46:49+00:00\",\"author\":{\"@id\":\"https:\\\/\\\/www.copealcoy.es\\\/es\\\/#\\\/schema\\\/person\\\/e777c87fa024e57d40170af9df39882c\"},\"breadcrumb\":{\"@id\":\"https:\\\/\\\/www.copealcoy.es\\\/es\\\/moises-olcina-estar-en-acacias-38-ha-sigut-una-bonica-experiencia\\\/#breadcrumb\"},\"inLanguage\":\"es\",\"potentialAction\":[{\"@type\":\"ReadAction\",\"target\":[\"https:\\\/\\\/www.copealcoy.es\\\/es\\\/moises-olcina-estar-en-acacias-38-ha-sigut-una-bonica-experiencia\\\/\"]}]},{\"@type\":\"ImageObject\",\"inLanguage\":\"es\",\"@id\":\"https:\\\/\\\/www.copealcoy.es\\\/es\\\/moises-olcina-estar-en-acacias-38-ha-sigut-una-bonica-experiencia\\\/#primaryimage\",\"url\":\"https:\\\/\\\/www.copealcoy.es\\\/wp-content\\\/uploads\\\/2020\\\/08\\\/116881144_2431342647164596_204997626374153299_o.jpg\",\"contentUrl\":\"https:\\\/\\\/www.copealcoy.es\\\/wp-content\\\/uploads\\\/2020\\\/08\\\/116881144_2431342647164596_204997626374153299_o.jpg\",\"width\":1440,\"height\":1080},{\"@type\":\"BreadcrumbList\",\"@id\":\"https:\\\/\\\/www.copealcoy.es\\\/es\\\/moises-olcina-estar-en-acacias-38-ha-sigut-una-bonica-experiencia\\\/#breadcrumb\",\"itemListElement\":[{\"@type\":\"ListItem\",\"position\":1,\"name\":\"Portada\",\"item\":\"https:\\\/\\\/www.copealcoy.es\\\/es\\\/\"},{\"@type\":\"ListItem\",\"position\":2,\"name\":\"Mois\u00e9s Olcina: &#8220;estar en &#8216;Acacias 38&#8242; ha sigut una bonica experi\u00e8ncia&#8217;\"}]},{\"@type\":\"WebSite\",\"@id\":\"https:\\\/\\\/www.copealcoy.es\\\/es\\\/#website\",\"url\":\"https:\\\/\\\/www.copealcoy.es\\\/es\\\/\",\"name\":\"COPE Alcoy\",\"description\":\"Emisora COPE de radio local con emisi\u00f3n online. Pont de Sant Jordi 8-10 03803 Alcoy\",\"potentialAction\":[{\"@type\":\"SearchAction\",\"target\":{\"@type\":\"EntryPoint\",\"urlTemplate\":\"https:\\\/\\\/www.copealcoy.es\\\/es\\\/?s={search_term_string}\"},\"query-input\":{\"@type\":\"PropertyValueSpecification\",\"valueRequired\":true,\"valueName\":\"search_term_string\"}}],\"inLanguage\":\"es\"},{\"@type\":\"Person\",\"@id\":\"https:\\\/\\\/www.copealcoy.es\\\/es\\\/#\\\/schema\\\/person\\\/e777c87fa024e57d40170af9df39882c\",\"name\":\"Cope Alcoy\",\"image\":{\"@type\":\"ImageObject\",\"inLanguage\":\"es\",\"@id\":\"https:\\\/\\\/secure.gravatar.com\\\/avatar\\\/bb65d0283347e303893ba14f0692005417c1e0e690a325a4c5d8bb2b3943ee14?s=96&d=mm&r=g\",\"url\":\"https:\\\/\\\/secure.gravatar.com\\\/avatar\\\/bb65d0283347e303893ba14f0692005417c1e0e690a325a4c5d8bb2b3943ee14?s=96&d=mm&r=g\",\"contentUrl\":\"https:\\\/\\\/secure.gravatar.com\\\/avatar\\\/bb65d0283347e303893ba14f0692005417c1e0e690a325a4c5d8bb2b3943ee14?s=96&d=mm&r=g\",\"caption\":\"Cope Alcoy\"}}]}<\/script>\n<!-- \/ Yoast SEO plugin. -->","yoast_head_json":{"title":"Mois\u00e9s Olcina: \"estar en 'Acacias 38' ha sigut una bonica experi\u00e8ncia' - COPE Alcoy","robots":{"index":"index","follow":"follow","max-snippet":"max-snippet:-1","max-image-preview":"max-image-preview:large","max-video-preview":"max-video-preview:-1"},"canonical":"https:\/\/www.copealcoy.es\/es\/moises-olcina-estar-en-acacias-38-ha-sigut-una-bonica-experiencia\/","og_locale":"es_ES","og_type":"article","og_title":"Mois\u00e9s Olcina: \"estar en 'Acacias 38' ha sigut una bonica experi\u00e8ncia' - COPE Alcoy","og_description":"El m\u00fasic alcoi\u00e0 Mois\u00e9s Olcina ha participat en la s\u00e8rie de les sobretaules de La\u00a0Uno\u00a0de TVE &#8216;Acacias\u00a038&#8216;, una longeva producci\u00f3...","og_url":"https:\/\/www.copealcoy.es\/es\/moises-olcina-estar-en-acacias-38-ha-sigut-una-bonica-experiencia\/","og_site_name":"COPE Alcoy","article_published_time":"2020-08-12T10:15:12+00:00","article_modified_time":"2020-08-13T11:46:49+00:00","og_image":[{"width":1440,"height":1080,"url":"https:\/\/www.copealcoy.es\/wp-content\/uploads\/2020\/08\/116881144_2431342647164596_204997626374153299_o.jpg","type":"image\/jpeg"}],"author":"Cope Alcoy","twitter_misc":{"Escrito por":"Cope Alcoy","Tiempo de lectura":"1 minuto"},"schema":{"@context":"https:\/\/schema.org","@graph":[{"@type":"Article","@id":"https:\/\/www.copealcoy.es\/es\/moises-olcina-estar-en-acacias-38-ha-sigut-una-bonica-experiencia\/#article","isPartOf":{"@id":"https:\/\/www.copealcoy.es\/es\/moises-olcina-estar-en-acacias-38-ha-sigut-una-bonica-experiencia\/"},"author":{"name":"Cope Alcoy","@id":"https:\/\/www.copealcoy.es\/es\/#\/schema\/person\/e777c87fa024e57d40170af9df39882c"},"headline":"Mois\u00e9s Olcina: &#8220;estar en &#8216;Acacias 38&#8242; ha sigut una bonica experi\u00e8ncia&#8217;","datePublished":"2020-08-12T10:15:12+00:00","dateModified":"2020-08-13T11:46:49+00:00","mainEntityOfPage":{"@id":"https:\/\/www.copealcoy.es\/es\/moises-olcina-estar-en-acacias-38-ha-sigut-una-bonica-experiencia\/"},"wordCount":264,"commentCount":0,"image":{"@id":"https:\/\/www.copealcoy.es\/es\/moises-olcina-estar-en-acacias-38-ha-sigut-una-bonica-experiencia\/#primaryimage"},"thumbnailUrl":"https:\/\/www.copealcoy.es\/wp-content\/uploads\/2020\/08\/116881144_2431342647164596_204997626374153299_o.jpg","keywords":["Acacias 38","actuaci\u00f3","Mois\u00e9s Olcina","Participaci\u00f3","s\u00e8rie","TVE"],"articleSection":["Alcoy","Fiesta y Cultura","Noticias"],"inLanguage":"es"},{"@type":"WebPage","@id":"https:\/\/www.copealcoy.es\/es\/moises-olcina-estar-en-acacias-38-ha-sigut-una-bonica-experiencia\/","url":"https:\/\/www.copealcoy.es\/es\/moises-olcina-estar-en-acacias-38-ha-sigut-una-bonica-experiencia\/","name":"Mois\u00e9s Olcina: \"estar en 'Acacias 38' ha sigut una bonica experi\u00e8ncia' - COPE Alcoy","isPartOf":{"@id":"https:\/\/www.copealcoy.es\/es\/#website"},"primaryImageOfPage":{"@id":"https:\/\/www.copealcoy.es\/es\/moises-olcina-estar-en-acacias-38-ha-sigut-una-bonica-experiencia\/#primaryimage"},"image":{"@id":"https:\/\/www.copealcoy.es\/es\/moises-olcina-estar-en-acacias-38-ha-sigut-una-bonica-experiencia\/#primaryimage"},"thumbnailUrl":"https:\/\/www.copealcoy.es\/wp-content\/uploads\/2020\/08\/116881144_2431342647164596_204997626374153299_o.jpg","datePublished":"2020-08-12T10:15:12+00:00","dateModified":"2020-08-13T11:46:49+00:00","author":{"@id":"https:\/\/www.copealcoy.es\/es\/#\/schema\/person\/e777c87fa024e57d40170af9df39882c"},"breadcrumb":{"@id":"https:\/\/www.copealcoy.es\/es\/moises-olcina-estar-en-acacias-38-ha-sigut-una-bonica-experiencia\/#breadcrumb"},"inLanguage":"es","potentialAction":[{"@type":"ReadAction","target":["https:\/\/www.copealcoy.es\/es\/moises-olcina-estar-en-acacias-38-ha-sigut-una-bonica-experiencia\/"]}]},{"@type":"ImageObject","inLanguage":"es","@id":"https:\/\/www.copealcoy.es\/es\/moises-olcina-estar-en-acacias-38-ha-sigut-una-bonica-experiencia\/#primaryimage","url":"https:\/\/www.copealcoy.es\/wp-content\/uploads\/2020\/08\/116881144_2431342647164596_204997626374153299_o.jpg","contentUrl":"https:\/\/www.copealcoy.es\/wp-content\/uploads\/2020\/08\/116881144_2431342647164596_204997626374153299_o.jpg","width":1440,"height":1080},{"@type":"BreadcrumbList","@id":"https:\/\/www.copealcoy.es\/es\/moises-olcina-estar-en-acacias-38-ha-sigut-una-bonica-experiencia\/#breadcrumb","itemListElement":[{"@type":"ListItem","position":1,"name":"Portada","item":"https:\/\/www.copealcoy.es\/es\/"},{"@type":"ListItem","position":2,"name":"Mois\u00e9s Olcina: &#8220;estar en &#8216;Acacias 38&#8242; ha sigut una bonica experi\u00e8ncia&#8217;"}]},{"@type":"WebSite","@id":"https:\/\/www.copealcoy.es\/es\/#website","url":"https:\/\/www.copealcoy.es\/es\/","name":"COPE Alcoy","description":"Emisora COPE de radio local con emisi\u00f3n online. Pont de Sant Jordi 8-10 03803 Alcoy","potentialAction":[{"@type":"SearchAction","target":{"@type":"EntryPoint","urlTemplate":"https:\/\/www.copealcoy.es\/es\/?s={search_term_string}"},"query-input":{"@type":"PropertyValueSpecification","valueRequired":true,"valueName":"search_term_string"}}],"inLanguage":"es"},{"@type":"Person","@id":"https:\/\/www.copealcoy.es\/es\/#\/schema\/person\/e777c87fa024e57d40170af9df39882c","name":"Cope Alcoy","image":{"@type":"ImageObject","inLanguage":"es","@id":"https:\/\/secure.gravatar.com\/avatar\/bb65d0283347e303893ba14f0692005417c1e0e690a325a4c5d8bb2b3943ee14?s=96&d=mm&r=g","url":"https:\/\/secure.gravatar.com\/avatar\/bb65d0283347e303893ba14f0692005417c1e0e690a325a4c5d8bb2b3943ee14?s=96&d=mm&r=g","contentUrl":"https:\/\/secure.gravatar.com\/avatar\/bb65d0283347e303893ba14f0692005417c1e0e690a325a4c5d8bb2b3943ee14?s=96&d=mm&r=g","caption":"Cope Alcoy"}}]}},"_links":{"self":[{"href":"https:\/\/www.copealcoy.es\/es\/wp-json\/wp\/v2\/posts\/64666","targetHints":{"allow":["GET"]}}],"collection":[{"href":"https:\/\/www.copealcoy.es\/es\/wp-json\/wp\/v2\/posts"}],"about":[{"href":"https:\/\/www.copealcoy.es\/es\/wp-json\/wp\/v2\/types\/post"}],"author":[{"embeddable":true,"href":"https:\/\/www.copealcoy.es\/es\/wp-json\/wp\/v2\/users\/1"}],"replies":[{"embeddable":true,"href":"https:\/\/www.copealcoy.es\/es\/wp-json\/wp\/v2\/comments?post=64666"}],"version-history":[{"count":0,"href":"https:\/\/www.copealcoy.es\/es\/wp-json\/wp\/v2\/posts\/64666\/revisions"}],"wp:featuredmedia":[{"embeddable":true,"href":"https:\/\/www.copealcoy.es\/es\/wp-json\/wp\/v2\/media\/64667"}],"wp:attachment":[{"href":"https:\/\/www.copealcoy.es\/es\/wp-json\/wp\/v2\/media?parent=64666"}],"wp:term":[{"taxonomy":"category","embeddable":true,"href":"https:\/\/www.copealcoy.es\/es\/wp-json\/wp\/v2\/categories?post=64666"},{"taxonomy":"post_tag","embeddable":true,"href":"https:\/\/www.copealcoy.es\/es\/wp-json\/wp\/v2\/tags?post=64666"}],"curies":[{"name":"wp","href":"https:\/\/api.w.org\/{rel}","templated":true}]}}