{"id":64658,"date":"2020-08-10T09:50:17","date_gmt":"2020-08-10T09:50:17","guid":{"rendered":"https:\/\/www.copealcoy.es\/?p=64658"},"modified":"2020-08-12T09:55:45","modified_gmt":"2020-08-12T09:55:45","slug":"l-alcoyano-ascendeix-a-segona-b","status":"publish","type":"post","link":"https:\/\/www.copealcoy.es\/es\/l-alcoyano-ascendeix-a-segona-b\/","title":{"rendered":"L&#8217; Alcoyano ascendeix a Segona B"},"content":{"rendered":"<p style=\"text-align: justify;\">El nostre Alcoyano <strong>ja \u00e9s equip de Segona B<\/strong>. Aix\u00ed ho ha fet oficial <strong>la Reial Federaci\u00f3 Espanyola de Futbol<\/strong>, que <strong>ha em\u00e9s un comunicat<\/strong> en qu\u00e8 ha explicat la decisi\u00f3. L&#8217;equip d&#8217;Alcoi, junt amb el Lealtad, el Marino i el Linares Deportivo, <strong>ascendeix directament<\/strong> despr\u00e9s que s&#8217;haja fet evident <strong>la impossibilitat de trobar dates per a disputar els partits que havien estat programats<\/strong>\u00a0i per un principi de prud\u00e8ncia sanit\u00e0ria davant els rebrots de les \u00faltimes dates.<\/p>\n<p style=\"text-align: justify;\">D&#8217;aquesta manera, els quatre equips que <strong>no van poder disputar la fase addicional d&#8217;ascens de Tercera Divisi\u00f3<\/strong> despr\u00e9s de ser suspesa en detectar-se tres casos positius per Covid-19 en el Marino, <strong>jugaran finalment en la categoria de bronze del futbol espanyol la pr\u00f2xima temporada<\/strong>, tal com ha decidit hui la Comissi\u00f3 Gestora de la Reial Federaci\u00f3 Espanyola de Futbol.<\/p>\n<p style=\"text-align: justify;\">A m\u00e9s, la Federaci\u00f3 ha confirmat que les places que deixen lliures en Tercera Divisi\u00f3 els ascensos d&#8217;aquests quatre equips<strong> no seran cobertes per quatre equips m\u00e9s<\/strong>.<\/p>\n","protected":false},"excerpt":{"rendered":"<p>El nostre Alcoyano ja \u00e9s equip de Segona B. Aix\u00ed ho ha fet oficial la Reial Federaci\u00f3 Espanyola de Futbol,&#8230;<\/p>\n","protected":false},"author":1,"featured_media":54552,"comment_status":"open","ping_status":"open","sticky":false,"template":"","format":"standard","meta":{"footnotes":""},"categories":[97,92,75],"tags":[160,140,9714,9715,7893],"class_list":["post-64658","post","type-post","status-publish","format-standard","has-post-thumbnail","hentry","category-alcoy","category-deportes","category-noticias","tag-alcoi","tag-alcoyano","tag-ascens","tag-crisi-coronavirus","tag-segona-b"],"yoast_head":"<!-- This site is optimized with the Yoast SEO plugin v27.3 - https:\/\/yoast.com\/product\/yoast-seo-wordpress\/ -->\n<title>L&#039; Alcoyano ascendeix a Segona B - COPE Alcoy<\/title>\n<meta name=\"robots\" content=\"index, follow, max-snippet:-1, max-image-preview:large, max-video-preview:-1\" \/>\n<link rel=\"canonical\" href=\"https:\/\/www.copealcoy.es\/es\/l-alcoyano-ascendeix-a-segona-b\/\" \/>\n<meta property=\"og:locale\" content=\"es_ES\" \/>\n<meta property=\"og:type\" content=\"article\" \/>\n<meta property=\"og:title\" content=\"L&#039; Alcoyano ascendeix a Segona B - COPE Alcoy\" \/>\n<meta property=\"og:description\" content=\"El nostre Alcoyano ja \u00e9s equip de Segona B. Aix\u00ed ho ha fet oficial la Reial Federaci\u00f3 Espanyola de Futbol,...\" \/>\n<meta property=\"og:url\" content=\"https:\/\/www.copealcoy.es\/es\/l-alcoyano-ascendeix-a-segona-b\/\" \/>\n<meta property=\"og:site_name\" content=\"COPE Alcoy\" \/>\n<meta property=\"article:published_time\" content=\"2020-08-10T09:50:17+00:00\" \/>\n<meta property=\"article:modified_time\" content=\"2020-08-12T09:55:45+00:00\" \/>\n<meta property=\"og:image\" content=\"https:\/\/www.copealcoy.es\/wp-content\/uploads\/2019\/08\/@silviacalatayud0009-1.jpg\" \/>\n\t<meta property=\"og:image:width\" content=\"1600\" \/>\n\t<meta property=\"og:image:height\" content=\"1067\" \/>\n\t<meta property=\"og:image:type\" content=\"image\/jpeg\" \/>\n<meta name=\"author\" content=\"Cope Alcoy\" \/>\n<meta name=\"twitter:label1\" content=\"Escrito por\" \/>\n\t<meta name=\"twitter:data1\" content=\"Cope Alcoy\" \/>\n\t<meta name=\"twitter:label2\" content=\"Tiempo de lectura\" \/>\n\t<meta name=\"twitter:data2\" content=\"1 minuto\" \/>\n<script type=\"application\/ld+json\" class=\"yoast-schema-graph\">{\"@context\":\"https:\\\/\\\/schema.org\",\"@graph\":[{\"@type\":\"Article\",\"@id\":\"https:\\\/\\\/www.copealcoy.es\\\/es\\\/l-alcoyano-ascendeix-a-segona-b\\\/#article\",\"isPartOf\":{\"@id\":\"https:\\\/\\\/www.copealcoy.es\\\/es\\\/l-alcoyano-ascendeix-a-segona-b\\\/\"},\"author\":{\"name\":\"Cope Alcoy\",\"@id\":\"https:\\\/\\\/www.copealcoy.es\\\/es\\\/#\\\/schema\\\/person\\\/e777c87fa024e57d40170af9df39882c\"},\"headline\":\"L&#8217; Alcoyano ascendeix a Segona B\",\"datePublished\":\"2020-08-10T09:50:17+00:00\",\"dateModified\":\"2020-08-12T09:55:45+00:00\",\"mainEntityOfPage\":{\"@id\":\"https:\\\/\\\/www.copealcoy.es\\\/es\\\/l-alcoyano-ascendeix-a-segona-b\\\/\"},\"wordCount\":184,\"commentCount\":0,\"image\":{\"@id\":\"https:\\\/\\\/www.copealcoy.es\\\/es\\\/l-alcoyano-ascendeix-a-segona-b\\\/#primaryimage\"},\"thumbnailUrl\":\"https:\\\/\\\/www.copealcoy.es\\\/wp-content\\\/uploads\\\/2019\\\/08\\\/@silviacalatayud0009-1.jpg\",\"keywords\":[\"Alcoi\",\"Alcoyano\",\"ascens\",\"crisi Coronavirus\",\"Segona B\"],\"articleSection\":[\"Alcoy\",\"Deportes\",\"Noticias\"],\"inLanguage\":\"es\"},{\"@type\":\"WebPage\",\"@id\":\"https:\\\/\\\/www.copealcoy.es\\\/es\\\/l-alcoyano-ascendeix-a-segona-b\\\/\",\"url\":\"https:\\\/\\\/www.copealcoy.es\\\/es\\\/l-alcoyano-ascendeix-a-segona-b\\\/\",\"name\":\"L' Alcoyano ascendeix a Segona B - COPE Alcoy\",\"isPartOf\":{\"@id\":\"https:\\\/\\\/www.copealcoy.es\\\/es\\\/#website\"},\"primaryImageOfPage\":{\"@id\":\"https:\\\/\\\/www.copealcoy.es\\\/es\\\/l-alcoyano-ascendeix-a-segona-b\\\/#primaryimage\"},\"image\":{\"@id\":\"https:\\\/\\\/www.copealcoy.es\\\/es\\\/l-alcoyano-ascendeix-a-segona-b\\\/#primaryimage\"},\"thumbnailUrl\":\"https:\\\/\\\/www.copealcoy.es\\\/wp-content\\\/uploads\\\/2019\\\/08\\\/@silviacalatayud0009-1.jpg\",\"datePublished\":\"2020-08-10T09:50:17+00:00\",\"dateModified\":\"2020-08-12T09:55:45+00:00\",\"author\":{\"@id\":\"https:\\\/\\\/www.copealcoy.es\\\/es\\\/#\\\/schema\\\/person\\\/e777c87fa024e57d40170af9df39882c\"},\"breadcrumb\":{\"@id\":\"https:\\\/\\\/www.copealcoy.es\\\/es\\\/l-alcoyano-ascendeix-a-segona-b\\\/#breadcrumb\"},\"inLanguage\":\"es\",\"potentialAction\":[{\"@type\":\"ReadAction\",\"target\":[\"https:\\\/\\\/www.copealcoy.es\\\/es\\\/l-alcoyano-ascendeix-a-segona-b\\\/\"]}]},{\"@type\":\"ImageObject\",\"inLanguage\":\"es\",\"@id\":\"https:\\\/\\\/www.copealcoy.es\\\/es\\\/l-alcoyano-ascendeix-a-segona-b\\\/#primaryimage\",\"url\":\"https:\\\/\\\/www.copealcoy.es\\\/wp-content\\\/uploads\\\/2019\\\/08\\\/@silviacalatayud0009-1.jpg\",\"contentUrl\":\"https:\\\/\\\/www.copealcoy.es\\\/wp-content\\\/uploads\\\/2019\\\/08\\\/@silviacalatayud0009-1.jpg\",\"width\":1600,\"height\":1067,\"caption\":\"Imagen de la plantilla del CD Alcoyano ayer en El Collao \\\/ Foto: Silvia Calatayud\"},{\"@type\":\"BreadcrumbList\",\"@id\":\"https:\\\/\\\/www.copealcoy.es\\\/es\\\/l-alcoyano-ascendeix-a-segona-b\\\/#breadcrumb\",\"itemListElement\":[{\"@type\":\"ListItem\",\"position\":1,\"name\":\"Portada\",\"item\":\"https:\\\/\\\/www.copealcoy.es\\\/es\\\/\"},{\"@type\":\"ListItem\",\"position\":2,\"name\":\"L&#8217; Alcoyano ascendeix a Segona B\"}]},{\"@type\":\"WebSite\",\"@id\":\"https:\\\/\\\/www.copealcoy.es\\\/es\\\/#website\",\"url\":\"https:\\\/\\\/www.copealcoy.es\\\/es\\\/\",\"name\":\"COPE Alcoy\",\"description\":\"Emisora COPE de radio local con emisi\u00f3n online. Pont de Sant Jordi 8-10 03803 Alcoy\",\"potentialAction\":[{\"@type\":\"SearchAction\",\"target\":{\"@type\":\"EntryPoint\",\"urlTemplate\":\"https:\\\/\\\/www.copealcoy.es\\\/es\\\/?s={search_term_string}\"},\"query-input\":{\"@type\":\"PropertyValueSpecification\",\"valueRequired\":true,\"valueName\":\"search_term_string\"}}],\"inLanguage\":\"es\"},{\"@type\":\"Person\",\"@id\":\"https:\\\/\\\/www.copealcoy.es\\\/es\\\/#\\\/schema\\\/person\\\/e777c87fa024e57d40170af9df39882c\",\"name\":\"Cope Alcoy\",\"image\":{\"@type\":\"ImageObject\",\"inLanguage\":\"es\",\"@id\":\"https:\\\/\\\/secure.gravatar.com\\\/avatar\\\/bb65d0283347e303893ba14f0692005417c1e0e690a325a4c5d8bb2b3943ee14?s=96&d=mm&r=g\",\"url\":\"https:\\\/\\\/secure.gravatar.com\\\/avatar\\\/bb65d0283347e303893ba14f0692005417c1e0e690a325a4c5d8bb2b3943ee14?s=96&d=mm&r=g\",\"contentUrl\":\"https:\\\/\\\/secure.gravatar.com\\\/avatar\\\/bb65d0283347e303893ba14f0692005417c1e0e690a325a4c5d8bb2b3943ee14?s=96&d=mm&r=g\",\"caption\":\"Cope Alcoy\"}}]}<\/script>\n<!-- \/ Yoast SEO plugin. -->","yoast_head_json":{"title":"L' Alcoyano ascendeix a Segona B - COPE Alcoy","robots":{"index":"index","follow":"follow","max-snippet":"max-snippet:-1","max-image-preview":"max-image-preview:large","max-video-preview":"max-video-preview:-1"},"canonical":"https:\/\/www.copealcoy.es\/es\/l-alcoyano-ascendeix-a-segona-b\/","og_locale":"es_ES","og_type":"article","og_title":"L' Alcoyano ascendeix a Segona B - COPE Alcoy","og_description":"El nostre Alcoyano ja \u00e9s equip de Segona B. Aix\u00ed ho ha fet oficial la Reial Federaci\u00f3 Espanyola de Futbol,...","og_url":"https:\/\/www.copealcoy.es\/es\/l-alcoyano-ascendeix-a-segona-b\/","og_site_name":"COPE Alcoy","article_published_time":"2020-08-10T09:50:17+00:00","article_modified_time":"2020-08-12T09:55:45+00:00","og_image":[{"width":1600,"height":1067,"url":"https:\/\/www.copealcoy.es\/wp-content\/uploads\/2019\/08\/@silviacalatayud0009-1.jpg","type":"image\/jpeg"}],"author":"Cope Alcoy","twitter_misc":{"Escrito por":"Cope Alcoy","Tiempo de lectura":"1 minuto"},"schema":{"@context":"https:\/\/schema.org","@graph":[{"@type":"Article","@id":"https:\/\/www.copealcoy.es\/es\/l-alcoyano-ascendeix-a-segona-b\/#article","isPartOf":{"@id":"https:\/\/www.copealcoy.es\/es\/l-alcoyano-ascendeix-a-segona-b\/"},"author":{"name":"Cope Alcoy","@id":"https:\/\/www.copealcoy.es\/es\/#\/schema\/person\/e777c87fa024e57d40170af9df39882c"},"headline":"L&#8217; Alcoyano ascendeix a Segona B","datePublished":"2020-08-10T09:50:17+00:00","dateModified":"2020-08-12T09:55:45+00:00","mainEntityOfPage":{"@id":"https:\/\/www.copealcoy.es\/es\/l-alcoyano-ascendeix-a-segona-b\/"},"wordCount":184,"commentCount":0,"image":{"@id":"https:\/\/www.copealcoy.es\/es\/l-alcoyano-ascendeix-a-segona-b\/#primaryimage"},"thumbnailUrl":"https:\/\/www.copealcoy.es\/wp-content\/uploads\/2019\/08\/@silviacalatayud0009-1.jpg","keywords":["Alcoi","Alcoyano","ascens","crisi Coronavirus","Segona B"],"articleSection":["Alcoy","Deportes","Noticias"],"inLanguage":"es"},{"@type":"WebPage","@id":"https:\/\/www.copealcoy.es\/es\/l-alcoyano-ascendeix-a-segona-b\/","url":"https:\/\/www.copealcoy.es\/es\/l-alcoyano-ascendeix-a-segona-b\/","name":"L' Alcoyano ascendeix a Segona B - COPE Alcoy","isPartOf":{"@id":"https:\/\/www.copealcoy.es\/es\/#website"},"primaryImageOfPage":{"@id":"https:\/\/www.copealcoy.es\/es\/l-alcoyano-ascendeix-a-segona-b\/#primaryimage"},"image":{"@id":"https:\/\/www.copealcoy.es\/es\/l-alcoyano-ascendeix-a-segona-b\/#primaryimage"},"thumbnailUrl":"https:\/\/www.copealcoy.es\/wp-content\/uploads\/2019\/08\/@silviacalatayud0009-1.jpg","datePublished":"2020-08-10T09:50:17+00:00","dateModified":"2020-08-12T09:55:45+00:00","author":{"@id":"https:\/\/www.copealcoy.es\/es\/#\/schema\/person\/e777c87fa024e57d40170af9df39882c"},"breadcrumb":{"@id":"https:\/\/www.copealcoy.es\/es\/l-alcoyano-ascendeix-a-segona-b\/#breadcrumb"},"inLanguage":"es","potentialAction":[{"@type":"ReadAction","target":["https:\/\/www.copealcoy.es\/es\/l-alcoyano-ascendeix-a-segona-b\/"]}]},{"@type":"ImageObject","inLanguage":"es","@id":"https:\/\/www.copealcoy.es\/es\/l-alcoyano-ascendeix-a-segona-b\/#primaryimage","url":"https:\/\/www.copealcoy.es\/wp-content\/uploads\/2019\/08\/@silviacalatayud0009-1.jpg","contentUrl":"https:\/\/www.copealcoy.es\/wp-content\/uploads\/2019\/08\/@silviacalatayud0009-1.jpg","width":1600,"height":1067,"caption":"Imagen de la plantilla del CD Alcoyano ayer en El Collao \/ Foto: Silvia Calatayud"},{"@type":"BreadcrumbList","@id":"https:\/\/www.copealcoy.es\/es\/l-alcoyano-ascendeix-a-segona-b\/#breadcrumb","itemListElement":[{"@type":"ListItem","position":1,"name":"Portada","item":"https:\/\/www.copealcoy.es\/es\/"},{"@type":"ListItem","position":2,"name":"L&#8217; Alcoyano ascendeix a Segona B"}]},{"@type":"WebSite","@id":"https:\/\/www.copealcoy.es\/es\/#website","url":"https:\/\/www.copealcoy.es\/es\/","name":"COPE Alcoy","description":"Emisora COPE de radio local con emisi\u00f3n online. Pont de Sant Jordi 8-10 03803 Alcoy","potentialAction":[{"@type":"SearchAction","target":{"@type":"EntryPoint","urlTemplate":"https:\/\/www.copealcoy.es\/es\/?s={search_term_string}"},"query-input":{"@type":"PropertyValueSpecification","valueRequired":true,"valueName":"search_term_string"}}],"inLanguage":"es"},{"@type":"Person","@id":"https:\/\/www.copealcoy.es\/es\/#\/schema\/person\/e777c87fa024e57d40170af9df39882c","name":"Cope Alcoy","image":{"@type":"ImageObject","inLanguage":"es","@id":"https:\/\/secure.gravatar.com\/avatar\/bb65d0283347e303893ba14f0692005417c1e0e690a325a4c5d8bb2b3943ee14?s=96&d=mm&r=g","url":"https:\/\/secure.gravatar.com\/avatar\/bb65d0283347e303893ba14f0692005417c1e0e690a325a4c5d8bb2b3943ee14?s=96&d=mm&r=g","contentUrl":"https:\/\/secure.gravatar.com\/avatar\/bb65d0283347e303893ba14f0692005417c1e0e690a325a4c5d8bb2b3943ee14?s=96&d=mm&r=g","caption":"Cope Alcoy"}}]}},"_links":{"self":[{"href":"https:\/\/www.copealcoy.es\/es\/wp-json\/wp\/v2\/posts\/64658","targetHints":{"allow":["GET"]}}],"collection":[{"href":"https:\/\/www.copealcoy.es\/es\/wp-json\/wp\/v2\/posts"}],"about":[{"href":"https:\/\/www.copealcoy.es\/es\/wp-json\/wp\/v2\/types\/post"}],"author":[{"embeddable":true,"href":"https:\/\/www.copealcoy.es\/es\/wp-json\/wp\/v2\/users\/1"}],"replies":[{"embeddable":true,"href":"https:\/\/www.copealcoy.es\/es\/wp-json\/wp\/v2\/comments?post=64658"}],"version-history":[{"count":0,"href":"https:\/\/www.copealcoy.es\/es\/wp-json\/wp\/v2\/posts\/64658\/revisions"}],"wp:featuredmedia":[{"embeddable":true,"href":"https:\/\/www.copealcoy.es\/es\/wp-json\/wp\/v2\/media\/54552"}],"wp:attachment":[{"href":"https:\/\/www.copealcoy.es\/es\/wp-json\/wp\/v2\/media?parent=64658"}],"wp:term":[{"taxonomy":"category","embeddable":true,"href":"https:\/\/www.copealcoy.es\/es\/wp-json\/wp\/v2\/categories?post=64658"},{"taxonomy":"post_tag","embeddable":true,"href":"https:\/\/www.copealcoy.es\/es\/wp-json\/wp\/v2\/tags?post=64658"}],"curies":[{"name":"wp","href":"https:\/\/api.w.org\/{rel}","templated":true}]}}