{"id":64638,"date":"2020-08-11T18:50:18","date_gmt":"2020-08-11T18:50:18","guid":{"rendered":"https:\/\/www.copealcoy.es\/?p=64638"},"modified":"2020-08-11T19:04:34","modified_gmt":"2020-08-11T19:04:34","slug":"el-pp-valora-lesforc-del-campus-per-fomentar-el-turisme-de-congressos-a-alcoi","status":"publish","type":"post","link":"https:\/\/www.copealcoy.es\/es\/el-pp-valora-lesforc-del-campus-per-fomentar-el-turisme-de-congressos-a-alcoi\/","title":{"rendered":"El PP valora l&#8217;esfor\u00e7 del Campus per fomentar el turisme de congressos a Alcoi"},"content":{"rendered":"<p style=\"text-align: justify;\">El <strong>Partit Popular d&#8217;Alcoi<\/strong> destaca <strong>el paper de Campus de la Universitat Polit\u00e8cnica de Val\u00e8ncia<\/strong> en el <strong>manteniment del turisme de congressos<\/strong> a la ciutat.<\/p>\n<p style=\"text-align: justify;\">Els populars subratllen que <strong>dels 10 congressos que Alcoi va acollir el 2019<\/strong>, <strong>5 van ser organitzats per la instituci\u00f3 universit\u00e0ria<\/strong> mentre que <strong>l&#8217;Ajuntament nom\u00e9s va organitzar 3<\/strong>. A m\u00e9s recorden u<strong>na dada que convida a la reflexi\u00f3<\/strong>: els congressos promoguts pel Campus <strong>van congregar a 1.060 persones<\/strong>, el 73% dels 1.434 assistents als esdeveniments celebrats a la ciutat. La regidora del PP, <strong><span class=\"hiddenSpellError\">Lirios<\/span> <span class=\"hiddenSpellError\">Garc\u00eda<\/span><\/strong>, subratlla que el turisme de congressos <strong>\u00e9s un sector econ\u00f2mic que mou gran quantitat de diners<\/strong> i <strong>lamenta l&#8217;esc\u00e0s inter\u00e9s del Govern Municipal del PSOE<\/strong> per impulsar m\u00e9s iniciatives d&#8217;aquestes caracter\u00edstiques &#8220;<em>tenim l&#8217;oportunitat de proposar al sector, com a destinaci\u00f3, una ciutat mitjana, sense massificacions i sense grans dist\u00e0ncies amb espais oberts per a reunions i congressos de manera segura<\/em>&#8220;, detalla la regidora.<\/p>\n<p style=\"text-align: justify;\">Per \u00faltim el PP veu amb preocupaci\u00f3 que el Govern Municipal d&#8217;Antonio Franc\u00e9s <strong>deixe en mans d&#8217;agents externs a la superviv\u00e8ncia del turisme de congressos<\/strong> a la ciutat.<\/p>\n","protected":false},"excerpt":{"rendered":"<p>El Partit Popular d&#8217;Alcoi destaca el paper de Campus de la Universitat Polit\u00e8cnica de Val\u00e8ncia en el manteniment del turisme&#8230;<\/p>\n","protected":false},"author":1,"featured_media":54866,"comment_status":"open","ping_status":"open","sticky":false,"template":"","format":"standard","meta":{"footnotes":""},"categories":[97,75,79],"tags":[160,886,9711,7873,7856,9712],"class_list":["post-64638","post","type-post","status-publish","format-standard","has-post-thumbnail","hentry","category-alcoy","category-noticias","category-politicayeconomia","tag-alcoi","tag-campus","tag-esforc","tag-foment","tag-partit-popular","tag-turisme-congressos"],"yoast_head":"<!-- This site is optimized with the Yoast SEO plugin v27.3 - https:\/\/yoast.com\/product\/yoast-seo-wordpress\/ -->\n<title>El PP valora l&#039;esfor\u00e7 del Campus per fomentar el turisme de congressos a Alcoi - COPE Alcoy<\/title>\n<meta name=\"robots\" content=\"index, follow, max-snippet:-1, max-image-preview:large, max-video-preview:-1\" \/>\n<link rel=\"canonical\" href=\"https:\/\/www.copealcoy.es\/es\/el-pp-valora-lesforc-del-campus-per-fomentar-el-turisme-de-congressos-a-alcoi\/\" \/>\n<meta property=\"og:locale\" content=\"es_ES\" \/>\n<meta property=\"og:type\" content=\"article\" \/>\n<meta property=\"og:title\" content=\"El PP valora l&#039;esfor\u00e7 del Campus per fomentar el turisme de congressos a Alcoi - COPE Alcoy\" \/>\n<meta property=\"og:description\" content=\"El Partit Popular d&#8217;Alcoi destaca el paper de Campus de la Universitat Polit\u00e8cnica de Val\u00e8ncia en el manteniment del turisme...\" \/>\n<meta property=\"og:url\" content=\"https:\/\/www.copealcoy.es\/es\/el-pp-valora-lesforc-del-campus-per-fomentar-el-turisme-de-congressos-a-alcoi\/\" \/>\n<meta property=\"og:site_name\" content=\"COPE Alcoy\" \/>\n<meta property=\"article:published_time\" content=\"2020-08-11T18:50:18+00:00\" \/>\n<meta property=\"article:modified_time\" content=\"2020-08-11T19:04:34+00:00\" \/>\n<meta property=\"og:image\" content=\"https:\/\/www.copealcoy.es\/wp-content\/uploads\/2019\/09\/AOA1bEYECD8N77Uy-1.jpeg\" \/>\n\t<meta property=\"og:image:width\" content=\"1170\" \/>\n\t<meta property=\"og:image:height\" content=\"780\" \/>\n\t<meta property=\"og:image:type\" content=\"image\/jpeg\" \/>\n<meta name=\"author\" content=\"Cope Alcoy\" \/>\n<meta name=\"twitter:label1\" content=\"Escrito por\" \/>\n\t<meta name=\"twitter:data1\" content=\"Cope Alcoy\" \/>\n\t<meta name=\"twitter:label2\" content=\"Tiempo de lectura\" \/>\n\t<meta name=\"twitter:data2\" content=\"1 minuto\" \/>\n<script type=\"application\/ld+json\" class=\"yoast-schema-graph\">{\"@context\":\"https:\\\/\\\/schema.org\",\"@graph\":[{\"@type\":\"Article\",\"@id\":\"https:\\\/\\\/www.copealcoy.es\\\/es\\\/el-pp-valora-lesforc-del-campus-per-fomentar-el-turisme-de-congressos-a-alcoi\\\/#article\",\"isPartOf\":{\"@id\":\"https:\\\/\\\/www.copealcoy.es\\\/es\\\/el-pp-valora-lesforc-del-campus-per-fomentar-el-turisme-de-congressos-a-alcoi\\\/\"},\"author\":{\"name\":\"Cope Alcoy\",\"@id\":\"https:\\\/\\\/www.copealcoy.es\\\/es\\\/#\\\/schema\\\/person\\\/e777c87fa024e57d40170af9df39882c\"},\"headline\":\"El PP valora l&#8217;esfor\u00e7 del Campus per fomentar el turisme de congressos a Alcoi\",\"datePublished\":\"2020-08-11T18:50:18+00:00\",\"dateModified\":\"2020-08-11T19:04:34+00:00\",\"mainEntityOfPage\":{\"@id\":\"https:\\\/\\\/www.copealcoy.es\\\/es\\\/el-pp-valora-lesforc-del-campus-per-fomentar-el-turisme-de-congressos-a-alcoi\\\/\"},\"wordCount\":210,\"commentCount\":0,\"image\":{\"@id\":\"https:\\\/\\\/www.copealcoy.es\\\/es\\\/el-pp-valora-lesforc-del-campus-per-fomentar-el-turisme-de-congressos-a-alcoi\\\/#primaryimage\"},\"thumbnailUrl\":\"https:\\\/\\\/www.copealcoy.es\\\/wp-content\\\/uploads\\\/2019\\\/09\\\/AOA1bEYECD8N77Uy-1.jpeg\",\"keywords\":[\"Alcoi\",\"Campus\",\"esfor\u00e7\",\"foment\",\"Partit Popular\",\"turisme congressos\"],\"articleSection\":[\"Alcoy\",\"Noticias\",\"Pol\u00edtica y Econom\u00eda\"],\"inLanguage\":\"es\"},{\"@type\":\"WebPage\",\"@id\":\"https:\\\/\\\/www.copealcoy.es\\\/es\\\/el-pp-valora-lesforc-del-campus-per-fomentar-el-turisme-de-congressos-a-alcoi\\\/\",\"url\":\"https:\\\/\\\/www.copealcoy.es\\\/es\\\/el-pp-valora-lesforc-del-campus-per-fomentar-el-turisme-de-congressos-a-alcoi\\\/\",\"name\":\"El PP valora l'esfor\u00e7 del Campus per fomentar el turisme de congressos a Alcoi - COPE Alcoy\",\"isPartOf\":{\"@id\":\"https:\\\/\\\/www.copealcoy.es\\\/es\\\/#website\"},\"primaryImageOfPage\":{\"@id\":\"https:\\\/\\\/www.copealcoy.es\\\/es\\\/el-pp-valora-lesforc-del-campus-per-fomentar-el-turisme-de-congressos-a-alcoi\\\/#primaryimage\"},\"image\":{\"@id\":\"https:\\\/\\\/www.copealcoy.es\\\/es\\\/el-pp-valora-lesforc-del-campus-per-fomentar-el-turisme-de-congressos-a-alcoi\\\/#primaryimage\"},\"thumbnailUrl\":\"https:\\\/\\\/www.copealcoy.es\\\/wp-content\\\/uploads\\\/2019\\\/09\\\/AOA1bEYECD8N77Uy-1.jpeg\",\"datePublished\":\"2020-08-11T18:50:18+00:00\",\"dateModified\":\"2020-08-11T19:04:34+00:00\",\"author\":{\"@id\":\"https:\\\/\\\/www.copealcoy.es\\\/es\\\/#\\\/schema\\\/person\\\/e777c87fa024e57d40170af9df39882c\"},\"breadcrumb\":{\"@id\":\"https:\\\/\\\/www.copealcoy.es\\\/es\\\/el-pp-valora-lesforc-del-campus-per-fomentar-el-turisme-de-congressos-a-alcoi\\\/#breadcrumb\"},\"inLanguage\":\"es\",\"potentialAction\":[{\"@type\":\"ReadAction\",\"target\":[\"https:\\\/\\\/www.copealcoy.es\\\/es\\\/el-pp-valora-lesforc-del-campus-per-fomentar-el-turisme-de-congressos-a-alcoi\\\/\"]}]},{\"@type\":\"ImageObject\",\"inLanguage\":\"es\",\"@id\":\"https:\\\/\\\/www.copealcoy.es\\\/es\\\/el-pp-valora-lesforc-del-campus-per-fomentar-el-turisme-de-congressos-a-alcoi\\\/#primaryimage\",\"url\":\"https:\\\/\\\/www.copealcoy.es\\\/wp-content\\\/uploads\\\/2019\\\/09\\\/AOA1bEYECD8N77Uy-1.jpeg\",\"contentUrl\":\"https:\\\/\\\/www.copealcoy.es\\\/wp-content\\\/uploads\\\/2019\\\/09\\\/AOA1bEYECD8N77Uy-1.jpeg\",\"width\":1170,\"height\":780},{\"@type\":\"BreadcrumbList\",\"@id\":\"https:\\\/\\\/www.copealcoy.es\\\/es\\\/el-pp-valora-lesforc-del-campus-per-fomentar-el-turisme-de-congressos-a-alcoi\\\/#breadcrumb\",\"itemListElement\":[{\"@type\":\"ListItem\",\"position\":1,\"name\":\"Portada\",\"item\":\"https:\\\/\\\/www.copealcoy.es\\\/es\\\/\"},{\"@type\":\"ListItem\",\"position\":2,\"name\":\"El PP valora l&#8217;esfor\u00e7 del Campus per fomentar el turisme de congressos a Alcoi\"}]},{\"@type\":\"WebSite\",\"@id\":\"https:\\\/\\\/www.copealcoy.es\\\/es\\\/#website\",\"url\":\"https:\\\/\\\/www.copealcoy.es\\\/es\\\/\",\"name\":\"COPE Alcoy\",\"description\":\"Emisora COPE de radio local con emisi\u00f3n online. Pont de Sant Jordi 8-10 03803 Alcoy\",\"potentialAction\":[{\"@type\":\"SearchAction\",\"target\":{\"@type\":\"EntryPoint\",\"urlTemplate\":\"https:\\\/\\\/www.copealcoy.es\\\/es\\\/?s={search_term_string}\"},\"query-input\":{\"@type\":\"PropertyValueSpecification\",\"valueRequired\":true,\"valueName\":\"search_term_string\"}}],\"inLanguage\":\"es\"},{\"@type\":\"Person\",\"@id\":\"https:\\\/\\\/www.copealcoy.es\\\/es\\\/#\\\/schema\\\/person\\\/e777c87fa024e57d40170af9df39882c\",\"name\":\"Cope Alcoy\",\"image\":{\"@type\":\"ImageObject\",\"inLanguage\":\"es\",\"@id\":\"https:\\\/\\\/secure.gravatar.com\\\/avatar\\\/bb65d0283347e303893ba14f0692005417c1e0e690a325a4c5d8bb2b3943ee14?s=96&d=mm&r=g\",\"url\":\"https:\\\/\\\/secure.gravatar.com\\\/avatar\\\/bb65d0283347e303893ba14f0692005417c1e0e690a325a4c5d8bb2b3943ee14?s=96&d=mm&r=g\",\"contentUrl\":\"https:\\\/\\\/secure.gravatar.com\\\/avatar\\\/bb65d0283347e303893ba14f0692005417c1e0e690a325a4c5d8bb2b3943ee14?s=96&d=mm&r=g\",\"caption\":\"Cope Alcoy\"}}]}<\/script>\n<!-- \/ Yoast SEO plugin. -->","yoast_head_json":{"title":"El PP valora l'esfor\u00e7 del Campus per fomentar el turisme de congressos a Alcoi - COPE Alcoy","robots":{"index":"index","follow":"follow","max-snippet":"max-snippet:-1","max-image-preview":"max-image-preview:large","max-video-preview":"max-video-preview:-1"},"canonical":"https:\/\/www.copealcoy.es\/es\/el-pp-valora-lesforc-del-campus-per-fomentar-el-turisme-de-congressos-a-alcoi\/","og_locale":"es_ES","og_type":"article","og_title":"El PP valora l'esfor\u00e7 del Campus per fomentar el turisme de congressos a Alcoi - COPE Alcoy","og_description":"El Partit Popular d&#8217;Alcoi destaca el paper de Campus de la Universitat Polit\u00e8cnica de Val\u00e8ncia en el manteniment del turisme...","og_url":"https:\/\/www.copealcoy.es\/es\/el-pp-valora-lesforc-del-campus-per-fomentar-el-turisme-de-congressos-a-alcoi\/","og_site_name":"COPE Alcoy","article_published_time":"2020-08-11T18:50:18+00:00","article_modified_time":"2020-08-11T19:04:34+00:00","og_image":[{"width":1170,"height":780,"url":"https:\/\/www.copealcoy.es\/wp-content\/uploads\/2019\/09\/AOA1bEYECD8N77Uy-1.jpeg","type":"image\/jpeg"}],"author":"Cope Alcoy","twitter_misc":{"Escrito por":"Cope Alcoy","Tiempo de lectura":"1 minuto"},"schema":{"@context":"https:\/\/schema.org","@graph":[{"@type":"Article","@id":"https:\/\/www.copealcoy.es\/es\/el-pp-valora-lesforc-del-campus-per-fomentar-el-turisme-de-congressos-a-alcoi\/#article","isPartOf":{"@id":"https:\/\/www.copealcoy.es\/es\/el-pp-valora-lesforc-del-campus-per-fomentar-el-turisme-de-congressos-a-alcoi\/"},"author":{"name":"Cope Alcoy","@id":"https:\/\/www.copealcoy.es\/es\/#\/schema\/person\/e777c87fa024e57d40170af9df39882c"},"headline":"El PP valora l&#8217;esfor\u00e7 del Campus per fomentar el turisme de congressos a Alcoi","datePublished":"2020-08-11T18:50:18+00:00","dateModified":"2020-08-11T19:04:34+00:00","mainEntityOfPage":{"@id":"https:\/\/www.copealcoy.es\/es\/el-pp-valora-lesforc-del-campus-per-fomentar-el-turisme-de-congressos-a-alcoi\/"},"wordCount":210,"commentCount":0,"image":{"@id":"https:\/\/www.copealcoy.es\/es\/el-pp-valora-lesforc-del-campus-per-fomentar-el-turisme-de-congressos-a-alcoi\/#primaryimage"},"thumbnailUrl":"https:\/\/www.copealcoy.es\/wp-content\/uploads\/2019\/09\/AOA1bEYECD8N77Uy-1.jpeg","keywords":["Alcoi","Campus","esfor\u00e7","foment","Partit Popular","turisme congressos"],"articleSection":["Alcoy","Noticias","Pol\u00edtica y Econom\u00eda"],"inLanguage":"es"},{"@type":"WebPage","@id":"https:\/\/www.copealcoy.es\/es\/el-pp-valora-lesforc-del-campus-per-fomentar-el-turisme-de-congressos-a-alcoi\/","url":"https:\/\/www.copealcoy.es\/es\/el-pp-valora-lesforc-del-campus-per-fomentar-el-turisme-de-congressos-a-alcoi\/","name":"El PP valora l'esfor\u00e7 del Campus per fomentar el turisme de congressos a Alcoi - COPE Alcoy","isPartOf":{"@id":"https:\/\/www.copealcoy.es\/es\/#website"},"primaryImageOfPage":{"@id":"https:\/\/www.copealcoy.es\/es\/el-pp-valora-lesforc-del-campus-per-fomentar-el-turisme-de-congressos-a-alcoi\/#primaryimage"},"image":{"@id":"https:\/\/www.copealcoy.es\/es\/el-pp-valora-lesforc-del-campus-per-fomentar-el-turisme-de-congressos-a-alcoi\/#primaryimage"},"thumbnailUrl":"https:\/\/www.copealcoy.es\/wp-content\/uploads\/2019\/09\/AOA1bEYECD8N77Uy-1.jpeg","datePublished":"2020-08-11T18:50:18+00:00","dateModified":"2020-08-11T19:04:34+00:00","author":{"@id":"https:\/\/www.copealcoy.es\/es\/#\/schema\/person\/e777c87fa024e57d40170af9df39882c"},"breadcrumb":{"@id":"https:\/\/www.copealcoy.es\/es\/el-pp-valora-lesforc-del-campus-per-fomentar-el-turisme-de-congressos-a-alcoi\/#breadcrumb"},"inLanguage":"es","potentialAction":[{"@type":"ReadAction","target":["https:\/\/www.copealcoy.es\/es\/el-pp-valora-lesforc-del-campus-per-fomentar-el-turisme-de-congressos-a-alcoi\/"]}]},{"@type":"ImageObject","inLanguage":"es","@id":"https:\/\/www.copealcoy.es\/es\/el-pp-valora-lesforc-del-campus-per-fomentar-el-turisme-de-congressos-a-alcoi\/#primaryimage","url":"https:\/\/www.copealcoy.es\/wp-content\/uploads\/2019\/09\/AOA1bEYECD8N77Uy-1.jpeg","contentUrl":"https:\/\/www.copealcoy.es\/wp-content\/uploads\/2019\/09\/AOA1bEYECD8N77Uy-1.jpeg","width":1170,"height":780},{"@type":"BreadcrumbList","@id":"https:\/\/www.copealcoy.es\/es\/el-pp-valora-lesforc-del-campus-per-fomentar-el-turisme-de-congressos-a-alcoi\/#breadcrumb","itemListElement":[{"@type":"ListItem","position":1,"name":"Portada","item":"https:\/\/www.copealcoy.es\/es\/"},{"@type":"ListItem","position":2,"name":"El PP valora l&#8217;esfor\u00e7 del Campus per fomentar el turisme de congressos a Alcoi"}]},{"@type":"WebSite","@id":"https:\/\/www.copealcoy.es\/es\/#website","url":"https:\/\/www.copealcoy.es\/es\/","name":"COPE Alcoy","description":"Emisora COPE de radio local con emisi\u00f3n online. Pont de Sant Jordi 8-10 03803 Alcoy","potentialAction":[{"@type":"SearchAction","target":{"@type":"EntryPoint","urlTemplate":"https:\/\/www.copealcoy.es\/es\/?s={search_term_string}"},"query-input":{"@type":"PropertyValueSpecification","valueRequired":true,"valueName":"search_term_string"}}],"inLanguage":"es"},{"@type":"Person","@id":"https:\/\/www.copealcoy.es\/es\/#\/schema\/person\/e777c87fa024e57d40170af9df39882c","name":"Cope Alcoy","image":{"@type":"ImageObject","inLanguage":"es","@id":"https:\/\/secure.gravatar.com\/avatar\/bb65d0283347e303893ba14f0692005417c1e0e690a325a4c5d8bb2b3943ee14?s=96&d=mm&r=g","url":"https:\/\/secure.gravatar.com\/avatar\/bb65d0283347e303893ba14f0692005417c1e0e690a325a4c5d8bb2b3943ee14?s=96&d=mm&r=g","contentUrl":"https:\/\/secure.gravatar.com\/avatar\/bb65d0283347e303893ba14f0692005417c1e0e690a325a4c5d8bb2b3943ee14?s=96&d=mm&r=g","caption":"Cope Alcoy"}}]}},"_links":{"self":[{"href":"https:\/\/www.copealcoy.es\/es\/wp-json\/wp\/v2\/posts\/64638","targetHints":{"allow":["GET"]}}],"collection":[{"href":"https:\/\/www.copealcoy.es\/es\/wp-json\/wp\/v2\/posts"}],"about":[{"href":"https:\/\/www.copealcoy.es\/es\/wp-json\/wp\/v2\/types\/post"}],"author":[{"embeddable":true,"href":"https:\/\/www.copealcoy.es\/es\/wp-json\/wp\/v2\/users\/1"}],"replies":[{"embeddable":true,"href":"https:\/\/www.copealcoy.es\/es\/wp-json\/wp\/v2\/comments?post=64638"}],"version-history":[{"count":0,"href":"https:\/\/www.copealcoy.es\/es\/wp-json\/wp\/v2\/posts\/64638\/revisions"}],"wp:featuredmedia":[{"embeddable":true,"href":"https:\/\/www.copealcoy.es\/es\/wp-json\/wp\/v2\/media\/54866"}],"wp:attachment":[{"href":"https:\/\/www.copealcoy.es\/es\/wp-json\/wp\/v2\/media?parent=64638"}],"wp:term":[{"taxonomy":"category","embeddable":true,"href":"https:\/\/www.copealcoy.es\/es\/wp-json\/wp\/v2\/categories?post=64638"},{"taxonomy":"post_tag","embeddable":true,"href":"https:\/\/www.copealcoy.es\/es\/wp-json\/wp\/v2\/tags?post=64638"}],"curies":[{"name":"wp","href":"https:\/\/api.w.org\/{rel}","templated":true}]}}