{"id":64551,"date":"2020-08-07T07:51:17","date_gmt":"2020-08-07T07:51:17","guid":{"rendered":"https:\/\/www.copealcoy.es\/?p=64551"},"modified":"2020-08-07T08:10:33","modified_gmt":"2020-08-07T08:10:33","slug":"15-858-usuaris-passaren-per-les-piscines-municipals-dalcoi-durant-el-mes-de-juliol","status":"publish","type":"post","link":"https:\/\/www.copealcoy.es\/es\/15-858-usuaris-passaren-per-les-piscines-municipals-dalcoi-durant-el-mes-de-juliol\/","title":{"rendered":"15.858 usuaris passaren per les piscines municipals d&#8217;Alcoi durant el mes de juliol"},"content":{"rendered":"<p style=\"text-align: justify;\">Un total de <strong>15.858 usuaris van passar per les piscines municipals d&#8217;Alcoi durant el mes de juliol<\/strong> segons les dades aportades per la regidoria d&#8217;Esports del nostre consistori. Per instal\u00b7lacions cal esmentar que van accedir <strong>8.087 persones a la Piscina Jos\u00e9\u00a0<span class=\"hiddenSpellError\">Trenzano<\/span>\u00a0Al\u00f2s<\/strong>, <strong>un total de 4.596 a la Piscina de Caramanxel<\/strong> i <strong>3.175 a la de Batoi<\/strong>.<\/p>\n<p style=\"text-align: justify;\">Les xifres d&#8217;aquest m\u00e9s at\u00edpic de juliol de 2020 <strong>s\u00f3n inferiors a les del mateix mes d&#8217;anys anteriors<\/strong> degut en gran manera <strong>al context en el qual ens trobem<\/strong> marcat per la Covid -19 i que<strong> ha obligat a suspendre algunes de les activitats l\u00fadiques<\/strong> que es realitzaven anys arrere que reunien un gran nombre de joves banyistes. Tamb\u00e9 <strong>s&#8217;ha eliminat l&#8217;entrada gratu\u00efta per a majors de 65<\/strong> que es realitzava en algunes ocasions durant anys passats aix\u00ed com els concerts.<\/p>\n<p style=\"text-align: justify;\">La <strong>reducci\u00f3 de l&#8217;aforament al 75% de la capacitat total<\/strong> en les tres instal\u00b7lacions ha obligat en alguna ocasi\u00f3 puntual durant aquest mes de juliol a <strong>tancar per cartell complet<\/strong> les piscines de Caramanxel i Batoi procedint-se a la seua obertura al cap de poc temps, a mesura que alguns usuaris abandonaven la instal\u00b7laci\u00f3 permetent aix\u00ed l&#8217;entrada d&#8217;uns altres. A tot a\u00e7\u00f2 se suma<strong> la realitzaci\u00f3 de les Escoles Esportives que ho han sol\u00b7licitat<\/strong>, sempre de manera escalonada i atenent les indicacions del Centre d&#8217;Esports.<\/p>\n<p style=\"text-align: justify;\">Les piscines municipals d&#8217;Alcoi <strong>romandran obertes fins al 30 d&#8217;agost<\/strong> i des de l&#8217;Ajuntament tamb\u00e9 <strong>lamenten alguns actes vand\u00e0lics<\/strong> que s&#8217;hi han produ\u00eft en els \u00faltims dies.<\/p>\n","protected":false},"excerpt":{"rendered":"<p>Un total de 15.858 usuaris van passar per les piscines municipals d&#8217;Alcoi durant el mes de juliol segons les dades&#8230;<\/p>\n","protected":false},"author":1,"featured_media":64552,"comment_status":"open","ping_status":"open","sticky":false,"template":"","format":"standard","meta":{"footnotes":""},"categories":[97,92,75],"tags":[160,9688,9687,9686],"class_list":["post-64551","post","type-post","status-publish","format-standard","has-post-thumbnail","hentry","category-alcoy","category-deportes","category-noticias","tag-alcoi","tag-juliol","tag-piscines-municipals","tag-usuaris"],"yoast_head":"<!-- This site is optimized with the Yoast SEO plugin v27.3 - https:\/\/yoast.com\/product\/yoast-seo-wordpress\/ -->\n<title>15.858 usuaris passaren per les piscines municipals d&#039;Alcoi durant el mes de juliol - COPE Alcoy<\/title>\n<meta name=\"robots\" content=\"index, follow, max-snippet:-1, max-image-preview:large, max-video-preview:-1\" \/>\n<link rel=\"canonical\" href=\"https:\/\/www.copealcoy.es\/es\/15-858-usuaris-passaren-per-les-piscines-municipals-dalcoi-durant-el-mes-de-juliol\/\" \/>\n<meta property=\"og:locale\" content=\"es_ES\" \/>\n<meta property=\"og:type\" content=\"article\" \/>\n<meta property=\"og:title\" content=\"15.858 usuaris passaren per les piscines municipals d&#039;Alcoi durant el mes de juliol - COPE Alcoy\" \/>\n<meta property=\"og:description\" content=\"Un total de 15.858 usuaris van passar per les piscines municipals d&#8217;Alcoi durant el mes de juliol segons les dades...\" \/>\n<meta property=\"og:url\" content=\"https:\/\/www.copealcoy.es\/es\/15-858-usuaris-passaren-per-les-piscines-municipals-dalcoi-durant-el-mes-de-juliol\/\" \/>\n<meta property=\"og:site_name\" content=\"COPE Alcoy\" \/>\n<meta property=\"article:published_time\" content=\"2020-08-07T07:51:17+00:00\" \/>\n<meta property=\"article:modified_time\" content=\"2020-08-07T08:10:33+00:00\" \/>\n<meta property=\"og:image\" content=\"https:\/\/www.copealcoy.es\/wp-content\/uploads\/2020\/08\/Piscina-Jose-Trenzano-Alos-2020.jpeg\" \/>\n\t<meta property=\"og:image:width\" content=\"2048\" \/>\n\t<meta property=\"og:image:height\" content=\"1152\" \/>\n\t<meta property=\"og:image:type\" content=\"image\/jpeg\" \/>\n<meta name=\"author\" content=\"Cope Alcoy\" \/>\n<meta name=\"twitter:label1\" content=\"Escrito por\" \/>\n\t<meta name=\"twitter:data1\" content=\"Cope Alcoy\" \/>\n\t<meta name=\"twitter:label2\" content=\"Tiempo de lectura\" \/>\n\t<meta name=\"twitter:data2\" content=\"1 minuto\" \/>\n<script type=\"application\/ld+json\" class=\"yoast-schema-graph\">{\"@context\":\"https:\\\/\\\/schema.org\",\"@graph\":[{\"@type\":\"Article\",\"@id\":\"https:\\\/\\\/www.copealcoy.es\\\/es\\\/15-858-usuaris-passaren-per-les-piscines-municipals-dalcoi-durant-el-mes-de-juliol\\\/#article\",\"isPartOf\":{\"@id\":\"https:\\\/\\\/www.copealcoy.es\\\/es\\\/15-858-usuaris-passaren-per-les-piscines-municipals-dalcoi-durant-el-mes-de-juliol\\\/\"},\"author\":{\"name\":\"Cope Alcoy\",\"@id\":\"https:\\\/\\\/www.copealcoy.es\\\/es\\\/#\\\/schema\\\/person\\\/e777c87fa024e57d40170af9df39882c\"},\"headline\":\"15.858 usuaris passaren per les piscines municipals d&#8217;Alcoi durant el mes de juliol\",\"datePublished\":\"2020-08-07T07:51:17+00:00\",\"dateModified\":\"2020-08-07T08:10:33+00:00\",\"mainEntityOfPage\":{\"@id\":\"https:\\\/\\\/www.copealcoy.es\\\/es\\\/15-858-usuaris-passaren-per-les-piscines-municipals-dalcoi-durant-el-mes-de-juliol\\\/\"},\"wordCount\":282,\"commentCount\":0,\"image\":{\"@id\":\"https:\\\/\\\/www.copealcoy.es\\\/es\\\/15-858-usuaris-passaren-per-les-piscines-municipals-dalcoi-durant-el-mes-de-juliol\\\/#primaryimage\"},\"thumbnailUrl\":\"https:\\\/\\\/www.copealcoy.es\\\/wp-content\\\/uploads\\\/2020\\\/08\\\/Piscina-Jose-Trenzano-Alos-2020.jpeg\",\"keywords\":[\"Alcoi\",\"juliol\",\"piscines municipals\",\"Usuaris\"],\"articleSection\":[\"Alcoy\",\"Deportes\",\"Noticias\"],\"inLanguage\":\"es\"},{\"@type\":\"WebPage\",\"@id\":\"https:\\\/\\\/www.copealcoy.es\\\/es\\\/15-858-usuaris-passaren-per-les-piscines-municipals-dalcoi-durant-el-mes-de-juliol\\\/\",\"url\":\"https:\\\/\\\/www.copealcoy.es\\\/es\\\/15-858-usuaris-passaren-per-les-piscines-municipals-dalcoi-durant-el-mes-de-juliol\\\/\",\"name\":\"15.858 usuaris passaren per les piscines municipals d'Alcoi durant el mes de juliol - COPE Alcoy\",\"isPartOf\":{\"@id\":\"https:\\\/\\\/www.copealcoy.es\\\/es\\\/#website\"},\"primaryImageOfPage\":{\"@id\":\"https:\\\/\\\/www.copealcoy.es\\\/es\\\/15-858-usuaris-passaren-per-les-piscines-municipals-dalcoi-durant-el-mes-de-juliol\\\/#primaryimage\"},\"image\":{\"@id\":\"https:\\\/\\\/www.copealcoy.es\\\/es\\\/15-858-usuaris-passaren-per-les-piscines-municipals-dalcoi-durant-el-mes-de-juliol\\\/#primaryimage\"},\"thumbnailUrl\":\"https:\\\/\\\/www.copealcoy.es\\\/wp-content\\\/uploads\\\/2020\\\/08\\\/Piscina-Jose-Trenzano-Alos-2020.jpeg\",\"datePublished\":\"2020-08-07T07:51:17+00:00\",\"dateModified\":\"2020-08-07T08:10:33+00:00\",\"author\":{\"@id\":\"https:\\\/\\\/www.copealcoy.es\\\/es\\\/#\\\/schema\\\/person\\\/e777c87fa024e57d40170af9df39882c\"},\"breadcrumb\":{\"@id\":\"https:\\\/\\\/www.copealcoy.es\\\/es\\\/15-858-usuaris-passaren-per-les-piscines-municipals-dalcoi-durant-el-mes-de-juliol\\\/#breadcrumb\"},\"inLanguage\":\"es\",\"potentialAction\":[{\"@type\":\"ReadAction\",\"target\":[\"https:\\\/\\\/www.copealcoy.es\\\/es\\\/15-858-usuaris-passaren-per-les-piscines-municipals-dalcoi-durant-el-mes-de-juliol\\\/\"]}]},{\"@type\":\"ImageObject\",\"inLanguage\":\"es\",\"@id\":\"https:\\\/\\\/www.copealcoy.es\\\/es\\\/15-858-usuaris-passaren-per-les-piscines-municipals-dalcoi-durant-el-mes-de-juliol\\\/#primaryimage\",\"url\":\"https:\\\/\\\/www.copealcoy.es\\\/wp-content\\\/uploads\\\/2020\\\/08\\\/Piscina-Jose-Trenzano-Alos-2020.jpeg\",\"contentUrl\":\"https:\\\/\\\/www.copealcoy.es\\\/wp-content\\\/uploads\\\/2020\\\/08\\\/Piscina-Jose-Trenzano-Alos-2020.jpeg\",\"width\":2048,\"height\":1152},{\"@type\":\"BreadcrumbList\",\"@id\":\"https:\\\/\\\/www.copealcoy.es\\\/es\\\/15-858-usuaris-passaren-per-les-piscines-municipals-dalcoi-durant-el-mes-de-juliol\\\/#breadcrumb\",\"itemListElement\":[{\"@type\":\"ListItem\",\"position\":1,\"name\":\"Portada\",\"item\":\"https:\\\/\\\/www.copealcoy.es\\\/es\\\/\"},{\"@type\":\"ListItem\",\"position\":2,\"name\":\"15.858 usuaris passaren per les piscines municipals d&#8217;Alcoi durant el mes de juliol\"}]},{\"@type\":\"WebSite\",\"@id\":\"https:\\\/\\\/www.copealcoy.es\\\/es\\\/#website\",\"url\":\"https:\\\/\\\/www.copealcoy.es\\\/es\\\/\",\"name\":\"COPE Alcoy\",\"description\":\"Emisora COPE de radio local con emisi\u00f3n online. Pont de Sant Jordi 8-10 03803 Alcoy\",\"potentialAction\":[{\"@type\":\"SearchAction\",\"target\":{\"@type\":\"EntryPoint\",\"urlTemplate\":\"https:\\\/\\\/www.copealcoy.es\\\/es\\\/?s={search_term_string}\"},\"query-input\":{\"@type\":\"PropertyValueSpecification\",\"valueRequired\":true,\"valueName\":\"search_term_string\"}}],\"inLanguage\":\"es\"},{\"@type\":\"Person\",\"@id\":\"https:\\\/\\\/www.copealcoy.es\\\/es\\\/#\\\/schema\\\/person\\\/e777c87fa024e57d40170af9df39882c\",\"name\":\"Cope Alcoy\",\"image\":{\"@type\":\"ImageObject\",\"inLanguage\":\"es\",\"@id\":\"https:\\\/\\\/secure.gravatar.com\\\/avatar\\\/bb65d0283347e303893ba14f0692005417c1e0e690a325a4c5d8bb2b3943ee14?s=96&d=mm&r=g\",\"url\":\"https:\\\/\\\/secure.gravatar.com\\\/avatar\\\/bb65d0283347e303893ba14f0692005417c1e0e690a325a4c5d8bb2b3943ee14?s=96&d=mm&r=g\",\"contentUrl\":\"https:\\\/\\\/secure.gravatar.com\\\/avatar\\\/bb65d0283347e303893ba14f0692005417c1e0e690a325a4c5d8bb2b3943ee14?s=96&d=mm&r=g\",\"caption\":\"Cope Alcoy\"}}]}<\/script>\n<!-- \/ Yoast SEO plugin. -->","yoast_head_json":{"title":"15.858 usuaris passaren per les piscines municipals d'Alcoi durant el mes de juliol - COPE Alcoy","robots":{"index":"index","follow":"follow","max-snippet":"max-snippet:-1","max-image-preview":"max-image-preview:large","max-video-preview":"max-video-preview:-1"},"canonical":"https:\/\/www.copealcoy.es\/es\/15-858-usuaris-passaren-per-les-piscines-municipals-dalcoi-durant-el-mes-de-juliol\/","og_locale":"es_ES","og_type":"article","og_title":"15.858 usuaris passaren per les piscines municipals d'Alcoi durant el mes de juliol - COPE Alcoy","og_description":"Un total de 15.858 usuaris van passar per les piscines municipals d&#8217;Alcoi durant el mes de juliol segons les dades...","og_url":"https:\/\/www.copealcoy.es\/es\/15-858-usuaris-passaren-per-les-piscines-municipals-dalcoi-durant-el-mes-de-juliol\/","og_site_name":"COPE Alcoy","article_published_time":"2020-08-07T07:51:17+00:00","article_modified_time":"2020-08-07T08:10:33+00:00","og_image":[{"width":2048,"height":1152,"url":"https:\/\/www.copealcoy.es\/wp-content\/uploads\/2020\/08\/Piscina-Jose-Trenzano-Alos-2020.jpeg","type":"image\/jpeg"}],"author":"Cope Alcoy","twitter_misc":{"Escrito por":"Cope Alcoy","Tiempo de lectura":"1 minuto"},"schema":{"@context":"https:\/\/schema.org","@graph":[{"@type":"Article","@id":"https:\/\/www.copealcoy.es\/es\/15-858-usuaris-passaren-per-les-piscines-municipals-dalcoi-durant-el-mes-de-juliol\/#article","isPartOf":{"@id":"https:\/\/www.copealcoy.es\/es\/15-858-usuaris-passaren-per-les-piscines-municipals-dalcoi-durant-el-mes-de-juliol\/"},"author":{"name":"Cope Alcoy","@id":"https:\/\/www.copealcoy.es\/es\/#\/schema\/person\/e777c87fa024e57d40170af9df39882c"},"headline":"15.858 usuaris passaren per les piscines municipals d&#8217;Alcoi durant el mes de juliol","datePublished":"2020-08-07T07:51:17+00:00","dateModified":"2020-08-07T08:10:33+00:00","mainEntityOfPage":{"@id":"https:\/\/www.copealcoy.es\/es\/15-858-usuaris-passaren-per-les-piscines-municipals-dalcoi-durant-el-mes-de-juliol\/"},"wordCount":282,"commentCount":0,"image":{"@id":"https:\/\/www.copealcoy.es\/es\/15-858-usuaris-passaren-per-les-piscines-municipals-dalcoi-durant-el-mes-de-juliol\/#primaryimage"},"thumbnailUrl":"https:\/\/www.copealcoy.es\/wp-content\/uploads\/2020\/08\/Piscina-Jose-Trenzano-Alos-2020.jpeg","keywords":["Alcoi","juliol","piscines municipals","Usuaris"],"articleSection":["Alcoy","Deportes","Noticias"],"inLanguage":"es"},{"@type":"WebPage","@id":"https:\/\/www.copealcoy.es\/es\/15-858-usuaris-passaren-per-les-piscines-municipals-dalcoi-durant-el-mes-de-juliol\/","url":"https:\/\/www.copealcoy.es\/es\/15-858-usuaris-passaren-per-les-piscines-municipals-dalcoi-durant-el-mes-de-juliol\/","name":"15.858 usuaris passaren per les piscines municipals d'Alcoi durant el mes de juliol - COPE Alcoy","isPartOf":{"@id":"https:\/\/www.copealcoy.es\/es\/#website"},"primaryImageOfPage":{"@id":"https:\/\/www.copealcoy.es\/es\/15-858-usuaris-passaren-per-les-piscines-municipals-dalcoi-durant-el-mes-de-juliol\/#primaryimage"},"image":{"@id":"https:\/\/www.copealcoy.es\/es\/15-858-usuaris-passaren-per-les-piscines-municipals-dalcoi-durant-el-mes-de-juliol\/#primaryimage"},"thumbnailUrl":"https:\/\/www.copealcoy.es\/wp-content\/uploads\/2020\/08\/Piscina-Jose-Trenzano-Alos-2020.jpeg","datePublished":"2020-08-07T07:51:17+00:00","dateModified":"2020-08-07T08:10:33+00:00","author":{"@id":"https:\/\/www.copealcoy.es\/es\/#\/schema\/person\/e777c87fa024e57d40170af9df39882c"},"breadcrumb":{"@id":"https:\/\/www.copealcoy.es\/es\/15-858-usuaris-passaren-per-les-piscines-municipals-dalcoi-durant-el-mes-de-juliol\/#breadcrumb"},"inLanguage":"es","potentialAction":[{"@type":"ReadAction","target":["https:\/\/www.copealcoy.es\/es\/15-858-usuaris-passaren-per-les-piscines-municipals-dalcoi-durant-el-mes-de-juliol\/"]}]},{"@type":"ImageObject","inLanguage":"es","@id":"https:\/\/www.copealcoy.es\/es\/15-858-usuaris-passaren-per-les-piscines-municipals-dalcoi-durant-el-mes-de-juliol\/#primaryimage","url":"https:\/\/www.copealcoy.es\/wp-content\/uploads\/2020\/08\/Piscina-Jose-Trenzano-Alos-2020.jpeg","contentUrl":"https:\/\/www.copealcoy.es\/wp-content\/uploads\/2020\/08\/Piscina-Jose-Trenzano-Alos-2020.jpeg","width":2048,"height":1152},{"@type":"BreadcrumbList","@id":"https:\/\/www.copealcoy.es\/es\/15-858-usuaris-passaren-per-les-piscines-municipals-dalcoi-durant-el-mes-de-juliol\/#breadcrumb","itemListElement":[{"@type":"ListItem","position":1,"name":"Portada","item":"https:\/\/www.copealcoy.es\/es\/"},{"@type":"ListItem","position":2,"name":"15.858 usuaris passaren per les piscines municipals d&#8217;Alcoi durant el mes de juliol"}]},{"@type":"WebSite","@id":"https:\/\/www.copealcoy.es\/es\/#website","url":"https:\/\/www.copealcoy.es\/es\/","name":"COPE Alcoy","description":"Emisora COPE de radio local con emisi\u00f3n online. Pont de Sant Jordi 8-10 03803 Alcoy","potentialAction":[{"@type":"SearchAction","target":{"@type":"EntryPoint","urlTemplate":"https:\/\/www.copealcoy.es\/es\/?s={search_term_string}"},"query-input":{"@type":"PropertyValueSpecification","valueRequired":true,"valueName":"search_term_string"}}],"inLanguage":"es"},{"@type":"Person","@id":"https:\/\/www.copealcoy.es\/es\/#\/schema\/person\/e777c87fa024e57d40170af9df39882c","name":"Cope Alcoy","image":{"@type":"ImageObject","inLanguage":"es","@id":"https:\/\/secure.gravatar.com\/avatar\/bb65d0283347e303893ba14f0692005417c1e0e690a325a4c5d8bb2b3943ee14?s=96&d=mm&r=g","url":"https:\/\/secure.gravatar.com\/avatar\/bb65d0283347e303893ba14f0692005417c1e0e690a325a4c5d8bb2b3943ee14?s=96&d=mm&r=g","contentUrl":"https:\/\/secure.gravatar.com\/avatar\/bb65d0283347e303893ba14f0692005417c1e0e690a325a4c5d8bb2b3943ee14?s=96&d=mm&r=g","caption":"Cope Alcoy"}}]}},"_links":{"self":[{"href":"https:\/\/www.copealcoy.es\/es\/wp-json\/wp\/v2\/posts\/64551","targetHints":{"allow":["GET"]}}],"collection":[{"href":"https:\/\/www.copealcoy.es\/es\/wp-json\/wp\/v2\/posts"}],"about":[{"href":"https:\/\/www.copealcoy.es\/es\/wp-json\/wp\/v2\/types\/post"}],"author":[{"embeddable":true,"href":"https:\/\/www.copealcoy.es\/es\/wp-json\/wp\/v2\/users\/1"}],"replies":[{"embeddable":true,"href":"https:\/\/www.copealcoy.es\/es\/wp-json\/wp\/v2\/comments?post=64551"}],"version-history":[{"count":0,"href":"https:\/\/www.copealcoy.es\/es\/wp-json\/wp\/v2\/posts\/64551\/revisions"}],"wp:featuredmedia":[{"embeddable":true,"href":"https:\/\/www.copealcoy.es\/es\/wp-json\/wp\/v2\/media\/64552"}],"wp:attachment":[{"href":"https:\/\/www.copealcoy.es\/es\/wp-json\/wp\/v2\/media?parent=64551"}],"wp:term":[{"taxonomy":"category","embeddable":true,"href":"https:\/\/www.copealcoy.es\/es\/wp-json\/wp\/v2\/categories?post=64551"},{"taxonomy":"post_tag","embeddable":true,"href":"https:\/\/www.copealcoy.es\/es\/wp-json\/wp\/v2\/tags?post=64551"}],"curies":[{"name":"wp","href":"https:\/\/api.w.org\/{rel}","templated":true}]}}