{"id":64488,"date":"2020-08-05T11:19:16","date_gmt":"2020-08-05T11:19:16","guid":{"rendered":"https:\/\/www.copealcoy.es\/?p=64488"},"modified":"2020-08-05T11:27:39","modified_gmt":"2020-08-05T11:27:39","slug":"la-millora-acustica-del-teular-proposta-mes-votada-en-els-pressupostos-participatius-de-cocentaina","status":"publish","type":"post","link":"https:\/\/www.copealcoy.es\/es\/la-millora-acustica-del-teular-proposta-mes-votada-en-els-pressupostos-participatius-de-cocentaina\/","title":{"rendered":"La millora ac\u00fastica del Teular, proposta m\u00e9s votada en els Pressupostos Participatius de Cocentaina"},"content":{"rendered":"<p style=\"text-align: justify;\">L&#8217;<strong>Ajuntament de Cocentaina<\/strong> ha posat el punt final a<strong> l&#8217;edici\u00f3 2020 dels Pressupostos Participatius<\/strong>, una convocat\u00f2ria en la qual aquest any <strong>nom\u00e9s s&#8217;ha pogut votar <em><span class=\"hiddenSpellError\">online<\/span><\/em>\u00a0<\/strong>a causa de la crisi del Coronavirus.<\/p>\n<p style=\"text-align: justify;\">Les propostes sotmeses a escrutini van ser <strong>la millora ac\u00fastica de Centre Cultural El Teular<\/strong>, <strong>la instal\u00b7laci\u00f3 de panells informatius per la poblaci\u00f3<\/strong> i <strong>una b\u00fastia per a la devoluci\u00f3 dels pr\u00e9stecs de la biblioteca<\/strong>. La m\u00e9s votada <strong>fou\u00a0la primera amb 454 punts<\/strong> mentre que les dues restants, respectivament, van obtenir 206 i 182 sufragis.<\/p>\n<p style=\"text-align: justify;\">Des de la regidoria de Participaci\u00f3 Ciutadana <strong>han agra\u00eft la implicaci\u00f3 del poble en aquesta campanya malgrat la situaci\u00f3 que ha patit el proc\u00e9s a causa de la pand\u00e8mia<\/strong> &#8220;<em>estem molt contents dels resultats obtinguts en la votaci\u00f3 i de la participaci\u00f3 que han demostrat els ve\u00efns i les ve\u00efnes a l&#8217;hora de realitzar les diferents propostes. Ara esperem executar els projectes com m\u00e9s aviat millor<\/em>&#8220;, ha concl\u00f2s la regidora, <strong>Maite Valls<\/strong>.<\/p>\n","protected":false},"excerpt":{"rendered":"<p>L&#8217;Ajuntament de Cocentaina ha posat el punt final a l&#8217;edici\u00f3 2020 dels Pressupostos Participatius, una convocat\u00f2ria en la qual aquest&#8230;<\/p>\n","protected":false},"author":1,"featured_media":22708,"comment_status":"open","ping_status":"open","sticky":false,"template":"","format":"standard","meta":{"footnotes":""},"categories":[98,75],"tags":[2491,132,9667,9669,9668],"class_list":["post-64488","post","type-post","status-publish","format-standard","has-post-thumbnail","hentry","category-comarcas","category-noticias","tag-centre-cultural-el-teular","tag-cocentaina","tag-millora-acustica","tag-pressupostos-participatius","tag-proposta-mes-votada"],"yoast_head":"<!-- This site is optimized with the Yoast SEO plugin v27.3 - https:\/\/yoast.com\/product\/yoast-seo-wordpress\/ -->\n<title>La millora ac\u00fastica del Teular, proposta m\u00e9s votada en els Pressupostos Participatius de Cocentaina - COPE Alcoy<\/title>\n<meta name=\"robots\" content=\"index, follow, max-snippet:-1, max-image-preview:large, max-video-preview:-1\" \/>\n<link rel=\"canonical\" href=\"https:\/\/www.copealcoy.es\/es\/la-millora-acustica-del-teular-proposta-mes-votada-en-els-pressupostos-participatius-de-cocentaina\/\" \/>\n<meta property=\"og:locale\" content=\"es_ES\" \/>\n<meta property=\"og:type\" content=\"article\" \/>\n<meta property=\"og:title\" content=\"La millora ac\u00fastica del Teular, proposta m\u00e9s votada en els Pressupostos Participatius de Cocentaina - COPE Alcoy\" \/>\n<meta property=\"og:description\" content=\"L&#8217;Ajuntament de Cocentaina ha posat el punt final a l&#8217;edici\u00f3 2020 dels Pressupostos Participatius, una convocat\u00f2ria en la qual aquest...\" \/>\n<meta property=\"og:url\" content=\"https:\/\/www.copealcoy.es\/es\/la-millora-acustica-del-teular-proposta-mes-votada-en-els-pressupostos-participatius-de-cocentaina\/\" \/>\n<meta property=\"og:site_name\" content=\"COPE Alcoy\" \/>\n<meta property=\"article:published_time\" content=\"2020-08-05T11:19:16+00:00\" \/>\n<meta property=\"article:modified_time\" content=\"2020-08-05T11:27:39+00:00\" \/>\n<meta property=\"og:image\" content=\"https:\/\/www.copealcoy.es\/wp-content\/uploads\/2016\/06\/21053795-e1466107453205.jpg\" \/>\n\t<meta property=\"og:image:width\" content=\"1024\" \/>\n\t<meta property=\"og:image:height\" content=\"578\" \/>\n\t<meta property=\"og:image:type\" content=\"image\/jpeg\" \/>\n<meta name=\"author\" content=\"Cope Alcoy\" \/>\n<meta name=\"twitter:label1\" content=\"Escrito por\" \/>\n\t<meta name=\"twitter:data1\" content=\"Cope Alcoy\" \/>\n\t<meta name=\"twitter:label2\" content=\"Tiempo de lectura\" \/>\n\t<meta name=\"twitter:data2\" content=\"1 minuto\" \/>\n<script type=\"application\/ld+json\" class=\"yoast-schema-graph\">{\"@context\":\"https:\\\/\\\/schema.org\",\"@graph\":[{\"@type\":\"Article\",\"@id\":\"https:\\\/\\\/www.copealcoy.es\\\/es\\\/la-millora-acustica-del-teular-proposta-mes-votada-en-els-pressupostos-participatius-de-cocentaina\\\/#article\",\"isPartOf\":{\"@id\":\"https:\\\/\\\/www.copealcoy.es\\\/es\\\/la-millora-acustica-del-teular-proposta-mes-votada-en-els-pressupostos-participatius-de-cocentaina\\\/\"},\"author\":{\"name\":\"Cope Alcoy\",\"@id\":\"https:\\\/\\\/www.copealcoy.es\\\/es\\\/#\\\/schema\\\/person\\\/e777c87fa024e57d40170af9df39882c\"},\"headline\":\"La millora ac\u00fastica del Teular, proposta m\u00e9s votada en els Pressupostos Participatius de Cocentaina\",\"datePublished\":\"2020-08-05T11:19:16+00:00\",\"dateModified\":\"2020-08-05T11:27:39+00:00\",\"mainEntityOfPage\":{\"@id\":\"https:\\\/\\\/www.copealcoy.es\\\/es\\\/la-millora-acustica-del-teular-proposta-mes-votada-en-els-pressupostos-participatius-de-cocentaina\\\/\"},\"wordCount\":191,\"commentCount\":0,\"image\":{\"@id\":\"https:\\\/\\\/www.copealcoy.es\\\/es\\\/la-millora-acustica-del-teular-proposta-mes-votada-en-els-pressupostos-participatius-de-cocentaina\\\/#primaryimage\"},\"thumbnailUrl\":\"https:\\\/\\\/www.copealcoy.es\\\/wp-content\\\/uploads\\\/2016\\\/06\\\/21053795-e1466107453205.jpg\",\"keywords\":[\"Centre Cultural El Teular\",\"Cocentaina\",\"millora ac\u00fastica\",\"Pressupostos Participatius\",\"proposta m\u00e9s votada\"],\"articleSection\":[\"Comarcas\",\"Noticias\"],\"inLanguage\":\"es\"},{\"@type\":\"WebPage\",\"@id\":\"https:\\\/\\\/www.copealcoy.es\\\/es\\\/la-millora-acustica-del-teular-proposta-mes-votada-en-els-pressupostos-participatius-de-cocentaina\\\/\",\"url\":\"https:\\\/\\\/www.copealcoy.es\\\/es\\\/la-millora-acustica-del-teular-proposta-mes-votada-en-els-pressupostos-participatius-de-cocentaina\\\/\",\"name\":\"La millora ac\u00fastica del Teular, proposta m\u00e9s votada en els Pressupostos Participatius de Cocentaina - COPE Alcoy\",\"isPartOf\":{\"@id\":\"https:\\\/\\\/www.copealcoy.es\\\/es\\\/#website\"},\"primaryImageOfPage\":{\"@id\":\"https:\\\/\\\/www.copealcoy.es\\\/es\\\/la-millora-acustica-del-teular-proposta-mes-votada-en-els-pressupostos-participatius-de-cocentaina\\\/#primaryimage\"},\"image\":{\"@id\":\"https:\\\/\\\/www.copealcoy.es\\\/es\\\/la-millora-acustica-del-teular-proposta-mes-votada-en-els-pressupostos-participatius-de-cocentaina\\\/#primaryimage\"},\"thumbnailUrl\":\"https:\\\/\\\/www.copealcoy.es\\\/wp-content\\\/uploads\\\/2016\\\/06\\\/21053795-e1466107453205.jpg\",\"datePublished\":\"2020-08-05T11:19:16+00:00\",\"dateModified\":\"2020-08-05T11:27:39+00:00\",\"author\":{\"@id\":\"https:\\\/\\\/www.copealcoy.es\\\/es\\\/#\\\/schema\\\/person\\\/e777c87fa024e57d40170af9df39882c\"},\"breadcrumb\":{\"@id\":\"https:\\\/\\\/www.copealcoy.es\\\/es\\\/la-millora-acustica-del-teular-proposta-mes-votada-en-els-pressupostos-participatius-de-cocentaina\\\/#breadcrumb\"},\"inLanguage\":\"es\",\"potentialAction\":[{\"@type\":\"ReadAction\",\"target\":[\"https:\\\/\\\/www.copealcoy.es\\\/es\\\/la-millora-acustica-del-teular-proposta-mes-votada-en-els-pressupostos-participatius-de-cocentaina\\\/\"]}]},{\"@type\":\"ImageObject\",\"inLanguage\":\"es\",\"@id\":\"https:\\\/\\\/www.copealcoy.es\\\/es\\\/la-millora-acustica-del-teular-proposta-mes-votada-en-els-pressupostos-participatius-de-cocentaina\\\/#primaryimage\",\"url\":\"https:\\\/\\\/www.copealcoy.es\\\/wp-content\\\/uploads\\\/2016\\\/06\\\/21053795-e1466107453205.jpg\",\"contentUrl\":\"https:\\\/\\\/www.copealcoy.es\\\/wp-content\\\/uploads\\\/2016\\\/06\\\/21053795-e1466107453205.jpg\",\"width\":1024,\"height\":578,\"caption\":\"Centro Cultural El Teular de Cocentaina\"},{\"@type\":\"BreadcrumbList\",\"@id\":\"https:\\\/\\\/www.copealcoy.es\\\/es\\\/la-millora-acustica-del-teular-proposta-mes-votada-en-els-pressupostos-participatius-de-cocentaina\\\/#breadcrumb\",\"itemListElement\":[{\"@type\":\"ListItem\",\"position\":1,\"name\":\"Portada\",\"item\":\"https:\\\/\\\/www.copealcoy.es\\\/es\\\/\"},{\"@type\":\"ListItem\",\"position\":2,\"name\":\"La millora ac\u00fastica del Teular, proposta m\u00e9s votada en els Pressupostos Participatius de Cocentaina\"}]},{\"@type\":\"WebSite\",\"@id\":\"https:\\\/\\\/www.copealcoy.es\\\/es\\\/#website\",\"url\":\"https:\\\/\\\/www.copealcoy.es\\\/es\\\/\",\"name\":\"COPE Alcoy\",\"description\":\"Emisora COPE de radio local con emisi\u00f3n online. Pont de Sant Jordi 8-10 03803 Alcoy\",\"potentialAction\":[{\"@type\":\"SearchAction\",\"target\":{\"@type\":\"EntryPoint\",\"urlTemplate\":\"https:\\\/\\\/www.copealcoy.es\\\/es\\\/?s={search_term_string}\"},\"query-input\":{\"@type\":\"PropertyValueSpecification\",\"valueRequired\":true,\"valueName\":\"search_term_string\"}}],\"inLanguage\":\"es\"},{\"@type\":\"Person\",\"@id\":\"https:\\\/\\\/www.copealcoy.es\\\/es\\\/#\\\/schema\\\/person\\\/e777c87fa024e57d40170af9df39882c\",\"name\":\"Cope Alcoy\",\"image\":{\"@type\":\"ImageObject\",\"inLanguage\":\"es\",\"@id\":\"https:\\\/\\\/secure.gravatar.com\\\/avatar\\\/bb65d0283347e303893ba14f0692005417c1e0e690a325a4c5d8bb2b3943ee14?s=96&d=mm&r=g\",\"url\":\"https:\\\/\\\/secure.gravatar.com\\\/avatar\\\/bb65d0283347e303893ba14f0692005417c1e0e690a325a4c5d8bb2b3943ee14?s=96&d=mm&r=g\",\"contentUrl\":\"https:\\\/\\\/secure.gravatar.com\\\/avatar\\\/bb65d0283347e303893ba14f0692005417c1e0e690a325a4c5d8bb2b3943ee14?s=96&d=mm&r=g\",\"caption\":\"Cope Alcoy\"}}]}<\/script>\n<!-- \/ Yoast SEO plugin. -->","yoast_head_json":{"title":"La millora ac\u00fastica del Teular, proposta m\u00e9s votada en els Pressupostos Participatius de Cocentaina - COPE Alcoy","robots":{"index":"index","follow":"follow","max-snippet":"max-snippet:-1","max-image-preview":"max-image-preview:large","max-video-preview":"max-video-preview:-1"},"canonical":"https:\/\/www.copealcoy.es\/es\/la-millora-acustica-del-teular-proposta-mes-votada-en-els-pressupostos-participatius-de-cocentaina\/","og_locale":"es_ES","og_type":"article","og_title":"La millora ac\u00fastica del Teular, proposta m\u00e9s votada en els Pressupostos Participatius de Cocentaina - COPE Alcoy","og_description":"L&#8217;Ajuntament de Cocentaina ha posat el punt final a l&#8217;edici\u00f3 2020 dels Pressupostos Participatius, una convocat\u00f2ria en la qual aquest...","og_url":"https:\/\/www.copealcoy.es\/es\/la-millora-acustica-del-teular-proposta-mes-votada-en-els-pressupostos-participatius-de-cocentaina\/","og_site_name":"COPE Alcoy","article_published_time":"2020-08-05T11:19:16+00:00","article_modified_time":"2020-08-05T11:27:39+00:00","og_image":[{"width":1024,"height":578,"url":"https:\/\/www.copealcoy.es\/wp-content\/uploads\/2016\/06\/21053795-e1466107453205.jpg","type":"image\/jpeg"}],"author":"Cope Alcoy","twitter_misc":{"Escrito por":"Cope Alcoy","Tiempo de lectura":"1 minuto"},"schema":{"@context":"https:\/\/schema.org","@graph":[{"@type":"Article","@id":"https:\/\/www.copealcoy.es\/es\/la-millora-acustica-del-teular-proposta-mes-votada-en-els-pressupostos-participatius-de-cocentaina\/#article","isPartOf":{"@id":"https:\/\/www.copealcoy.es\/es\/la-millora-acustica-del-teular-proposta-mes-votada-en-els-pressupostos-participatius-de-cocentaina\/"},"author":{"name":"Cope Alcoy","@id":"https:\/\/www.copealcoy.es\/es\/#\/schema\/person\/e777c87fa024e57d40170af9df39882c"},"headline":"La millora ac\u00fastica del Teular, proposta m\u00e9s votada en els Pressupostos Participatius de Cocentaina","datePublished":"2020-08-05T11:19:16+00:00","dateModified":"2020-08-05T11:27:39+00:00","mainEntityOfPage":{"@id":"https:\/\/www.copealcoy.es\/es\/la-millora-acustica-del-teular-proposta-mes-votada-en-els-pressupostos-participatius-de-cocentaina\/"},"wordCount":191,"commentCount":0,"image":{"@id":"https:\/\/www.copealcoy.es\/es\/la-millora-acustica-del-teular-proposta-mes-votada-en-els-pressupostos-participatius-de-cocentaina\/#primaryimage"},"thumbnailUrl":"https:\/\/www.copealcoy.es\/wp-content\/uploads\/2016\/06\/21053795-e1466107453205.jpg","keywords":["Centre Cultural El Teular","Cocentaina","millora ac\u00fastica","Pressupostos Participatius","proposta m\u00e9s votada"],"articleSection":["Comarcas","Noticias"],"inLanguage":"es"},{"@type":"WebPage","@id":"https:\/\/www.copealcoy.es\/es\/la-millora-acustica-del-teular-proposta-mes-votada-en-els-pressupostos-participatius-de-cocentaina\/","url":"https:\/\/www.copealcoy.es\/es\/la-millora-acustica-del-teular-proposta-mes-votada-en-els-pressupostos-participatius-de-cocentaina\/","name":"La millora ac\u00fastica del Teular, proposta m\u00e9s votada en els Pressupostos Participatius de Cocentaina - COPE Alcoy","isPartOf":{"@id":"https:\/\/www.copealcoy.es\/es\/#website"},"primaryImageOfPage":{"@id":"https:\/\/www.copealcoy.es\/es\/la-millora-acustica-del-teular-proposta-mes-votada-en-els-pressupostos-participatius-de-cocentaina\/#primaryimage"},"image":{"@id":"https:\/\/www.copealcoy.es\/es\/la-millora-acustica-del-teular-proposta-mes-votada-en-els-pressupostos-participatius-de-cocentaina\/#primaryimage"},"thumbnailUrl":"https:\/\/www.copealcoy.es\/wp-content\/uploads\/2016\/06\/21053795-e1466107453205.jpg","datePublished":"2020-08-05T11:19:16+00:00","dateModified":"2020-08-05T11:27:39+00:00","author":{"@id":"https:\/\/www.copealcoy.es\/es\/#\/schema\/person\/e777c87fa024e57d40170af9df39882c"},"breadcrumb":{"@id":"https:\/\/www.copealcoy.es\/es\/la-millora-acustica-del-teular-proposta-mes-votada-en-els-pressupostos-participatius-de-cocentaina\/#breadcrumb"},"inLanguage":"es","potentialAction":[{"@type":"ReadAction","target":["https:\/\/www.copealcoy.es\/es\/la-millora-acustica-del-teular-proposta-mes-votada-en-els-pressupostos-participatius-de-cocentaina\/"]}]},{"@type":"ImageObject","inLanguage":"es","@id":"https:\/\/www.copealcoy.es\/es\/la-millora-acustica-del-teular-proposta-mes-votada-en-els-pressupostos-participatius-de-cocentaina\/#primaryimage","url":"https:\/\/www.copealcoy.es\/wp-content\/uploads\/2016\/06\/21053795-e1466107453205.jpg","contentUrl":"https:\/\/www.copealcoy.es\/wp-content\/uploads\/2016\/06\/21053795-e1466107453205.jpg","width":1024,"height":578,"caption":"Centro Cultural El Teular de Cocentaina"},{"@type":"BreadcrumbList","@id":"https:\/\/www.copealcoy.es\/es\/la-millora-acustica-del-teular-proposta-mes-votada-en-els-pressupostos-participatius-de-cocentaina\/#breadcrumb","itemListElement":[{"@type":"ListItem","position":1,"name":"Portada","item":"https:\/\/www.copealcoy.es\/es\/"},{"@type":"ListItem","position":2,"name":"La millora ac\u00fastica del Teular, proposta m\u00e9s votada en els Pressupostos Participatius de Cocentaina"}]},{"@type":"WebSite","@id":"https:\/\/www.copealcoy.es\/es\/#website","url":"https:\/\/www.copealcoy.es\/es\/","name":"COPE Alcoy","description":"Emisora COPE de radio local con emisi\u00f3n online. Pont de Sant Jordi 8-10 03803 Alcoy","potentialAction":[{"@type":"SearchAction","target":{"@type":"EntryPoint","urlTemplate":"https:\/\/www.copealcoy.es\/es\/?s={search_term_string}"},"query-input":{"@type":"PropertyValueSpecification","valueRequired":true,"valueName":"search_term_string"}}],"inLanguage":"es"},{"@type":"Person","@id":"https:\/\/www.copealcoy.es\/es\/#\/schema\/person\/e777c87fa024e57d40170af9df39882c","name":"Cope Alcoy","image":{"@type":"ImageObject","inLanguage":"es","@id":"https:\/\/secure.gravatar.com\/avatar\/bb65d0283347e303893ba14f0692005417c1e0e690a325a4c5d8bb2b3943ee14?s=96&d=mm&r=g","url":"https:\/\/secure.gravatar.com\/avatar\/bb65d0283347e303893ba14f0692005417c1e0e690a325a4c5d8bb2b3943ee14?s=96&d=mm&r=g","contentUrl":"https:\/\/secure.gravatar.com\/avatar\/bb65d0283347e303893ba14f0692005417c1e0e690a325a4c5d8bb2b3943ee14?s=96&d=mm&r=g","caption":"Cope Alcoy"}}]}},"_links":{"self":[{"href":"https:\/\/www.copealcoy.es\/es\/wp-json\/wp\/v2\/posts\/64488","targetHints":{"allow":["GET"]}}],"collection":[{"href":"https:\/\/www.copealcoy.es\/es\/wp-json\/wp\/v2\/posts"}],"about":[{"href":"https:\/\/www.copealcoy.es\/es\/wp-json\/wp\/v2\/types\/post"}],"author":[{"embeddable":true,"href":"https:\/\/www.copealcoy.es\/es\/wp-json\/wp\/v2\/users\/1"}],"replies":[{"embeddable":true,"href":"https:\/\/www.copealcoy.es\/es\/wp-json\/wp\/v2\/comments?post=64488"}],"version-history":[{"count":0,"href":"https:\/\/www.copealcoy.es\/es\/wp-json\/wp\/v2\/posts\/64488\/revisions"}],"wp:featuredmedia":[{"embeddable":true,"href":"https:\/\/www.copealcoy.es\/es\/wp-json\/wp\/v2\/media\/22708"}],"wp:attachment":[{"href":"https:\/\/www.copealcoy.es\/es\/wp-json\/wp\/v2\/media?parent=64488"}],"wp:term":[{"taxonomy":"category","embeddable":true,"href":"https:\/\/www.copealcoy.es\/es\/wp-json\/wp\/v2\/categories?post=64488"},{"taxonomy":"post_tag","embeddable":true,"href":"https:\/\/www.copealcoy.es\/es\/wp-json\/wp\/v2\/tags?post=64488"}],"curies":[{"name":"wp","href":"https:\/\/api.w.org\/{rel}","templated":true}]}}