{"id":64429,"date":"2020-08-03T10:54:58","date_gmt":"2020-08-03T10:54:58","guid":{"rendered":"https:\/\/www.copealcoy.es\/?p=64429"},"modified":"2020-08-03T11:29:01","modified_gmt":"2020-08-03T11:29:01","slug":"torna-la-ruta-de-contacontes-de-la-mancomunitat","status":"publish","type":"post","link":"https:\/\/www.copealcoy.es\/es\/torna-la-ruta-de-contacontes-de-la-mancomunitat\/","title":{"rendered":"Torna la Ruta de Contacontes de la Mancomunitat"},"content":{"rendered":"<p style=\"text-align: justify;\">El <strong>passat dissabte 1 d&#8217;agost<\/strong> va comen\u00e7ar<strong> la cinquena edici\u00f3 de la Ruta de Contacontes<\/strong> que organitza anualment <strong>la Mancomunitat de municipis de l&#8217;Alcoi\u00e0-Comtat<\/strong>.<\/p>\n<p style=\"text-align: justify;\">La <strong>primera poblaci\u00f3<\/strong> on es va portar a terme l&#8217;activitat <strong>fou a Pen\u00e0guila<\/strong> i a partir d&#8217;ac\u00ed la Ruta de Contacontes <strong>recorrer\u00e0 els 17 pobles<\/strong> que formen part de l&#8217;ens comarcal. D&#8217;aquesta forma hi haur\u00e0 una cita liter\u00e0ria a <strong>Benimarfull<\/strong> (7 d&#8217;agost), <strong>l&#8217;Orxa<\/strong> (14 d&#8217;agost), <strong>Gorga<\/strong> (15 d&#8217;agost), <strong>Beniarr\u00e9s<\/strong> (16 d&#8217;agost), <strong>Alcoleja<\/strong> (20 d&#8217;agost), <strong>Millena<\/strong> (29 d&#8217;agost),<strong> Benasau<\/strong> (5 de setembre), <strong>Muro<\/strong> (11 de setembre), <strong>Alqueria d&#8217;Asnar<\/strong> (19 de setembre), <strong>Alfafara<\/strong> (27 de setembre), <strong>Banyeres de Mariola<\/strong> (4 d&#8217;octubre),<strong> Alcoi<\/strong> (9 d&#8217;octubre), <strong>Cocentaina<\/strong> (10 d&#8217;octubre), <strong>Agres<\/strong> (11 d&#8217;octubre), <strong>Alcosser de Planes<\/strong> (19 de desembre) i <strong>Gaianes<\/strong> (21 de desembre). Aquestes excursions <strong>compten amb el suport de la Coordinadora Comarcal pel Valenci\u00e0<\/strong> i amb <strong>totes les mesures de seguretat<\/strong> per a fer front a la Covid-19 &#8220;<em>s\u00f3n unes propostes pensades per a tota la fam\u00edlia i de la que gaudeixen molt els m\u00e9s menuts. Ens hem coordinat molt\u00a0b\u00e9 amb cada Ajuntament perqu\u00e8 els participants en les Rutes tinguen en compte les limitacions d&#8217;aforament, l&#8217;\u00fas obligatori de la mascareta i la import\u00e0ncia de complir amb la higiene<\/em>&#8220;, assegurava en COPE ALCOI <strong>Ivan Jover<\/strong>, Gerent de la Mancomunitat.<\/p>\n<p style=\"text-align: justify;\">Les Rutes de Contacontes <strong>comptaran la participaci\u00f3 de destacades figures de la literatura comarcal<\/strong> com ara Almudena Franc\u00e9s, Eva And\u00fajar, Llu\u00eds\u00a0<span class=\"hiddenSpellError\">Abad<\/span>, Jordi Carbonell, Carles\u00a0<span class=\"hiddenSpellError\">Llinares<\/span>\u00a0i S\u00edlvia Colomer.<\/p>\n","protected":false},"excerpt":{"rendered":"<p>El passat dissabte 1 d&#8217;agost va comen\u00e7ar la cinquena edici\u00f3 de la Ruta de Contacontes que organitza anualment la Mancomunitat&#8230;<\/p>\n","protected":false},"author":1,"featured_media":64432,"comment_status":"open","ping_status":"open","sticky":false,"template":"","format":"standard","meta":{"footnotes":""},"categories":[98,75],"tags":[9643,9644,7068,1824,1509],"class_list":["post-64429","post","type-post","status-publish","format-standard","has-post-thumbnail","hentry","category-comarcas","category-noticias","tag-contacontes","tag-coordinador-pel-valencia","tag-ivan-jover","tag-mancomunitat-alcoia-comtat","tag-ruta"],"yoast_head":"<!-- This site is optimized with the Yoast SEO plugin v27.3 - https:\/\/yoast.com\/product\/yoast-seo-wordpress\/ -->\n<title>Torna la Ruta de Contacontes de la Mancomunitat - COPE Alcoy<\/title>\n<meta name=\"robots\" content=\"index, follow, max-snippet:-1, max-image-preview:large, max-video-preview:-1\" \/>\n<link rel=\"canonical\" href=\"https:\/\/www.copealcoy.es\/es\/torna-la-ruta-de-contacontes-de-la-mancomunitat\/\" \/>\n<meta property=\"og:locale\" content=\"es_ES\" \/>\n<meta property=\"og:type\" content=\"article\" \/>\n<meta property=\"og:title\" content=\"Torna la Ruta de Contacontes de la Mancomunitat - COPE Alcoy\" \/>\n<meta property=\"og:description\" content=\"El passat dissabte 1 d&#8217;agost va comen\u00e7ar la cinquena edici\u00f3 de la Ruta de Contacontes que organitza anualment la Mancomunitat...\" \/>\n<meta property=\"og:url\" content=\"https:\/\/www.copealcoy.es\/es\/torna-la-ruta-de-contacontes-de-la-mancomunitat\/\" \/>\n<meta property=\"og:site_name\" content=\"COPE Alcoy\" \/>\n<meta property=\"article:published_time\" content=\"2020-08-03T10:54:58+00:00\" \/>\n<meta property=\"article:modified_time\" content=\"2020-08-03T11:29:01+00:00\" \/>\n<meta property=\"og:image\" content=\"https:\/\/www.copealcoy.es\/wp-content\/uploads\/2020\/08\/Ruta-Contes.jpg\" \/>\n\t<meta property=\"og:image:width\" content=\"855\" \/>\n\t<meta property=\"og:image:height\" content=\"545\" \/>\n\t<meta property=\"og:image:type\" content=\"image\/jpeg\" \/>\n<meta name=\"author\" content=\"Cope Alcoy\" \/>\n<meta name=\"twitter:label1\" content=\"Escrito por\" \/>\n\t<meta name=\"twitter:data1\" content=\"Cope Alcoy\" \/>\n\t<meta name=\"twitter:label2\" content=\"Tiempo de lectura\" \/>\n\t<meta name=\"twitter:data2\" content=\"1 minuto\" \/>\n<script type=\"application\/ld+json\" class=\"yoast-schema-graph\">{\"@context\":\"https:\\\/\\\/schema.org\",\"@graph\":[{\"@type\":\"Article\",\"@id\":\"https:\\\/\\\/www.copealcoy.es\\\/es\\\/torna-la-ruta-de-contacontes-de-la-mancomunitat\\\/#article\",\"isPartOf\":{\"@id\":\"https:\\\/\\\/www.copealcoy.es\\\/es\\\/torna-la-ruta-de-contacontes-de-la-mancomunitat\\\/\"},\"author\":{\"name\":\"Cope Alcoy\",\"@id\":\"https:\\\/\\\/www.copealcoy.es\\\/es\\\/#\\\/schema\\\/person\\\/e777c87fa024e57d40170af9df39882c\"},\"headline\":\"Torna la Ruta de Contacontes de la Mancomunitat\",\"datePublished\":\"2020-08-03T10:54:58+00:00\",\"dateModified\":\"2020-08-03T11:29:01+00:00\",\"mainEntityOfPage\":{\"@id\":\"https:\\\/\\\/www.copealcoy.es\\\/es\\\/torna-la-ruta-de-contacontes-de-la-mancomunitat\\\/\"},\"wordCount\":262,\"commentCount\":0,\"image\":{\"@id\":\"https:\\\/\\\/www.copealcoy.es\\\/es\\\/torna-la-ruta-de-contacontes-de-la-mancomunitat\\\/#primaryimage\"},\"thumbnailUrl\":\"https:\\\/\\\/www.copealcoy.es\\\/wp-content\\\/uploads\\\/2020\\\/08\\\/Ruta-Contes.jpg\",\"keywords\":[\"Contacontes\",\"Coordinador pel Valenci\u00e0\",\"Iv\u00e1n Jover\",\"Mancomunitat Alcoi\u00e0 - Comtat\",\"Ruta\"],\"articleSection\":[\"Comarcas\",\"Noticias\"],\"inLanguage\":\"es\"},{\"@type\":\"WebPage\",\"@id\":\"https:\\\/\\\/www.copealcoy.es\\\/es\\\/torna-la-ruta-de-contacontes-de-la-mancomunitat\\\/\",\"url\":\"https:\\\/\\\/www.copealcoy.es\\\/es\\\/torna-la-ruta-de-contacontes-de-la-mancomunitat\\\/\",\"name\":\"Torna la Ruta de Contacontes de la Mancomunitat - COPE Alcoy\",\"isPartOf\":{\"@id\":\"https:\\\/\\\/www.copealcoy.es\\\/es\\\/#website\"},\"primaryImageOfPage\":{\"@id\":\"https:\\\/\\\/www.copealcoy.es\\\/es\\\/torna-la-ruta-de-contacontes-de-la-mancomunitat\\\/#primaryimage\"},\"image\":{\"@id\":\"https:\\\/\\\/www.copealcoy.es\\\/es\\\/torna-la-ruta-de-contacontes-de-la-mancomunitat\\\/#primaryimage\"},\"thumbnailUrl\":\"https:\\\/\\\/www.copealcoy.es\\\/wp-content\\\/uploads\\\/2020\\\/08\\\/Ruta-Contes.jpg\",\"datePublished\":\"2020-08-03T10:54:58+00:00\",\"dateModified\":\"2020-08-03T11:29:01+00:00\",\"author\":{\"@id\":\"https:\\\/\\\/www.copealcoy.es\\\/es\\\/#\\\/schema\\\/person\\\/e777c87fa024e57d40170af9df39882c\"},\"breadcrumb\":{\"@id\":\"https:\\\/\\\/www.copealcoy.es\\\/es\\\/torna-la-ruta-de-contacontes-de-la-mancomunitat\\\/#breadcrumb\"},\"inLanguage\":\"es\",\"potentialAction\":[{\"@type\":\"ReadAction\",\"target\":[\"https:\\\/\\\/www.copealcoy.es\\\/es\\\/torna-la-ruta-de-contacontes-de-la-mancomunitat\\\/\"]}]},{\"@type\":\"ImageObject\",\"inLanguage\":\"es\",\"@id\":\"https:\\\/\\\/www.copealcoy.es\\\/es\\\/torna-la-ruta-de-contacontes-de-la-mancomunitat\\\/#primaryimage\",\"url\":\"https:\\\/\\\/www.copealcoy.es\\\/wp-content\\\/uploads\\\/2020\\\/08\\\/Ruta-Contes.jpg\",\"contentUrl\":\"https:\\\/\\\/www.copealcoy.es\\\/wp-content\\\/uploads\\\/2020\\\/08\\\/Ruta-Contes.jpg\",\"width\":855,\"height\":545,\"caption\":\"La Ruta arriba a la cinquena edici\u00f3\"},{\"@type\":\"BreadcrumbList\",\"@id\":\"https:\\\/\\\/www.copealcoy.es\\\/es\\\/torna-la-ruta-de-contacontes-de-la-mancomunitat\\\/#breadcrumb\",\"itemListElement\":[{\"@type\":\"ListItem\",\"position\":1,\"name\":\"Portada\",\"item\":\"https:\\\/\\\/www.copealcoy.es\\\/es\\\/\"},{\"@type\":\"ListItem\",\"position\":2,\"name\":\"Torna la Ruta de Contacontes de la Mancomunitat\"}]},{\"@type\":\"WebSite\",\"@id\":\"https:\\\/\\\/www.copealcoy.es\\\/es\\\/#website\",\"url\":\"https:\\\/\\\/www.copealcoy.es\\\/es\\\/\",\"name\":\"COPE Alcoy\",\"description\":\"Emisora COPE de radio local con emisi\u00f3n online. Pont de Sant Jordi 8-10 03803 Alcoy\",\"potentialAction\":[{\"@type\":\"SearchAction\",\"target\":{\"@type\":\"EntryPoint\",\"urlTemplate\":\"https:\\\/\\\/www.copealcoy.es\\\/es\\\/?s={search_term_string}\"},\"query-input\":{\"@type\":\"PropertyValueSpecification\",\"valueRequired\":true,\"valueName\":\"search_term_string\"}}],\"inLanguage\":\"es\"},{\"@type\":\"Person\",\"@id\":\"https:\\\/\\\/www.copealcoy.es\\\/es\\\/#\\\/schema\\\/person\\\/e777c87fa024e57d40170af9df39882c\",\"name\":\"Cope Alcoy\",\"image\":{\"@type\":\"ImageObject\",\"inLanguage\":\"es\",\"@id\":\"https:\\\/\\\/secure.gravatar.com\\\/avatar\\\/bb65d0283347e303893ba14f0692005417c1e0e690a325a4c5d8bb2b3943ee14?s=96&d=mm&r=g\",\"url\":\"https:\\\/\\\/secure.gravatar.com\\\/avatar\\\/bb65d0283347e303893ba14f0692005417c1e0e690a325a4c5d8bb2b3943ee14?s=96&d=mm&r=g\",\"contentUrl\":\"https:\\\/\\\/secure.gravatar.com\\\/avatar\\\/bb65d0283347e303893ba14f0692005417c1e0e690a325a4c5d8bb2b3943ee14?s=96&d=mm&r=g\",\"caption\":\"Cope Alcoy\"}}]}<\/script>\n<!-- \/ Yoast SEO plugin. -->","yoast_head_json":{"title":"Torna la Ruta de Contacontes de la Mancomunitat - COPE Alcoy","robots":{"index":"index","follow":"follow","max-snippet":"max-snippet:-1","max-image-preview":"max-image-preview:large","max-video-preview":"max-video-preview:-1"},"canonical":"https:\/\/www.copealcoy.es\/es\/torna-la-ruta-de-contacontes-de-la-mancomunitat\/","og_locale":"es_ES","og_type":"article","og_title":"Torna la Ruta de Contacontes de la Mancomunitat - COPE Alcoy","og_description":"El passat dissabte 1 d&#8217;agost va comen\u00e7ar la cinquena edici\u00f3 de la Ruta de Contacontes que organitza anualment la Mancomunitat...","og_url":"https:\/\/www.copealcoy.es\/es\/torna-la-ruta-de-contacontes-de-la-mancomunitat\/","og_site_name":"COPE Alcoy","article_published_time":"2020-08-03T10:54:58+00:00","article_modified_time":"2020-08-03T11:29:01+00:00","og_image":[{"width":855,"height":545,"url":"https:\/\/www.copealcoy.es\/wp-content\/uploads\/2020\/08\/Ruta-Contes.jpg","type":"image\/jpeg"}],"author":"Cope Alcoy","twitter_misc":{"Escrito por":"Cope Alcoy","Tiempo de lectura":"1 minuto"},"schema":{"@context":"https:\/\/schema.org","@graph":[{"@type":"Article","@id":"https:\/\/www.copealcoy.es\/es\/torna-la-ruta-de-contacontes-de-la-mancomunitat\/#article","isPartOf":{"@id":"https:\/\/www.copealcoy.es\/es\/torna-la-ruta-de-contacontes-de-la-mancomunitat\/"},"author":{"name":"Cope Alcoy","@id":"https:\/\/www.copealcoy.es\/es\/#\/schema\/person\/e777c87fa024e57d40170af9df39882c"},"headline":"Torna la Ruta de Contacontes de la Mancomunitat","datePublished":"2020-08-03T10:54:58+00:00","dateModified":"2020-08-03T11:29:01+00:00","mainEntityOfPage":{"@id":"https:\/\/www.copealcoy.es\/es\/torna-la-ruta-de-contacontes-de-la-mancomunitat\/"},"wordCount":262,"commentCount":0,"image":{"@id":"https:\/\/www.copealcoy.es\/es\/torna-la-ruta-de-contacontes-de-la-mancomunitat\/#primaryimage"},"thumbnailUrl":"https:\/\/www.copealcoy.es\/wp-content\/uploads\/2020\/08\/Ruta-Contes.jpg","keywords":["Contacontes","Coordinador pel Valenci\u00e0","Iv\u00e1n Jover","Mancomunitat Alcoi\u00e0 - Comtat","Ruta"],"articleSection":["Comarcas","Noticias"],"inLanguage":"es"},{"@type":"WebPage","@id":"https:\/\/www.copealcoy.es\/es\/torna-la-ruta-de-contacontes-de-la-mancomunitat\/","url":"https:\/\/www.copealcoy.es\/es\/torna-la-ruta-de-contacontes-de-la-mancomunitat\/","name":"Torna la Ruta de Contacontes de la Mancomunitat - COPE Alcoy","isPartOf":{"@id":"https:\/\/www.copealcoy.es\/es\/#website"},"primaryImageOfPage":{"@id":"https:\/\/www.copealcoy.es\/es\/torna-la-ruta-de-contacontes-de-la-mancomunitat\/#primaryimage"},"image":{"@id":"https:\/\/www.copealcoy.es\/es\/torna-la-ruta-de-contacontes-de-la-mancomunitat\/#primaryimage"},"thumbnailUrl":"https:\/\/www.copealcoy.es\/wp-content\/uploads\/2020\/08\/Ruta-Contes.jpg","datePublished":"2020-08-03T10:54:58+00:00","dateModified":"2020-08-03T11:29:01+00:00","author":{"@id":"https:\/\/www.copealcoy.es\/es\/#\/schema\/person\/e777c87fa024e57d40170af9df39882c"},"breadcrumb":{"@id":"https:\/\/www.copealcoy.es\/es\/torna-la-ruta-de-contacontes-de-la-mancomunitat\/#breadcrumb"},"inLanguage":"es","potentialAction":[{"@type":"ReadAction","target":["https:\/\/www.copealcoy.es\/es\/torna-la-ruta-de-contacontes-de-la-mancomunitat\/"]}]},{"@type":"ImageObject","inLanguage":"es","@id":"https:\/\/www.copealcoy.es\/es\/torna-la-ruta-de-contacontes-de-la-mancomunitat\/#primaryimage","url":"https:\/\/www.copealcoy.es\/wp-content\/uploads\/2020\/08\/Ruta-Contes.jpg","contentUrl":"https:\/\/www.copealcoy.es\/wp-content\/uploads\/2020\/08\/Ruta-Contes.jpg","width":855,"height":545,"caption":"La Ruta arriba a la cinquena edici\u00f3"},{"@type":"BreadcrumbList","@id":"https:\/\/www.copealcoy.es\/es\/torna-la-ruta-de-contacontes-de-la-mancomunitat\/#breadcrumb","itemListElement":[{"@type":"ListItem","position":1,"name":"Portada","item":"https:\/\/www.copealcoy.es\/es\/"},{"@type":"ListItem","position":2,"name":"Torna la Ruta de Contacontes de la Mancomunitat"}]},{"@type":"WebSite","@id":"https:\/\/www.copealcoy.es\/es\/#website","url":"https:\/\/www.copealcoy.es\/es\/","name":"COPE Alcoy","description":"Emisora COPE de radio local con emisi\u00f3n online. Pont de Sant Jordi 8-10 03803 Alcoy","potentialAction":[{"@type":"SearchAction","target":{"@type":"EntryPoint","urlTemplate":"https:\/\/www.copealcoy.es\/es\/?s={search_term_string}"},"query-input":{"@type":"PropertyValueSpecification","valueRequired":true,"valueName":"search_term_string"}}],"inLanguage":"es"},{"@type":"Person","@id":"https:\/\/www.copealcoy.es\/es\/#\/schema\/person\/e777c87fa024e57d40170af9df39882c","name":"Cope Alcoy","image":{"@type":"ImageObject","inLanguage":"es","@id":"https:\/\/secure.gravatar.com\/avatar\/bb65d0283347e303893ba14f0692005417c1e0e690a325a4c5d8bb2b3943ee14?s=96&d=mm&r=g","url":"https:\/\/secure.gravatar.com\/avatar\/bb65d0283347e303893ba14f0692005417c1e0e690a325a4c5d8bb2b3943ee14?s=96&d=mm&r=g","contentUrl":"https:\/\/secure.gravatar.com\/avatar\/bb65d0283347e303893ba14f0692005417c1e0e690a325a4c5d8bb2b3943ee14?s=96&d=mm&r=g","caption":"Cope Alcoy"}}]}},"_links":{"self":[{"href":"https:\/\/www.copealcoy.es\/es\/wp-json\/wp\/v2\/posts\/64429","targetHints":{"allow":["GET"]}}],"collection":[{"href":"https:\/\/www.copealcoy.es\/es\/wp-json\/wp\/v2\/posts"}],"about":[{"href":"https:\/\/www.copealcoy.es\/es\/wp-json\/wp\/v2\/types\/post"}],"author":[{"embeddable":true,"href":"https:\/\/www.copealcoy.es\/es\/wp-json\/wp\/v2\/users\/1"}],"replies":[{"embeddable":true,"href":"https:\/\/www.copealcoy.es\/es\/wp-json\/wp\/v2\/comments?post=64429"}],"version-history":[{"count":0,"href":"https:\/\/www.copealcoy.es\/es\/wp-json\/wp\/v2\/posts\/64429\/revisions"}],"wp:featuredmedia":[{"embeddable":true,"href":"https:\/\/www.copealcoy.es\/es\/wp-json\/wp\/v2\/media\/64432"}],"wp:attachment":[{"href":"https:\/\/www.copealcoy.es\/es\/wp-json\/wp\/v2\/media?parent=64429"}],"wp:term":[{"taxonomy":"category","embeddable":true,"href":"https:\/\/www.copealcoy.es\/es\/wp-json\/wp\/v2\/categories?post=64429"},{"taxonomy":"post_tag","embeddable":true,"href":"https:\/\/www.copealcoy.es\/es\/wp-json\/wp\/v2\/tags?post=64429"}],"curies":[{"name":"wp","href":"https:\/\/api.w.org\/{rel}","templated":true}]}}