{"id":64392,"date":"2020-07-31T19:59:34","date_gmt":"2020-07-31T19:59:34","guid":{"rendered":"https:\/\/www.copealcoy.es\/?p=64392"},"modified":"2020-07-31T20:12:46","modified_gmt":"2020-07-31T20:12:46","slug":"alerta-per-forta-calor-al-comtat-i-lalcoia","status":"publish","type":"post","link":"https:\/\/www.copealcoy.es\/es\/alerta-per-forta-calor-al-comtat-i-lalcoia\/","title":{"rendered":"Alerta per forta calor al Comtat i l&#8217;Alcoi\u00e0"},"content":{"rendered":"<p style=\"text-align: justify;\">La <strong>Conselleria de Sanitat Universal i Salut P\u00fablica<\/strong> ha activat <strong>l&#8217;alerta sanit\u00e0ria per calor alt (nivell taronja)<\/strong> en els municipis de <strong>la zona clim\u00e0tica 23<\/strong> formada per Alcoi, Bocairent, Agres, Alcosser de Planes, Alfafara, Almudaina, Banyeres, Beniarr\u00e9s, Benilloba, Benillup, Benimarfull, Cocentaina, Gaianes, Gorga, l&#8217;Alqueria, l&#8217;Orxa, Millena, Muro i Planes.<\/p>\n<p><strong>Recomanacions sanit\u00e0ries davant la calor alt<\/strong><\/p>\n<p>Davant l&#8217;augment de temperatures, <strong>la Conselleria de Sanitat disposa del Programa de Prevenci\u00f3 i Atenci\u00f3 dels Problemes de Salut<\/strong> derivats de les Temperatures Extremes, mitjan\u00e7ant el qual <strong>s&#8217;activa un protocol per advertir a la poblaci\u00f3 sobre els riscos<\/strong> per a la salut associats amb la calor alt o extrem.<\/p>\n<p>Principalment, <strong>les recomanacions estan dirigides als grups vulnerables<\/strong>, com s\u00f3n la gent gran, persones amb malalties cr\u00f2niques, els que treballen exposats a altes temperatures, aix\u00ed com nens i nenes.<\/p>\n<p>En aquest sentit, davant les altes temperatures, des de Sanitat <strong>es recomana evitar sortir al carrer en les hores m\u00e9s caloroses<\/strong> del dia. Aix\u00ed mateix, \u00e9s convenient <strong>utilitzar roba ampla, lleugera i de colors clars<\/strong> i <strong>protegir el cap<\/strong> amb una gorra o barret.<\/p>\n<p>Les <strong>recomanacions a la llar<\/strong> s\u00f3n tancar persianes i baixar tendals en fa\u00e7anes exposades al sol per evitar un exc\u00e9s de calor, aix\u00ed com situar-se en zones de la casa m\u00e9s fresques.<\/p>\n<p>\u00c9s recomanable<strong> beure aigua amb freq\u00fc\u00e8ncia<\/strong>, encara que no es tinga set; <strong>evitar l&#8217;exc\u00e9s d&#8217;alcohol<\/strong> i <strong>les begudes amb molta cafe\u00efna<\/strong>; i <strong>substituir els menjars abundants i calents<\/strong> per plats freds, fruites i verdures fresques.<\/p>\n<p>La ciutadania <strong>pot consultar m\u00e9s informaci\u00f3 i recomanacions<\/strong> per <strong>protegir la salut en cas de temperatures extremes<\/strong> a la p\u00e0gina web de la Conselleria de Sanitat Universal i Salut P\u00fablica.<\/p>\n","protected":false},"excerpt":{"rendered":"<p>La Conselleria de Sanitat Universal i Salut P\u00fablica ha activat l&#8217;alerta sanit\u00e0ria per calor alt (nivell taronja) en els municipis&#8230;<\/p>\n","protected":false},"author":1,"featured_media":63471,"comment_status":"open","ping_status":"open","sticky":false,"template":"","format":"standard","meta":{"footnotes":""},"categories":[97,75,125],"tags":[160,482,9629,237,9631,9630],"class_list":["post-64392","post","type-post","status-publish","format-standard","has-post-thumbnail","hentry","category-alcoy","category-noticias","category-portada","tag-alcoi","tag-alcoia","tag-alerta-taronja","tag-comtat","tag-conselleria-sanitat","tag-forta-calor"],"yoast_head":"<!-- This site is optimized with the Yoast SEO plugin v27.3 - https:\/\/yoast.com\/product\/yoast-seo-wordpress\/ -->\n<title>Alerta per forta calor al Comtat i l&#039;Alcoi\u00e0 - COPE Alcoy<\/title>\n<meta name=\"robots\" content=\"index, follow, max-snippet:-1, max-image-preview:large, max-video-preview:-1\" \/>\n<link rel=\"canonical\" href=\"https:\/\/www.copealcoy.es\/es\/alerta-per-forta-calor-al-comtat-i-lalcoia\/\" \/>\n<meta property=\"og:locale\" content=\"es_ES\" \/>\n<meta property=\"og:type\" content=\"article\" \/>\n<meta property=\"og:title\" content=\"Alerta per forta calor al Comtat i l&#039;Alcoi\u00e0 - COPE Alcoy\" \/>\n<meta property=\"og:description\" content=\"La Conselleria de Sanitat Universal i Salut P\u00fablica ha activat l&#8217;alerta sanit\u00e0ria per calor alt (nivell taronja) en els municipis...\" \/>\n<meta property=\"og:url\" content=\"https:\/\/www.copealcoy.es\/es\/alerta-per-forta-calor-al-comtat-i-lalcoia\/\" \/>\n<meta property=\"og:site_name\" content=\"COPE Alcoy\" \/>\n<meta property=\"article:published_time\" content=\"2020-07-31T19:59:34+00:00\" \/>\n<meta property=\"article:modified_time\" content=\"2020-07-31T20:12:46+00:00\" \/>\n<meta property=\"og:image\" content=\"https:\/\/www.copealcoy.es\/wp-content\/uploads\/2020\/07\/unnamed-e1593603407738-scaled.jpg\" \/>\n\t<meta property=\"og:image:width\" content=\"2560\" \/>\n\t<meta property=\"og:image:height\" content=\"1391\" \/>\n\t<meta property=\"og:image:type\" content=\"image\/jpeg\" \/>\n<meta name=\"author\" content=\"Cope Alcoy\" \/>\n<meta name=\"twitter:label1\" content=\"Escrito por\" \/>\n\t<meta name=\"twitter:data1\" content=\"Cope Alcoy\" \/>\n\t<meta name=\"twitter:label2\" content=\"Tiempo de lectura\" \/>\n\t<meta name=\"twitter:data2\" content=\"1 minuto\" \/>\n<script type=\"application\/ld+json\" class=\"yoast-schema-graph\">{\"@context\":\"https:\\\/\\\/schema.org\",\"@graph\":[{\"@type\":\"Article\",\"@id\":\"https:\\\/\\\/www.copealcoy.es\\\/es\\\/alerta-per-forta-calor-al-comtat-i-lalcoia\\\/#article\",\"isPartOf\":{\"@id\":\"https:\\\/\\\/www.copealcoy.es\\\/es\\\/alerta-per-forta-calor-al-comtat-i-lalcoia\\\/\"},\"author\":{\"name\":\"Cope Alcoy\",\"@id\":\"https:\\\/\\\/www.copealcoy.es\\\/es\\\/#\\\/schema\\\/person\\\/e777c87fa024e57d40170af9df39882c\"},\"headline\":\"Alerta per forta calor al Comtat i l&#8217;Alcoi\u00e0\",\"datePublished\":\"2020-07-31T19:59:34+00:00\",\"dateModified\":\"2020-07-31T20:12:46+00:00\",\"mainEntityOfPage\":{\"@id\":\"https:\\\/\\\/www.copealcoy.es\\\/es\\\/alerta-per-forta-calor-al-comtat-i-lalcoia\\\/\"},\"wordCount\":308,\"commentCount\":0,\"image\":{\"@id\":\"https:\\\/\\\/www.copealcoy.es\\\/es\\\/alerta-per-forta-calor-al-comtat-i-lalcoia\\\/#primaryimage\"},\"thumbnailUrl\":\"https:\\\/\\\/www.copealcoy.es\\\/wp-content\\\/uploads\\\/2020\\\/07\\\/unnamed-e1593603407738-scaled.jpg\",\"keywords\":[\"Alcoi\",\"Alcoi\u00e0\",\"alerta taronja\",\"Comtat\",\"Conselleria Sanitat\",\"forta calor\"],\"articleSection\":[\"Alcoy\",\"Noticias\",\"Portada\"],\"inLanguage\":\"es\"},{\"@type\":\"WebPage\",\"@id\":\"https:\\\/\\\/www.copealcoy.es\\\/es\\\/alerta-per-forta-calor-al-comtat-i-lalcoia\\\/\",\"url\":\"https:\\\/\\\/www.copealcoy.es\\\/es\\\/alerta-per-forta-calor-al-comtat-i-lalcoia\\\/\",\"name\":\"Alerta per forta calor al Comtat i l'Alcoi\u00e0 - COPE Alcoy\",\"isPartOf\":{\"@id\":\"https:\\\/\\\/www.copealcoy.es\\\/es\\\/#website\"},\"primaryImageOfPage\":{\"@id\":\"https:\\\/\\\/www.copealcoy.es\\\/es\\\/alerta-per-forta-calor-al-comtat-i-lalcoia\\\/#primaryimage\"},\"image\":{\"@id\":\"https:\\\/\\\/www.copealcoy.es\\\/es\\\/alerta-per-forta-calor-al-comtat-i-lalcoia\\\/#primaryimage\"},\"thumbnailUrl\":\"https:\\\/\\\/www.copealcoy.es\\\/wp-content\\\/uploads\\\/2020\\\/07\\\/unnamed-e1593603407738-scaled.jpg\",\"datePublished\":\"2020-07-31T19:59:34+00:00\",\"dateModified\":\"2020-07-31T20:12:46+00:00\",\"author\":{\"@id\":\"https:\\\/\\\/www.copealcoy.es\\\/es\\\/#\\\/schema\\\/person\\\/e777c87fa024e57d40170af9df39882c\"},\"breadcrumb\":{\"@id\":\"https:\\\/\\\/www.copealcoy.es\\\/es\\\/alerta-per-forta-calor-al-comtat-i-lalcoia\\\/#breadcrumb\"},\"inLanguage\":\"es\",\"potentialAction\":[{\"@type\":\"ReadAction\",\"target\":[\"https:\\\/\\\/www.copealcoy.es\\\/es\\\/alerta-per-forta-calor-al-comtat-i-lalcoia\\\/\"]}]},{\"@type\":\"ImageObject\",\"inLanguage\":\"es\",\"@id\":\"https:\\\/\\\/www.copealcoy.es\\\/es\\\/alerta-per-forta-calor-al-comtat-i-lalcoia\\\/#primaryimage\",\"url\":\"https:\\\/\\\/www.copealcoy.es\\\/wp-content\\\/uploads\\\/2020\\\/07\\\/unnamed-e1593603407738-scaled.jpg\",\"contentUrl\":\"https:\\\/\\\/www.copealcoy.es\\\/wp-content\\\/uploads\\\/2020\\\/07\\\/unnamed-e1593603407738-scaled.jpg\",\"width\":2560,\"height\":1391},{\"@type\":\"BreadcrumbList\",\"@id\":\"https:\\\/\\\/www.copealcoy.es\\\/es\\\/alerta-per-forta-calor-al-comtat-i-lalcoia\\\/#breadcrumb\",\"itemListElement\":[{\"@type\":\"ListItem\",\"position\":1,\"name\":\"Portada\",\"item\":\"https:\\\/\\\/www.copealcoy.es\\\/es\\\/\"},{\"@type\":\"ListItem\",\"position\":2,\"name\":\"Alerta per forta calor al Comtat i l&#8217;Alcoi\u00e0\"}]},{\"@type\":\"WebSite\",\"@id\":\"https:\\\/\\\/www.copealcoy.es\\\/es\\\/#website\",\"url\":\"https:\\\/\\\/www.copealcoy.es\\\/es\\\/\",\"name\":\"COPE Alcoy\",\"description\":\"Emisora COPE de radio local con emisi\u00f3n online. Pont de Sant Jordi 8-10 03803 Alcoy\",\"potentialAction\":[{\"@type\":\"SearchAction\",\"target\":{\"@type\":\"EntryPoint\",\"urlTemplate\":\"https:\\\/\\\/www.copealcoy.es\\\/es\\\/?s={search_term_string}\"},\"query-input\":{\"@type\":\"PropertyValueSpecification\",\"valueRequired\":true,\"valueName\":\"search_term_string\"}}],\"inLanguage\":\"es\"},{\"@type\":\"Person\",\"@id\":\"https:\\\/\\\/www.copealcoy.es\\\/es\\\/#\\\/schema\\\/person\\\/e777c87fa024e57d40170af9df39882c\",\"name\":\"Cope Alcoy\",\"image\":{\"@type\":\"ImageObject\",\"inLanguage\":\"es\",\"@id\":\"https:\\\/\\\/secure.gravatar.com\\\/avatar\\\/bb65d0283347e303893ba14f0692005417c1e0e690a325a4c5d8bb2b3943ee14?s=96&d=mm&r=g\",\"url\":\"https:\\\/\\\/secure.gravatar.com\\\/avatar\\\/bb65d0283347e303893ba14f0692005417c1e0e690a325a4c5d8bb2b3943ee14?s=96&d=mm&r=g\",\"contentUrl\":\"https:\\\/\\\/secure.gravatar.com\\\/avatar\\\/bb65d0283347e303893ba14f0692005417c1e0e690a325a4c5d8bb2b3943ee14?s=96&d=mm&r=g\",\"caption\":\"Cope Alcoy\"}}]}<\/script>\n<!-- \/ Yoast SEO plugin. -->","yoast_head_json":{"title":"Alerta per forta calor al Comtat i l'Alcoi\u00e0 - COPE Alcoy","robots":{"index":"index","follow":"follow","max-snippet":"max-snippet:-1","max-image-preview":"max-image-preview:large","max-video-preview":"max-video-preview:-1"},"canonical":"https:\/\/www.copealcoy.es\/es\/alerta-per-forta-calor-al-comtat-i-lalcoia\/","og_locale":"es_ES","og_type":"article","og_title":"Alerta per forta calor al Comtat i l'Alcoi\u00e0 - COPE Alcoy","og_description":"La Conselleria de Sanitat Universal i Salut P\u00fablica ha activat l&#8217;alerta sanit\u00e0ria per calor alt (nivell taronja) en els municipis...","og_url":"https:\/\/www.copealcoy.es\/es\/alerta-per-forta-calor-al-comtat-i-lalcoia\/","og_site_name":"COPE Alcoy","article_published_time":"2020-07-31T19:59:34+00:00","article_modified_time":"2020-07-31T20:12:46+00:00","og_image":[{"width":2560,"height":1391,"url":"https:\/\/www.copealcoy.es\/wp-content\/uploads\/2020\/07\/unnamed-e1593603407738-scaled.jpg","type":"image\/jpeg"}],"author":"Cope Alcoy","twitter_misc":{"Escrito por":"Cope Alcoy","Tiempo de lectura":"1 minuto"},"schema":{"@context":"https:\/\/schema.org","@graph":[{"@type":"Article","@id":"https:\/\/www.copealcoy.es\/es\/alerta-per-forta-calor-al-comtat-i-lalcoia\/#article","isPartOf":{"@id":"https:\/\/www.copealcoy.es\/es\/alerta-per-forta-calor-al-comtat-i-lalcoia\/"},"author":{"name":"Cope Alcoy","@id":"https:\/\/www.copealcoy.es\/es\/#\/schema\/person\/e777c87fa024e57d40170af9df39882c"},"headline":"Alerta per forta calor al Comtat i l&#8217;Alcoi\u00e0","datePublished":"2020-07-31T19:59:34+00:00","dateModified":"2020-07-31T20:12:46+00:00","mainEntityOfPage":{"@id":"https:\/\/www.copealcoy.es\/es\/alerta-per-forta-calor-al-comtat-i-lalcoia\/"},"wordCount":308,"commentCount":0,"image":{"@id":"https:\/\/www.copealcoy.es\/es\/alerta-per-forta-calor-al-comtat-i-lalcoia\/#primaryimage"},"thumbnailUrl":"https:\/\/www.copealcoy.es\/wp-content\/uploads\/2020\/07\/unnamed-e1593603407738-scaled.jpg","keywords":["Alcoi","Alcoi\u00e0","alerta taronja","Comtat","Conselleria Sanitat","forta calor"],"articleSection":["Alcoy","Noticias","Portada"],"inLanguage":"es"},{"@type":"WebPage","@id":"https:\/\/www.copealcoy.es\/es\/alerta-per-forta-calor-al-comtat-i-lalcoia\/","url":"https:\/\/www.copealcoy.es\/es\/alerta-per-forta-calor-al-comtat-i-lalcoia\/","name":"Alerta per forta calor al Comtat i l'Alcoi\u00e0 - COPE Alcoy","isPartOf":{"@id":"https:\/\/www.copealcoy.es\/es\/#website"},"primaryImageOfPage":{"@id":"https:\/\/www.copealcoy.es\/es\/alerta-per-forta-calor-al-comtat-i-lalcoia\/#primaryimage"},"image":{"@id":"https:\/\/www.copealcoy.es\/es\/alerta-per-forta-calor-al-comtat-i-lalcoia\/#primaryimage"},"thumbnailUrl":"https:\/\/www.copealcoy.es\/wp-content\/uploads\/2020\/07\/unnamed-e1593603407738-scaled.jpg","datePublished":"2020-07-31T19:59:34+00:00","dateModified":"2020-07-31T20:12:46+00:00","author":{"@id":"https:\/\/www.copealcoy.es\/es\/#\/schema\/person\/e777c87fa024e57d40170af9df39882c"},"breadcrumb":{"@id":"https:\/\/www.copealcoy.es\/es\/alerta-per-forta-calor-al-comtat-i-lalcoia\/#breadcrumb"},"inLanguage":"es","potentialAction":[{"@type":"ReadAction","target":["https:\/\/www.copealcoy.es\/es\/alerta-per-forta-calor-al-comtat-i-lalcoia\/"]}]},{"@type":"ImageObject","inLanguage":"es","@id":"https:\/\/www.copealcoy.es\/es\/alerta-per-forta-calor-al-comtat-i-lalcoia\/#primaryimage","url":"https:\/\/www.copealcoy.es\/wp-content\/uploads\/2020\/07\/unnamed-e1593603407738-scaled.jpg","contentUrl":"https:\/\/www.copealcoy.es\/wp-content\/uploads\/2020\/07\/unnamed-e1593603407738-scaled.jpg","width":2560,"height":1391},{"@type":"BreadcrumbList","@id":"https:\/\/www.copealcoy.es\/es\/alerta-per-forta-calor-al-comtat-i-lalcoia\/#breadcrumb","itemListElement":[{"@type":"ListItem","position":1,"name":"Portada","item":"https:\/\/www.copealcoy.es\/es\/"},{"@type":"ListItem","position":2,"name":"Alerta per forta calor al Comtat i l&#8217;Alcoi\u00e0"}]},{"@type":"WebSite","@id":"https:\/\/www.copealcoy.es\/es\/#website","url":"https:\/\/www.copealcoy.es\/es\/","name":"COPE Alcoy","description":"Emisora COPE de radio local con emisi\u00f3n online. Pont de Sant Jordi 8-10 03803 Alcoy","potentialAction":[{"@type":"SearchAction","target":{"@type":"EntryPoint","urlTemplate":"https:\/\/www.copealcoy.es\/es\/?s={search_term_string}"},"query-input":{"@type":"PropertyValueSpecification","valueRequired":true,"valueName":"search_term_string"}}],"inLanguage":"es"},{"@type":"Person","@id":"https:\/\/www.copealcoy.es\/es\/#\/schema\/person\/e777c87fa024e57d40170af9df39882c","name":"Cope Alcoy","image":{"@type":"ImageObject","inLanguage":"es","@id":"https:\/\/secure.gravatar.com\/avatar\/bb65d0283347e303893ba14f0692005417c1e0e690a325a4c5d8bb2b3943ee14?s=96&d=mm&r=g","url":"https:\/\/secure.gravatar.com\/avatar\/bb65d0283347e303893ba14f0692005417c1e0e690a325a4c5d8bb2b3943ee14?s=96&d=mm&r=g","contentUrl":"https:\/\/secure.gravatar.com\/avatar\/bb65d0283347e303893ba14f0692005417c1e0e690a325a4c5d8bb2b3943ee14?s=96&d=mm&r=g","caption":"Cope Alcoy"}}]}},"_links":{"self":[{"href":"https:\/\/www.copealcoy.es\/es\/wp-json\/wp\/v2\/posts\/64392","targetHints":{"allow":["GET"]}}],"collection":[{"href":"https:\/\/www.copealcoy.es\/es\/wp-json\/wp\/v2\/posts"}],"about":[{"href":"https:\/\/www.copealcoy.es\/es\/wp-json\/wp\/v2\/types\/post"}],"author":[{"embeddable":true,"href":"https:\/\/www.copealcoy.es\/es\/wp-json\/wp\/v2\/users\/1"}],"replies":[{"embeddable":true,"href":"https:\/\/www.copealcoy.es\/es\/wp-json\/wp\/v2\/comments?post=64392"}],"version-history":[{"count":0,"href":"https:\/\/www.copealcoy.es\/es\/wp-json\/wp\/v2\/posts\/64392\/revisions"}],"wp:featuredmedia":[{"embeddable":true,"href":"https:\/\/www.copealcoy.es\/es\/wp-json\/wp\/v2\/media\/63471"}],"wp:attachment":[{"href":"https:\/\/www.copealcoy.es\/es\/wp-json\/wp\/v2\/media?parent=64392"}],"wp:term":[{"taxonomy":"category","embeddable":true,"href":"https:\/\/www.copealcoy.es\/es\/wp-json\/wp\/v2\/categories?post=64392"},{"taxonomy":"post_tag","embeddable":true,"href":"https:\/\/www.copealcoy.es\/es\/wp-json\/wp\/v2\/tags?post=64392"}],"curies":[{"name":"wp","href":"https:\/\/api.w.org\/{rel}","templated":true}]}}