{"id":64332,"date":"2020-07-30T09:56:30","date_gmt":"2020-07-30T09:56:30","guid":{"rendered":"https:\/\/www.copealcoy.es\/?p=64332"},"modified":"2020-07-30T09:59:11","modified_gmt":"2020-07-30T09:59:11","slug":"ponts-digualtat-arriba-al-primer-any-de-vida","status":"publish","type":"post","link":"https:\/\/www.copealcoy.es\/es\/ponts-digualtat-arriba-al-primer-any-de-vida\/","title":{"rendered":"Ponts d&#8217;Igualtat arriba al primer any de vida"},"content":{"rendered":"<p style=\"text-align: justify;\">El <strong>Col\u00b7lectiu LGTBI d&#8217;Alcoi &#8216;Ponts d&#8217;Igualtat&#8217;<\/strong> ha celebrat e<strong>l primer aniversari de la seua constituci\u00f3 oficial<\/strong> i fa <strong>un balan\u00e7 positiu<\/strong> de tot aquest temps.<\/p>\n<p style=\"text-align: justify;\"><strong>Aitor Pla<\/strong>, President de l&#8217;entitat, destacava dies enrere en COPE ALCOY que durant aquests \u00faltims dotze mesos <strong>hi ha hagut importants avan\u00e7os en mat\u00e8ria d&#8217;igualtat<\/strong> en la nostra ciutat. A m\u00e9s recordava que <strong>s&#8217;ha aconseguit implicar l&#8217;associaci\u00f3 en el teixit social d&#8217;Alcoi i de les nostres comarques<\/strong> aix\u00ed com de les nostres comarques. Pla assenyala que tamb\u00e9 <strong>s&#8217;han realitzat moltes activitats per fer visible la lluita LGTBI<\/strong> &#8220;<em>ara estem seguint l&#8217;evoluci\u00f3 de la pand\u00e8mia per veure que podem fer amb moltes de les propostes que tenim previstes per als pr\u00f2xims mesos. Siga com siga seguirem treballant perqu\u00e8 Alcoi siga una ciutat referent en toler\u00e0ncia i respecte cap a les persones LGTBI<\/em>&#8220;, assenyala.<\/p>\n<p style=\"text-align: justify;\">Recordar que <strong>&#8216;Ponts d&#8217;Igualtat&#8217; tenia previst celebrar enguany el primer Orgull LGTBI<\/strong>, una jornada que no es va poder desenvolupar a causa de les restriccions derivades de l&#8217;alerta sanit\u00e0ria per la Covid-19.<\/p>\n","protected":false},"excerpt":{"rendered":"<p>El Col\u00b7lectiu LGTBI d&#8217;Alcoi &#8216;Ponts d&#8217;Igualtat&#8217; ha celebrat el primer aniversari de la seua constituci\u00f3 oficial i fa un balan\u00e7&#8230;<\/p>\n","protected":false},"author":1,"featured_media":54337,"comment_status":"open","ping_status":"open","sticky":false,"template":"","format":"standard","meta":{"footnotes":""},"categories":[6909,97,75],"tags":[9122,7780,160,4266,9605],"class_list":["post-64332","post","type-post","status-publish","format-standard","has-post-thumbnail","hentry","category-actualidad","category-alcoy","category-noticias","tag-ponts-digualtat","tag-aitor-pla","tag-alcoi","tag-lgtbi","tag-primer-any-de-vida"],"yoast_head":"<!-- This site is optimized with the Yoast SEO plugin v27.3 - https:\/\/yoast.com\/product\/yoast-seo-wordpress\/ -->\n<title>Ponts d&#039;Igualtat arriba al primer any de vida - COPE Alcoy<\/title>\n<meta name=\"robots\" content=\"index, follow, max-snippet:-1, max-image-preview:large, max-video-preview:-1\" \/>\n<link rel=\"canonical\" href=\"https:\/\/www.copealcoy.es\/es\/ponts-digualtat-arriba-al-primer-any-de-vida\/\" \/>\n<meta property=\"og:locale\" content=\"es_ES\" \/>\n<meta property=\"og:type\" content=\"article\" \/>\n<meta property=\"og:title\" content=\"Ponts d&#039;Igualtat arriba al primer any de vida - COPE Alcoy\" \/>\n<meta property=\"og:description\" content=\"El Col\u00b7lectiu LGTBI d&#8217;Alcoi &#8216;Ponts d&#8217;Igualtat&#8217; ha celebrat el primer aniversari de la seua constituci\u00f3 oficial i fa un balan\u00e7...\" \/>\n<meta property=\"og:url\" content=\"https:\/\/www.copealcoy.es\/es\/ponts-digualtat-arriba-al-primer-any-de-vida\/\" \/>\n<meta property=\"og:site_name\" content=\"COPE Alcoy\" \/>\n<meta property=\"article:published_time\" content=\"2020-07-30T09:56:30+00:00\" \/>\n<meta property=\"article:modified_time\" content=\"2020-07-30T09:59:11+00:00\" \/>\n<meta property=\"og:image\" content=\"https:\/\/www.copealcoy.es\/wp-content\/uploads\/2019\/08\/aaa698a9-c0e2-4fc4-8f43-0c8556c72da2-e1565700313572-1.jpg\" \/>\n\t<meta property=\"og:image:width\" content=\"1600\" \/>\n\t<meta property=\"og:image:height\" content=\"872\" \/>\n\t<meta property=\"og:image:type\" content=\"image\/jpeg\" \/>\n<meta name=\"author\" content=\"Cope Alcoy\" \/>\n<meta name=\"twitter:label1\" content=\"Escrito por\" \/>\n\t<meta name=\"twitter:data1\" content=\"Cope Alcoy\" \/>\n\t<meta name=\"twitter:label2\" content=\"Tiempo de lectura\" \/>\n\t<meta name=\"twitter:data2\" content=\"1 minuto\" \/>\n<script type=\"application\/ld+json\" class=\"yoast-schema-graph\">{\"@context\":\"https:\\\/\\\/schema.org\",\"@graph\":[{\"@type\":\"Article\",\"@id\":\"https:\\\/\\\/www.copealcoy.es\\\/es\\\/ponts-digualtat-arriba-al-primer-any-de-vida\\\/#article\",\"isPartOf\":{\"@id\":\"https:\\\/\\\/www.copealcoy.es\\\/es\\\/ponts-digualtat-arriba-al-primer-any-de-vida\\\/\"},\"author\":{\"name\":\"Cope Alcoy\",\"@id\":\"https:\\\/\\\/www.copealcoy.es\\\/es\\\/#\\\/schema\\\/person\\\/e777c87fa024e57d40170af9df39882c\"},\"headline\":\"Ponts d&#8217;Igualtat arriba al primer any de vida\",\"datePublished\":\"2020-07-30T09:56:30+00:00\",\"dateModified\":\"2020-07-30T09:59:11+00:00\",\"mainEntityOfPage\":{\"@id\":\"https:\\\/\\\/www.copealcoy.es\\\/es\\\/ponts-digualtat-arriba-al-primer-any-de-vida\\\/\"},\"wordCount\":197,\"commentCount\":0,\"image\":{\"@id\":\"https:\\\/\\\/www.copealcoy.es\\\/es\\\/ponts-digualtat-arriba-al-primer-any-de-vida\\\/#primaryimage\"},\"thumbnailUrl\":\"https:\\\/\\\/www.copealcoy.es\\\/wp-content\\\/uploads\\\/2019\\\/08\\\/aaa698a9-c0e2-4fc4-8f43-0c8556c72da2-e1565700313572-1.jpg\",\"keywords\":[\"'Ponts d'Igualtat'\",\"Aitor Pla\",\"Alcoi\",\"LGTBI\",\"primer any de vida\"],\"articleSection\":[\"Actualidad\",\"Alcoy\",\"Noticias\"],\"inLanguage\":\"es\"},{\"@type\":\"WebPage\",\"@id\":\"https:\\\/\\\/www.copealcoy.es\\\/es\\\/ponts-digualtat-arriba-al-primer-any-de-vida\\\/\",\"url\":\"https:\\\/\\\/www.copealcoy.es\\\/es\\\/ponts-digualtat-arriba-al-primer-any-de-vida\\\/\",\"name\":\"Ponts d'Igualtat arriba al primer any de vida - COPE Alcoy\",\"isPartOf\":{\"@id\":\"https:\\\/\\\/www.copealcoy.es\\\/es\\\/#website\"},\"primaryImageOfPage\":{\"@id\":\"https:\\\/\\\/www.copealcoy.es\\\/es\\\/ponts-digualtat-arriba-al-primer-any-de-vida\\\/#primaryimage\"},\"image\":{\"@id\":\"https:\\\/\\\/www.copealcoy.es\\\/es\\\/ponts-digualtat-arriba-al-primer-any-de-vida\\\/#primaryimage\"},\"thumbnailUrl\":\"https:\\\/\\\/www.copealcoy.es\\\/wp-content\\\/uploads\\\/2019\\\/08\\\/aaa698a9-c0e2-4fc4-8f43-0c8556c72da2-e1565700313572-1.jpg\",\"datePublished\":\"2020-07-30T09:56:30+00:00\",\"dateModified\":\"2020-07-30T09:59:11+00:00\",\"author\":{\"@id\":\"https:\\\/\\\/www.copealcoy.es\\\/es\\\/#\\\/schema\\\/person\\\/e777c87fa024e57d40170af9df39882c\"},\"breadcrumb\":{\"@id\":\"https:\\\/\\\/www.copealcoy.es\\\/es\\\/ponts-digualtat-arriba-al-primer-any-de-vida\\\/#breadcrumb\"},\"inLanguage\":\"es\",\"potentialAction\":[{\"@type\":\"ReadAction\",\"target\":[\"https:\\\/\\\/www.copealcoy.es\\\/es\\\/ponts-digualtat-arriba-al-primer-any-de-vida\\\/\"]}]},{\"@type\":\"ImageObject\",\"inLanguage\":\"es\",\"@id\":\"https:\\\/\\\/www.copealcoy.es\\\/es\\\/ponts-digualtat-arriba-al-primer-any-de-vida\\\/#primaryimage\",\"url\":\"https:\\\/\\\/www.copealcoy.es\\\/wp-content\\\/uploads\\\/2019\\\/08\\\/aaa698a9-c0e2-4fc4-8f43-0c8556c72da2-e1565700313572-1.jpg\",\"contentUrl\":\"https:\\\/\\\/www.copealcoy.es\\\/wp-content\\\/uploads\\\/2019\\\/08\\\/aaa698a9-c0e2-4fc4-8f43-0c8556c72da2-e1565700313572-1.jpg\",\"width\":1600,\"height\":872,\"caption\":\"Aitor Pla en La Ma\u00f1ana en Alcoy explicando el proyecto \\\/ Foto: G.Pascual\"},{\"@type\":\"BreadcrumbList\",\"@id\":\"https:\\\/\\\/www.copealcoy.es\\\/es\\\/ponts-digualtat-arriba-al-primer-any-de-vida\\\/#breadcrumb\",\"itemListElement\":[{\"@type\":\"ListItem\",\"position\":1,\"name\":\"Portada\",\"item\":\"https:\\\/\\\/www.copealcoy.es\\\/es\\\/\"},{\"@type\":\"ListItem\",\"position\":2,\"name\":\"Ponts d&#8217;Igualtat arriba al primer any de vida\"}]},{\"@type\":\"WebSite\",\"@id\":\"https:\\\/\\\/www.copealcoy.es\\\/es\\\/#website\",\"url\":\"https:\\\/\\\/www.copealcoy.es\\\/es\\\/\",\"name\":\"COPE Alcoy\",\"description\":\"Emisora COPE de radio local con emisi\u00f3n online. Pont de Sant Jordi 8-10 03803 Alcoy\",\"potentialAction\":[{\"@type\":\"SearchAction\",\"target\":{\"@type\":\"EntryPoint\",\"urlTemplate\":\"https:\\\/\\\/www.copealcoy.es\\\/es\\\/?s={search_term_string}\"},\"query-input\":{\"@type\":\"PropertyValueSpecification\",\"valueRequired\":true,\"valueName\":\"search_term_string\"}}],\"inLanguage\":\"es\"},{\"@type\":\"Person\",\"@id\":\"https:\\\/\\\/www.copealcoy.es\\\/es\\\/#\\\/schema\\\/person\\\/e777c87fa024e57d40170af9df39882c\",\"name\":\"Cope Alcoy\",\"image\":{\"@type\":\"ImageObject\",\"inLanguage\":\"es\",\"@id\":\"https:\\\/\\\/secure.gravatar.com\\\/avatar\\\/bb65d0283347e303893ba14f0692005417c1e0e690a325a4c5d8bb2b3943ee14?s=96&d=mm&r=g\",\"url\":\"https:\\\/\\\/secure.gravatar.com\\\/avatar\\\/bb65d0283347e303893ba14f0692005417c1e0e690a325a4c5d8bb2b3943ee14?s=96&d=mm&r=g\",\"contentUrl\":\"https:\\\/\\\/secure.gravatar.com\\\/avatar\\\/bb65d0283347e303893ba14f0692005417c1e0e690a325a4c5d8bb2b3943ee14?s=96&d=mm&r=g\",\"caption\":\"Cope Alcoy\"}}]}<\/script>\n<!-- \/ Yoast SEO plugin. -->","yoast_head_json":{"title":"Ponts d'Igualtat arriba al primer any de vida - COPE Alcoy","robots":{"index":"index","follow":"follow","max-snippet":"max-snippet:-1","max-image-preview":"max-image-preview:large","max-video-preview":"max-video-preview:-1"},"canonical":"https:\/\/www.copealcoy.es\/es\/ponts-digualtat-arriba-al-primer-any-de-vida\/","og_locale":"es_ES","og_type":"article","og_title":"Ponts d'Igualtat arriba al primer any de vida - COPE Alcoy","og_description":"El Col\u00b7lectiu LGTBI d&#8217;Alcoi &#8216;Ponts d&#8217;Igualtat&#8217; ha celebrat el primer aniversari de la seua constituci\u00f3 oficial i fa un balan\u00e7...","og_url":"https:\/\/www.copealcoy.es\/es\/ponts-digualtat-arriba-al-primer-any-de-vida\/","og_site_name":"COPE Alcoy","article_published_time":"2020-07-30T09:56:30+00:00","article_modified_time":"2020-07-30T09:59:11+00:00","og_image":[{"width":1600,"height":872,"url":"https:\/\/www.copealcoy.es\/wp-content\/uploads\/2019\/08\/aaa698a9-c0e2-4fc4-8f43-0c8556c72da2-e1565700313572-1.jpg","type":"image\/jpeg"}],"author":"Cope Alcoy","twitter_misc":{"Escrito por":"Cope Alcoy","Tiempo de lectura":"1 minuto"},"schema":{"@context":"https:\/\/schema.org","@graph":[{"@type":"Article","@id":"https:\/\/www.copealcoy.es\/es\/ponts-digualtat-arriba-al-primer-any-de-vida\/#article","isPartOf":{"@id":"https:\/\/www.copealcoy.es\/es\/ponts-digualtat-arriba-al-primer-any-de-vida\/"},"author":{"name":"Cope Alcoy","@id":"https:\/\/www.copealcoy.es\/es\/#\/schema\/person\/e777c87fa024e57d40170af9df39882c"},"headline":"Ponts d&#8217;Igualtat arriba al primer any de vida","datePublished":"2020-07-30T09:56:30+00:00","dateModified":"2020-07-30T09:59:11+00:00","mainEntityOfPage":{"@id":"https:\/\/www.copealcoy.es\/es\/ponts-digualtat-arriba-al-primer-any-de-vida\/"},"wordCount":197,"commentCount":0,"image":{"@id":"https:\/\/www.copealcoy.es\/es\/ponts-digualtat-arriba-al-primer-any-de-vida\/#primaryimage"},"thumbnailUrl":"https:\/\/www.copealcoy.es\/wp-content\/uploads\/2019\/08\/aaa698a9-c0e2-4fc4-8f43-0c8556c72da2-e1565700313572-1.jpg","keywords":["'Ponts d'Igualtat'","Aitor Pla","Alcoi","LGTBI","primer any de vida"],"articleSection":["Actualidad","Alcoy","Noticias"],"inLanguage":"es"},{"@type":"WebPage","@id":"https:\/\/www.copealcoy.es\/es\/ponts-digualtat-arriba-al-primer-any-de-vida\/","url":"https:\/\/www.copealcoy.es\/es\/ponts-digualtat-arriba-al-primer-any-de-vida\/","name":"Ponts d'Igualtat arriba al primer any de vida - COPE Alcoy","isPartOf":{"@id":"https:\/\/www.copealcoy.es\/es\/#website"},"primaryImageOfPage":{"@id":"https:\/\/www.copealcoy.es\/es\/ponts-digualtat-arriba-al-primer-any-de-vida\/#primaryimage"},"image":{"@id":"https:\/\/www.copealcoy.es\/es\/ponts-digualtat-arriba-al-primer-any-de-vida\/#primaryimage"},"thumbnailUrl":"https:\/\/www.copealcoy.es\/wp-content\/uploads\/2019\/08\/aaa698a9-c0e2-4fc4-8f43-0c8556c72da2-e1565700313572-1.jpg","datePublished":"2020-07-30T09:56:30+00:00","dateModified":"2020-07-30T09:59:11+00:00","author":{"@id":"https:\/\/www.copealcoy.es\/es\/#\/schema\/person\/e777c87fa024e57d40170af9df39882c"},"breadcrumb":{"@id":"https:\/\/www.copealcoy.es\/es\/ponts-digualtat-arriba-al-primer-any-de-vida\/#breadcrumb"},"inLanguage":"es","potentialAction":[{"@type":"ReadAction","target":["https:\/\/www.copealcoy.es\/es\/ponts-digualtat-arriba-al-primer-any-de-vida\/"]}]},{"@type":"ImageObject","inLanguage":"es","@id":"https:\/\/www.copealcoy.es\/es\/ponts-digualtat-arriba-al-primer-any-de-vida\/#primaryimage","url":"https:\/\/www.copealcoy.es\/wp-content\/uploads\/2019\/08\/aaa698a9-c0e2-4fc4-8f43-0c8556c72da2-e1565700313572-1.jpg","contentUrl":"https:\/\/www.copealcoy.es\/wp-content\/uploads\/2019\/08\/aaa698a9-c0e2-4fc4-8f43-0c8556c72da2-e1565700313572-1.jpg","width":1600,"height":872,"caption":"Aitor Pla en La Ma\u00f1ana en Alcoy explicando el proyecto \/ Foto: G.Pascual"},{"@type":"BreadcrumbList","@id":"https:\/\/www.copealcoy.es\/es\/ponts-digualtat-arriba-al-primer-any-de-vida\/#breadcrumb","itemListElement":[{"@type":"ListItem","position":1,"name":"Portada","item":"https:\/\/www.copealcoy.es\/es\/"},{"@type":"ListItem","position":2,"name":"Ponts d&#8217;Igualtat arriba al primer any de vida"}]},{"@type":"WebSite","@id":"https:\/\/www.copealcoy.es\/es\/#website","url":"https:\/\/www.copealcoy.es\/es\/","name":"COPE Alcoy","description":"Emisora COPE de radio local con emisi\u00f3n online. Pont de Sant Jordi 8-10 03803 Alcoy","potentialAction":[{"@type":"SearchAction","target":{"@type":"EntryPoint","urlTemplate":"https:\/\/www.copealcoy.es\/es\/?s={search_term_string}"},"query-input":{"@type":"PropertyValueSpecification","valueRequired":true,"valueName":"search_term_string"}}],"inLanguage":"es"},{"@type":"Person","@id":"https:\/\/www.copealcoy.es\/es\/#\/schema\/person\/e777c87fa024e57d40170af9df39882c","name":"Cope Alcoy","image":{"@type":"ImageObject","inLanguage":"es","@id":"https:\/\/secure.gravatar.com\/avatar\/bb65d0283347e303893ba14f0692005417c1e0e690a325a4c5d8bb2b3943ee14?s=96&d=mm&r=g","url":"https:\/\/secure.gravatar.com\/avatar\/bb65d0283347e303893ba14f0692005417c1e0e690a325a4c5d8bb2b3943ee14?s=96&d=mm&r=g","contentUrl":"https:\/\/secure.gravatar.com\/avatar\/bb65d0283347e303893ba14f0692005417c1e0e690a325a4c5d8bb2b3943ee14?s=96&d=mm&r=g","caption":"Cope Alcoy"}}]}},"_links":{"self":[{"href":"https:\/\/www.copealcoy.es\/es\/wp-json\/wp\/v2\/posts\/64332","targetHints":{"allow":["GET"]}}],"collection":[{"href":"https:\/\/www.copealcoy.es\/es\/wp-json\/wp\/v2\/posts"}],"about":[{"href":"https:\/\/www.copealcoy.es\/es\/wp-json\/wp\/v2\/types\/post"}],"author":[{"embeddable":true,"href":"https:\/\/www.copealcoy.es\/es\/wp-json\/wp\/v2\/users\/1"}],"replies":[{"embeddable":true,"href":"https:\/\/www.copealcoy.es\/es\/wp-json\/wp\/v2\/comments?post=64332"}],"version-history":[{"count":0,"href":"https:\/\/www.copealcoy.es\/es\/wp-json\/wp\/v2\/posts\/64332\/revisions"}],"wp:featuredmedia":[{"embeddable":true,"href":"https:\/\/www.copealcoy.es\/es\/wp-json\/wp\/v2\/media\/54337"}],"wp:attachment":[{"href":"https:\/\/www.copealcoy.es\/es\/wp-json\/wp\/v2\/media?parent=64332"}],"wp:term":[{"taxonomy":"category","embeddable":true,"href":"https:\/\/www.copealcoy.es\/es\/wp-json\/wp\/v2\/categories?post=64332"},{"taxonomy":"post_tag","embeddable":true,"href":"https:\/\/www.copealcoy.es\/es\/wp-json\/wp\/v2\/tags?post=64332"}],"curies":[{"name":"wp","href":"https:\/\/api.w.org\/{rel}","templated":true}]}}