{"id":64308,"date":"2020-07-29T14:50:33","date_gmt":"2020-07-29T14:50:33","guid":{"rendered":"https:\/\/www.copealcoy.es\/?p=64308"},"modified":"2020-07-29T14:56:54","modified_gmt":"2020-07-29T14:56:54","slug":"el-pp-demana-baixar-el-preu-del-rebut-de-laigua-mentre-dure-la-prorroga-del-contracte","status":"publish","type":"post","link":"https:\/\/www.copealcoy.es\/es\/el-pp-demana-baixar-el-preu-del-rebut-de-laigua-mentre-dure-la-prorroga-del-contracte\/","title":{"rendered":"El PP demana baixar el preu del rebut de l&#8217;aigua mentre dure la pr\u00f2rroga del contracte"},"content":{"rendered":"<p style=\"text-align: justify;\">El <strong>Partit Popular d&#8217;Alcoi<\/strong> proposa <strong>revisar les tarifes de l&#8217;aigua potable<\/strong> per a <strong>ajustar els preus a l&#8217;actual situaci\u00f3 del contracte<\/strong>, prorrogat el passat mes de juny amb l&#8217;\u00fanic vot favorable del Govern local del PSOE. La formaci\u00f3 pol\u00edtica afirma que <strong>solicitaran\u00a0que les tarifes que paguen els ve\u00efns responguen a la nova situaci\u00f3 del contracte<\/strong>, que redueix les despeses de l&#8217;empresa. A m\u00e9s, informen que <strong>exigir\u00e0n al PSOE que definisca un calendari de treball<\/strong> per a decidir el model de gesti\u00f3 i per a posar en marxa del nou servei abans que concloga la legislatura.<\/p>\n<p style=\"text-align: justify;\">Des del Partit Popular el seu portaveu, <strong>Quique Ruiz<\/strong>, adverteix que, amb el contracte finalitzat;<strong> l&#8217;empresa Aqualia ha de deixar de comptabilitzar com a despesa<\/strong>, almenys, l&#8217;amortitzaci\u00f3 d&#8217;inversions, que en 2019 va ser de 42.843 euros. Aiximateix\u00a0<strong>confia que el Govern accepte la proposta i estudie la rebaixa de les tarifes de l&#8217;aigua<\/strong> a partir d&#8217;aquest mateix any &#8220;<em>els preus que paguen els ve\u00efns han de ser justos. Si a conseq\u00fc\u00e8ncia de la pr\u00f2rroga, desapareixen despeses, des d&#8217;aqueix moment han de reflectir-se en els rebuts. L&#8217;ajust del preu s&#8217;ha de mantindre durant tota la pr\u00f2rroga<\/em>&#8220;, insisteix l&#8217;edil.<\/p>\n<p style=\"text-align: justify;\">Per \u00faltim els populars <strong>temen que el Govern Municipal aposte per esgotar la legislatura<\/strong> sense haver renovat el servei i recorden que <strong>la pr\u00f2rroga pot ampliar-se anualment<\/strong> fins a un m\u00e0xim de 25 anys.<\/p>\n","protected":false},"excerpt":{"rendered":"<p>El Partit Popular d&#8217;Alcoi proposa revisar les tarifes de l&#8217;aigua potable per a ajustar els preus a l&#8217;actual situaci\u00f3 del&#8230;<\/p>\n","protected":false},"author":1,"featured_media":51196,"comment_status":"open","ping_status":"open","sticky":false,"template":"","format":"standard","meta":{"footnotes":""},"categories":[97,75,79],"tags":[9597,160,9595,7856,9598,9596],"class_list":["post-64308","post","type-post","status-publish","format-standard","has-post-thumbnail","hentry","category-alcoy","category-noticias","category-politicayeconomia","tag-aigua-potable","tag-alcoi","tag-baixar-el-preu","tag-partit-popular","tag-prorroga-contracte","tag-rebut"],"yoast_head":"<!-- This site is optimized with the Yoast SEO plugin v27.3 - https:\/\/yoast.com\/product\/yoast-seo-wordpress\/ -->\n<title>El PP demana baixar el preu del rebut de l&#039;aigua mentre dure la pr\u00f2rroga del contracte - COPE Alcoy<\/title>\n<meta name=\"robots\" content=\"index, follow, max-snippet:-1, max-image-preview:large, max-video-preview:-1\" \/>\n<link rel=\"canonical\" href=\"https:\/\/www.copealcoy.es\/es\/el-pp-demana-baixar-el-preu-del-rebut-de-laigua-mentre-dure-la-prorroga-del-contracte\/\" \/>\n<meta property=\"og:locale\" content=\"es_ES\" \/>\n<meta property=\"og:type\" content=\"article\" \/>\n<meta property=\"og:title\" content=\"El PP demana baixar el preu del rebut de l&#039;aigua mentre dure la pr\u00f2rroga del contracte - COPE Alcoy\" \/>\n<meta property=\"og:description\" content=\"El Partit Popular d&#8217;Alcoi proposa revisar les tarifes de l&#8217;aigua potable per a ajustar els preus a l&#8217;actual situaci\u00f3 del...\" \/>\n<meta property=\"og:url\" content=\"https:\/\/www.copealcoy.es\/es\/el-pp-demana-baixar-el-preu-del-rebut-de-laigua-mentre-dure-la-prorroga-del-contracte\/\" \/>\n<meta property=\"og:site_name\" content=\"COPE Alcoy\" \/>\n<meta property=\"article:published_time\" content=\"2020-07-29T14:50:33+00:00\" \/>\n<meta property=\"article:modified_time\" content=\"2020-07-29T14:56:54+00:00\" \/>\n<meta property=\"og:image\" content=\"https:\/\/www.copealcoy.es\/wp-content\/uploads\/2019\/05\/IMG_8339-e1558449043277-1-scaled.jpg\" \/>\n\t<meta property=\"og:image:width\" content=\"2560\" \/>\n\t<meta property=\"og:image:height\" content=\"1547\" \/>\n\t<meta property=\"og:image:type\" content=\"image\/jpeg\" \/>\n<meta name=\"author\" content=\"Cope Alcoy\" \/>\n<meta name=\"twitter:label1\" content=\"Escrito por\" \/>\n\t<meta name=\"twitter:data1\" content=\"Cope Alcoy\" \/>\n\t<meta name=\"twitter:label2\" content=\"Tiempo de lectura\" \/>\n\t<meta name=\"twitter:data2\" content=\"1 minuto\" \/>\n<script type=\"application\/ld+json\" class=\"yoast-schema-graph\">{\"@context\":\"https:\\\/\\\/schema.org\",\"@graph\":[{\"@type\":\"Article\",\"@id\":\"https:\\\/\\\/www.copealcoy.es\\\/es\\\/el-pp-demana-baixar-el-preu-del-rebut-de-laigua-mentre-dure-la-prorroga-del-contracte\\\/#article\",\"isPartOf\":{\"@id\":\"https:\\\/\\\/www.copealcoy.es\\\/es\\\/el-pp-demana-baixar-el-preu-del-rebut-de-laigua-mentre-dure-la-prorroga-del-contracte\\\/\"},\"author\":{\"name\":\"Cope Alcoy\",\"@id\":\"https:\\\/\\\/www.copealcoy.es\\\/es\\\/#\\\/schema\\\/person\\\/e777c87fa024e57d40170af9df39882c\"},\"headline\":\"El PP demana baixar el preu del rebut de l&#8217;aigua mentre dure la pr\u00f2rroga del contracte\",\"datePublished\":\"2020-07-29T14:50:33+00:00\",\"dateModified\":\"2020-07-29T14:56:54+00:00\",\"mainEntityOfPage\":{\"@id\":\"https:\\\/\\\/www.copealcoy.es\\\/es\\\/el-pp-demana-baixar-el-preu-del-rebut-de-laigua-mentre-dure-la-prorroga-del-contracte\\\/\"},\"wordCount\":266,\"commentCount\":0,\"image\":{\"@id\":\"https:\\\/\\\/www.copealcoy.es\\\/es\\\/el-pp-demana-baixar-el-preu-del-rebut-de-laigua-mentre-dure-la-prorroga-del-contracte\\\/#primaryimage\"},\"thumbnailUrl\":\"https:\\\/\\\/www.copealcoy.es\\\/wp-content\\\/uploads\\\/2019\\\/05\\\/IMG_8339-e1558449043277-1-scaled.jpg\",\"keywords\":[\"aigua potable\",\"Alcoi\",\"baixar el preu\",\"Partit Popular\",\"pr\u00f2rroga contracte\",\"rebut\"],\"articleSection\":[\"Alcoy\",\"Noticias\",\"Pol\u00edtica y Econom\u00eda\"],\"inLanguage\":\"es\"},{\"@type\":\"WebPage\",\"@id\":\"https:\\\/\\\/www.copealcoy.es\\\/es\\\/el-pp-demana-baixar-el-preu-del-rebut-de-laigua-mentre-dure-la-prorroga-del-contracte\\\/\",\"url\":\"https:\\\/\\\/www.copealcoy.es\\\/es\\\/el-pp-demana-baixar-el-preu-del-rebut-de-laigua-mentre-dure-la-prorroga-del-contracte\\\/\",\"name\":\"El PP demana baixar el preu del rebut de l'aigua mentre dure la pr\u00f2rroga del contracte - COPE Alcoy\",\"isPartOf\":{\"@id\":\"https:\\\/\\\/www.copealcoy.es\\\/es\\\/#website\"},\"primaryImageOfPage\":{\"@id\":\"https:\\\/\\\/www.copealcoy.es\\\/es\\\/el-pp-demana-baixar-el-preu-del-rebut-de-laigua-mentre-dure-la-prorroga-del-contracte\\\/#primaryimage\"},\"image\":{\"@id\":\"https:\\\/\\\/www.copealcoy.es\\\/es\\\/el-pp-demana-baixar-el-preu-del-rebut-de-laigua-mentre-dure-la-prorroga-del-contracte\\\/#primaryimage\"},\"thumbnailUrl\":\"https:\\\/\\\/www.copealcoy.es\\\/wp-content\\\/uploads\\\/2019\\\/05\\\/IMG_8339-e1558449043277-1-scaled.jpg\",\"datePublished\":\"2020-07-29T14:50:33+00:00\",\"dateModified\":\"2020-07-29T14:56:54+00:00\",\"author\":{\"@id\":\"https:\\\/\\\/www.copealcoy.es\\\/es\\\/#\\\/schema\\\/person\\\/e777c87fa024e57d40170af9df39882c\"},\"breadcrumb\":{\"@id\":\"https:\\\/\\\/www.copealcoy.es\\\/es\\\/el-pp-demana-baixar-el-preu-del-rebut-de-laigua-mentre-dure-la-prorroga-del-contracte\\\/#breadcrumb\"},\"inLanguage\":\"es\",\"potentialAction\":[{\"@type\":\"ReadAction\",\"target\":[\"https:\\\/\\\/www.copealcoy.es\\\/es\\\/el-pp-demana-baixar-el-preu-del-rebut-de-laigua-mentre-dure-la-prorroga-del-contracte\\\/\"]}]},{\"@type\":\"ImageObject\",\"inLanguage\":\"es\",\"@id\":\"https:\\\/\\\/www.copealcoy.es\\\/es\\\/el-pp-demana-baixar-el-preu-del-rebut-de-laigua-mentre-dure-la-prorroga-del-contracte\\\/#primaryimage\",\"url\":\"https:\\\/\\\/www.copealcoy.es\\\/wp-content\\\/uploads\\\/2019\\\/05\\\/IMG_8339-e1558449043277-1-scaled.jpg\",\"contentUrl\":\"https:\\\/\\\/www.copealcoy.es\\\/wp-content\\\/uploads\\\/2019\\\/05\\\/IMG_8339-e1558449043277-1-scaled.jpg\",\"width\":2560,\"height\":1547,\"caption\":\"Quique Ruiz en su entrevista en #LaMa\u00f1anaEnAlcoy de este martes\"},{\"@type\":\"BreadcrumbList\",\"@id\":\"https:\\\/\\\/www.copealcoy.es\\\/es\\\/el-pp-demana-baixar-el-preu-del-rebut-de-laigua-mentre-dure-la-prorroga-del-contracte\\\/#breadcrumb\",\"itemListElement\":[{\"@type\":\"ListItem\",\"position\":1,\"name\":\"Portada\",\"item\":\"https:\\\/\\\/www.copealcoy.es\\\/es\\\/\"},{\"@type\":\"ListItem\",\"position\":2,\"name\":\"El PP demana baixar el preu del rebut de l&#8217;aigua mentre dure la pr\u00f2rroga del contracte\"}]},{\"@type\":\"WebSite\",\"@id\":\"https:\\\/\\\/www.copealcoy.es\\\/es\\\/#website\",\"url\":\"https:\\\/\\\/www.copealcoy.es\\\/es\\\/\",\"name\":\"COPE Alcoy\",\"description\":\"Emisora COPE de radio local con emisi\u00f3n online. Pont de Sant Jordi 8-10 03803 Alcoy\",\"potentialAction\":[{\"@type\":\"SearchAction\",\"target\":{\"@type\":\"EntryPoint\",\"urlTemplate\":\"https:\\\/\\\/www.copealcoy.es\\\/es\\\/?s={search_term_string}\"},\"query-input\":{\"@type\":\"PropertyValueSpecification\",\"valueRequired\":true,\"valueName\":\"search_term_string\"}}],\"inLanguage\":\"es\"},{\"@type\":\"Person\",\"@id\":\"https:\\\/\\\/www.copealcoy.es\\\/es\\\/#\\\/schema\\\/person\\\/e777c87fa024e57d40170af9df39882c\",\"name\":\"Cope Alcoy\",\"image\":{\"@type\":\"ImageObject\",\"inLanguage\":\"es\",\"@id\":\"https:\\\/\\\/secure.gravatar.com\\\/avatar\\\/bb65d0283347e303893ba14f0692005417c1e0e690a325a4c5d8bb2b3943ee14?s=96&d=mm&r=g\",\"url\":\"https:\\\/\\\/secure.gravatar.com\\\/avatar\\\/bb65d0283347e303893ba14f0692005417c1e0e690a325a4c5d8bb2b3943ee14?s=96&d=mm&r=g\",\"contentUrl\":\"https:\\\/\\\/secure.gravatar.com\\\/avatar\\\/bb65d0283347e303893ba14f0692005417c1e0e690a325a4c5d8bb2b3943ee14?s=96&d=mm&r=g\",\"caption\":\"Cope Alcoy\"}}]}<\/script>\n<!-- \/ Yoast SEO plugin. -->","yoast_head_json":{"title":"El PP demana baixar el preu del rebut de l'aigua mentre dure la pr\u00f2rroga del contracte - COPE Alcoy","robots":{"index":"index","follow":"follow","max-snippet":"max-snippet:-1","max-image-preview":"max-image-preview:large","max-video-preview":"max-video-preview:-1"},"canonical":"https:\/\/www.copealcoy.es\/es\/el-pp-demana-baixar-el-preu-del-rebut-de-laigua-mentre-dure-la-prorroga-del-contracte\/","og_locale":"es_ES","og_type":"article","og_title":"El PP demana baixar el preu del rebut de l'aigua mentre dure la pr\u00f2rroga del contracte - COPE Alcoy","og_description":"El Partit Popular d&#8217;Alcoi proposa revisar les tarifes de l&#8217;aigua potable per a ajustar els preus a l&#8217;actual situaci\u00f3 del...","og_url":"https:\/\/www.copealcoy.es\/es\/el-pp-demana-baixar-el-preu-del-rebut-de-laigua-mentre-dure-la-prorroga-del-contracte\/","og_site_name":"COPE Alcoy","article_published_time":"2020-07-29T14:50:33+00:00","article_modified_time":"2020-07-29T14:56:54+00:00","og_image":[{"width":2560,"height":1547,"url":"https:\/\/www.copealcoy.es\/wp-content\/uploads\/2019\/05\/IMG_8339-e1558449043277-1-scaled.jpg","type":"image\/jpeg"}],"author":"Cope Alcoy","twitter_misc":{"Escrito por":"Cope Alcoy","Tiempo de lectura":"1 minuto"},"schema":{"@context":"https:\/\/schema.org","@graph":[{"@type":"Article","@id":"https:\/\/www.copealcoy.es\/es\/el-pp-demana-baixar-el-preu-del-rebut-de-laigua-mentre-dure-la-prorroga-del-contracte\/#article","isPartOf":{"@id":"https:\/\/www.copealcoy.es\/es\/el-pp-demana-baixar-el-preu-del-rebut-de-laigua-mentre-dure-la-prorroga-del-contracte\/"},"author":{"name":"Cope Alcoy","@id":"https:\/\/www.copealcoy.es\/es\/#\/schema\/person\/e777c87fa024e57d40170af9df39882c"},"headline":"El PP demana baixar el preu del rebut de l&#8217;aigua mentre dure la pr\u00f2rroga del contracte","datePublished":"2020-07-29T14:50:33+00:00","dateModified":"2020-07-29T14:56:54+00:00","mainEntityOfPage":{"@id":"https:\/\/www.copealcoy.es\/es\/el-pp-demana-baixar-el-preu-del-rebut-de-laigua-mentre-dure-la-prorroga-del-contracte\/"},"wordCount":266,"commentCount":0,"image":{"@id":"https:\/\/www.copealcoy.es\/es\/el-pp-demana-baixar-el-preu-del-rebut-de-laigua-mentre-dure-la-prorroga-del-contracte\/#primaryimage"},"thumbnailUrl":"https:\/\/www.copealcoy.es\/wp-content\/uploads\/2019\/05\/IMG_8339-e1558449043277-1-scaled.jpg","keywords":["aigua potable","Alcoi","baixar el preu","Partit Popular","pr\u00f2rroga contracte","rebut"],"articleSection":["Alcoy","Noticias","Pol\u00edtica y Econom\u00eda"],"inLanguage":"es"},{"@type":"WebPage","@id":"https:\/\/www.copealcoy.es\/es\/el-pp-demana-baixar-el-preu-del-rebut-de-laigua-mentre-dure-la-prorroga-del-contracte\/","url":"https:\/\/www.copealcoy.es\/es\/el-pp-demana-baixar-el-preu-del-rebut-de-laigua-mentre-dure-la-prorroga-del-contracte\/","name":"El PP demana baixar el preu del rebut de l'aigua mentre dure la pr\u00f2rroga del contracte - COPE Alcoy","isPartOf":{"@id":"https:\/\/www.copealcoy.es\/es\/#website"},"primaryImageOfPage":{"@id":"https:\/\/www.copealcoy.es\/es\/el-pp-demana-baixar-el-preu-del-rebut-de-laigua-mentre-dure-la-prorroga-del-contracte\/#primaryimage"},"image":{"@id":"https:\/\/www.copealcoy.es\/es\/el-pp-demana-baixar-el-preu-del-rebut-de-laigua-mentre-dure-la-prorroga-del-contracte\/#primaryimage"},"thumbnailUrl":"https:\/\/www.copealcoy.es\/wp-content\/uploads\/2019\/05\/IMG_8339-e1558449043277-1-scaled.jpg","datePublished":"2020-07-29T14:50:33+00:00","dateModified":"2020-07-29T14:56:54+00:00","author":{"@id":"https:\/\/www.copealcoy.es\/es\/#\/schema\/person\/e777c87fa024e57d40170af9df39882c"},"breadcrumb":{"@id":"https:\/\/www.copealcoy.es\/es\/el-pp-demana-baixar-el-preu-del-rebut-de-laigua-mentre-dure-la-prorroga-del-contracte\/#breadcrumb"},"inLanguage":"es","potentialAction":[{"@type":"ReadAction","target":["https:\/\/www.copealcoy.es\/es\/el-pp-demana-baixar-el-preu-del-rebut-de-laigua-mentre-dure-la-prorroga-del-contracte\/"]}]},{"@type":"ImageObject","inLanguage":"es","@id":"https:\/\/www.copealcoy.es\/es\/el-pp-demana-baixar-el-preu-del-rebut-de-laigua-mentre-dure-la-prorroga-del-contracte\/#primaryimage","url":"https:\/\/www.copealcoy.es\/wp-content\/uploads\/2019\/05\/IMG_8339-e1558449043277-1-scaled.jpg","contentUrl":"https:\/\/www.copealcoy.es\/wp-content\/uploads\/2019\/05\/IMG_8339-e1558449043277-1-scaled.jpg","width":2560,"height":1547,"caption":"Quique Ruiz en su entrevista en #LaMa\u00f1anaEnAlcoy de este martes"},{"@type":"BreadcrumbList","@id":"https:\/\/www.copealcoy.es\/es\/el-pp-demana-baixar-el-preu-del-rebut-de-laigua-mentre-dure-la-prorroga-del-contracte\/#breadcrumb","itemListElement":[{"@type":"ListItem","position":1,"name":"Portada","item":"https:\/\/www.copealcoy.es\/es\/"},{"@type":"ListItem","position":2,"name":"El PP demana baixar el preu del rebut de l&#8217;aigua mentre dure la pr\u00f2rroga del contracte"}]},{"@type":"WebSite","@id":"https:\/\/www.copealcoy.es\/es\/#website","url":"https:\/\/www.copealcoy.es\/es\/","name":"COPE Alcoy","description":"Emisora COPE de radio local con emisi\u00f3n online. Pont de Sant Jordi 8-10 03803 Alcoy","potentialAction":[{"@type":"SearchAction","target":{"@type":"EntryPoint","urlTemplate":"https:\/\/www.copealcoy.es\/es\/?s={search_term_string}"},"query-input":{"@type":"PropertyValueSpecification","valueRequired":true,"valueName":"search_term_string"}}],"inLanguage":"es"},{"@type":"Person","@id":"https:\/\/www.copealcoy.es\/es\/#\/schema\/person\/e777c87fa024e57d40170af9df39882c","name":"Cope Alcoy","image":{"@type":"ImageObject","inLanguage":"es","@id":"https:\/\/secure.gravatar.com\/avatar\/bb65d0283347e303893ba14f0692005417c1e0e690a325a4c5d8bb2b3943ee14?s=96&d=mm&r=g","url":"https:\/\/secure.gravatar.com\/avatar\/bb65d0283347e303893ba14f0692005417c1e0e690a325a4c5d8bb2b3943ee14?s=96&d=mm&r=g","contentUrl":"https:\/\/secure.gravatar.com\/avatar\/bb65d0283347e303893ba14f0692005417c1e0e690a325a4c5d8bb2b3943ee14?s=96&d=mm&r=g","caption":"Cope Alcoy"}}]}},"_links":{"self":[{"href":"https:\/\/www.copealcoy.es\/es\/wp-json\/wp\/v2\/posts\/64308","targetHints":{"allow":["GET"]}}],"collection":[{"href":"https:\/\/www.copealcoy.es\/es\/wp-json\/wp\/v2\/posts"}],"about":[{"href":"https:\/\/www.copealcoy.es\/es\/wp-json\/wp\/v2\/types\/post"}],"author":[{"embeddable":true,"href":"https:\/\/www.copealcoy.es\/es\/wp-json\/wp\/v2\/users\/1"}],"replies":[{"embeddable":true,"href":"https:\/\/www.copealcoy.es\/es\/wp-json\/wp\/v2\/comments?post=64308"}],"version-history":[{"count":0,"href":"https:\/\/www.copealcoy.es\/es\/wp-json\/wp\/v2\/posts\/64308\/revisions"}],"wp:featuredmedia":[{"embeddable":true,"href":"https:\/\/www.copealcoy.es\/es\/wp-json\/wp\/v2\/media\/51196"}],"wp:attachment":[{"href":"https:\/\/www.copealcoy.es\/es\/wp-json\/wp\/v2\/media?parent=64308"}],"wp:term":[{"taxonomy":"category","embeddable":true,"href":"https:\/\/www.copealcoy.es\/es\/wp-json\/wp\/v2\/categories?post=64308"},{"taxonomy":"post_tag","embeddable":true,"href":"https:\/\/www.copealcoy.es\/es\/wp-json\/wp\/v2\/tags?post=64308"}],"curies":[{"name":"wp","href":"https:\/\/api.w.org\/{rel}","templated":true}]}}