{"id":64261,"date":"2020-07-28T14:30:19","date_gmt":"2020-07-28T14:30:19","guid":{"rendered":"https:\/\/www.copealcoy.es\/?p=64261"},"modified":"2020-07-28T14:55:38","modified_gmt":"2020-07-28T14:55:38","slug":"400-persones-gaudeixen-del-rural-filmfest","status":"publish","type":"post","link":"https:\/\/www.copealcoy.es\/es\/400-persones-gaudeixen-del-rural-filmfest\/","title":{"rendered":"400 persones gaudeixen del  Rural FilmFest"},"content":{"rendered":"<p style=\"text-align: justify;\">La\u00a0<span class=\"x_gmail-s2\">Mancomunitat de l\u2019Alcoi\u00e0 i el Comtat<\/span>\u00a0ha tornat a ser l\u2019escenari del <strong>festival internacional\u00a0<span class=\"x_gmail-s2\">Rural FilmFest<\/span><\/strong>, un certamen que <strong>va celebrar la seua cloenda el passat divendres 17 de juliol<\/strong> al Palau Comtal de Cocentaina.<\/p>\n<p style=\"text-align: justify;\">Aquest esdeveniment <strong>ha comptat amb l&#8217;assist\u00e8ncia de m\u00e9s de 400 persones<\/strong> i en el mateix\u00a0<strong>s\u2019han projectat 50 pel\u00b7l\u00edcules de 20 pa\u00efsos<\/strong>. Aiximateix <strong>s\u2019han atorgat 10 premis<\/strong>, en distintes categories, a <strong>pel\u00b7l\u00edcules de 6 pa\u00efsos diferents<\/strong>: el\u00a0<strong>premi del p\u00fablic<\/strong>\u00a0(atorgat mitjan\u00e7ant les votacions de les persones assistents a les projeccions), el\u00a0<strong>premi Mancomunitat de l\u2019Alcoi\u00e0 i el Comtat<\/strong> a la millor pel\u00b7l\u00edcula valenciana, el\u00a0<strong>premi\u00a0<span class=\"x_gmail-s3\">20Mils<\/span>\u00a0<\/strong>a la millor pel\u00b7l\u00edcula de tem\u00e0tica de muntanya\u00a0i els <strong>premis de les categories\u00a0EcoFilms<\/strong>\u00a0(a les millors produccions de tem\u00e0tica vinculada amb el medi ambient) i\u00a0<strong>RuralFicci\u00f3n<\/strong>\u00a0(per a les produccions de tem\u00e0tica lliure).<\/p>\n<p style=\"text-align: justify;\">El Rural FilmFest ha estat el\u00a0<strong>primer festival de cinema a celebrar-se amb p\u00fablic<\/strong> a tot l\u2019Estat despr\u00e9s del confinament, i <strong>ha rebut una bona acollida<\/strong> tot i la delicada situaci\u00f3 dels esdeveniments culturals per la pand\u00e8mia. Des de la Mancomunitat recorden que el festival <strong>s&#8217;ha portat a terme a les nostres comarques per segon any consecutiu<\/strong> i esperen que aquest <strong>tinga continuitat en el temps<\/strong> &#8220;<em>es tracta d\u2019un esdeveniment de car\u00e0cter internacional i, a m\u00e9s, d\u2019una tem\u00e0tica molt estretament lligada a la idiosincr\u00e0sia de la zona<\/em>&#8220;, ha concl\u00f2 el Gerent de la Manco; <strong>Ivan Jover<\/strong>.<\/p>\n<p>Aix\u00ed es com queda el palmar\u00e9s del Rural FilmFest 2020:<\/p>\n<ul class=\"x_gmail-ul1\">\n<li class=\"x_gmail-li5\"><span class=\"x_gmail-s1\">Premi del p\u00fablic: Dar(k)win Project, de Loris Lamuni\u00e8re &amp; Charles Mercier (Fran\u00e7a)<\/span><\/li>\n<li class=\"x_gmail-li5\"><span class=\"x_gmail-s1\">Premi Mancomunitat de l\u2019Alcoi\u00e0 i el Comtat a la millor pel\u00b7l\u00edcula valenciana: Savis De L\u2019horta, de David Segarra<\/span><\/li>\n<li class=\"x_gmail-li5\"><span class=\"x_gmail-s1\">Premi 20Mils a la millor pel\u00b7l\u00edcula de tem\u00e0tica de muntanya: Cino, Ian!, de Tobia Passigato (It\u00e0lia)<\/span><\/li>\n<\/ul>\n<p><strong><span class=\"x_gmail-s1\">CATEGORIA ECOFILMS<\/span><\/strong><\/p>\n<ul class=\"x_gmail-ul1\">\n<li class=\"x_gmail-li5\"><span class=\"x_gmail-s1\">Millor llargmetratge EcoFilm: Our Lady of the ZAD, de Xavier Delagnes (Fran\u00e7a)<\/span><\/li>\n<li class=\"x_gmail-li5\"><span class=\"x_gmail-s1\">Millor migmetratge EcoFilm: RIAFN, de Hannes Lang (Alemanya)<\/span><\/li>\n<li class=\"x_gmail-li5\"><span class=\"x_gmail-s1\">Millor curtmetratge documental EcoFilm: Beyond the glacier, de David Rodr\u00edguez Mu\u00f1iz (Espanya)<\/span><\/li>\n<li class=\"x_gmail-li5\"><span class=\"x_gmail-s1\">Millor curtmetratge de ficci\u00f3 EcoFilm: Ape Regina, de Nicola Sorcinelli (It\u00e0lia)<\/span><\/li>\n<li class=\"x_gmail-li5\"><span class=\"x_gmail-s1\">Millor curtmetratge d\u2019animaci\u00f3 EcoFilm: Muedra, de Cesar D\u00edaz Mel\u00e9ndez (Espanya)<\/span><\/li>\n<\/ul>\n<p><strong><span class=\"x_gmail-s1\">CATEGORIA RURALFICCI\u00d3N<\/span><\/strong><\/p>\n<ul class=\"x_gmail-ul1\">\n<li class=\"x_gmail-li5\"><span class=\"x_gmail-s1\">Millor curmetratge de ficci\u00f3 RuralFicci\u00f3n: Sticker, de Georgi M. Unkovski (Maced\u00f2nia)<\/span><\/li>\n<li class=\"x_gmail-li5\"><span class=\"x_gmail-s1\">Millor curmetratge d\u2019animaci\u00f3 RuralFicci\u00f3n: Listen Papa!, d\u2019Olga Poliektova &amp; Tatiana Poliektova (R\u00fassia).<\/span><\/li>\n<\/ul>\n","protected":false},"excerpt":{"rendered":"<p>La\u00a0Mancomunitat de l\u2019Alcoi\u00e0 i el Comtat\u00a0ha tornat a ser l\u2019escenari del festival internacional\u00a0Rural FilmFest, un certamen que va celebrar la&#8230;<\/p>\n","protected":false},"author":1,"featured_media":64263,"comment_status":"open","ping_status":"open","sticky":false,"template":"","format":"standard","meta":{"footnotes":""},"categories":[98,75],"tags":[482,237,3875,1745,9014],"class_list":["post-64261","post","type-post","status-publish","format-standard","has-post-thumbnail","hentry","category-comarcas","category-noticias","tag-alcoia","tag-comtat","tag-festival","tag-mancomunitat","tag-rural-filmfest"],"yoast_head":"<!-- This site is optimized with the Yoast SEO plugin v27.3 - https:\/\/yoast.com\/product\/yoast-seo-wordpress\/ -->\n<title>400 persones gaudeixen del Rural FilmFest - COPE Alcoy<\/title>\n<meta name=\"robots\" content=\"index, follow, max-snippet:-1, max-image-preview:large, max-video-preview:-1\" \/>\n<link rel=\"canonical\" href=\"https:\/\/www.copealcoy.es\/es\/400-persones-gaudeixen-del-rural-filmfest\/\" \/>\n<meta property=\"og:locale\" content=\"es_ES\" \/>\n<meta property=\"og:type\" content=\"article\" \/>\n<meta property=\"og:title\" content=\"400 persones gaudeixen del Rural FilmFest - COPE Alcoy\" \/>\n<meta property=\"og:description\" content=\"La\u00a0Mancomunitat de l\u2019Alcoi\u00e0 i el Comtat\u00a0ha tornat a ser l\u2019escenari del festival internacional\u00a0Rural FilmFest, un certamen que va celebrar la...\" \/>\n<meta property=\"og:url\" content=\"https:\/\/www.copealcoy.es\/es\/400-persones-gaudeixen-del-rural-filmfest\/\" \/>\n<meta property=\"og:site_name\" content=\"COPE Alcoy\" \/>\n<meta property=\"article:published_time\" content=\"2020-07-28T14:30:19+00:00\" \/>\n<meta property=\"article:modified_time\" content=\"2020-07-28T14:55:38+00:00\" \/>\n<meta property=\"og:image\" content=\"https:\/\/www.copealcoy.es\/wp-content\/uploads\/2020\/07\/Captura-de-pantalla-2020-07-20-a-las-13.39.00-871x640-1.png\" \/>\n\t<meta property=\"og:image:width\" content=\"871\" \/>\n\t<meta property=\"og:image:height\" content=\"640\" \/>\n\t<meta property=\"og:image:type\" content=\"image\/png\" \/>\n<meta name=\"author\" content=\"Cope Alcoy\" \/>\n<meta name=\"twitter:label1\" content=\"Escrito por\" \/>\n\t<meta name=\"twitter:data1\" content=\"Cope Alcoy\" \/>\n\t<meta name=\"twitter:label2\" content=\"Tiempo de lectura\" \/>\n\t<meta name=\"twitter:data2\" content=\"2 minutos\" \/>\n<script type=\"application\/ld+json\" class=\"yoast-schema-graph\">{\"@context\":\"https:\\\/\\\/schema.org\",\"@graph\":[{\"@type\":\"Article\",\"@id\":\"https:\\\/\\\/www.copealcoy.es\\\/es\\\/400-persones-gaudeixen-del-rural-filmfest\\\/#article\",\"isPartOf\":{\"@id\":\"https:\\\/\\\/www.copealcoy.es\\\/es\\\/400-persones-gaudeixen-del-rural-filmfest\\\/\"},\"author\":{\"name\":\"Cope Alcoy\",\"@id\":\"https:\\\/\\\/www.copealcoy.es\\\/es\\\/#\\\/schema\\\/person\\\/e777c87fa024e57d40170af9df39882c\"},\"headline\":\"400 persones gaudeixen del Rural FilmFest\",\"datePublished\":\"2020-07-28T14:30:19+00:00\",\"dateModified\":\"2020-07-28T14:55:38+00:00\",\"mainEntityOfPage\":{\"@id\":\"https:\\\/\\\/www.copealcoy.es\\\/es\\\/400-persones-gaudeixen-del-rural-filmfest\\\/\"},\"wordCount\":431,\"commentCount\":0,\"image\":{\"@id\":\"https:\\\/\\\/www.copealcoy.es\\\/es\\\/400-persones-gaudeixen-del-rural-filmfest\\\/#primaryimage\"},\"thumbnailUrl\":\"https:\\\/\\\/www.copealcoy.es\\\/wp-content\\\/uploads\\\/2020\\\/07\\\/Captura-de-pantalla-2020-07-20-a-las-13.39.00-871x640-1.png\",\"keywords\":[\"Alcoi\u00e0\",\"Comtat\",\"Festival\",\"Mancomunitat\",\"Rural FilmFest\"],\"articleSection\":[\"Comarcas\",\"Noticias\"],\"inLanguage\":\"es\"},{\"@type\":\"WebPage\",\"@id\":\"https:\\\/\\\/www.copealcoy.es\\\/es\\\/400-persones-gaudeixen-del-rural-filmfest\\\/\",\"url\":\"https:\\\/\\\/www.copealcoy.es\\\/es\\\/400-persones-gaudeixen-del-rural-filmfest\\\/\",\"name\":\"400 persones gaudeixen del Rural FilmFest - COPE Alcoy\",\"isPartOf\":{\"@id\":\"https:\\\/\\\/www.copealcoy.es\\\/es\\\/#website\"},\"primaryImageOfPage\":{\"@id\":\"https:\\\/\\\/www.copealcoy.es\\\/es\\\/400-persones-gaudeixen-del-rural-filmfest\\\/#primaryimage\"},\"image\":{\"@id\":\"https:\\\/\\\/www.copealcoy.es\\\/es\\\/400-persones-gaudeixen-del-rural-filmfest\\\/#primaryimage\"},\"thumbnailUrl\":\"https:\\\/\\\/www.copealcoy.es\\\/wp-content\\\/uploads\\\/2020\\\/07\\\/Captura-de-pantalla-2020-07-20-a-las-13.39.00-871x640-1.png\",\"datePublished\":\"2020-07-28T14:30:19+00:00\",\"dateModified\":\"2020-07-28T14:55:38+00:00\",\"author\":{\"@id\":\"https:\\\/\\\/www.copealcoy.es\\\/es\\\/#\\\/schema\\\/person\\\/e777c87fa024e57d40170af9df39882c\"},\"breadcrumb\":{\"@id\":\"https:\\\/\\\/www.copealcoy.es\\\/es\\\/400-persones-gaudeixen-del-rural-filmfest\\\/#breadcrumb\"},\"inLanguage\":\"es\",\"potentialAction\":[{\"@type\":\"ReadAction\",\"target\":[\"https:\\\/\\\/www.copealcoy.es\\\/es\\\/400-persones-gaudeixen-del-rural-filmfest\\\/\"]}]},{\"@type\":\"ImageObject\",\"inLanguage\":\"es\",\"@id\":\"https:\\\/\\\/www.copealcoy.es\\\/es\\\/400-persones-gaudeixen-del-rural-filmfest\\\/#primaryimage\",\"url\":\"https:\\\/\\\/www.copealcoy.es\\\/wp-content\\\/uploads\\\/2020\\\/07\\\/Captura-de-pantalla-2020-07-20-a-las-13.39.00-871x640-1.png\",\"contentUrl\":\"https:\\\/\\\/www.copealcoy.es\\\/wp-content\\\/uploads\\\/2020\\\/07\\\/Captura-de-pantalla-2020-07-20-a-las-13.39.00-871x640-1.png\",\"width\":871,\"height\":640,\"caption\":\"Les projeccions han tingut lloc a diferents pobles \\\/ Foto: Mancomunitat Alcoi\u00e0-Comtat\"},{\"@type\":\"BreadcrumbList\",\"@id\":\"https:\\\/\\\/www.copealcoy.es\\\/es\\\/400-persones-gaudeixen-del-rural-filmfest\\\/#breadcrumb\",\"itemListElement\":[{\"@type\":\"ListItem\",\"position\":1,\"name\":\"Portada\",\"item\":\"https:\\\/\\\/www.copealcoy.es\\\/es\\\/\"},{\"@type\":\"ListItem\",\"position\":2,\"name\":\"400 persones gaudeixen del Rural FilmFest\"}]},{\"@type\":\"WebSite\",\"@id\":\"https:\\\/\\\/www.copealcoy.es\\\/es\\\/#website\",\"url\":\"https:\\\/\\\/www.copealcoy.es\\\/es\\\/\",\"name\":\"COPE Alcoy\",\"description\":\"Emisora COPE de radio local con emisi\u00f3n online. Pont de Sant Jordi 8-10 03803 Alcoy\",\"potentialAction\":[{\"@type\":\"SearchAction\",\"target\":{\"@type\":\"EntryPoint\",\"urlTemplate\":\"https:\\\/\\\/www.copealcoy.es\\\/es\\\/?s={search_term_string}\"},\"query-input\":{\"@type\":\"PropertyValueSpecification\",\"valueRequired\":true,\"valueName\":\"search_term_string\"}}],\"inLanguage\":\"es\"},{\"@type\":\"Person\",\"@id\":\"https:\\\/\\\/www.copealcoy.es\\\/es\\\/#\\\/schema\\\/person\\\/e777c87fa024e57d40170af9df39882c\",\"name\":\"Cope Alcoy\",\"image\":{\"@type\":\"ImageObject\",\"inLanguage\":\"es\",\"@id\":\"https:\\\/\\\/secure.gravatar.com\\\/avatar\\\/bb65d0283347e303893ba14f0692005417c1e0e690a325a4c5d8bb2b3943ee14?s=96&d=mm&r=g\",\"url\":\"https:\\\/\\\/secure.gravatar.com\\\/avatar\\\/bb65d0283347e303893ba14f0692005417c1e0e690a325a4c5d8bb2b3943ee14?s=96&d=mm&r=g\",\"contentUrl\":\"https:\\\/\\\/secure.gravatar.com\\\/avatar\\\/bb65d0283347e303893ba14f0692005417c1e0e690a325a4c5d8bb2b3943ee14?s=96&d=mm&r=g\",\"caption\":\"Cope Alcoy\"}}]}<\/script>\n<!-- \/ Yoast SEO plugin. -->","yoast_head_json":{"title":"400 persones gaudeixen del Rural FilmFest - COPE Alcoy","robots":{"index":"index","follow":"follow","max-snippet":"max-snippet:-1","max-image-preview":"max-image-preview:large","max-video-preview":"max-video-preview:-1"},"canonical":"https:\/\/www.copealcoy.es\/es\/400-persones-gaudeixen-del-rural-filmfest\/","og_locale":"es_ES","og_type":"article","og_title":"400 persones gaudeixen del Rural FilmFest - COPE Alcoy","og_description":"La\u00a0Mancomunitat de l\u2019Alcoi\u00e0 i el Comtat\u00a0ha tornat a ser l\u2019escenari del festival internacional\u00a0Rural FilmFest, un certamen que va celebrar la...","og_url":"https:\/\/www.copealcoy.es\/es\/400-persones-gaudeixen-del-rural-filmfest\/","og_site_name":"COPE Alcoy","article_published_time":"2020-07-28T14:30:19+00:00","article_modified_time":"2020-07-28T14:55:38+00:00","og_image":[{"width":871,"height":640,"url":"https:\/\/www.copealcoy.es\/wp-content\/uploads\/2020\/07\/Captura-de-pantalla-2020-07-20-a-las-13.39.00-871x640-1.png","type":"image\/png"}],"author":"Cope Alcoy","twitter_misc":{"Escrito por":"Cope Alcoy","Tiempo de lectura":"2 minutos"},"schema":{"@context":"https:\/\/schema.org","@graph":[{"@type":"Article","@id":"https:\/\/www.copealcoy.es\/es\/400-persones-gaudeixen-del-rural-filmfest\/#article","isPartOf":{"@id":"https:\/\/www.copealcoy.es\/es\/400-persones-gaudeixen-del-rural-filmfest\/"},"author":{"name":"Cope Alcoy","@id":"https:\/\/www.copealcoy.es\/es\/#\/schema\/person\/e777c87fa024e57d40170af9df39882c"},"headline":"400 persones gaudeixen del Rural FilmFest","datePublished":"2020-07-28T14:30:19+00:00","dateModified":"2020-07-28T14:55:38+00:00","mainEntityOfPage":{"@id":"https:\/\/www.copealcoy.es\/es\/400-persones-gaudeixen-del-rural-filmfest\/"},"wordCount":431,"commentCount":0,"image":{"@id":"https:\/\/www.copealcoy.es\/es\/400-persones-gaudeixen-del-rural-filmfest\/#primaryimage"},"thumbnailUrl":"https:\/\/www.copealcoy.es\/wp-content\/uploads\/2020\/07\/Captura-de-pantalla-2020-07-20-a-las-13.39.00-871x640-1.png","keywords":["Alcoi\u00e0","Comtat","Festival","Mancomunitat","Rural FilmFest"],"articleSection":["Comarcas","Noticias"],"inLanguage":"es"},{"@type":"WebPage","@id":"https:\/\/www.copealcoy.es\/es\/400-persones-gaudeixen-del-rural-filmfest\/","url":"https:\/\/www.copealcoy.es\/es\/400-persones-gaudeixen-del-rural-filmfest\/","name":"400 persones gaudeixen del Rural FilmFest - COPE Alcoy","isPartOf":{"@id":"https:\/\/www.copealcoy.es\/es\/#website"},"primaryImageOfPage":{"@id":"https:\/\/www.copealcoy.es\/es\/400-persones-gaudeixen-del-rural-filmfest\/#primaryimage"},"image":{"@id":"https:\/\/www.copealcoy.es\/es\/400-persones-gaudeixen-del-rural-filmfest\/#primaryimage"},"thumbnailUrl":"https:\/\/www.copealcoy.es\/wp-content\/uploads\/2020\/07\/Captura-de-pantalla-2020-07-20-a-las-13.39.00-871x640-1.png","datePublished":"2020-07-28T14:30:19+00:00","dateModified":"2020-07-28T14:55:38+00:00","author":{"@id":"https:\/\/www.copealcoy.es\/es\/#\/schema\/person\/e777c87fa024e57d40170af9df39882c"},"breadcrumb":{"@id":"https:\/\/www.copealcoy.es\/es\/400-persones-gaudeixen-del-rural-filmfest\/#breadcrumb"},"inLanguage":"es","potentialAction":[{"@type":"ReadAction","target":["https:\/\/www.copealcoy.es\/es\/400-persones-gaudeixen-del-rural-filmfest\/"]}]},{"@type":"ImageObject","inLanguage":"es","@id":"https:\/\/www.copealcoy.es\/es\/400-persones-gaudeixen-del-rural-filmfest\/#primaryimage","url":"https:\/\/www.copealcoy.es\/wp-content\/uploads\/2020\/07\/Captura-de-pantalla-2020-07-20-a-las-13.39.00-871x640-1.png","contentUrl":"https:\/\/www.copealcoy.es\/wp-content\/uploads\/2020\/07\/Captura-de-pantalla-2020-07-20-a-las-13.39.00-871x640-1.png","width":871,"height":640,"caption":"Les projeccions han tingut lloc a diferents pobles \/ Foto: Mancomunitat Alcoi\u00e0-Comtat"},{"@type":"BreadcrumbList","@id":"https:\/\/www.copealcoy.es\/es\/400-persones-gaudeixen-del-rural-filmfest\/#breadcrumb","itemListElement":[{"@type":"ListItem","position":1,"name":"Portada","item":"https:\/\/www.copealcoy.es\/es\/"},{"@type":"ListItem","position":2,"name":"400 persones gaudeixen del Rural FilmFest"}]},{"@type":"WebSite","@id":"https:\/\/www.copealcoy.es\/es\/#website","url":"https:\/\/www.copealcoy.es\/es\/","name":"COPE Alcoy","description":"Emisora COPE de radio local con emisi\u00f3n online. Pont de Sant Jordi 8-10 03803 Alcoy","potentialAction":[{"@type":"SearchAction","target":{"@type":"EntryPoint","urlTemplate":"https:\/\/www.copealcoy.es\/es\/?s={search_term_string}"},"query-input":{"@type":"PropertyValueSpecification","valueRequired":true,"valueName":"search_term_string"}}],"inLanguage":"es"},{"@type":"Person","@id":"https:\/\/www.copealcoy.es\/es\/#\/schema\/person\/e777c87fa024e57d40170af9df39882c","name":"Cope Alcoy","image":{"@type":"ImageObject","inLanguage":"es","@id":"https:\/\/secure.gravatar.com\/avatar\/bb65d0283347e303893ba14f0692005417c1e0e690a325a4c5d8bb2b3943ee14?s=96&d=mm&r=g","url":"https:\/\/secure.gravatar.com\/avatar\/bb65d0283347e303893ba14f0692005417c1e0e690a325a4c5d8bb2b3943ee14?s=96&d=mm&r=g","contentUrl":"https:\/\/secure.gravatar.com\/avatar\/bb65d0283347e303893ba14f0692005417c1e0e690a325a4c5d8bb2b3943ee14?s=96&d=mm&r=g","caption":"Cope Alcoy"}}]}},"_links":{"self":[{"href":"https:\/\/www.copealcoy.es\/es\/wp-json\/wp\/v2\/posts\/64261","targetHints":{"allow":["GET"]}}],"collection":[{"href":"https:\/\/www.copealcoy.es\/es\/wp-json\/wp\/v2\/posts"}],"about":[{"href":"https:\/\/www.copealcoy.es\/es\/wp-json\/wp\/v2\/types\/post"}],"author":[{"embeddable":true,"href":"https:\/\/www.copealcoy.es\/es\/wp-json\/wp\/v2\/users\/1"}],"replies":[{"embeddable":true,"href":"https:\/\/www.copealcoy.es\/es\/wp-json\/wp\/v2\/comments?post=64261"}],"version-history":[{"count":0,"href":"https:\/\/www.copealcoy.es\/es\/wp-json\/wp\/v2\/posts\/64261\/revisions"}],"wp:featuredmedia":[{"embeddable":true,"href":"https:\/\/www.copealcoy.es\/es\/wp-json\/wp\/v2\/media\/64263"}],"wp:attachment":[{"href":"https:\/\/www.copealcoy.es\/es\/wp-json\/wp\/v2\/media?parent=64261"}],"wp:term":[{"taxonomy":"category","embeddable":true,"href":"https:\/\/www.copealcoy.es\/es\/wp-json\/wp\/v2\/categories?post=64261"},{"taxonomy":"post_tag","embeddable":true,"href":"https:\/\/www.copealcoy.es\/es\/wp-json\/wp\/v2\/tags?post=64261"}],"curies":[{"name":"wp","href":"https:\/\/api.w.org\/{rel}","templated":true}]}}