{"id":64256,"date":"2020-07-28T14:13:09","date_gmt":"2020-07-28T14:13:09","guid":{"rendered":"https:\/\/www.copealcoy.es\/?p=64256"},"modified":"2020-07-29T14:58:34","modified_gmt":"2020-07-29T14:58:34","slug":"el-llegat-de-camilo-sesto-arriba-a-alcoi","status":"publish","type":"post","link":"https:\/\/www.copealcoy.es\/es\/el-llegat-de-camilo-sesto-arriba-a-alcoi\/","title":{"rendered":"El llegat de Camilo Sesto arriba a Alcoi"},"content":{"rendered":"<p style=\"text-align: justify;\">Alcoi ha rebut ja <strong>bona part del llegat art\u00edstic de <span class=\"hiddenSpellError\">Camilo<\/span> Sesto<\/strong>, una donaci\u00f3 formada <strong>per 794 peces<\/strong> que han sigut <strong>degudament inventariades<\/strong> pels t\u00e8cnics municipals.<\/p>\n<p style=\"text-align: justify;\">Des del Consistori han explicat que <strong>s&#8217;ha arribat a un acord satisfactori amb el fill de l&#8217;artista<\/strong>, <span class=\"hiddenSpellError\">Camilo<\/span> Blanes <span class=\"hiddenSpellError\">Ornelas<\/span>, i <strong>amb el\u00a0marmessor testamentari del mateix<\/strong> per tal de facilitar que <strong>es fera realitat el desig<\/strong> que el cantant va manifestar abans de morir. D&#8217;aquesta forma el llegat art\u00edstic d&#8217;aquesta figura universal de la m\u00fasica <strong>passar\u00e0 a estar custodiat per la terra que el va veure n\u00e0ixer el 16 de setembre de 1946<\/strong> &#8220;<em>trobem infinitat de peces valuosos com el registre sonor de les seues gravacions, roba, elements que emprava en les seues actuacions, instruments, trofeus, quadres i objectes molt personals. Aquesta col\u00b7lecci\u00f3 s&#8217;incrementar\u00e0 en un futur amb els fons que aportar\u00e0 el Club de Fans i nous elements que la fam\u00edlia t\u00e9 intenci\u00f3 de donar a l&#8217;Ajuntament<\/em>&#8220;, ha indicat <strong>Ra\u00fcl Llopis<\/strong>.<\/p>\n<p style=\"text-align: justify;\">Per la seua banda l&#8217;alcalde d&#8217;Alcoi, <strong>Toni Franc\u00e9s<\/strong>, ha recordat que tot aquest gran llegat <strong>passar\u00e0 a formar part del futur museu que la ciutat dedicar\u00e0 a <span class=\"hiddenSpellError\">Camilo<\/span> Sesto<\/strong>. Sobre el projecte ha avan\u00e7at que d&#8217;ac\u00ed a poc temps <strong>s&#8217;encomanar\u00e0 la redacci\u00f3 del mateix a una empresa especialitzada<\/strong> &#8220;<em>i una vegada disposem d&#8217;aquest veurem quines depend\u00e8ncies municipals es poden habilitar per a albergar aquest espai cultural que tamb\u00e9 ser\u00e0 un referent per al turisme. Esperem que puga ser realitat en 2021 i que puguen gaudir d&#8217;ell els alcoians i els molts fans del cantant<\/em>&#8220;, ha afirmat.<\/p>\n<p style=\"text-align: justify;\">L&#8217;Ajuntament d&#8217;Alcoi ha informat tamb\u00e9 que la fam\u00edlia de <span class=\"hiddenSpellError\">Camilo<\/span> Sesto <strong>ha repr\u00e9s la idea de crear un mausoleu al Cementeri Municipal<\/strong> on descansaran les cendres de l&#8217;artista junt amb les dels seus pares.<\/p>\n","protected":false},"excerpt":{"rendered":"<p>Alcoi ha rebut ja bona part del llegat art\u00edstic de Camilo Sesto, una donaci\u00f3 formada per 794 peces que han&#8230;<\/p>\n","protected":false},"author":1,"featured_media":64257,"comment_status":"open","ping_status":"open","sticky":false,"template":"","format":"standard","meta":{"footnotes":""},"categories":[97,78,75],"tags":[160,9586,2559,9585],"class_list":["post-64256","post","type-post","status-publish","format-standard","has-post-thumbnail","hentry","category-alcoy","category-fiestaycultura","category-noticias","tag-alcoi","tag-arriba","tag-camilo-sesto","tag-llegat-artistic"],"yoast_head":"<!-- This site is optimized with the Yoast SEO plugin v27.3 - https:\/\/yoast.com\/product\/yoast-seo-wordpress\/ -->\n<title>El llegat de Camilo Sesto arriba a Alcoi - COPE Alcoy<\/title>\n<meta name=\"robots\" content=\"index, follow, max-snippet:-1, max-image-preview:large, max-video-preview:-1\" \/>\n<link rel=\"canonical\" href=\"https:\/\/www.copealcoy.es\/es\/el-llegat-de-camilo-sesto-arriba-a-alcoi\/\" \/>\n<meta property=\"og:locale\" content=\"es_ES\" \/>\n<meta property=\"og:type\" content=\"article\" \/>\n<meta property=\"og:title\" content=\"El llegat de Camilo Sesto arriba a Alcoi - COPE Alcoy\" \/>\n<meta property=\"og:description\" content=\"Alcoi ha rebut ja bona part del llegat art\u00edstic de Camilo Sesto, una donaci\u00f3 formada per 794 peces que han...\" \/>\n<meta property=\"og:url\" content=\"https:\/\/www.copealcoy.es\/es\/el-llegat-de-camilo-sesto-arriba-a-alcoi\/\" \/>\n<meta property=\"og:site_name\" content=\"COPE Alcoy\" \/>\n<meta property=\"article:published_time\" content=\"2020-07-28T14:13:09+00:00\" \/>\n<meta property=\"article:modified_time\" content=\"2020-07-29T14:58:34+00:00\" \/>\n<meta property=\"og:image\" content=\"https:\/\/www.copealcoy.es\/wp-content\/uploads\/2020\/07\/IMG-1953-scaled.jpg\" \/>\n\t<meta property=\"og:image:width\" content=\"2560\" \/>\n\t<meta property=\"og:image:height\" content=\"1825\" \/>\n\t<meta property=\"og:image:type\" content=\"image\/jpeg\" \/>\n<meta name=\"author\" content=\"Cope Alcoy\" \/>\n<meta name=\"twitter:label1\" content=\"Escrito por\" \/>\n\t<meta name=\"twitter:data1\" content=\"Cope Alcoy\" \/>\n\t<meta name=\"twitter:label2\" content=\"Tiempo de lectura\" \/>\n\t<meta name=\"twitter:data2\" content=\"1 minuto\" \/>\n<script type=\"application\/ld+json\" class=\"yoast-schema-graph\">{\"@context\":\"https:\\\/\\\/schema.org\",\"@graph\":[{\"@type\":\"Article\",\"@id\":\"https:\\\/\\\/www.copealcoy.es\\\/es\\\/el-llegat-de-camilo-sesto-arriba-a-alcoi\\\/#article\",\"isPartOf\":{\"@id\":\"https:\\\/\\\/www.copealcoy.es\\\/es\\\/el-llegat-de-camilo-sesto-arriba-a-alcoi\\\/\"},\"author\":{\"name\":\"Cope Alcoy\",\"@id\":\"https:\\\/\\\/www.copealcoy.es\\\/es\\\/#\\\/schema\\\/person\\\/e777c87fa024e57d40170af9df39882c\"},\"headline\":\"El llegat de Camilo Sesto arriba a Alcoi\",\"datePublished\":\"2020-07-28T14:13:09+00:00\",\"dateModified\":\"2020-07-29T14:58:34+00:00\",\"mainEntityOfPage\":{\"@id\":\"https:\\\/\\\/www.copealcoy.es\\\/es\\\/el-llegat-de-camilo-sesto-arriba-a-alcoi\\\/\"},\"wordCount\":321,\"commentCount\":0,\"image\":{\"@id\":\"https:\\\/\\\/www.copealcoy.es\\\/es\\\/el-llegat-de-camilo-sesto-arriba-a-alcoi\\\/#primaryimage\"},\"thumbnailUrl\":\"https:\\\/\\\/www.copealcoy.es\\\/wp-content\\\/uploads\\\/2020\\\/07\\\/IMG-1953-scaled.jpg\",\"keywords\":[\"Alcoi\",\"arriba\",\"Camilo Sesto\",\"llegat art\u00edstic\"],\"articleSection\":[\"Alcoy\",\"Fiesta y Cultura\",\"Noticias\"],\"inLanguage\":\"es\"},{\"@type\":\"WebPage\",\"@id\":\"https:\\\/\\\/www.copealcoy.es\\\/es\\\/el-llegat-de-camilo-sesto-arriba-a-alcoi\\\/\",\"url\":\"https:\\\/\\\/www.copealcoy.es\\\/es\\\/el-llegat-de-camilo-sesto-arriba-a-alcoi\\\/\",\"name\":\"El llegat de Camilo Sesto arriba a Alcoi - COPE Alcoy\",\"isPartOf\":{\"@id\":\"https:\\\/\\\/www.copealcoy.es\\\/es\\\/#website\"},\"primaryImageOfPage\":{\"@id\":\"https:\\\/\\\/www.copealcoy.es\\\/es\\\/el-llegat-de-camilo-sesto-arriba-a-alcoi\\\/#primaryimage\"},\"image\":{\"@id\":\"https:\\\/\\\/www.copealcoy.es\\\/es\\\/el-llegat-de-camilo-sesto-arriba-a-alcoi\\\/#primaryimage\"},\"thumbnailUrl\":\"https:\\\/\\\/www.copealcoy.es\\\/wp-content\\\/uploads\\\/2020\\\/07\\\/IMG-1953-scaled.jpg\",\"datePublished\":\"2020-07-28T14:13:09+00:00\",\"dateModified\":\"2020-07-29T14:58:34+00:00\",\"author\":{\"@id\":\"https:\\\/\\\/www.copealcoy.es\\\/es\\\/#\\\/schema\\\/person\\\/e777c87fa024e57d40170af9df39882c\"},\"breadcrumb\":{\"@id\":\"https:\\\/\\\/www.copealcoy.es\\\/es\\\/el-llegat-de-camilo-sesto-arriba-a-alcoi\\\/#breadcrumb\"},\"inLanguage\":\"es\",\"potentialAction\":[{\"@type\":\"ReadAction\",\"target\":[\"https:\\\/\\\/www.copealcoy.es\\\/es\\\/el-llegat-de-camilo-sesto-arriba-a-alcoi\\\/\"]}]},{\"@type\":\"ImageObject\",\"inLanguage\":\"es\",\"@id\":\"https:\\\/\\\/www.copealcoy.es\\\/es\\\/el-llegat-de-camilo-sesto-arriba-a-alcoi\\\/#primaryimage\",\"url\":\"https:\\\/\\\/www.copealcoy.es\\\/wp-content\\\/uploads\\\/2020\\\/07\\\/IMG-1953-scaled.jpg\",\"contentUrl\":\"https:\\\/\\\/www.copealcoy.es\\\/wp-content\\\/uploads\\\/2020\\\/07\\\/IMG-1953-scaled.jpg\",\"width\":2560,\"height\":1825},{\"@type\":\"BreadcrumbList\",\"@id\":\"https:\\\/\\\/www.copealcoy.es\\\/es\\\/el-llegat-de-camilo-sesto-arriba-a-alcoi\\\/#breadcrumb\",\"itemListElement\":[{\"@type\":\"ListItem\",\"position\":1,\"name\":\"Portada\",\"item\":\"https:\\\/\\\/www.copealcoy.es\\\/es\\\/\"},{\"@type\":\"ListItem\",\"position\":2,\"name\":\"El llegat de Camilo Sesto arriba a Alcoi\"}]},{\"@type\":\"WebSite\",\"@id\":\"https:\\\/\\\/www.copealcoy.es\\\/es\\\/#website\",\"url\":\"https:\\\/\\\/www.copealcoy.es\\\/es\\\/\",\"name\":\"COPE Alcoy\",\"description\":\"Emisora COPE de radio local con emisi\u00f3n online. Pont de Sant Jordi 8-10 03803 Alcoy\",\"potentialAction\":[{\"@type\":\"SearchAction\",\"target\":{\"@type\":\"EntryPoint\",\"urlTemplate\":\"https:\\\/\\\/www.copealcoy.es\\\/es\\\/?s={search_term_string}\"},\"query-input\":{\"@type\":\"PropertyValueSpecification\",\"valueRequired\":true,\"valueName\":\"search_term_string\"}}],\"inLanguage\":\"es\"},{\"@type\":\"Person\",\"@id\":\"https:\\\/\\\/www.copealcoy.es\\\/es\\\/#\\\/schema\\\/person\\\/e777c87fa024e57d40170af9df39882c\",\"name\":\"Cope Alcoy\",\"image\":{\"@type\":\"ImageObject\",\"inLanguage\":\"es\",\"@id\":\"https:\\\/\\\/secure.gravatar.com\\\/avatar\\\/bb65d0283347e303893ba14f0692005417c1e0e690a325a4c5d8bb2b3943ee14?s=96&d=mm&r=g\",\"url\":\"https:\\\/\\\/secure.gravatar.com\\\/avatar\\\/bb65d0283347e303893ba14f0692005417c1e0e690a325a4c5d8bb2b3943ee14?s=96&d=mm&r=g\",\"contentUrl\":\"https:\\\/\\\/secure.gravatar.com\\\/avatar\\\/bb65d0283347e303893ba14f0692005417c1e0e690a325a4c5d8bb2b3943ee14?s=96&d=mm&r=g\",\"caption\":\"Cope Alcoy\"}}]}<\/script>\n<!-- \/ Yoast SEO plugin. -->","yoast_head_json":{"title":"El llegat de Camilo Sesto arriba a Alcoi - COPE Alcoy","robots":{"index":"index","follow":"follow","max-snippet":"max-snippet:-1","max-image-preview":"max-image-preview:large","max-video-preview":"max-video-preview:-1"},"canonical":"https:\/\/www.copealcoy.es\/es\/el-llegat-de-camilo-sesto-arriba-a-alcoi\/","og_locale":"es_ES","og_type":"article","og_title":"El llegat de Camilo Sesto arriba a Alcoi - COPE Alcoy","og_description":"Alcoi ha rebut ja bona part del llegat art\u00edstic de Camilo Sesto, una donaci\u00f3 formada per 794 peces que han...","og_url":"https:\/\/www.copealcoy.es\/es\/el-llegat-de-camilo-sesto-arriba-a-alcoi\/","og_site_name":"COPE Alcoy","article_published_time":"2020-07-28T14:13:09+00:00","article_modified_time":"2020-07-29T14:58:34+00:00","og_image":[{"width":2560,"height":1825,"url":"https:\/\/www.copealcoy.es\/wp-content\/uploads\/2020\/07\/IMG-1953-scaled.jpg","type":"image\/jpeg"}],"author":"Cope Alcoy","twitter_misc":{"Escrito por":"Cope Alcoy","Tiempo de lectura":"1 minuto"},"schema":{"@context":"https:\/\/schema.org","@graph":[{"@type":"Article","@id":"https:\/\/www.copealcoy.es\/es\/el-llegat-de-camilo-sesto-arriba-a-alcoi\/#article","isPartOf":{"@id":"https:\/\/www.copealcoy.es\/es\/el-llegat-de-camilo-sesto-arriba-a-alcoi\/"},"author":{"name":"Cope Alcoy","@id":"https:\/\/www.copealcoy.es\/es\/#\/schema\/person\/e777c87fa024e57d40170af9df39882c"},"headline":"El llegat de Camilo Sesto arriba a Alcoi","datePublished":"2020-07-28T14:13:09+00:00","dateModified":"2020-07-29T14:58:34+00:00","mainEntityOfPage":{"@id":"https:\/\/www.copealcoy.es\/es\/el-llegat-de-camilo-sesto-arriba-a-alcoi\/"},"wordCount":321,"commentCount":0,"image":{"@id":"https:\/\/www.copealcoy.es\/es\/el-llegat-de-camilo-sesto-arriba-a-alcoi\/#primaryimage"},"thumbnailUrl":"https:\/\/www.copealcoy.es\/wp-content\/uploads\/2020\/07\/IMG-1953-scaled.jpg","keywords":["Alcoi","arriba","Camilo Sesto","llegat art\u00edstic"],"articleSection":["Alcoy","Fiesta y Cultura","Noticias"],"inLanguage":"es"},{"@type":"WebPage","@id":"https:\/\/www.copealcoy.es\/es\/el-llegat-de-camilo-sesto-arriba-a-alcoi\/","url":"https:\/\/www.copealcoy.es\/es\/el-llegat-de-camilo-sesto-arriba-a-alcoi\/","name":"El llegat de Camilo Sesto arriba a Alcoi - COPE Alcoy","isPartOf":{"@id":"https:\/\/www.copealcoy.es\/es\/#website"},"primaryImageOfPage":{"@id":"https:\/\/www.copealcoy.es\/es\/el-llegat-de-camilo-sesto-arriba-a-alcoi\/#primaryimage"},"image":{"@id":"https:\/\/www.copealcoy.es\/es\/el-llegat-de-camilo-sesto-arriba-a-alcoi\/#primaryimage"},"thumbnailUrl":"https:\/\/www.copealcoy.es\/wp-content\/uploads\/2020\/07\/IMG-1953-scaled.jpg","datePublished":"2020-07-28T14:13:09+00:00","dateModified":"2020-07-29T14:58:34+00:00","author":{"@id":"https:\/\/www.copealcoy.es\/es\/#\/schema\/person\/e777c87fa024e57d40170af9df39882c"},"breadcrumb":{"@id":"https:\/\/www.copealcoy.es\/es\/el-llegat-de-camilo-sesto-arriba-a-alcoi\/#breadcrumb"},"inLanguage":"es","potentialAction":[{"@type":"ReadAction","target":["https:\/\/www.copealcoy.es\/es\/el-llegat-de-camilo-sesto-arriba-a-alcoi\/"]}]},{"@type":"ImageObject","inLanguage":"es","@id":"https:\/\/www.copealcoy.es\/es\/el-llegat-de-camilo-sesto-arriba-a-alcoi\/#primaryimage","url":"https:\/\/www.copealcoy.es\/wp-content\/uploads\/2020\/07\/IMG-1953-scaled.jpg","contentUrl":"https:\/\/www.copealcoy.es\/wp-content\/uploads\/2020\/07\/IMG-1953-scaled.jpg","width":2560,"height":1825},{"@type":"BreadcrumbList","@id":"https:\/\/www.copealcoy.es\/es\/el-llegat-de-camilo-sesto-arriba-a-alcoi\/#breadcrumb","itemListElement":[{"@type":"ListItem","position":1,"name":"Portada","item":"https:\/\/www.copealcoy.es\/es\/"},{"@type":"ListItem","position":2,"name":"El llegat de Camilo Sesto arriba a Alcoi"}]},{"@type":"WebSite","@id":"https:\/\/www.copealcoy.es\/es\/#website","url":"https:\/\/www.copealcoy.es\/es\/","name":"COPE Alcoy","description":"Emisora COPE de radio local con emisi\u00f3n online. Pont de Sant Jordi 8-10 03803 Alcoy","potentialAction":[{"@type":"SearchAction","target":{"@type":"EntryPoint","urlTemplate":"https:\/\/www.copealcoy.es\/es\/?s={search_term_string}"},"query-input":{"@type":"PropertyValueSpecification","valueRequired":true,"valueName":"search_term_string"}}],"inLanguage":"es"},{"@type":"Person","@id":"https:\/\/www.copealcoy.es\/es\/#\/schema\/person\/e777c87fa024e57d40170af9df39882c","name":"Cope Alcoy","image":{"@type":"ImageObject","inLanguage":"es","@id":"https:\/\/secure.gravatar.com\/avatar\/bb65d0283347e303893ba14f0692005417c1e0e690a325a4c5d8bb2b3943ee14?s=96&d=mm&r=g","url":"https:\/\/secure.gravatar.com\/avatar\/bb65d0283347e303893ba14f0692005417c1e0e690a325a4c5d8bb2b3943ee14?s=96&d=mm&r=g","contentUrl":"https:\/\/secure.gravatar.com\/avatar\/bb65d0283347e303893ba14f0692005417c1e0e690a325a4c5d8bb2b3943ee14?s=96&d=mm&r=g","caption":"Cope Alcoy"}}]}},"_links":{"self":[{"href":"https:\/\/www.copealcoy.es\/es\/wp-json\/wp\/v2\/posts\/64256","targetHints":{"allow":["GET"]}}],"collection":[{"href":"https:\/\/www.copealcoy.es\/es\/wp-json\/wp\/v2\/posts"}],"about":[{"href":"https:\/\/www.copealcoy.es\/es\/wp-json\/wp\/v2\/types\/post"}],"author":[{"embeddable":true,"href":"https:\/\/www.copealcoy.es\/es\/wp-json\/wp\/v2\/users\/1"}],"replies":[{"embeddable":true,"href":"https:\/\/www.copealcoy.es\/es\/wp-json\/wp\/v2\/comments?post=64256"}],"version-history":[{"count":0,"href":"https:\/\/www.copealcoy.es\/es\/wp-json\/wp\/v2\/posts\/64256\/revisions"}],"wp:featuredmedia":[{"embeddable":true,"href":"https:\/\/www.copealcoy.es\/es\/wp-json\/wp\/v2\/media\/64257"}],"wp:attachment":[{"href":"https:\/\/www.copealcoy.es\/es\/wp-json\/wp\/v2\/media?parent=64256"}],"wp:term":[{"taxonomy":"category","embeddable":true,"href":"https:\/\/www.copealcoy.es\/es\/wp-json\/wp\/v2\/categories?post=64256"},{"taxonomy":"post_tag","embeddable":true,"href":"https:\/\/www.copealcoy.es\/es\/wp-json\/wp\/v2\/tags?post=64256"}],"curies":[{"name":"wp","href":"https:\/\/api.w.org\/{rel}","templated":true}]}}