{"id":63934,"date":"2018-11-09T16:45:06","date_gmt":"2018-11-09T16:45:06","guid":{"rendered":"https:\/\/copealcoi.es\/?p=47068"},"modified":"2018-11-09T16:45:06","modified_gmt":"2018-11-09T16:45:06","slug":"el-pp-lamenta-que-alcoy-cierre-puertas-a-la-busqueda-de-inversores-internacionales","status":"publish","type":"post","link":"https:\/\/www.copealcoy.es\/es\/el-pp-lamenta-que-alcoy-cierre-puertas-a-la-busqueda-de-inversores-internacionales\/","title":{"rendered":"El PP lamenta que Alcoy cierre puertas a la b\u00fasqueda de inversores internacionales"},"content":{"rendered":"<p style=\"text-align: justify;\">El <strong>Partido Popular de Alcoy<\/strong> ha denunciado que <strong>la Conselleria de Econom\u00eda<\/strong> deja fuera a Alcoy del <strong>FOCUS GROUP<\/strong>, una iniciativa <strong>centrada en la gesti\u00f3n de proyectos<\/strong> de inversi\u00f3n extranjera.<\/p>\n<p style=\"text-align: justify;\">Desde el PP indican que el objetivo de este grupo de trabajo es <strong>elaborar un Plan para la Coordinaci\u00f3n Territorial<\/strong> en la <strong>captaci\u00f3n y gesti\u00f3n de inversiones y reinversiones<\/strong> al mismo tiempo que detallan que dentro de este se encuentran otras ciudades valencianas como\u00a0la vecina poblaci\u00f3n de Ibi y Ayuntamientos como <strong>\u00a0<\/strong><strong>Paterna, Algemes\u00ed, Gand\u00eda, Sagunto y Valencia<\/strong>; entre otros.Los populares <strong>solicitar\u00e1n que Alcoy est\u00e9 presente<\/strong> en la pr\u00f3xima convocatoria, atendiendo a su car\u00e1cter industrial, y lamentan que el Gobierno Local del PSOE \u00a0<strong>no defiende la presencia de la ciudad<\/strong> en esta iniciativa &#8220;<em>la marca de Franc\u00e9s es par\u00e1lisis, dejadez y falta de estrategia, unida a una falta clara de peso espec\u00edfico en Valencia y la no participaci\u00f3n de Alcoy en este proyecto para captar inversiones es un claro ejemplo<\/em>&#8220;, afirma Rafa Mir\u00f3; portavoz del PP en la ciudad.<\/p>\n<p style=\"text-align: justify;\"><strong>las acciones en materia de promoci\u00f3n econ\u00f3mica de la ciudad y captaci\u00f3n de inversiones son imprescindibles<\/strong>, ya sea mediante recursos p\u00fablicos como privados.<\/p>\n","protected":false},"excerpt":{"rendered":"<p>El Partido Popular de Alcoy ha denunciado que la Conselleria de Econom\u00eda deja fuera a Alcoy del FOCUS GROUP, una&#8230;<\/p>\n","protected":false},"author":1,"featured_media":8700,"comment_status":"open","ping_status":"open","sticky":false,"template":"","format":"standard","meta":{"footnotes":""},"categories":[97,75,79],"tags":[1494,7938,7939,3051,7940,273,227],"class_list":["post-63934","post","type-post","status-publish","format-standard","has-post-thumbnail","hentry","category-alcoy","category-noticias","category-politicayeconomia","tag-alcoy","tag-busqueda","tag-cierre-puertas","tag-internacionales","tag-inversores","tag-lamenta","tag-pp"],"yoast_head":"<!-- This site is optimized with the Yoast SEO plugin v27.3 - https:\/\/yoast.com\/product\/yoast-seo-wordpress\/ -->\n<title>El PP lamenta que Alcoy cierre puertas a la b\u00fasqueda de inversores internacionales - COPE Alcoy<\/title>\n<meta name=\"robots\" content=\"index, follow, max-snippet:-1, max-image-preview:large, max-video-preview:-1\" \/>\n<link rel=\"canonical\" href=\"https:\/\/www.copealcoy.es\/es\/el-pp-lamenta-que-alcoy-cierre-puertas-a-la-busqueda-de-inversores-internacionales\/\" \/>\n<meta property=\"og:locale\" content=\"es_ES\" \/>\n<meta property=\"og:type\" content=\"article\" \/>\n<meta property=\"og:title\" content=\"El PP lamenta que Alcoy cierre puertas a la b\u00fasqueda de inversores internacionales - COPE Alcoy\" \/>\n<meta property=\"og:description\" content=\"El Partido Popular de Alcoy ha denunciado que la Conselleria de Econom\u00eda deja fuera a Alcoy del FOCUS GROUP, una...\" \/>\n<meta property=\"og:url\" content=\"https:\/\/www.copealcoy.es\/es\/el-pp-lamenta-que-alcoy-cierre-puertas-a-la-busqueda-de-inversores-internacionales\/\" \/>\n<meta property=\"og:site_name\" content=\"COPE Alcoy\" \/>\n<meta property=\"article:published_time\" content=\"2018-11-09T16:45:06+00:00\" \/>\n<meta property=\"og:image\" content=\"https:\/\/www.copealcoy.es\/wp-content\/uploads\/2014\/12\/image2.jpg\" \/>\n\t<meta property=\"og:image:width\" content=\"960\" \/>\n\t<meta property=\"og:image:height\" content=\"720\" \/>\n\t<meta property=\"og:image:type\" content=\"image\/jpeg\" \/>\n<meta name=\"author\" content=\"Cope Alcoy\" \/>\n<meta name=\"twitter:label1\" content=\"Escrito por\" \/>\n\t<meta name=\"twitter:data1\" content=\"Cope Alcoy\" \/>\n\t<meta name=\"twitter:label2\" content=\"Tiempo de lectura\" \/>\n\t<meta name=\"twitter:data2\" content=\"1 minuto\" \/>\n<script type=\"application\/ld+json\" class=\"yoast-schema-graph\">{\"@context\":\"https:\\\/\\\/schema.org\",\"@graph\":[{\"@type\":\"Article\",\"@id\":\"https:\\\/\\\/www.copealcoy.es\\\/es\\\/el-pp-lamenta-que-alcoy-cierre-puertas-a-la-busqueda-de-inversores-internacionales\\\/#article\",\"isPartOf\":{\"@id\":\"https:\\\/\\\/www.copealcoy.es\\\/es\\\/el-pp-lamenta-que-alcoy-cierre-puertas-a-la-busqueda-de-inversores-internacionales\\\/\"},\"author\":{\"name\":\"Cope Alcoy\",\"@id\":\"https:\\\/\\\/www.copealcoy.es\\\/es\\\/#\\\/schema\\\/person\\\/e777c87fa024e57d40170af9df39882c\"},\"headline\":\"El PP lamenta que Alcoy cierre puertas a la b\u00fasqueda de inversores internacionales\",\"datePublished\":\"2018-11-09T16:45:06+00:00\",\"mainEntityOfPage\":{\"@id\":\"https:\\\/\\\/www.copealcoy.es\\\/es\\\/el-pp-lamenta-que-alcoy-cierre-puertas-a-la-busqueda-de-inversores-internacionales\\\/\"},\"wordCount\":226,\"commentCount\":0,\"image\":{\"@id\":\"https:\\\/\\\/www.copealcoy.es\\\/es\\\/el-pp-lamenta-que-alcoy-cierre-puertas-a-la-busqueda-de-inversores-internacionales\\\/#primaryimage\"},\"thumbnailUrl\":\"https:\\\/\\\/www.copealcoy.es\\\/wp-content\\\/uploads\\\/2014\\\/12\\\/image2.jpg\",\"keywords\":[\"Alcoy\",\"b\u00fasqueda\",\"cierre puertas\",\"internacionales\",\"inversores\",\"Lamenta\",\"PP\"],\"articleSection\":[\"Alcoy\",\"Noticias\",\"Pol\u00edtica y Econom\u00eda\"],\"inLanguage\":\"es\"},{\"@type\":\"WebPage\",\"@id\":\"https:\\\/\\\/www.copealcoy.es\\\/es\\\/el-pp-lamenta-que-alcoy-cierre-puertas-a-la-busqueda-de-inversores-internacionales\\\/\",\"url\":\"https:\\\/\\\/www.copealcoy.es\\\/es\\\/el-pp-lamenta-que-alcoy-cierre-puertas-a-la-busqueda-de-inversores-internacionales\\\/\",\"name\":\"El PP lamenta que Alcoy cierre puertas a la b\u00fasqueda de inversores internacionales - COPE Alcoy\",\"isPartOf\":{\"@id\":\"https:\\\/\\\/www.copealcoy.es\\\/es\\\/#website\"},\"primaryImageOfPage\":{\"@id\":\"https:\\\/\\\/www.copealcoy.es\\\/es\\\/el-pp-lamenta-que-alcoy-cierre-puertas-a-la-busqueda-de-inversores-internacionales\\\/#primaryimage\"},\"image\":{\"@id\":\"https:\\\/\\\/www.copealcoy.es\\\/es\\\/el-pp-lamenta-que-alcoy-cierre-puertas-a-la-busqueda-de-inversores-internacionales\\\/#primaryimage\"},\"thumbnailUrl\":\"https:\\\/\\\/www.copealcoy.es\\\/wp-content\\\/uploads\\\/2014\\\/12\\\/image2.jpg\",\"datePublished\":\"2018-11-09T16:45:06+00:00\",\"author\":{\"@id\":\"https:\\\/\\\/www.copealcoy.es\\\/es\\\/#\\\/schema\\\/person\\\/e777c87fa024e57d40170af9df39882c\"},\"breadcrumb\":{\"@id\":\"https:\\\/\\\/www.copealcoy.es\\\/es\\\/el-pp-lamenta-que-alcoy-cierre-puertas-a-la-busqueda-de-inversores-internacionales\\\/#breadcrumb\"},\"inLanguage\":\"es\",\"potentialAction\":[{\"@type\":\"ReadAction\",\"target\":[\"https:\\\/\\\/www.copealcoy.es\\\/es\\\/el-pp-lamenta-que-alcoy-cierre-puertas-a-la-busqueda-de-inversores-internacionales\\\/\"]}]},{\"@type\":\"ImageObject\",\"inLanguage\":\"es\",\"@id\":\"https:\\\/\\\/www.copealcoy.es\\\/es\\\/el-pp-lamenta-que-alcoy-cierre-puertas-a-la-busqueda-de-inversores-internacionales\\\/#primaryimage\",\"url\":\"https:\\\/\\\/www.copealcoy.es\\\/wp-content\\\/uploads\\\/2014\\\/12\\\/image2.jpg\",\"contentUrl\":\"https:\\\/\\\/www.copealcoy.es\\\/wp-content\\\/uploads\\\/2014\\\/12\\\/image2.jpg\",\"width\":960,\"height\":720},{\"@type\":\"BreadcrumbList\",\"@id\":\"https:\\\/\\\/www.copealcoy.es\\\/es\\\/el-pp-lamenta-que-alcoy-cierre-puertas-a-la-busqueda-de-inversores-internacionales\\\/#breadcrumb\",\"itemListElement\":[{\"@type\":\"ListItem\",\"position\":1,\"name\":\"Portada\",\"item\":\"https:\\\/\\\/www.copealcoy.es\\\/es\\\/\"},{\"@type\":\"ListItem\",\"position\":2,\"name\":\"El PP lamenta que Alcoy cierre puertas a la b\u00fasqueda de inversores internacionales\"}]},{\"@type\":\"WebSite\",\"@id\":\"https:\\\/\\\/www.copealcoy.es\\\/es\\\/#website\",\"url\":\"https:\\\/\\\/www.copealcoy.es\\\/es\\\/\",\"name\":\"COPE Alcoy\",\"description\":\"Emisora COPE de radio local con emisi\u00f3n online. Pont de Sant Jordi 8-10 03803 Alcoy\",\"potentialAction\":[{\"@type\":\"SearchAction\",\"target\":{\"@type\":\"EntryPoint\",\"urlTemplate\":\"https:\\\/\\\/www.copealcoy.es\\\/es\\\/?s={search_term_string}\"},\"query-input\":{\"@type\":\"PropertyValueSpecification\",\"valueRequired\":true,\"valueName\":\"search_term_string\"}}],\"inLanguage\":\"es\"},{\"@type\":\"Person\",\"@id\":\"https:\\\/\\\/www.copealcoy.es\\\/es\\\/#\\\/schema\\\/person\\\/e777c87fa024e57d40170af9df39882c\",\"name\":\"Cope Alcoy\",\"image\":{\"@type\":\"ImageObject\",\"inLanguage\":\"es\",\"@id\":\"https:\\\/\\\/secure.gravatar.com\\\/avatar\\\/bb65d0283347e303893ba14f0692005417c1e0e690a325a4c5d8bb2b3943ee14?s=96&d=mm&r=g\",\"url\":\"https:\\\/\\\/secure.gravatar.com\\\/avatar\\\/bb65d0283347e303893ba14f0692005417c1e0e690a325a4c5d8bb2b3943ee14?s=96&d=mm&r=g\",\"contentUrl\":\"https:\\\/\\\/secure.gravatar.com\\\/avatar\\\/bb65d0283347e303893ba14f0692005417c1e0e690a325a4c5d8bb2b3943ee14?s=96&d=mm&r=g\",\"caption\":\"Cope Alcoy\"}}]}<\/script>\n<!-- \/ Yoast SEO plugin. -->","yoast_head_json":{"title":"El PP lamenta que Alcoy cierre puertas a la b\u00fasqueda de inversores internacionales - COPE Alcoy","robots":{"index":"index","follow":"follow","max-snippet":"max-snippet:-1","max-image-preview":"max-image-preview:large","max-video-preview":"max-video-preview:-1"},"canonical":"https:\/\/www.copealcoy.es\/es\/el-pp-lamenta-que-alcoy-cierre-puertas-a-la-busqueda-de-inversores-internacionales\/","og_locale":"es_ES","og_type":"article","og_title":"El PP lamenta que Alcoy cierre puertas a la b\u00fasqueda de inversores internacionales - COPE Alcoy","og_description":"El Partido Popular de Alcoy ha denunciado que la Conselleria de Econom\u00eda deja fuera a Alcoy del FOCUS GROUP, una...","og_url":"https:\/\/www.copealcoy.es\/es\/el-pp-lamenta-que-alcoy-cierre-puertas-a-la-busqueda-de-inversores-internacionales\/","og_site_name":"COPE Alcoy","article_published_time":"2018-11-09T16:45:06+00:00","og_image":[{"width":960,"height":720,"url":"https:\/\/www.copealcoy.es\/wp-content\/uploads\/2014\/12\/image2.jpg","type":"image\/jpeg"}],"author":"Cope Alcoy","twitter_misc":{"Escrito por":"Cope Alcoy","Tiempo de lectura":"1 minuto"},"schema":{"@context":"https:\/\/schema.org","@graph":[{"@type":"Article","@id":"https:\/\/www.copealcoy.es\/es\/el-pp-lamenta-que-alcoy-cierre-puertas-a-la-busqueda-de-inversores-internacionales\/#article","isPartOf":{"@id":"https:\/\/www.copealcoy.es\/es\/el-pp-lamenta-que-alcoy-cierre-puertas-a-la-busqueda-de-inversores-internacionales\/"},"author":{"name":"Cope Alcoy","@id":"https:\/\/www.copealcoy.es\/es\/#\/schema\/person\/e777c87fa024e57d40170af9df39882c"},"headline":"El PP lamenta que Alcoy cierre puertas a la b\u00fasqueda de inversores internacionales","datePublished":"2018-11-09T16:45:06+00:00","mainEntityOfPage":{"@id":"https:\/\/www.copealcoy.es\/es\/el-pp-lamenta-que-alcoy-cierre-puertas-a-la-busqueda-de-inversores-internacionales\/"},"wordCount":226,"commentCount":0,"image":{"@id":"https:\/\/www.copealcoy.es\/es\/el-pp-lamenta-que-alcoy-cierre-puertas-a-la-busqueda-de-inversores-internacionales\/#primaryimage"},"thumbnailUrl":"https:\/\/www.copealcoy.es\/wp-content\/uploads\/2014\/12\/image2.jpg","keywords":["Alcoy","b\u00fasqueda","cierre puertas","internacionales","inversores","Lamenta","PP"],"articleSection":["Alcoy","Noticias","Pol\u00edtica y Econom\u00eda"],"inLanguage":"es"},{"@type":"WebPage","@id":"https:\/\/www.copealcoy.es\/es\/el-pp-lamenta-que-alcoy-cierre-puertas-a-la-busqueda-de-inversores-internacionales\/","url":"https:\/\/www.copealcoy.es\/es\/el-pp-lamenta-que-alcoy-cierre-puertas-a-la-busqueda-de-inversores-internacionales\/","name":"El PP lamenta que Alcoy cierre puertas a la b\u00fasqueda de inversores internacionales - COPE Alcoy","isPartOf":{"@id":"https:\/\/www.copealcoy.es\/es\/#website"},"primaryImageOfPage":{"@id":"https:\/\/www.copealcoy.es\/es\/el-pp-lamenta-que-alcoy-cierre-puertas-a-la-busqueda-de-inversores-internacionales\/#primaryimage"},"image":{"@id":"https:\/\/www.copealcoy.es\/es\/el-pp-lamenta-que-alcoy-cierre-puertas-a-la-busqueda-de-inversores-internacionales\/#primaryimage"},"thumbnailUrl":"https:\/\/www.copealcoy.es\/wp-content\/uploads\/2014\/12\/image2.jpg","datePublished":"2018-11-09T16:45:06+00:00","author":{"@id":"https:\/\/www.copealcoy.es\/es\/#\/schema\/person\/e777c87fa024e57d40170af9df39882c"},"breadcrumb":{"@id":"https:\/\/www.copealcoy.es\/es\/el-pp-lamenta-que-alcoy-cierre-puertas-a-la-busqueda-de-inversores-internacionales\/#breadcrumb"},"inLanguage":"es","potentialAction":[{"@type":"ReadAction","target":["https:\/\/www.copealcoy.es\/es\/el-pp-lamenta-que-alcoy-cierre-puertas-a-la-busqueda-de-inversores-internacionales\/"]}]},{"@type":"ImageObject","inLanguage":"es","@id":"https:\/\/www.copealcoy.es\/es\/el-pp-lamenta-que-alcoy-cierre-puertas-a-la-busqueda-de-inversores-internacionales\/#primaryimage","url":"https:\/\/www.copealcoy.es\/wp-content\/uploads\/2014\/12\/image2.jpg","contentUrl":"https:\/\/www.copealcoy.es\/wp-content\/uploads\/2014\/12\/image2.jpg","width":960,"height":720},{"@type":"BreadcrumbList","@id":"https:\/\/www.copealcoy.es\/es\/el-pp-lamenta-que-alcoy-cierre-puertas-a-la-busqueda-de-inversores-internacionales\/#breadcrumb","itemListElement":[{"@type":"ListItem","position":1,"name":"Portada","item":"https:\/\/www.copealcoy.es\/es\/"},{"@type":"ListItem","position":2,"name":"El PP lamenta que Alcoy cierre puertas a la b\u00fasqueda de inversores internacionales"}]},{"@type":"WebSite","@id":"https:\/\/www.copealcoy.es\/es\/#website","url":"https:\/\/www.copealcoy.es\/es\/","name":"COPE Alcoy","description":"Emisora COPE de radio local con emisi\u00f3n online. Pont de Sant Jordi 8-10 03803 Alcoy","potentialAction":[{"@type":"SearchAction","target":{"@type":"EntryPoint","urlTemplate":"https:\/\/www.copealcoy.es\/es\/?s={search_term_string}"},"query-input":{"@type":"PropertyValueSpecification","valueRequired":true,"valueName":"search_term_string"}}],"inLanguage":"es"},{"@type":"Person","@id":"https:\/\/www.copealcoy.es\/es\/#\/schema\/person\/e777c87fa024e57d40170af9df39882c","name":"Cope Alcoy","image":{"@type":"ImageObject","inLanguage":"es","@id":"https:\/\/secure.gravatar.com\/avatar\/bb65d0283347e303893ba14f0692005417c1e0e690a325a4c5d8bb2b3943ee14?s=96&d=mm&r=g","url":"https:\/\/secure.gravatar.com\/avatar\/bb65d0283347e303893ba14f0692005417c1e0e690a325a4c5d8bb2b3943ee14?s=96&d=mm&r=g","contentUrl":"https:\/\/secure.gravatar.com\/avatar\/bb65d0283347e303893ba14f0692005417c1e0e690a325a4c5d8bb2b3943ee14?s=96&d=mm&r=g","caption":"Cope Alcoy"}}]}},"_links":{"self":[{"href":"https:\/\/www.copealcoy.es\/es\/wp-json\/wp\/v2\/posts\/63934","targetHints":{"allow":["GET"]}}],"collection":[{"href":"https:\/\/www.copealcoy.es\/es\/wp-json\/wp\/v2\/posts"}],"about":[{"href":"https:\/\/www.copealcoy.es\/es\/wp-json\/wp\/v2\/types\/post"}],"author":[{"embeddable":true,"href":"https:\/\/www.copealcoy.es\/es\/wp-json\/wp\/v2\/users\/1"}],"replies":[{"embeddable":true,"href":"https:\/\/www.copealcoy.es\/es\/wp-json\/wp\/v2\/comments?post=63934"}],"version-history":[{"count":0,"href":"https:\/\/www.copealcoy.es\/es\/wp-json\/wp\/v2\/posts\/63934\/revisions"}],"wp:featuredmedia":[{"embeddable":true,"href":"https:\/\/www.copealcoy.es\/es\/wp-json\/wp\/v2\/media\/8700"}],"wp:attachment":[{"href":"https:\/\/www.copealcoy.es\/es\/wp-json\/wp\/v2\/media?parent=63934"}],"wp:term":[{"taxonomy":"category","embeddable":true,"href":"https:\/\/www.copealcoy.es\/es\/wp-json\/wp\/v2\/categories?post=63934"},{"taxonomy":"post_tag","embeddable":true,"href":"https:\/\/www.copealcoy.es\/es\/wp-json\/wp\/v2\/tags?post=63934"}],"curies":[{"name":"wp","href":"https:\/\/api.w.org\/{rel}","templated":true}]}}