{"id":63931,"date":"2018-11-09T15:42:09","date_gmt":"2018-11-09T15:42:09","guid":{"rendered":"https:\/\/copealcoi.es\/?p=47056"},"modified":"2018-11-09T15:42:09","modified_gmt":"2018-11-09T15:42:09","slug":"el-38-certamen-coral-clausura-la-programacion-cultural-de-la-fira-de-tots-sants","status":"publish","type":"post","link":"https:\/\/www.copealcoy.es\/es\/el-38-certamen-coral-clausura-la-programacion-cultural-de-la-fira-de-tots-sants\/","title":{"rendered":"El 38 Certamen Coral clausura la programaci\u00f3n cultural de la Fira de Tots Sants"},"content":{"rendered":"<p style=\"text-align: justify;\">El <strong>Centro Cultural El Teular de Cocentaina<\/strong> acoger\u00e1 ma\u00f1ana por la tarde, a partir de las siete, la <strong>edici\u00f3n n\u00famero 38<\/strong> del <strong>Certamen Coral<\/strong> Fira de Tots Sants.<\/p>\n<p style=\"text-align: justify;\">El evento, que estar\u00e1 conducido en esta ocasi\u00f3n por el locutor de Radio Cocentaina <strong>Paco Gadea<\/strong>, servir\u00e1 para <strong>clausurar la programaci\u00f3n cultural de la Fira<\/strong> y reunir\u00e1 sobre el escenario a <strong>un total de tres corales<\/strong> participantes. Se trata del Coro de la <strong>Uni\u00f3n Musical Santa Cecilia de Onda<\/strong>, el <strong>Coro de C\u00e1mara Tiento de Burgos<\/strong> y la agrupaci\u00f3n <strong>Pax Cor de Cambra de Sabadell<\/strong>. Las tres competir\u00e1n por <strong>un premio \u00fanico de 3.000 euros<\/strong>\u00a0y adem\u00e1s tendr\u00e1n la posibilidad de\u00a0<strong>volver a participar en el V Firacor<\/strong>, que se celebrar\u00e1 dentro de dos a\u00f1os, y que\u00a0reunir\u00e1 a <strong>los ganadores<\/strong>\u00a0de las <strong>tres \u00faltimas ediciones<\/strong>. Indicar que las tres corales interpretar\u00e1n, junto al repertorio que elijan,\u00a0<strong>la obra obligada<\/strong>\u00a0que este a\u00f1o se titula\u00a0<strong>\u2018Marea de la Llum\u2019<\/strong>\u00a0 \u201c<em>y que ha sido versionada musicalmente por el compositor y director vasco Josu Elberdin a partir de un poema de Manel Rodr\u00edguez-Castell\u00f3<\/em>\u201d, indica el coordinador del Certamen, <strong>Ra\u00fcl Belda<\/strong>. Indicar que el Certamen Coral tendr\u00e1 de nuevo <strong>una vertiente solidaria<\/strong> y en esta ocasi\u00f3n la <strong>recaudaci\u00f3n de las entradas<\/strong> ir\u00e1 a parar al <em>Col\u00b7lectiu 8 de mar\u00e7 de l\u2019Alcoi\u00e0-Comtat<\/em>mientras que <strong>durante la deliberaci\u00f3n del jurado<\/strong> actuar\u00e1 el grupo de m\u00fasica antigua <em>Menestrils\u00a0<\/em>de Ontinyent para ofrecer <strong>un repertorio<\/strong> de melod\u00edas \u00e1rabes y medievales.<\/p>\n<p style=\"text-align: justify;\">Apuntar que al margen de esta actividad <strong>se podr\u00e1 visitar<\/strong> en la antesala del Teular <strong>la exposici\u00f3n de manualidades<\/strong> del programa de terapia ocupacional, <strong>TAPIS<\/strong>, con la posibilidad tambi\u00e9n de <strong>adquirir algunos de los trabajos<\/strong> realizados por los alumnos de esta iniciativa. Por \u00faltimo se\u00f1alar que los interesados en disfrutar del Certamen Coral<strong> podr\u00e1n disponer de su entrada<\/strong> en la taquilla del Centro Cultural desde las cinco en punto de la tarde.<\/p>\n","protected":false},"excerpt":{"rendered":"<p>El Centro Cultural El Teular de Cocentaina acoger\u00e1 ma\u00f1ana por la tarde, a partir de las siete, la edici\u00f3n n\u00famero&#8230;<\/p>\n","protected":false},"author":1,"featured_media":36585,"comment_status":"open","ping_status":"open","sticky":false,"template":"","format":"standard","meta":{"footnotes":""},"categories":[98,75],"tags":[7365,1569,635,5957],"class_list":["post-63931","post","type-post","status-publish","format-standard","has-post-thumbnail","hentry","category-comarcas","category-noticias","tag-7365","tag-certamen-coral","tag-fira-de-tots-sants","tag-programacion-cultural"],"yoast_head":"<!-- This site is optimized with the Yoast SEO plugin v27.3 - https:\/\/yoast.com\/product\/yoast-seo-wordpress\/ -->\n<title>El 38 Certamen Coral clausura la programaci\u00f3n cultural de la Fira de Tots Sants - COPE Alcoy<\/title>\n<meta name=\"robots\" content=\"index, follow, max-snippet:-1, max-image-preview:large, max-video-preview:-1\" \/>\n<link rel=\"canonical\" href=\"https:\/\/www.copealcoy.es\/es\/el-38-certamen-coral-clausura-la-programacion-cultural-de-la-fira-de-tots-sants\/\" \/>\n<meta property=\"og:locale\" content=\"es_ES\" \/>\n<meta property=\"og:type\" content=\"article\" \/>\n<meta property=\"og:title\" content=\"El 38 Certamen Coral clausura la programaci\u00f3n cultural de la Fira de Tots Sants - COPE Alcoy\" \/>\n<meta property=\"og:description\" content=\"El Centro Cultural El Teular de Cocentaina acoger\u00e1 ma\u00f1ana por la tarde, a partir de las siete, la edici\u00f3n n\u00famero...\" \/>\n<meta property=\"og:url\" content=\"https:\/\/www.copealcoy.es\/es\/el-38-certamen-coral-clausura-la-programacion-cultural-de-la-fira-de-tots-sants\/\" \/>\n<meta property=\"og:site_name\" content=\"COPE Alcoy\" \/>\n<meta property=\"article:published_time\" content=\"2018-11-09T15:42:09+00:00\" \/>\n<meta property=\"og:image\" content=\"https:\/\/www.copealcoy.es\/wp-content\/uploads\/2017\/11\/cor-femenc3ad-alaia-ensemble-de-madrid.jpg\" \/>\n\t<meta property=\"og:image:width\" content=\"950\" \/>\n\t<meta property=\"og:image:height\" content=\"495\" \/>\n\t<meta property=\"og:image:type\" content=\"image\/jpeg\" \/>\n<meta name=\"author\" content=\"Cope Alcoy\" \/>\n<meta name=\"twitter:label1\" content=\"Escrito por\" \/>\n\t<meta name=\"twitter:data1\" content=\"Cope Alcoy\" \/>\n\t<meta name=\"twitter:label2\" content=\"Tiempo de lectura\" \/>\n\t<meta name=\"twitter:data2\" content=\"2 minutos\" \/>\n<script type=\"application\/ld+json\" class=\"yoast-schema-graph\">{\"@context\":\"https:\\\/\\\/schema.org\",\"@graph\":[{\"@type\":\"Article\",\"@id\":\"https:\\\/\\\/www.copealcoy.es\\\/es\\\/el-38-certamen-coral-clausura-la-programacion-cultural-de-la-fira-de-tots-sants\\\/#article\",\"isPartOf\":{\"@id\":\"https:\\\/\\\/www.copealcoy.es\\\/es\\\/el-38-certamen-coral-clausura-la-programacion-cultural-de-la-fira-de-tots-sants\\\/\"},\"author\":{\"name\":\"Cope Alcoy\",\"@id\":\"https:\\\/\\\/www.copealcoy.es\\\/es\\\/#\\\/schema\\\/person\\\/e777c87fa024e57d40170af9df39882c\"},\"headline\":\"El 38 Certamen Coral clausura la programaci\u00f3n cultural de la Fira de Tots Sants\",\"datePublished\":\"2018-11-09T15:42:09+00:00\",\"mainEntityOfPage\":{\"@id\":\"https:\\\/\\\/www.copealcoy.es\\\/es\\\/el-38-certamen-coral-clausura-la-programacion-cultural-de-la-fira-de-tots-sants\\\/\"},\"wordCount\":351,\"commentCount\":0,\"image\":{\"@id\":\"https:\\\/\\\/www.copealcoy.es\\\/es\\\/el-38-certamen-coral-clausura-la-programacion-cultural-de-la-fira-de-tots-sants\\\/#primaryimage\"},\"thumbnailUrl\":\"https:\\\/\\\/www.copealcoy.es\\\/wp-content\\\/uploads\\\/2017\\\/11\\\/cor-femenc3ad-alaia-ensemble-de-madrid.jpg\",\"keywords\":[\"28\",\"Certamen Coral\",\"Fira de Tots Sants\",\"programaci\u00f3n cultural\"],\"articleSection\":[\"Comarcas\",\"Noticias\"],\"inLanguage\":\"es\"},{\"@type\":\"WebPage\",\"@id\":\"https:\\\/\\\/www.copealcoy.es\\\/es\\\/el-38-certamen-coral-clausura-la-programacion-cultural-de-la-fira-de-tots-sants\\\/\",\"url\":\"https:\\\/\\\/www.copealcoy.es\\\/es\\\/el-38-certamen-coral-clausura-la-programacion-cultural-de-la-fira-de-tots-sants\\\/\",\"name\":\"El 38 Certamen Coral clausura la programaci\u00f3n cultural de la Fira de Tots Sants - COPE Alcoy\",\"isPartOf\":{\"@id\":\"https:\\\/\\\/www.copealcoy.es\\\/es\\\/#website\"},\"primaryImageOfPage\":{\"@id\":\"https:\\\/\\\/www.copealcoy.es\\\/es\\\/el-38-certamen-coral-clausura-la-programacion-cultural-de-la-fira-de-tots-sants\\\/#primaryimage\"},\"image\":{\"@id\":\"https:\\\/\\\/www.copealcoy.es\\\/es\\\/el-38-certamen-coral-clausura-la-programacion-cultural-de-la-fira-de-tots-sants\\\/#primaryimage\"},\"thumbnailUrl\":\"https:\\\/\\\/www.copealcoy.es\\\/wp-content\\\/uploads\\\/2017\\\/11\\\/cor-femenc3ad-alaia-ensemble-de-madrid.jpg\",\"datePublished\":\"2018-11-09T15:42:09+00:00\",\"author\":{\"@id\":\"https:\\\/\\\/www.copealcoy.es\\\/es\\\/#\\\/schema\\\/person\\\/e777c87fa024e57d40170af9df39882c\"},\"breadcrumb\":{\"@id\":\"https:\\\/\\\/www.copealcoy.es\\\/es\\\/el-38-certamen-coral-clausura-la-programacion-cultural-de-la-fira-de-tots-sants\\\/#breadcrumb\"},\"inLanguage\":\"es\",\"potentialAction\":[{\"@type\":\"ReadAction\",\"target\":[\"https:\\\/\\\/www.copealcoy.es\\\/es\\\/el-38-certamen-coral-clausura-la-programacion-cultural-de-la-fira-de-tots-sants\\\/\"]}]},{\"@type\":\"ImageObject\",\"inLanguage\":\"es\",\"@id\":\"https:\\\/\\\/www.copealcoy.es\\\/es\\\/el-38-certamen-coral-clausura-la-programacion-cultural-de-la-fira-de-tots-sants\\\/#primaryimage\",\"url\":\"https:\\\/\\\/www.copealcoy.es\\\/wp-content\\\/uploads\\\/2017\\\/11\\\/cor-femenc3ad-alaia-ensemble-de-madrid.jpg\",\"contentUrl\":\"https:\\\/\\\/www.copealcoy.es\\\/wp-content\\\/uploads\\\/2017\\\/11\\\/cor-femenc3ad-alaia-ensemble-de-madrid.jpg\",\"width\":950,\"height\":495,\"caption\":\"El Coro Alaia Ensemble de Madrid se proclam\u00f3 vencedor de esta edici\u00f3n\"},{\"@type\":\"BreadcrumbList\",\"@id\":\"https:\\\/\\\/www.copealcoy.es\\\/es\\\/el-38-certamen-coral-clausura-la-programacion-cultural-de-la-fira-de-tots-sants\\\/#breadcrumb\",\"itemListElement\":[{\"@type\":\"ListItem\",\"position\":1,\"name\":\"Portada\",\"item\":\"https:\\\/\\\/www.copealcoy.es\\\/es\\\/\"},{\"@type\":\"ListItem\",\"position\":2,\"name\":\"El 38 Certamen Coral clausura la programaci\u00f3n cultural de la Fira de Tots Sants\"}]},{\"@type\":\"WebSite\",\"@id\":\"https:\\\/\\\/www.copealcoy.es\\\/es\\\/#website\",\"url\":\"https:\\\/\\\/www.copealcoy.es\\\/es\\\/\",\"name\":\"COPE Alcoy\",\"description\":\"Emisora COPE de radio local con emisi\u00f3n online. Pont de Sant Jordi 8-10 03803 Alcoy\",\"potentialAction\":[{\"@type\":\"SearchAction\",\"target\":{\"@type\":\"EntryPoint\",\"urlTemplate\":\"https:\\\/\\\/www.copealcoy.es\\\/es\\\/?s={search_term_string}\"},\"query-input\":{\"@type\":\"PropertyValueSpecification\",\"valueRequired\":true,\"valueName\":\"search_term_string\"}}],\"inLanguage\":\"es\"},{\"@type\":\"Person\",\"@id\":\"https:\\\/\\\/www.copealcoy.es\\\/es\\\/#\\\/schema\\\/person\\\/e777c87fa024e57d40170af9df39882c\",\"name\":\"Cope Alcoy\",\"image\":{\"@type\":\"ImageObject\",\"inLanguage\":\"es\",\"@id\":\"https:\\\/\\\/secure.gravatar.com\\\/avatar\\\/bb65d0283347e303893ba14f0692005417c1e0e690a325a4c5d8bb2b3943ee14?s=96&d=mm&r=g\",\"url\":\"https:\\\/\\\/secure.gravatar.com\\\/avatar\\\/bb65d0283347e303893ba14f0692005417c1e0e690a325a4c5d8bb2b3943ee14?s=96&d=mm&r=g\",\"contentUrl\":\"https:\\\/\\\/secure.gravatar.com\\\/avatar\\\/bb65d0283347e303893ba14f0692005417c1e0e690a325a4c5d8bb2b3943ee14?s=96&d=mm&r=g\",\"caption\":\"Cope Alcoy\"}}]}<\/script>\n<!-- \/ Yoast SEO plugin. -->","yoast_head_json":{"title":"El 38 Certamen Coral clausura la programaci\u00f3n cultural de la Fira de Tots Sants - COPE Alcoy","robots":{"index":"index","follow":"follow","max-snippet":"max-snippet:-1","max-image-preview":"max-image-preview:large","max-video-preview":"max-video-preview:-1"},"canonical":"https:\/\/www.copealcoy.es\/es\/el-38-certamen-coral-clausura-la-programacion-cultural-de-la-fira-de-tots-sants\/","og_locale":"es_ES","og_type":"article","og_title":"El 38 Certamen Coral clausura la programaci\u00f3n cultural de la Fira de Tots Sants - COPE Alcoy","og_description":"El Centro Cultural El Teular de Cocentaina acoger\u00e1 ma\u00f1ana por la tarde, a partir de las siete, la edici\u00f3n n\u00famero...","og_url":"https:\/\/www.copealcoy.es\/es\/el-38-certamen-coral-clausura-la-programacion-cultural-de-la-fira-de-tots-sants\/","og_site_name":"COPE Alcoy","article_published_time":"2018-11-09T15:42:09+00:00","og_image":[{"width":950,"height":495,"url":"https:\/\/www.copealcoy.es\/wp-content\/uploads\/2017\/11\/cor-femenc3ad-alaia-ensemble-de-madrid.jpg","type":"image\/jpeg"}],"author":"Cope Alcoy","twitter_misc":{"Escrito por":"Cope Alcoy","Tiempo de lectura":"2 minutos"},"schema":{"@context":"https:\/\/schema.org","@graph":[{"@type":"Article","@id":"https:\/\/www.copealcoy.es\/es\/el-38-certamen-coral-clausura-la-programacion-cultural-de-la-fira-de-tots-sants\/#article","isPartOf":{"@id":"https:\/\/www.copealcoy.es\/es\/el-38-certamen-coral-clausura-la-programacion-cultural-de-la-fira-de-tots-sants\/"},"author":{"name":"Cope Alcoy","@id":"https:\/\/www.copealcoy.es\/es\/#\/schema\/person\/e777c87fa024e57d40170af9df39882c"},"headline":"El 38 Certamen Coral clausura la programaci\u00f3n cultural de la Fira de Tots Sants","datePublished":"2018-11-09T15:42:09+00:00","mainEntityOfPage":{"@id":"https:\/\/www.copealcoy.es\/es\/el-38-certamen-coral-clausura-la-programacion-cultural-de-la-fira-de-tots-sants\/"},"wordCount":351,"commentCount":0,"image":{"@id":"https:\/\/www.copealcoy.es\/es\/el-38-certamen-coral-clausura-la-programacion-cultural-de-la-fira-de-tots-sants\/#primaryimage"},"thumbnailUrl":"https:\/\/www.copealcoy.es\/wp-content\/uploads\/2017\/11\/cor-femenc3ad-alaia-ensemble-de-madrid.jpg","keywords":["28","Certamen Coral","Fira de Tots Sants","programaci\u00f3n cultural"],"articleSection":["Comarcas","Noticias"],"inLanguage":"es"},{"@type":"WebPage","@id":"https:\/\/www.copealcoy.es\/es\/el-38-certamen-coral-clausura-la-programacion-cultural-de-la-fira-de-tots-sants\/","url":"https:\/\/www.copealcoy.es\/es\/el-38-certamen-coral-clausura-la-programacion-cultural-de-la-fira-de-tots-sants\/","name":"El 38 Certamen Coral clausura la programaci\u00f3n cultural de la Fira de Tots Sants - COPE Alcoy","isPartOf":{"@id":"https:\/\/www.copealcoy.es\/es\/#website"},"primaryImageOfPage":{"@id":"https:\/\/www.copealcoy.es\/es\/el-38-certamen-coral-clausura-la-programacion-cultural-de-la-fira-de-tots-sants\/#primaryimage"},"image":{"@id":"https:\/\/www.copealcoy.es\/es\/el-38-certamen-coral-clausura-la-programacion-cultural-de-la-fira-de-tots-sants\/#primaryimage"},"thumbnailUrl":"https:\/\/www.copealcoy.es\/wp-content\/uploads\/2017\/11\/cor-femenc3ad-alaia-ensemble-de-madrid.jpg","datePublished":"2018-11-09T15:42:09+00:00","author":{"@id":"https:\/\/www.copealcoy.es\/es\/#\/schema\/person\/e777c87fa024e57d40170af9df39882c"},"breadcrumb":{"@id":"https:\/\/www.copealcoy.es\/es\/el-38-certamen-coral-clausura-la-programacion-cultural-de-la-fira-de-tots-sants\/#breadcrumb"},"inLanguage":"es","potentialAction":[{"@type":"ReadAction","target":["https:\/\/www.copealcoy.es\/es\/el-38-certamen-coral-clausura-la-programacion-cultural-de-la-fira-de-tots-sants\/"]}]},{"@type":"ImageObject","inLanguage":"es","@id":"https:\/\/www.copealcoy.es\/es\/el-38-certamen-coral-clausura-la-programacion-cultural-de-la-fira-de-tots-sants\/#primaryimage","url":"https:\/\/www.copealcoy.es\/wp-content\/uploads\/2017\/11\/cor-femenc3ad-alaia-ensemble-de-madrid.jpg","contentUrl":"https:\/\/www.copealcoy.es\/wp-content\/uploads\/2017\/11\/cor-femenc3ad-alaia-ensemble-de-madrid.jpg","width":950,"height":495,"caption":"El Coro Alaia Ensemble de Madrid se proclam\u00f3 vencedor de esta edici\u00f3n"},{"@type":"BreadcrumbList","@id":"https:\/\/www.copealcoy.es\/es\/el-38-certamen-coral-clausura-la-programacion-cultural-de-la-fira-de-tots-sants\/#breadcrumb","itemListElement":[{"@type":"ListItem","position":1,"name":"Portada","item":"https:\/\/www.copealcoy.es\/es\/"},{"@type":"ListItem","position":2,"name":"El 38 Certamen Coral clausura la programaci\u00f3n cultural de la Fira de Tots Sants"}]},{"@type":"WebSite","@id":"https:\/\/www.copealcoy.es\/es\/#website","url":"https:\/\/www.copealcoy.es\/es\/","name":"COPE Alcoy","description":"Emisora COPE de radio local con emisi\u00f3n online. Pont de Sant Jordi 8-10 03803 Alcoy","potentialAction":[{"@type":"SearchAction","target":{"@type":"EntryPoint","urlTemplate":"https:\/\/www.copealcoy.es\/es\/?s={search_term_string}"},"query-input":{"@type":"PropertyValueSpecification","valueRequired":true,"valueName":"search_term_string"}}],"inLanguage":"es"},{"@type":"Person","@id":"https:\/\/www.copealcoy.es\/es\/#\/schema\/person\/e777c87fa024e57d40170af9df39882c","name":"Cope Alcoy","image":{"@type":"ImageObject","inLanguage":"es","@id":"https:\/\/secure.gravatar.com\/avatar\/bb65d0283347e303893ba14f0692005417c1e0e690a325a4c5d8bb2b3943ee14?s=96&d=mm&r=g","url":"https:\/\/secure.gravatar.com\/avatar\/bb65d0283347e303893ba14f0692005417c1e0e690a325a4c5d8bb2b3943ee14?s=96&d=mm&r=g","contentUrl":"https:\/\/secure.gravatar.com\/avatar\/bb65d0283347e303893ba14f0692005417c1e0e690a325a4c5d8bb2b3943ee14?s=96&d=mm&r=g","caption":"Cope Alcoy"}}]}},"_links":{"self":[{"href":"https:\/\/www.copealcoy.es\/es\/wp-json\/wp\/v2\/posts\/63931","targetHints":{"allow":["GET"]}}],"collection":[{"href":"https:\/\/www.copealcoy.es\/es\/wp-json\/wp\/v2\/posts"}],"about":[{"href":"https:\/\/www.copealcoy.es\/es\/wp-json\/wp\/v2\/types\/post"}],"author":[{"embeddable":true,"href":"https:\/\/www.copealcoy.es\/es\/wp-json\/wp\/v2\/users\/1"}],"replies":[{"embeddable":true,"href":"https:\/\/www.copealcoy.es\/es\/wp-json\/wp\/v2\/comments?post=63931"}],"version-history":[{"count":0,"href":"https:\/\/www.copealcoy.es\/es\/wp-json\/wp\/v2\/posts\/63931\/revisions"}],"wp:featuredmedia":[{"embeddable":true,"href":"https:\/\/www.copealcoy.es\/es\/wp-json\/wp\/v2\/media\/36585"}],"wp:attachment":[{"href":"https:\/\/www.copealcoy.es\/es\/wp-json\/wp\/v2\/media?parent=63931"}],"wp:term":[{"taxonomy":"category","embeddable":true,"href":"https:\/\/www.copealcoy.es\/es\/wp-json\/wp\/v2\/categories?post=63931"},{"taxonomy":"post_tag","embeddable":true,"href":"https:\/\/www.copealcoy.es\/es\/wp-json\/wp\/v2\/tags?post=63931"}],"curies":[{"name":"wp","href":"https:\/\/api.w.org\/{rel}","templated":true}]}}