{"id":63886,"date":"2018-11-01T13:39:59","date_gmt":"2018-11-01T13:39:59","guid":{"rendered":"https:\/\/copealcoi.es\/?p=46859"},"modified":"2018-11-01T13:39:59","modified_gmt":"2018-11-01T13:39:59","slug":"un-privilegi-de-alta-cocina-inaugura-la-672-edicion-de-la-fira-de-tots-sants","status":"publish","type":"post","link":"https:\/\/www.copealcoy.es\/es\/un-privilegi-de-alta-cocina-inaugura-la-672-edicion-de-la-fira-de-tots-sants\/","title":{"rendered":"Un &#8216;Privilegi&#8217; de alta cocina inaugura la 672 edici\u00f3n de la Fira de Tots Sants"},"content":{"rendered":"<p style=\"text-align: justify;\">El chef contestano\u00a0<strong>Kiko Moya<\/strong>\u00a0ha sido el encargado de\u00a0<strong>dar lectura<\/strong> en este jueves 1 de noviembre al <strong>Privilegi de la Fira de Tots Sants de Cocentaina<\/strong>,\u00a0que otorg\u00f3 en <strong>1346<\/strong> el Rey Pere IV \u2018El Cerimoni\u00f3s\u2019 a la Villa Condal, y por el cual <strong>se autorizaba<\/strong> a la poblaci\u00f3n a la celebraci\u00f3n de una Feria con car\u00e1cter anual.<\/p>\n<p style=\"text-align: justify;\">La cita ha tenido lugar <strong>pasadas las diez de la ma\u00f1ana<\/strong> y ha servido para\u00a0<strong>dar inicio a la 672 edici\u00f3n<\/strong> del Certamen contestano. Recordar que Kiko Moya <strong>es el cocinero que encontramos\u00a0detr\u00e1s del restaurante familiar de L\u2019Escaleta<\/strong>, un proyecto gastron\u00f3mico que cuenta actualmente con\u00a0dos estrellas Michel\u00edn\u00a0y\u00a0tres soles Repsol; entre otras distinciones. Junto a \u00e9l destaca <strong>el somelier\u00a0Alberto Redrado<\/strong>, que tambi\u00e9n es primo del protagonista, y ambos <strong>apuestan por\u00a0la innovaci\u00f3n<\/strong>\u00a0para forjar una identidad propia entre la diversa restauraci\u00f3n del territorio nacional. El propio Kiko Moya, que ha estado arropado por las autoridades presentes en la inauguraci\u00f3n de la Fira y por su familia, ha destacado <strong>lo que ha supuesto para \u00e9l este momento tan especial<\/strong> &#8220;<em>la Fira es un patrimonio de todos y ha sido para mi todo un honor representar al restaurante l&#8217;Escaleta en un acto tan importante. Os invito a todos a disfrutar de estos cuatro intensos d\u00edas y de todo la oferta que presenta la feria del 2018<\/em>&#8220;, concluy\u00f3-<\/p>\n<p style=\"text-align: justify;\">Indicar que la lectura del Privilegi de la Fira, que ha tenido lugar desde los balcones del Palau Comtal <strong>ha estado arropada por la interpretaci\u00f3n del himno oficial del Certamen<\/strong>, una pieza con letra de Mari Nieves Pascual y m\u00fasica de Francisco Valor.<\/p>\n<p><span style=\"color: #0000ff;\"><a style=\"color: #0000ff;\" href=\"https:\/\/copealcoi.es\/wp-content\/uploads\/2018\/11\/Privilegi-Fira.mp3\"><strong>Aqu\u00ed puedes escuchar la lectura del &#8216;Privilegi&#8217; de la Fira 2018<\/strong><\/a><\/span><\/p>\n","protected":false},"excerpt":{"rendered":"<p>El chef contestano\u00a0Kiko Moya\u00a0ha sido el encargado de\u00a0dar lectura en este jueves 1 de noviembre al Privilegi de la Fira&#8230;<\/p>\n","protected":false},"author":1,"featured_media":0,"comment_status":"open","ping_status":"open","sticky":false,"template":"","format":"standard","meta":{"footnotes":""},"categories":[98,75],"tags":[7901,271,635,7902,1423],"class_list":["post-63886","post","type-post","status-publish","format-standard","hentry","category-comarcas","category-noticias","tag-672-edicion","tag-alta-cocina","tag-fira-de-tots-sants","tag-inaugura","tag-privilegi"],"yoast_head":"<!-- This site is optimized with the Yoast SEO plugin v27.3 - https:\/\/yoast.com\/product\/yoast-seo-wordpress\/ -->\n<title>Un &#039;Privilegi&#039; de alta cocina inaugura la 672 edici\u00f3n de la Fira de Tots Sants - COPE Alcoy<\/title>\n<meta name=\"robots\" content=\"index, follow, max-snippet:-1, max-image-preview:large, max-video-preview:-1\" \/>\n<link rel=\"canonical\" href=\"https:\/\/www.copealcoy.es\/es\/un-privilegi-de-alta-cocina-inaugura-la-672-edicion-de-la-fira-de-tots-sants\/\" \/>\n<meta property=\"og:locale\" content=\"es_ES\" \/>\n<meta property=\"og:type\" content=\"article\" \/>\n<meta property=\"og:title\" content=\"Un &#039;Privilegi&#039; de alta cocina inaugura la 672 edici\u00f3n de la Fira de Tots Sants - COPE Alcoy\" \/>\n<meta property=\"og:description\" content=\"El chef contestano\u00a0Kiko Moya\u00a0ha sido el encargado de\u00a0dar lectura en este jueves 1 de noviembre al Privilegi de la Fira...\" \/>\n<meta property=\"og:url\" content=\"https:\/\/www.copealcoy.es\/es\/un-privilegi-de-alta-cocina-inaugura-la-672-edicion-de-la-fira-de-tots-sants\/\" \/>\n<meta property=\"og:site_name\" content=\"COPE Alcoy\" \/>\n<meta property=\"article:published_time\" content=\"2018-11-01T13:39:59+00:00\" \/>\n<meta property=\"og:image\" content=\"https:\/\/www.copealcoy.es\/wp-content\/uploads\/2018\/11\/45150041_1769330926511119_7982277615325020160_n-e1541079220778-1.jpg\" \/>\n\t<meta property=\"og:image:width\" content=\"559\" \/>\n\t<meta property=\"og:image:height\" content=\"328\" \/>\n\t<meta property=\"og:image:type\" content=\"image\/jpeg\" \/>\n<meta name=\"author\" content=\"Cope Alcoy\" \/>\n<meta name=\"twitter:label1\" content=\"Escrito por\" \/>\n\t<meta name=\"twitter:data1\" content=\"Cope Alcoy\" \/>\n\t<meta name=\"twitter:label2\" content=\"Tiempo de lectura\" \/>\n\t<meta name=\"twitter:data2\" content=\"1 minuto\" \/>\n<script type=\"application\/ld+json\" class=\"yoast-schema-graph\">{\"@context\":\"https:\\\/\\\/schema.org\",\"@graph\":[{\"@type\":\"Article\",\"@id\":\"https:\\\/\\\/www.copealcoy.es\\\/es\\\/un-privilegi-de-alta-cocina-inaugura-la-672-edicion-de-la-fira-de-tots-sants\\\/#article\",\"isPartOf\":{\"@id\":\"https:\\\/\\\/www.copealcoy.es\\\/es\\\/un-privilegi-de-alta-cocina-inaugura-la-672-edicion-de-la-fira-de-tots-sants\\\/\"},\"author\":{\"name\":\"Cope Alcoy\",\"@id\":\"https:\\\/\\\/www.copealcoy.es\\\/es\\\/#\\\/schema\\\/person\\\/e777c87fa024e57d40170af9df39882c\"},\"headline\":\"Un &#8216;Privilegi&#8217; de alta cocina inaugura la 672 edici\u00f3n de la Fira de Tots Sants\",\"datePublished\":\"2018-11-01T13:39:59+00:00\",\"mainEntityOfPage\":{\"@id\":\"https:\\\/\\\/www.copealcoy.es\\\/es\\\/un-privilegi-de-alta-cocina-inaugura-la-672-edicion-de-la-fira-de-tots-sants\\\/\"},\"wordCount\":312,\"commentCount\":0,\"keywords\":[\"672 edici\u00f3n\",\"Alta Cocina\",\"Fira de Tots Sants\",\"inaugura\",\"Privilegi\"],\"articleSection\":[\"Comarcas\",\"Noticias\"],\"inLanguage\":\"es\"},{\"@type\":\"WebPage\",\"@id\":\"https:\\\/\\\/www.copealcoy.es\\\/es\\\/un-privilegi-de-alta-cocina-inaugura-la-672-edicion-de-la-fira-de-tots-sants\\\/\",\"url\":\"https:\\\/\\\/www.copealcoy.es\\\/es\\\/un-privilegi-de-alta-cocina-inaugura-la-672-edicion-de-la-fira-de-tots-sants\\\/\",\"name\":\"Un 'Privilegi' de alta cocina inaugura la 672 edici\u00f3n de la Fira de Tots Sants - COPE Alcoy\",\"isPartOf\":{\"@id\":\"https:\\\/\\\/www.copealcoy.es\\\/es\\\/#website\"},\"datePublished\":\"2018-11-01T13:39:59+00:00\",\"author\":{\"@id\":\"https:\\\/\\\/www.copealcoy.es\\\/es\\\/#\\\/schema\\\/person\\\/e777c87fa024e57d40170af9df39882c\"},\"breadcrumb\":{\"@id\":\"https:\\\/\\\/www.copealcoy.es\\\/es\\\/un-privilegi-de-alta-cocina-inaugura-la-672-edicion-de-la-fira-de-tots-sants\\\/#breadcrumb\"},\"inLanguage\":\"es\",\"potentialAction\":[{\"@type\":\"ReadAction\",\"target\":[\"https:\\\/\\\/www.copealcoy.es\\\/es\\\/un-privilegi-de-alta-cocina-inaugura-la-672-edicion-de-la-fira-de-tots-sants\\\/\"]}]},{\"@type\":\"BreadcrumbList\",\"@id\":\"https:\\\/\\\/www.copealcoy.es\\\/es\\\/un-privilegi-de-alta-cocina-inaugura-la-672-edicion-de-la-fira-de-tots-sants\\\/#breadcrumb\",\"itemListElement\":[{\"@type\":\"ListItem\",\"position\":1,\"name\":\"Portada\",\"item\":\"https:\\\/\\\/www.copealcoy.es\\\/es\\\/\"},{\"@type\":\"ListItem\",\"position\":2,\"name\":\"Un &#8216;Privilegi&#8217; de alta cocina inaugura la 672 edici\u00f3n de la Fira de Tots Sants\"}]},{\"@type\":\"WebSite\",\"@id\":\"https:\\\/\\\/www.copealcoy.es\\\/es\\\/#website\",\"url\":\"https:\\\/\\\/www.copealcoy.es\\\/es\\\/\",\"name\":\"COPE Alcoy\",\"description\":\"Emisora COPE de radio local con emisi\u00f3n online. Pont de Sant Jordi 8-10 03803 Alcoy\",\"potentialAction\":[{\"@type\":\"SearchAction\",\"target\":{\"@type\":\"EntryPoint\",\"urlTemplate\":\"https:\\\/\\\/www.copealcoy.es\\\/es\\\/?s={search_term_string}\"},\"query-input\":{\"@type\":\"PropertyValueSpecification\",\"valueRequired\":true,\"valueName\":\"search_term_string\"}}],\"inLanguage\":\"es\"},{\"@type\":\"Person\",\"@id\":\"https:\\\/\\\/www.copealcoy.es\\\/es\\\/#\\\/schema\\\/person\\\/e777c87fa024e57d40170af9df39882c\",\"name\":\"Cope Alcoy\",\"image\":{\"@type\":\"ImageObject\",\"inLanguage\":\"es\",\"@id\":\"https:\\\/\\\/secure.gravatar.com\\\/avatar\\\/bb65d0283347e303893ba14f0692005417c1e0e690a325a4c5d8bb2b3943ee14?s=96&d=mm&r=g\",\"url\":\"https:\\\/\\\/secure.gravatar.com\\\/avatar\\\/bb65d0283347e303893ba14f0692005417c1e0e690a325a4c5d8bb2b3943ee14?s=96&d=mm&r=g\",\"contentUrl\":\"https:\\\/\\\/secure.gravatar.com\\\/avatar\\\/bb65d0283347e303893ba14f0692005417c1e0e690a325a4c5d8bb2b3943ee14?s=96&d=mm&r=g\",\"caption\":\"Cope Alcoy\"}}]}<\/script>\n<!-- \/ Yoast SEO plugin. -->","yoast_head_json":{"title":"Un 'Privilegi' de alta cocina inaugura la 672 edici\u00f3n de la Fira de Tots Sants - COPE Alcoy","robots":{"index":"index","follow":"follow","max-snippet":"max-snippet:-1","max-image-preview":"max-image-preview:large","max-video-preview":"max-video-preview:-1"},"canonical":"https:\/\/www.copealcoy.es\/es\/un-privilegi-de-alta-cocina-inaugura-la-672-edicion-de-la-fira-de-tots-sants\/","og_locale":"es_ES","og_type":"article","og_title":"Un 'Privilegi' de alta cocina inaugura la 672 edici\u00f3n de la Fira de Tots Sants - COPE Alcoy","og_description":"El chef contestano\u00a0Kiko Moya\u00a0ha sido el encargado de\u00a0dar lectura en este jueves 1 de noviembre al Privilegi de la Fira...","og_url":"https:\/\/www.copealcoy.es\/es\/un-privilegi-de-alta-cocina-inaugura-la-672-edicion-de-la-fira-de-tots-sants\/","og_site_name":"COPE Alcoy","article_published_time":"2018-11-01T13:39:59+00:00","og_image":[{"width":559,"height":328,"url":"https:\/\/www.copealcoy.es\/wp-content\/uploads\/2018\/11\/45150041_1769330926511119_7982277615325020160_n-e1541079220778-1.jpg","type":"image\/jpeg"}],"author":"Cope Alcoy","twitter_misc":{"Escrito por":"Cope Alcoy","Tiempo de lectura":"1 minuto"},"schema":{"@context":"https:\/\/schema.org","@graph":[{"@type":"Article","@id":"https:\/\/www.copealcoy.es\/es\/un-privilegi-de-alta-cocina-inaugura-la-672-edicion-de-la-fira-de-tots-sants\/#article","isPartOf":{"@id":"https:\/\/www.copealcoy.es\/es\/un-privilegi-de-alta-cocina-inaugura-la-672-edicion-de-la-fira-de-tots-sants\/"},"author":{"name":"Cope Alcoy","@id":"https:\/\/www.copealcoy.es\/es\/#\/schema\/person\/e777c87fa024e57d40170af9df39882c"},"headline":"Un &#8216;Privilegi&#8217; de alta cocina inaugura la 672 edici\u00f3n de la Fira de Tots Sants","datePublished":"2018-11-01T13:39:59+00:00","mainEntityOfPage":{"@id":"https:\/\/www.copealcoy.es\/es\/un-privilegi-de-alta-cocina-inaugura-la-672-edicion-de-la-fira-de-tots-sants\/"},"wordCount":312,"commentCount":0,"keywords":["672 edici\u00f3n","Alta Cocina","Fira de Tots Sants","inaugura","Privilegi"],"articleSection":["Comarcas","Noticias"],"inLanguage":"es"},{"@type":"WebPage","@id":"https:\/\/www.copealcoy.es\/es\/un-privilegi-de-alta-cocina-inaugura-la-672-edicion-de-la-fira-de-tots-sants\/","url":"https:\/\/www.copealcoy.es\/es\/un-privilegi-de-alta-cocina-inaugura-la-672-edicion-de-la-fira-de-tots-sants\/","name":"Un 'Privilegi' de alta cocina inaugura la 672 edici\u00f3n de la Fira de Tots Sants - COPE Alcoy","isPartOf":{"@id":"https:\/\/www.copealcoy.es\/es\/#website"},"datePublished":"2018-11-01T13:39:59+00:00","author":{"@id":"https:\/\/www.copealcoy.es\/es\/#\/schema\/person\/e777c87fa024e57d40170af9df39882c"},"breadcrumb":{"@id":"https:\/\/www.copealcoy.es\/es\/un-privilegi-de-alta-cocina-inaugura-la-672-edicion-de-la-fira-de-tots-sants\/#breadcrumb"},"inLanguage":"es","potentialAction":[{"@type":"ReadAction","target":["https:\/\/www.copealcoy.es\/es\/un-privilegi-de-alta-cocina-inaugura-la-672-edicion-de-la-fira-de-tots-sants\/"]}]},{"@type":"BreadcrumbList","@id":"https:\/\/www.copealcoy.es\/es\/un-privilegi-de-alta-cocina-inaugura-la-672-edicion-de-la-fira-de-tots-sants\/#breadcrumb","itemListElement":[{"@type":"ListItem","position":1,"name":"Portada","item":"https:\/\/www.copealcoy.es\/es\/"},{"@type":"ListItem","position":2,"name":"Un &#8216;Privilegi&#8217; de alta cocina inaugura la 672 edici\u00f3n de la Fira de Tots Sants"}]},{"@type":"WebSite","@id":"https:\/\/www.copealcoy.es\/es\/#website","url":"https:\/\/www.copealcoy.es\/es\/","name":"COPE Alcoy","description":"Emisora COPE de radio local con emisi\u00f3n online. Pont de Sant Jordi 8-10 03803 Alcoy","potentialAction":[{"@type":"SearchAction","target":{"@type":"EntryPoint","urlTemplate":"https:\/\/www.copealcoy.es\/es\/?s={search_term_string}"},"query-input":{"@type":"PropertyValueSpecification","valueRequired":true,"valueName":"search_term_string"}}],"inLanguage":"es"},{"@type":"Person","@id":"https:\/\/www.copealcoy.es\/es\/#\/schema\/person\/e777c87fa024e57d40170af9df39882c","name":"Cope Alcoy","image":{"@type":"ImageObject","inLanguage":"es","@id":"https:\/\/secure.gravatar.com\/avatar\/bb65d0283347e303893ba14f0692005417c1e0e690a325a4c5d8bb2b3943ee14?s=96&d=mm&r=g","url":"https:\/\/secure.gravatar.com\/avatar\/bb65d0283347e303893ba14f0692005417c1e0e690a325a4c5d8bb2b3943ee14?s=96&d=mm&r=g","contentUrl":"https:\/\/secure.gravatar.com\/avatar\/bb65d0283347e303893ba14f0692005417c1e0e690a325a4c5d8bb2b3943ee14?s=96&d=mm&r=g","caption":"Cope Alcoy"}}]}},"_links":{"self":[{"href":"https:\/\/www.copealcoy.es\/es\/wp-json\/wp\/v2\/posts\/63886","targetHints":{"allow":["GET"]}}],"collection":[{"href":"https:\/\/www.copealcoy.es\/es\/wp-json\/wp\/v2\/posts"}],"about":[{"href":"https:\/\/www.copealcoy.es\/es\/wp-json\/wp\/v2\/types\/post"}],"author":[{"embeddable":true,"href":"https:\/\/www.copealcoy.es\/es\/wp-json\/wp\/v2\/users\/1"}],"replies":[{"embeddable":true,"href":"https:\/\/www.copealcoy.es\/es\/wp-json\/wp\/v2\/comments?post=63886"}],"version-history":[{"count":0,"href":"https:\/\/www.copealcoy.es\/es\/wp-json\/wp\/v2\/posts\/63886\/revisions"}],"wp:attachment":[{"href":"https:\/\/www.copealcoy.es\/es\/wp-json\/wp\/v2\/media?parent=63886"}],"wp:term":[{"taxonomy":"category","embeddable":true,"href":"https:\/\/www.copealcoy.es\/es\/wp-json\/wp\/v2\/categories?post=63886"},{"taxonomy":"post_tag","embeddable":true,"href":"https:\/\/www.copealcoy.es\/es\/wp-json\/wp\/v2\/tags?post=63886"}],"curies":[{"name":"wp","href":"https:\/\/api.w.org\/{rel}","templated":true}]}}