{"id":63870,"date":"2020-07-26T18:46:14","date_gmt":"2020-07-26T18:46:14","guid":{"rendered":"https:\/\/www.copealcoy.es\/?p=63870"},"modified":"2020-07-26T19:22:28","modified_gmt":"2020-07-26T19:22:28","slug":"lalcoyano-anira-a-la-repesca-per-intentar-pujar-a-segona-b","status":"publish","type":"post","link":"https:\/\/www.copealcoy.es\/es\/lalcoyano-anira-a-la-repesca-per-intentar-pujar-a-segona-b\/","title":{"rendered":"L&#8217;Alcoyano anir\u00e0 a la repesca per intentar pujar a Segona B"},"content":{"rendered":"<p style=\"text-align: justify;\">El <strong>Club Esportiu <span class=\"hiddenSpellError\">Alcoyano<\/span><\/strong> no va poder fer front a l&#8217;Atzeneta <strong>en el partit de <em><span class=\"hiddenSpellError\">play<\/span> <span class=\"hiddenSpellError\">off<\/span><\/em><\/strong> disputat <strong>durant la vesprada del dissabte 25 de juliol<\/strong> a l&#8217;Estadi Ol\u00edmpic <span class=\"hiddenSpellError\">Camilo<\/span> Cano de La <span class=\"hiddenSpellError\">Nuc\u00eda<\/span>.<\/p>\n<p style=\"text-align: justify;\">Durant <strong>la primera meitat de l&#8217;encontre<\/strong> els dos conjunts van lluitar en for\u00e7a per a intentar estrenar el marcador per\u00f2 fou en el minut 35 quan <strong>el conjunt valenci\u00e0 va marcar el primer gol despr\u00e9s d&#8217;un dispar frontal d&#8217;\u00c0lex Chico<\/strong>. A continuaci\u00f3 els de <span class=\"hiddenSpellError\">Vicente<\/span> <span class=\"hiddenSpellError\">Parras<\/span> <strong>van xafar l&#8217;accelerador<\/strong> i <strong>varen tindre dues ocasions<\/strong> que no van arribar a bon port. Per una banda <strong><span class=\"hiddenSpellError\">Fran<\/span> Machado va poder igualar el partit<\/strong> per\u00f2 no fou possible gr\u00e0cies a l&#8217;actuaci\u00f3 del porter rival i <strong>per altre costat <span class=\"hiddenSpellError\">Jhony<\/span> va fallar el penal<\/strong> que minuts abans havia xiulat l&#8217;\u00e0rbitre.<\/p>\n<p style=\"text-align: justify;\">Ja en el segon temps <strong><span class=\"hiddenSpellError\">Parras<\/span> va aplicar canvis en el <span class=\"hiddenSpellError\">Deportivo<\/span> <\/strong>per\u00f2 els d&#8217;Albelda van saber adaptar-se perfectament al nou escenari. Els nostres <strong>quasi encerten en porteria<\/strong> quan faltaven dos minuts per acabar l&#8217;encontre, <strong>de la m\u00e0 d&#8217;\u00d2scar D\u00edaz i des de fora de l&#8217;\u00e0rea<\/strong>, per\u00f2 el gol finalment no va ser possible.<\/p>\n<p style=\"text-align: justify;\">L&#8217;<span class=\"hiddenSpellError\">Alcoyano<\/span>, despr\u00e9s d&#8217;aquesta derrota, <strong>tindr\u00e0 una nova oportunitat de pujar a Segona B en un partit de repesca<\/strong> del qual encara es desconeix el format.<\/p>\n","protected":false},"excerpt":{"rendered":"<p>El Club Esportiu Alcoyano no va poder fer front a l&#8217;Atzeneta en el partit de play off disputat durant la&#8230;<\/p>\n","protected":false},"author":1,"featured_media":63871,"comment_status":"open","ping_status":"open","sticky":false,"template":"","format":"standard","meta":{"footnotes":""},"categories":[97,92,75],"tags":[160,140,7891,7892,7890,7893],"class_list":["post-63870","post","type-post","status-publish","format-standard","has-post-thumbnail","hentry","category-alcoy","category-deportes","category-noticias","tag-alcoi","tag-alcoyano","tag-intent","tag-pujar","tag-repesca","tag-segona-b"],"yoast_head":"<!-- This site is optimized with the Yoast SEO plugin v27.3 - https:\/\/yoast.com\/product\/yoast-seo-wordpress\/ -->\n<title>L&#039;Alcoyano anir\u00e0 a la repesca per intentar pujar a Segona B - COPE Alcoy<\/title>\n<meta name=\"robots\" content=\"index, follow, max-snippet:-1, max-image-preview:large, max-video-preview:-1\" \/>\n<link rel=\"canonical\" href=\"https:\/\/www.copealcoy.es\/es\/lalcoyano-anira-a-la-repesca-per-intentar-pujar-a-segona-b\/\" \/>\n<meta property=\"og:locale\" content=\"es_ES\" \/>\n<meta property=\"og:type\" content=\"article\" \/>\n<meta property=\"og:title\" content=\"L&#039;Alcoyano anir\u00e0 a la repesca per intentar pujar a Segona B - COPE Alcoy\" \/>\n<meta property=\"og:description\" content=\"El Club Esportiu Alcoyano no va poder fer front a l&#8217;Atzeneta en el partit de play off disputat durant la...\" \/>\n<meta property=\"og:url\" content=\"https:\/\/www.copealcoy.es\/es\/lalcoyano-anira-a-la-repesca-per-intentar-pujar-a-segona-b\/\" \/>\n<meta property=\"og:site_name\" content=\"COPE Alcoy\" \/>\n<meta property=\"article:published_time\" content=\"2020-07-26T18:46:14+00:00\" \/>\n<meta property=\"article:modified_time\" content=\"2020-07-26T19:22:28+00:00\" \/>\n<meta property=\"og:image\" content=\"https:\/\/www.copealcoy.es\/wp-content\/uploads\/2020\/07\/111476968_1619776881533572_4141234620450865342_o.jpg\" \/>\n\t<meta property=\"og:image:width\" content=\"2000\" \/>\n\t<meta property=\"og:image:height\" content=\"1500\" \/>\n\t<meta property=\"og:image:type\" content=\"image\/jpeg\" \/>\n<meta name=\"author\" content=\"Cope Alcoy\" \/>\n<meta name=\"twitter:label1\" content=\"Escrito por\" \/>\n\t<meta name=\"twitter:data1\" content=\"Cope Alcoy\" \/>\n\t<meta name=\"twitter:label2\" content=\"Tiempo de lectura\" \/>\n\t<meta name=\"twitter:data2\" content=\"1 minuto\" \/>\n<script type=\"application\/ld+json\" class=\"yoast-schema-graph\">{\"@context\":\"https:\\\/\\\/schema.org\",\"@graph\":[{\"@type\":\"Article\",\"@id\":\"https:\\\/\\\/www.copealcoy.es\\\/es\\\/lalcoyano-anira-a-la-repesca-per-intentar-pujar-a-segona-b\\\/#article\",\"isPartOf\":{\"@id\":\"https:\\\/\\\/www.copealcoy.es\\\/es\\\/lalcoyano-anira-a-la-repesca-per-intentar-pujar-a-segona-b\\\/\"},\"author\":{\"name\":\"Cope Alcoy\",\"@id\":\"https:\\\/\\\/www.copealcoy.es\\\/es\\\/#\\\/schema\\\/person\\\/e777c87fa024e57d40170af9df39882c\"},\"headline\":\"L&#8217;Alcoyano anir\u00e0 a la repesca per intentar pujar a Segona B\",\"datePublished\":\"2020-07-26T18:46:14+00:00\",\"dateModified\":\"2020-07-26T19:22:28+00:00\",\"mainEntityOfPage\":{\"@id\":\"https:\\\/\\\/www.copealcoy.es\\\/es\\\/lalcoyano-anira-a-la-repesca-per-intentar-pujar-a-segona-b\\\/\"},\"wordCount\":240,\"commentCount\":0,\"image\":{\"@id\":\"https:\\\/\\\/www.copealcoy.es\\\/es\\\/lalcoyano-anira-a-la-repesca-per-intentar-pujar-a-segona-b\\\/#primaryimage\"},\"thumbnailUrl\":\"https:\\\/\\\/www.copealcoy.es\\\/wp-content\\\/uploads\\\/2020\\\/07\\\/111476968_1619776881533572_4141234620450865342_o.jpg\",\"keywords\":[\"Alcoi\",\"Alcoyano\",\"intent\",\"pujar\",\"repesca\",\"Segona B\"],\"articleSection\":[\"Alcoy\",\"Deportes\",\"Noticias\"],\"inLanguage\":\"es\"},{\"@type\":\"WebPage\",\"@id\":\"https:\\\/\\\/www.copealcoy.es\\\/es\\\/lalcoyano-anira-a-la-repesca-per-intentar-pujar-a-segona-b\\\/\",\"url\":\"https:\\\/\\\/www.copealcoy.es\\\/es\\\/lalcoyano-anira-a-la-repesca-per-intentar-pujar-a-segona-b\\\/\",\"name\":\"L'Alcoyano anir\u00e0 a la repesca per intentar pujar a Segona B - COPE Alcoy\",\"isPartOf\":{\"@id\":\"https:\\\/\\\/www.copealcoy.es\\\/es\\\/#website\"},\"primaryImageOfPage\":{\"@id\":\"https:\\\/\\\/www.copealcoy.es\\\/es\\\/lalcoyano-anira-a-la-repesca-per-intentar-pujar-a-segona-b\\\/#primaryimage\"},\"image\":{\"@id\":\"https:\\\/\\\/www.copealcoy.es\\\/es\\\/lalcoyano-anira-a-la-repesca-per-intentar-pujar-a-segona-b\\\/#primaryimage\"},\"thumbnailUrl\":\"https:\\\/\\\/www.copealcoy.es\\\/wp-content\\\/uploads\\\/2020\\\/07\\\/111476968_1619776881533572_4141234620450865342_o.jpg\",\"datePublished\":\"2020-07-26T18:46:14+00:00\",\"dateModified\":\"2020-07-26T19:22:28+00:00\",\"author\":{\"@id\":\"https:\\\/\\\/www.copealcoy.es\\\/es\\\/#\\\/schema\\\/person\\\/e777c87fa024e57d40170af9df39882c\"},\"breadcrumb\":{\"@id\":\"https:\\\/\\\/www.copealcoy.es\\\/es\\\/lalcoyano-anira-a-la-repesca-per-intentar-pujar-a-segona-b\\\/#breadcrumb\"},\"inLanguage\":\"es\",\"potentialAction\":[{\"@type\":\"ReadAction\",\"target\":[\"https:\\\/\\\/www.copealcoy.es\\\/es\\\/lalcoyano-anira-a-la-repesca-per-intentar-pujar-a-segona-b\\\/\"]}]},{\"@type\":\"ImageObject\",\"inLanguage\":\"es\",\"@id\":\"https:\\\/\\\/www.copealcoy.es\\\/es\\\/lalcoyano-anira-a-la-repesca-per-intentar-pujar-a-segona-b\\\/#primaryimage\",\"url\":\"https:\\\/\\\/www.copealcoy.es\\\/wp-content\\\/uploads\\\/2020\\\/07\\\/111476968_1619776881533572_4141234620450865342_o.jpg\",\"contentUrl\":\"https:\\\/\\\/www.copealcoy.es\\\/wp-content\\\/uploads\\\/2020\\\/07\\\/111476968_1619776881533572_4141234620450865342_o.jpg\",\"width\":2000,\"height\":1500,\"caption\":\"El partit va tindre lloc durant la jornada d'ahir \\\/ Foto: CD Alcoyano\"},{\"@type\":\"BreadcrumbList\",\"@id\":\"https:\\\/\\\/www.copealcoy.es\\\/es\\\/lalcoyano-anira-a-la-repesca-per-intentar-pujar-a-segona-b\\\/#breadcrumb\",\"itemListElement\":[{\"@type\":\"ListItem\",\"position\":1,\"name\":\"Portada\",\"item\":\"https:\\\/\\\/www.copealcoy.es\\\/es\\\/\"},{\"@type\":\"ListItem\",\"position\":2,\"name\":\"L&#8217;Alcoyano anir\u00e0 a la repesca per intentar pujar a Segona B\"}]},{\"@type\":\"WebSite\",\"@id\":\"https:\\\/\\\/www.copealcoy.es\\\/es\\\/#website\",\"url\":\"https:\\\/\\\/www.copealcoy.es\\\/es\\\/\",\"name\":\"COPE Alcoy\",\"description\":\"Emisora COPE de radio local con emisi\u00f3n online. Pont de Sant Jordi 8-10 03803 Alcoy\",\"potentialAction\":[{\"@type\":\"SearchAction\",\"target\":{\"@type\":\"EntryPoint\",\"urlTemplate\":\"https:\\\/\\\/www.copealcoy.es\\\/es\\\/?s={search_term_string}\"},\"query-input\":{\"@type\":\"PropertyValueSpecification\",\"valueRequired\":true,\"valueName\":\"search_term_string\"}}],\"inLanguage\":\"es\"},{\"@type\":\"Person\",\"@id\":\"https:\\\/\\\/www.copealcoy.es\\\/es\\\/#\\\/schema\\\/person\\\/e777c87fa024e57d40170af9df39882c\",\"name\":\"Cope Alcoy\",\"image\":{\"@type\":\"ImageObject\",\"inLanguage\":\"es\",\"@id\":\"https:\\\/\\\/secure.gravatar.com\\\/avatar\\\/bb65d0283347e303893ba14f0692005417c1e0e690a325a4c5d8bb2b3943ee14?s=96&d=mm&r=g\",\"url\":\"https:\\\/\\\/secure.gravatar.com\\\/avatar\\\/bb65d0283347e303893ba14f0692005417c1e0e690a325a4c5d8bb2b3943ee14?s=96&d=mm&r=g\",\"contentUrl\":\"https:\\\/\\\/secure.gravatar.com\\\/avatar\\\/bb65d0283347e303893ba14f0692005417c1e0e690a325a4c5d8bb2b3943ee14?s=96&d=mm&r=g\",\"caption\":\"Cope Alcoy\"}}]}<\/script>\n<!-- \/ Yoast SEO plugin. -->","yoast_head_json":{"title":"L'Alcoyano anir\u00e0 a la repesca per intentar pujar a Segona B - COPE Alcoy","robots":{"index":"index","follow":"follow","max-snippet":"max-snippet:-1","max-image-preview":"max-image-preview:large","max-video-preview":"max-video-preview:-1"},"canonical":"https:\/\/www.copealcoy.es\/es\/lalcoyano-anira-a-la-repesca-per-intentar-pujar-a-segona-b\/","og_locale":"es_ES","og_type":"article","og_title":"L'Alcoyano anir\u00e0 a la repesca per intentar pujar a Segona B - COPE Alcoy","og_description":"El Club Esportiu Alcoyano no va poder fer front a l&#8217;Atzeneta en el partit de play off disputat durant la...","og_url":"https:\/\/www.copealcoy.es\/es\/lalcoyano-anira-a-la-repesca-per-intentar-pujar-a-segona-b\/","og_site_name":"COPE Alcoy","article_published_time":"2020-07-26T18:46:14+00:00","article_modified_time":"2020-07-26T19:22:28+00:00","og_image":[{"width":2000,"height":1500,"url":"https:\/\/www.copealcoy.es\/wp-content\/uploads\/2020\/07\/111476968_1619776881533572_4141234620450865342_o.jpg","type":"image\/jpeg"}],"author":"Cope Alcoy","twitter_misc":{"Escrito por":"Cope Alcoy","Tiempo de lectura":"1 minuto"},"schema":{"@context":"https:\/\/schema.org","@graph":[{"@type":"Article","@id":"https:\/\/www.copealcoy.es\/es\/lalcoyano-anira-a-la-repesca-per-intentar-pujar-a-segona-b\/#article","isPartOf":{"@id":"https:\/\/www.copealcoy.es\/es\/lalcoyano-anira-a-la-repesca-per-intentar-pujar-a-segona-b\/"},"author":{"name":"Cope Alcoy","@id":"https:\/\/www.copealcoy.es\/es\/#\/schema\/person\/e777c87fa024e57d40170af9df39882c"},"headline":"L&#8217;Alcoyano anir\u00e0 a la repesca per intentar pujar a Segona B","datePublished":"2020-07-26T18:46:14+00:00","dateModified":"2020-07-26T19:22:28+00:00","mainEntityOfPage":{"@id":"https:\/\/www.copealcoy.es\/es\/lalcoyano-anira-a-la-repesca-per-intentar-pujar-a-segona-b\/"},"wordCount":240,"commentCount":0,"image":{"@id":"https:\/\/www.copealcoy.es\/es\/lalcoyano-anira-a-la-repesca-per-intentar-pujar-a-segona-b\/#primaryimage"},"thumbnailUrl":"https:\/\/www.copealcoy.es\/wp-content\/uploads\/2020\/07\/111476968_1619776881533572_4141234620450865342_o.jpg","keywords":["Alcoi","Alcoyano","intent","pujar","repesca","Segona B"],"articleSection":["Alcoy","Deportes","Noticias"],"inLanguage":"es"},{"@type":"WebPage","@id":"https:\/\/www.copealcoy.es\/es\/lalcoyano-anira-a-la-repesca-per-intentar-pujar-a-segona-b\/","url":"https:\/\/www.copealcoy.es\/es\/lalcoyano-anira-a-la-repesca-per-intentar-pujar-a-segona-b\/","name":"L'Alcoyano anir\u00e0 a la repesca per intentar pujar a Segona B - COPE Alcoy","isPartOf":{"@id":"https:\/\/www.copealcoy.es\/es\/#website"},"primaryImageOfPage":{"@id":"https:\/\/www.copealcoy.es\/es\/lalcoyano-anira-a-la-repesca-per-intentar-pujar-a-segona-b\/#primaryimage"},"image":{"@id":"https:\/\/www.copealcoy.es\/es\/lalcoyano-anira-a-la-repesca-per-intentar-pujar-a-segona-b\/#primaryimage"},"thumbnailUrl":"https:\/\/www.copealcoy.es\/wp-content\/uploads\/2020\/07\/111476968_1619776881533572_4141234620450865342_o.jpg","datePublished":"2020-07-26T18:46:14+00:00","dateModified":"2020-07-26T19:22:28+00:00","author":{"@id":"https:\/\/www.copealcoy.es\/es\/#\/schema\/person\/e777c87fa024e57d40170af9df39882c"},"breadcrumb":{"@id":"https:\/\/www.copealcoy.es\/es\/lalcoyano-anira-a-la-repesca-per-intentar-pujar-a-segona-b\/#breadcrumb"},"inLanguage":"es","potentialAction":[{"@type":"ReadAction","target":["https:\/\/www.copealcoy.es\/es\/lalcoyano-anira-a-la-repesca-per-intentar-pujar-a-segona-b\/"]}]},{"@type":"ImageObject","inLanguage":"es","@id":"https:\/\/www.copealcoy.es\/es\/lalcoyano-anira-a-la-repesca-per-intentar-pujar-a-segona-b\/#primaryimage","url":"https:\/\/www.copealcoy.es\/wp-content\/uploads\/2020\/07\/111476968_1619776881533572_4141234620450865342_o.jpg","contentUrl":"https:\/\/www.copealcoy.es\/wp-content\/uploads\/2020\/07\/111476968_1619776881533572_4141234620450865342_o.jpg","width":2000,"height":1500,"caption":"El partit va tindre lloc durant la jornada d'ahir \/ Foto: CD Alcoyano"},{"@type":"BreadcrumbList","@id":"https:\/\/www.copealcoy.es\/es\/lalcoyano-anira-a-la-repesca-per-intentar-pujar-a-segona-b\/#breadcrumb","itemListElement":[{"@type":"ListItem","position":1,"name":"Portada","item":"https:\/\/www.copealcoy.es\/es\/"},{"@type":"ListItem","position":2,"name":"L&#8217;Alcoyano anir\u00e0 a la repesca per intentar pujar a Segona B"}]},{"@type":"WebSite","@id":"https:\/\/www.copealcoy.es\/es\/#website","url":"https:\/\/www.copealcoy.es\/es\/","name":"COPE Alcoy","description":"Emisora COPE de radio local con emisi\u00f3n online. Pont de Sant Jordi 8-10 03803 Alcoy","potentialAction":[{"@type":"SearchAction","target":{"@type":"EntryPoint","urlTemplate":"https:\/\/www.copealcoy.es\/es\/?s={search_term_string}"},"query-input":{"@type":"PropertyValueSpecification","valueRequired":true,"valueName":"search_term_string"}}],"inLanguage":"es"},{"@type":"Person","@id":"https:\/\/www.copealcoy.es\/es\/#\/schema\/person\/e777c87fa024e57d40170af9df39882c","name":"Cope Alcoy","image":{"@type":"ImageObject","inLanguage":"es","@id":"https:\/\/secure.gravatar.com\/avatar\/bb65d0283347e303893ba14f0692005417c1e0e690a325a4c5d8bb2b3943ee14?s=96&d=mm&r=g","url":"https:\/\/secure.gravatar.com\/avatar\/bb65d0283347e303893ba14f0692005417c1e0e690a325a4c5d8bb2b3943ee14?s=96&d=mm&r=g","contentUrl":"https:\/\/secure.gravatar.com\/avatar\/bb65d0283347e303893ba14f0692005417c1e0e690a325a4c5d8bb2b3943ee14?s=96&d=mm&r=g","caption":"Cope Alcoy"}}]}},"_links":{"self":[{"href":"https:\/\/www.copealcoy.es\/es\/wp-json\/wp\/v2\/posts\/63870","targetHints":{"allow":["GET"]}}],"collection":[{"href":"https:\/\/www.copealcoy.es\/es\/wp-json\/wp\/v2\/posts"}],"about":[{"href":"https:\/\/www.copealcoy.es\/es\/wp-json\/wp\/v2\/types\/post"}],"author":[{"embeddable":true,"href":"https:\/\/www.copealcoy.es\/es\/wp-json\/wp\/v2\/users\/1"}],"replies":[{"embeddable":true,"href":"https:\/\/www.copealcoy.es\/es\/wp-json\/wp\/v2\/comments?post=63870"}],"version-history":[{"count":0,"href":"https:\/\/www.copealcoy.es\/es\/wp-json\/wp\/v2\/posts\/63870\/revisions"}],"wp:featuredmedia":[{"embeddable":true,"href":"https:\/\/www.copealcoy.es\/es\/wp-json\/wp\/v2\/media\/63871"}],"wp:attachment":[{"href":"https:\/\/www.copealcoy.es\/es\/wp-json\/wp\/v2\/media?parent=63870"}],"wp:term":[{"taxonomy":"category","embeddable":true,"href":"https:\/\/www.copealcoy.es\/es\/wp-json\/wp\/v2\/categories?post=63870"},{"taxonomy":"post_tag","embeddable":true,"href":"https:\/\/www.copealcoy.es\/es\/wp-json\/wp\/v2\/tags?post=63870"}],"curies":[{"name":"wp","href":"https:\/\/api.w.org\/{rel}","templated":true}]}}