{"id":63801,"date":"2020-07-24T12:31:26","date_gmt":"2020-07-24T12:31:26","guid":{"rendered":"https:\/\/www.copealcoy.es\/?p=63801"},"modified":"2020-07-24T19:56:20","modified_gmt":"2020-07-24T19:56:20","slug":"200-000-euros-per-a-fomentar-locupacio-en-empreses-dalcoi","status":"publish","type":"post","link":"https:\/\/www.copealcoy.es\/es\/200-000-euros-per-a-fomentar-locupacio-en-empreses-dalcoi\/","title":{"rendered":"200.000 euros per a fomentar l&#8217;ocupaci\u00f3 en empreses d&#8217;Alcoi"},"content":{"rendered":"<p style=\"text-align: justify;\">L&#8217; Ajuntament d&#8217;Alcoi atorgar\u00e0\u00a0<strong>\u00a0diferents ajudes <\/strong>a les empreses de la ciutat<strong> que realitzen la contractaci\u00f3 de persones desocupades <\/strong>des de l&#8217;1 de setembre al 30 de novembre del 2020.<\/p>\n<p style=\"text-align: justify;\">Aix\u00ed ho va aprovar ahir <strong>el Ple del Consell Econ\u00f2mic i Social<\/strong>, m\u00e0xim \u00f2rgan de participaci\u00f3 local en mat\u00e8ria laboral on les ajudes van consensuades comptant amb diferents aportacions. Aquesta quantia econ\u00f2mica <strong>ofereix diferents modalitats<\/strong>, tant en noves contractaci\u00f3ns, en contractacions que passen de temporals a indefinides i en treballadors afectats per un ERTO. La partida econ\u00f2mica per a aquestes subvencions <strong>es de 200.000 euros<\/strong> segons ha assegurat el Govern Municipal &#8220;<em>sabem de l&#8217;esfor\u00e7 que tots han realitzat als \u00faltims mesos, treballadors i empresaris, i de la incertesa que provoca la pand\u00e8mia, per aix\u00f2, ara m\u00e9s que mai, l&#8217;Ajuntament ha de posar tots els seus recursos a l&#8217;abast de les persones. Setembre \u00e9s un mes important perqu\u00e8 finalitzen molts ERTO pel que volem estar al costat de les empreses que fomenten l&#8217;ocupaci\u00f3 i ajudar amb la col\u00b7laboraci\u00f3 de tots els actors socials, en l&#8217;ocupaci\u00f3 de les alcoianes i alcoians<\/em>&#8220;, afirma l&#8217;alcalde; Toni Franc\u00e9s.<\/p>\n<p style=\"text-align: justify;\">Afegir que les ajudes municipals <strong>seran de 1000 euros per als contractes de 6 mesos a jornada completa<\/strong> i de <strong>1.500 euros quan el treballador siga major de 55 anys<\/strong>, <strong>menor de 30, dona o aturat de llarga durada<\/strong>. La quantia, en canvi, <strong>ascendeix a 3000 euros si el contracte en compte de 6 mesos \u00e9s indefinit<\/strong> i de <strong>4000 si la persona indefinida \u00e9s dona<\/strong>.\u00a0Tamb\u00e9 tindr\u00e0 compensaci\u00f3 econ\u00f2mica <strong>la conversi\u00f3 d&#8217;un contracte temporal en indefinit amb 1.500 euros<\/strong> o <strong>un total de 2000 euros si el contracte indefinit \u00e9s d&#8217;una treballadora<\/strong>. Per \u00faltim es subvencionar\u00e0\u00a0a aquells aut\u00f2noms i micropimes <strong>pel manteniment de llocs de treball<\/strong> <strong>afectats per ERTOS amb 1500 euros<\/strong> sempre que es mantinguen els treballadors afectats per ERTO durant 12 mesos una vegada finalitzat el mateix.<\/p>\n","protected":false},"excerpt":{"rendered":"<p>L&#8217; Ajuntament d&#8217;Alcoi atorgar\u00e0\u00a0\u00a0diferents ajudes a les empreses de la ciutat que realitzen la contractaci\u00f3 de persones desocupades des de&#8230;<\/p>\n","protected":false},"author":1,"featured_media":63802,"comment_status":"open","ping_status":"open","sticky":false,"template":"","format":"standard","meta":{"footnotes":""},"categories":[97,75,125],"tags":[7118,160,7876,7875,7873,7874],"class_list":["post-63801","post","type-post","status-publish","format-standard","has-post-thumbnail","hentry","category-alcoy","category-noticias","category-portada","tag-200-000-euros","tag-alcoi","tag-antoni-frances","tag-empreses","tag-foment","tag-ocupacio"],"yoast_head":"<!-- This site is optimized with the Yoast SEO plugin v27.3 - https:\/\/yoast.com\/product\/yoast-seo-wordpress\/ -->\n<title>200.000 euros per a fomentar l&#039;ocupaci\u00f3 en empreses d&#039;Alcoi - COPE Alcoy<\/title>\n<meta name=\"robots\" content=\"index, follow, max-snippet:-1, max-image-preview:large, max-video-preview:-1\" \/>\n<link rel=\"canonical\" href=\"https:\/\/www.copealcoy.es\/es\/200-000-euros-per-a-fomentar-locupacio-en-empreses-dalcoi\/\" \/>\n<meta property=\"og:locale\" content=\"es_ES\" \/>\n<meta property=\"og:type\" content=\"article\" \/>\n<meta property=\"og:title\" content=\"200.000 euros per a fomentar l&#039;ocupaci\u00f3 en empreses d&#039;Alcoi - COPE Alcoy\" \/>\n<meta property=\"og:description\" content=\"L&#8217; Ajuntament d&#8217;Alcoi atorgar\u00e0\u00a0\u00a0diferents ajudes a les empreses de la ciutat que realitzen la contractaci\u00f3 de persones desocupades des de...\" \/>\n<meta property=\"og:url\" content=\"https:\/\/www.copealcoy.es\/es\/200-000-euros-per-a-fomentar-locupacio-en-empreses-dalcoi\/\" \/>\n<meta property=\"og:site_name\" content=\"COPE Alcoy\" \/>\n<meta property=\"article:published_time\" content=\"2020-07-24T12:31:26+00:00\" \/>\n<meta property=\"article:modified_time\" content=\"2020-07-24T19:56:20+00:00\" \/>\n<meta property=\"og:image\" content=\"https:\/\/www.copealcoy.es\/wp-content\/uploads\/2020\/07\/ces1.jpg\" \/>\n\t<meta property=\"og:image:width\" content=\"1024\" \/>\n\t<meta property=\"og:image:height\" content=\"768\" \/>\n\t<meta property=\"og:image:type\" content=\"image\/jpeg\" \/>\n<meta name=\"author\" content=\"Cope Alcoy\" \/>\n<meta name=\"twitter:label1\" content=\"Escrito por\" \/>\n\t<meta name=\"twitter:data1\" content=\"Cope Alcoy\" \/>\n\t<meta name=\"twitter:label2\" content=\"Tiempo de lectura\" \/>\n\t<meta name=\"twitter:data2\" content=\"2 minutos\" \/>\n<script type=\"application\/ld+json\" class=\"yoast-schema-graph\">{\"@context\":\"https:\\\/\\\/schema.org\",\"@graph\":[{\"@type\":\"Article\",\"@id\":\"https:\\\/\\\/www.copealcoy.es\\\/es\\\/200-000-euros-per-a-fomentar-locupacio-en-empreses-dalcoi\\\/#article\",\"isPartOf\":{\"@id\":\"https:\\\/\\\/www.copealcoy.es\\\/es\\\/200-000-euros-per-a-fomentar-locupacio-en-empreses-dalcoi\\\/\"},\"author\":{\"name\":\"Cope Alcoy\",\"@id\":\"https:\\\/\\\/www.copealcoy.es\\\/es\\\/#\\\/schema\\\/person\\\/e777c87fa024e57d40170af9df39882c\"},\"headline\":\"200.000 euros per a fomentar l&#8217;ocupaci\u00f3 en empreses d&#8217;Alcoi\",\"datePublished\":\"2020-07-24T12:31:26+00:00\",\"dateModified\":\"2020-07-24T19:56:20+00:00\",\"mainEntityOfPage\":{\"@id\":\"https:\\\/\\\/www.copealcoy.es\\\/es\\\/200-000-euros-per-a-fomentar-locupacio-en-empreses-dalcoi\\\/\"},\"wordCount\":330,\"commentCount\":0,\"image\":{\"@id\":\"https:\\\/\\\/www.copealcoy.es\\\/es\\\/200-000-euros-per-a-fomentar-locupacio-en-empreses-dalcoi\\\/#primaryimage\"},\"thumbnailUrl\":\"https:\\\/\\\/www.copealcoy.es\\\/wp-content\\\/uploads\\\/2020\\\/07\\\/ces1.jpg\",\"keywords\":[\"200.000 euros\",\"Alcoi\",\"Antoni Franc\u00e9s\",\"empreses\",\"foment\",\"ocupaci\u00f3\"],\"articleSection\":[\"Alcoy\",\"Noticias\",\"Portada\"],\"inLanguage\":\"es\"},{\"@type\":\"WebPage\",\"@id\":\"https:\\\/\\\/www.copealcoy.es\\\/es\\\/200-000-euros-per-a-fomentar-locupacio-en-empreses-dalcoi\\\/\",\"url\":\"https:\\\/\\\/www.copealcoy.es\\\/es\\\/200-000-euros-per-a-fomentar-locupacio-en-empreses-dalcoi\\\/\",\"name\":\"200.000 euros per a fomentar l'ocupaci\u00f3 en empreses d'Alcoi - COPE Alcoy\",\"isPartOf\":{\"@id\":\"https:\\\/\\\/www.copealcoy.es\\\/es\\\/#website\"},\"primaryImageOfPage\":{\"@id\":\"https:\\\/\\\/www.copealcoy.es\\\/es\\\/200-000-euros-per-a-fomentar-locupacio-en-empreses-dalcoi\\\/#primaryimage\"},\"image\":{\"@id\":\"https:\\\/\\\/www.copealcoy.es\\\/es\\\/200-000-euros-per-a-fomentar-locupacio-en-empreses-dalcoi\\\/#primaryimage\"},\"thumbnailUrl\":\"https:\\\/\\\/www.copealcoy.es\\\/wp-content\\\/uploads\\\/2020\\\/07\\\/ces1.jpg\",\"datePublished\":\"2020-07-24T12:31:26+00:00\",\"dateModified\":\"2020-07-24T19:56:20+00:00\",\"author\":{\"@id\":\"https:\\\/\\\/www.copealcoy.es\\\/es\\\/#\\\/schema\\\/person\\\/e777c87fa024e57d40170af9df39882c\"},\"breadcrumb\":{\"@id\":\"https:\\\/\\\/www.copealcoy.es\\\/es\\\/200-000-euros-per-a-fomentar-locupacio-en-empreses-dalcoi\\\/#breadcrumb\"},\"inLanguage\":\"es\",\"potentialAction\":[{\"@type\":\"ReadAction\",\"target\":[\"https:\\\/\\\/www.copealcoy.es\\\/es\\\/200-000-euros-per-a-fomentar-locupacio-en-empreses-dalcoi\\\/\"]}]},{\"@type\":\"ImageObject\",\"inLanguage\":\"es\",\"@id\":\"https:\\\/\\\/www.copealcoy.es\\\/es\\\/200-000-euros-per-a-fomentar-locupacio-en-empreses-dalcoi\\\/#primaryimage\",\"url\":\"https:\\\/\\\/www.copealcoy.es\\\/wp-content\\\/uploads\\\/2020\\\/07\\\/ces1.jpg\",\"contentUrl\":\"https:\\\/\\\/www.copealcoy.es\\\/wp-content\\\/uploads\\\/2020\\\/07\\\/ces1.jpg\",\"width\":1024,\"height\":768,\"caption\":\"Imatge de la reuni\u00f3 mantenida amb el CES \\\/ Foto: Ajuntament d'Alcoi\"},{\"@type\":\"BreadcrumbList\",\"@id\":\"https:\\\/\\\/www.copealcoy.es\\\/es\\\/200-000-euros-per-a-fomentar-locupacio-en-empreses-dalcoi\\\/#breadcrumb\",\"itemListElement\":[{\"@type\":\"ListItem\",\"position\":1,\"name\":\"Portada\",\"item\":\"https:\\\/\\\/www.copealcoy.es\\\/es\\\/\"},{\"@type\":\"ListItem\",\"position\":2,\"name\":\"200.000 euros per a fomentar l&#8217;ocupaci\u00f3 en empreses d&#8217;Alcoi\"}]},{\"@type\":\"WebSite\",\"@id\":\"https:\\\/\\\/www.copealcoy.es\\\/es\\\/#website\",\"url\":\"https:\\\/\\\/www.copealcoy.es\\\/es\\\/\",\"name\":\"COPE Alcoy\",\"description\":\"Emisora COPE de radio local con emisi\u00f3n online. Pont de Sant Jordi 8-10 03803 Alcoy\",\"potentialAction\":[{\"@type\":\"SearchAction\",\"target\":{\"@type\":\"EntryPoint\",\"urlTemplate\":\"https:\\\/\\\/www.copealcoy.es\\\/es\\\/?s={search_term_string}\"},\"query-input\":{\"@type\":\"PropertyValueSpecification\",\"valueRequired\":true,\"valueName\":\"search_term_string\"}}],\"inLanguage\":\"es\"},{\"@type\":\"Person\",\"@id\":\"https:\\\/\\\/www.copealcoy.es\\\/es\\\/#\\\/schema\\\/person\\\/e777c87fa024e57d40170af9df39882c\",\"name\":\"Cope Alcoy\",\"image\":{\"@type\":\"ImageObject\",\"inLanguage\":\"es\",\"@id\":\"https:\\\/\\\/secure.gravatar.com\\\/avatar\\\/bb65d0283347e303893ba14f0692005417c1e0e690a325a4c5d8bb2b3943ee14?s=96&d=mm&r=g\",\"url\":\"https:\\\/\\\/secure.gravatar.com\\\/avatar\\\/bb65d0283347e303893ba14f0692005417c1e0e690a325a4c5d8bb2b3943ee14?s=96&d=mm&r=g\",\"contentUrl\":\"https:\\\/\\\/secure.gravatar.com\\\/avatar\\\/bb65d0283347e303893ba14f0692005417c1e0e690a325a4c5d8bb2b3943ee14?s=96&d=mm&r=g\",\"caption\":\"Cope Alcoy\"}}]}<\/script>\n<!-- \/ Yoast SEO plugin. -->","yoast_head_json":{"title":"200.000 euros per a fomentar l'ocupaci\u00f3 en empreses d'Alcoi - COPE Alcoy","robots":{"index":"index","follow":"follow","max-snippet":"max-snippet:-1","max-image-preview":"max-image-preview:large","max-video-preview":"max-video-preview:-1"},"canonical":"https:\/\/www.copealcoy.es\/es\/200-000-euros-per-a-fomentar-locupacio-en-empreses-dalcoi\/","og_locale":"es_ES","og_type":"article","og_title":"200.000 euros per a fomentar l'ocupaci\u00f3 en empreses d'Alcoi - COPE Alcoy","og_description":"L&#8217; Ajuntament d&#8217;Alcoi atorgar\u00e0\u00a0\u00a0diferents ajudes a les empreses de la ciutat que realitzen la contractaci\u00f3 de persones desocupades des de...","og_url":"https:\/\/www.copealcoy.es\/es\/200-000-euros-per-a-fomentar-locupacio-en-empreses-dalcoi\/","og_site_name":"COPE Alcoy","article_published_time":"2020-07-24T12:31:26+00:00","article_modified_time":"2020-07-24T19:56:20+00:00","og_image":[{"width":1024,"height":768,"url":"https:\/\/www.copealcoy.es\/wp-content\/uploads\/2020\/07\/ces1.jpg","type":"image\/jpeg"}],"author":"Cope Alcoy","twitter_misc":{"Escrito por":"Cope Alcoy","Tiempo de lectura":"2 minutos"},"schema":{"@context":"https:\/\/schema.org","@graph":[{"@type":"Article","@id":"https:\/\/www.copealcoy.es\/es\/200-000-euros-per-a-fomentar-locupacio-en-empreses-dalcoi\/#article","isPartOf":{"@id":"https:\/\/www.copealcoy.es\/es\/200-000-euros-per-a-fomentar-locupacio-en-empreses-dalcoi\/"},"author":{"name":"Cope Alcoy","@id":"https:\/\/www.copealcoy.es\/es\/#\/schema\/person\/e777c87fa024e57d40170af9df39882c"},"headline":"200.000 euros per a fomentar l&#8217;ocupaci\u00f3 en empreses d&#8217;Alcoi","datePublished":"2020-07-24T12:31:26+00:00","dateModified":"2020-07-24T19:56:20+00:00","mainEntityOfPage":{"@id":"https:\/\/www.copealcoy.es\/es\/200-000-euros-per-a-fomentar-locupacio-en-empreses-dalcoi\/"},"wordCount":330,"commentCount":0,"image":{"@id":"https:\/\/www.copealcoy.es\/es\/200-000-euros-per-a-fomentar-locupacio-en-empreses-dalcoi\/#primaryimage"},"thumbnailUrl":"https:\/\/www.copealcoy.es\/wp-content\/uploads\/2020\/07\/ces1.jpg","keywords":["200.000 euros","Alcoi","Antoni Franc\u00e9s","empreses","foment","ocupaci\u00f3"],"articleSection":["Alcoy","Noticias","Portada"],"inLanguage":"es"},{"@type":"WebPage","@id":"https:\/\/www.copealcoy.es\/es\/200-000-euros-per-a-fomentar-locupacio-en-empreses-dalcoi\/","url":"https:\/\/www.copealcoy.es\/es\/200-000-euros-per-a-fomentar-locupacio-en-empreses-dalcoi\/","name":"200.000 euros per a fomentar l'ocupaci\u00f3 en empreses d'Alcoi - COPE Alcoy","isPartOf":{"@id":"https:\/\/www.copealcoy.es\/es\/#website"},"primaryImageOfPage":{"@id":"https:\/\/www.copealcoy.es\/es\/200-000-euros-per-a-fomentar-locupacio-en-empreses-dalcoi\/#primaryimage"},"image":{"@id":"https:\/\/www.copealcoy.es\/es\/200-000-euros-per-a-fomentar-locupacio-en-empreses-dalcoi\/#primaryimage"},"thumbnailUrl":"https:\/\/www.copealcoy.es\/wp-content\/uploads\/2020\/07\/ces1.jpg","datePublished":"2020-07-24T12:31:26+00:00","dateModified":"2020-07-24T19:56:20+00:00","author":{"@id":"https:\/\/www.copealcoy.es\/es\/#\/schema\/person\/e777c87fa024e57d40170af9df39882c"},"breadcrumb":{"@id":"https:\/\/www.copealcoy.es\/es\/200-000-euros-per-a-fomentar-locupacio-en-empreses-dalcoi\/#breadcrumb"},"inLanguage":"es","potentialAction":[{"@type":"ReadAction","target":["https:\/\/www.copealcoy.es\/es\/200-000-euros-per-a-fomentar-locupacio-en-empreses-dalcoi\/"]}]},{"@type":"ImageObject","inLanguage":"es","@id":"https:\/\/www.copealcoy.es\/es\/200-000-euros-per-a-fomentar-locupacio-en-empreses-dalcoi\/#primaryimage","url":"https:\/\/www.copealcoy.es\/wp-content\/uploads\/2020\/07\/ces1.jpg","contentUrl":"https:\/\/www.copealcoy.es\/wp-content\/uploads\/2020\/07\/ces1.jpg","width":1024,"height":768,"caption":"Imatge de la reuni\u00f3 mantenida amb el CES \/ Foto: Ajuntament d'Alcoi"},{"@type":"BreadcrumbList","@id":"https:\/\/www.copealcoy.es\/es\/200-000-euros-per-a-fomentar-locupacio-en-empreses-dalcoi\/#breadcrumb","itemListElement":[{"@type":"ListItem","position":1,"name":"Portada","item":"https:\/\/www.copealcoy.es\/es\/"},{"@type":"ListItem","position":2,"name":"200.000 euros per a fomentar l&#8217;ocupaci\u00f3 en empreses d&#8217;Alcoi"}]},{"@type":"WebSite","@id":"https:\/\/www.copealcoy.es\/es\/#website","url":"https:\/\/www.copealcoy.es\/es\/","name":"COPE Alcoy","description":"Emisora COPE de radio local con emisi\u00f3n online. Pont de Sant Jordi 8-10 03803 Alcoy","potentialAction":[{"@type":"SearchAction","target":{"@type":"EntryPoint","urlTemplate":"https:\/\/www.copealcoy.es\/es\/?s={search_term_string}"},"query-input":{"@type":"PropertyValueSpecification","valueRequired":true,"valueName":"search_term_string"}}],"inLanguage":"es"},{"@type":"Person","@id":"https:\/\/www.copealcoy.es\/es\/#\/schema\/person\/e777c87fa024e57d40170af9df39882c","name":"Cope Alcoy","image":{"@type":"ImageObject","inLanguage":"es","@id":"https:\/\/secure.gravatar.com\/avatar\/bb65d0283347e303893ba14f0692005417c1e0e690a325a4c5d8bb2b3943ee14?s=96&d=mm&r=g","url":"https:\/\/secure.gravatar.com\/avatar\/bb65d0283347e303893ba14f0692005417c1e0e690a325a4c5d8bb2b3943ee14?s=96&d=mm&r=g","contentUrl":"https:\/\/secure.gravatar.com\/avatar\/bb65d0283347e303893ba14f0692005417c1e0e690a325a4c5d8bb2b3943ee14?s=96&d=mm&r=g","caption":"Cope Alcoy"}}]}},"_links":{"self":[{"href":"https:\/\/www.copealcoy.es\/es\/wp-json\/wp\/v2\/posts\/63801","targetHints":{"allow":["GET"]}}],"collection":[{"href":"https:\/\/www.copealcoy.es\/es\/wp-json\/wp\/v2\/posts"}],"about":[{"href":"https:\/\/www.copealcoy.es\/es\/wp-json\/wp\/v2\/types\/post"}],"author":[{"embeddable":true,"href":"https:\/\/www.copealcoy.es\/es\/wp-json\/wp\/v2\/users\/1"}],"replies":[{"embeddable":true,"href":"https:\/\/www.copealcoy.es\/es\/wp-json\/wp\/v2\/comments?post=63801"}],"version-history":[{"count":0,"href":"https:\/\/www.copealcoy.es\/es\/wp-json\/wp\/v2\/posts\/63801\/revisions"}],"wp:featuredmedia":[{"embeddable":true,"href":"https:\/\/www.copealcoy.es\/es\/wp-json\/wp\/v2\/media\/63802"}],"wp:attachment":[{"href":"https:\/\/www.copealcoy.es\/es\/wp-json\/wp\/v2\/media?parent=63801"}],"wp:term":[{"taxonomy":"category","embeddable":true,"href":"https:\/\/www.copealcoy.es\/es\/wp-json\/wp\/v2\/categories?post=63801"},{"taxonomy":"post_tag","embeddable":true,"href":"https:\/\/www.copealcoy.es\/es\/wp-json\/wp\/v2\/tags?post=63801"}],"curies":[{"name":"wp","href":"https:\/\/api.w.org\/{rel}","templated":true}]}}