{"id":63794,"date":"2020-07-24T12:18:37","date_gmt":"2020-07-24T12:18:37","guid":{"rendered":"https:\/\/www.copealcoy.es\/?p=63794"},"modified":"2020-07-24T19:57:32","modified_gmt":"2020-07-24T19:57:32","slug":"mazon-aten-les-demandes-dels-empresaris-alcoians","status":"publish","type":"post","link":"https:\/\/www.copealcoy.es\/es\/mazon-aten-les-demandes-dels-empresaris-alcoians\/","title":{"rendered":"Maz\u00f3n at\u00e9n les demandes dels empresaris alcoians"},"content":{"rendered":"<p style=\"text-align: justify;\">El President de la Diputaci\u00f3 Provincial d&#8217;Alacant,\u00a0<strong><span class=\"hiddenSpellError\">Carlos<\/span>\u00a0<span class=\"hiddenSpellError\">Maz\u00f3n<\/span><\/strong>, ha mantingut <strong>una reuni\u00f3 amb els empresaris d&#8217;Alcoi<\/strong> per a con\u00e9ixer <strong>les seues necessitats<\/strong> i reivindicacions.<\/p>\n<p style=\"text-align: justify;\">Aquests li han traslladat al President <strong>la preocupaci\u00f3 per la par\u00e0lisi del nou Pla General d&#8217;Ordenaci\u00f3 Urbana (<span class=\"hiddenSpellError\">PGOU<\/span>)<\/strong>, pendent d&#8217;aprovaci\u00f3 per part de la Generalitat Valenciana des de fa un any. Tamb\u00e9 han advertit <strong>el retard en la construcci\u00f3 de la rodona d&#8217;acc\u00e9s nord<\/strong>, promesa pel Govern Municipal del PSOE abans de les \u00faltimes Eleccions Municipals. <span class=\"hiddenSpellError\">Maz\u00f3n<\/span>\u00a0ha compartit <strong>la preocupaci\u00f3 dels empresaris<\/strong>, als quals ha informat que l&#8217;Ajuntament <strong>no ha sol\u00b7licitat ajuda a la Diputaci\u00f3<\/strong> per executar aquesta important obra. Tamb\u00e9 han reclamat <strong>agilitzar la concessi\u00f3 de llic\u00e8ncies d&#8217;activitat<\/strong> i han afegit que la demora en aquest proc\u00e9s <strong>dificulta que noves empreses puguen optar a finan\u00e7ament o ajudes de l&#8217;administraci\u00f3<\/strong> <em>&#8220;\u00e9s important escoltar i contrastar quines iniciatives s\u00f3n les adequades per a les empreses<\/em>&#8220;, ha destacat\u00a0<span class=\"hiddenSpellError\">Carlos<\/span>\u00a0<span class=\"hiddenSpellError\">Maz\u00f3n<\/span>.<\/p>\n<p style=\"text-align: justify;\">La reuni\u00f3 va comptar amb la pres\u00e8ncia tamb\u00e9 <strong>dels regidors del Grup Municipal del Partit Popular<\/strong> en l&#8217;Ajuntament d&#8217;Alcoi.<\/p>\n","protected":false},"excerpt":{"rendered":"<p>El President de la Diputaci\u00f3 Provincial d&#8217;Alacant,\u00a0Carlos\u00a0Maz\u00f3n, ha mantingut una reuni\u00f3 amb els empresaris d&#8217;Alcoi per a con\u00e9ixer les seues&#8230;<\/p>\n","protected":false},"author":1,"featured_media":63795,"comment_status":"open","ping_status":"open","sticky":false,"template":"","format":"standard","meta":{"footnotes":""},"categories":[97,75,79],"tags":[160,6922,7871,7821,7870,7872,7869],"class_list":["post-63794","post","type-post","status-publish","format-standard","has-post-thumbnail","hentry","category-alcoy","category-noticias","category-politicayeconomia","tag-alcoi","tag-carlos-mazon","tag-demandes","tag-diputacio-dalacant","tag-empresaris-alcoians","tag-reivindicacions","tag-reunio"],"yoast_head":"<!-- This site is optimized with the Yoast SEO plugin v27.3 - https:\/\/yoast.com\/product\/yoast-seo-wordpress\/ -->\n<title>Maz\u00f3n at\u00e9n les demandes dels empresaris alcoians - COPE Alcoy<\/title>\n<meta name=\"robots\" content=\"index, follow, max-snippet:-1, max-image-preview:large, max-video-preview:-1\" \/>\n<link rel=\"canonical\" href=\"https:\/\/www.copealcoy.es\/es\/mazon-aten-les-demandes-dels-empresaris-alcoians\/\" \/>\n<meta property=\"og:locale\" content=\"es_ES\" \/>\n<meta property=\"og:type\" content=\"article\" \/>\n<meta property=\"og:title\" content=\"Maz\u00f3n at\u00e9n les demandes dels empresaris alcoians - COPE Alcoy\" \/>\n<meta property=\"og:description\" content=\"El President de la Diputaci\u00f3 Provincial d&#8217;Alacant,\u00a0Carlos\u00a0Maz\u00f3n, ha mantingut una reuni\u00f3 amb els empresaris d&#8217;Alcoi per a con\u00e9ixer les seues...\" \/>\n<meta property=\"og:url\" content=\"https:\/\/www.copealcoy.es\/es\/mazon-aten-les-demandes-dels-empresaris-alcoians\/\" \/>\n<meta property=\"og:site_name\" content=\"COPE Alcoy\" \/>\n<meta property=\"article:published_time\" content=\"2020-07-24T12:18:37+00:00\" \/>\n<meta property=\"article:modified_time\" content=\"2020-07-24T19:57:32+00:00\" \/>\n<meta property=\"og:image\" content=\"https:\/\/www.copealcoy.es\/wp-content\/uploads\/2020\/07\/20200723_Maz\u00f3n_empresarios.jpeg\" \/>\n\t<meta property=\"og:image:width\" content=\"1600\" \/>\n\t<meta property=\"og:image:height\" content=\"1200\" \/>\n\t<meta property=\"og:image:type\" content=\"image\/jpeg\" \/>\n<meta name=\"author\" content=\"Cope Alcoy\" \/>\n<meta name=\"twitter:label1\" content=\"Escrito por\" \/>\n\t<meta name=\"twitter:data1\" content=\"Cope Alcoy\" \/>\n\t<meta name=\"twitter:label2\" content=\"Tiempo de lectura\" \/>\n\t<meta name=\"twitter:data2\" content=\"1 minuto\" \/>\n<script type=\"application\/ld+json\" class=\"yoast-schema-graph\">{\"@context\":\"https:\\\/\\\/schema.org\",\"@graph\":[{\"@type\":\"Article\",\"@id\":\"https:\\\/\\\/www.copealcoy.es\\\/es\\\/mazon-aten-les-demandes-dels-empresaris-alcoians\\\/#article\",\"isPartOf\":{\"@id\":\"https:\\\/\\\/www.copealcoy.es\\\/es\\\/mazon-aten-les-demandes-dels-empresaris-alcoians\\\/\"},\"author\":{\"name\":\"Cope Alcoy\",\"@id\":\"https:\\\/\\\/www.copealcoy.es\\\/es\\\/#\\\/schema\\\/person\\\/e777c87fa024e57d40170af9df39882c\"},\"headline\":\"Maz\u00f3n at\u00e9n les demandes dels empresaris alcoians\",\"datePublished\":\"2020-07-24T12:18:37+00:00\",\"dateModified\":\"2020-07-24T19:57:32+00:00\",\"mainEntityOfPage\":{\"@id\":\"https:\\\/\\\/www.copealcoy.es\\\/es\\\/mazon-aten-les-demandes-dels-empresaris-alcoians\\\/\"},\"wordCount\":204,\"commentCount\":0,\"image\":{\"@id\":\"https:\\\/\\\/www.copealcoy.es\\\/es\\\/mazon-aten-les-demandes-dels-empresaris-alcoians\\\/#primaryimage\"},\"thumbnailUrl\":\"https:\\\/\\\/www.copealcoy.es\\\/wp-content\\\/uploads\\\/2020\\\/07\\\/20200723_Maz\u00f3n_empresarios.jpeg\",\"keywords\":[\"Alcoi\",\"Carlos Maz\u00f3n\",\"demandes\",\"Diputaci\u00f3 d'Alacant\",\"empresaris alcoians\",\"reivindicacions\",\"reuni\u00f3\"],\"articleSection\":[\"Alcoy\",\"Noticias\",\"Pol\u00edtica y Econom\u00eda\"],\"inLanguage\":\"es\"},{\"@type\":\"WebPage\",\"@id\":\"https:\\\/\\\/www.copealcoy.es\\\/es\\\/mazon-aten-les-demandes-dels-empresaris-alcoians\\\/\",\"url\":\"https:\\\/\\\/www.copealcoy.es\\\/es\\\/mazon-aten-les-demandes-dels-empresaris-alcoians\\\/\",\"name\":\"Maz\u00f3n at\u00e9n les demandes dels empresaris alcoians - COPE Alcoy\",\"isPartOf\":{\"@id\":\"https:\\\/\\\/www.copealcoy.es\\\/es\\\/#website\"},\"primaryImageOfPage\":{\"@id\":\"https:\\\/\\\/www.copealcoy.es\\\/es\\\/mazon-aten-les-demandes-dels-empresaris-alcoians\\\/#primaryimage\"},\"image\":{\"@id\":\"https:\\\/\\\/www.copealcoy.es\\\/es\\\/mazon-aten-les-demandes-dels-empresaris-alcoians\\\/#primaryimage\"},\"thumbnailUrl\":\"https:\\\/\\\/www.copealcoy.es\\\/wp-content\\\/uploads\\\/2020\\\/07\\\/20200723_Maz\u00f3n_empresarios.jpeg\",\"datePublished\":\"2020-07-24T12:18:37+00:00\",\"dateModified\":\"2020-07-24T19:57:32+00:00\",\"author\":{\"@id\":\"https:\\\/\\\/www.copealcoy.es\\\/es\\\/#\\\/schema\\\/person\\\/e777c87fa024e57d40170af9df39882c\"},\"breadcrumb\":{\"@id\":\"https:\\\/\\\/www.copealcoy.es\\\/es\\\/mazon-aten-les-demandes-dels-empresaris-alcoians\\\/#breadcrumb\"},\"inLanguage\":\"es\",\"potentialAction\":[{\"@type\":\"ReadAction\",\"target\":[\"https:\\\/\\\/www.copealcoy.es\\\/es\\\/mazon-aten-les-demandes-dels-empresaris-alcoians\\\/\"]}]},{\"@type\":\"ImageObject\",\"inLanguage\":\"es\",\"@id\":\"https:\\\/\\\/www.copealcoy.es\\\/es\\\/mazon-aten-les-demandes-dels-empresaris-alcoians\\\/#primaryimage\",\"url\":\"https:\\\/\\\/www.copealcoy.es\\\/wp-content\\\/uploads\\\/2020\\\/07\\\/20200723_Maz\u00f3n_empresarios.jpeg\",\"contentUrl\":\"https:\\\/\\\/www.copealcoy.es\\\/wp-content\\\/uploads\\\/2020\\\/07\\\/20200723_Maz\u00f3n_empresarios.jpeg\",\"width\":1600,\"height\":1200,\"caption\":\"La reuni\u00f3 ha tingut lloc via telem\u00e0tica\"},{\"@type\":\"BreadcrumbList\",\"@id\":\"https:\\\/\\\/www.copealcoy.es\\\/es\\\/mazon-aten-les-demandes-dels-empresaris-alcoians\\\/#breadcrumb\",\"itemListElement\":[{\"@type\":\"ListItem\",\"position\":1,\"name\":\"Portada\",\"item\":\"https:\\\/\\\/www.copealcoy.es\\\/es\\\/\"},{\"@type\":\"ListItem\",\"position\":2,\"name\":\"Maz\u00f3n at\u00e9n les demandes dels empresaris alcoians\"}]},{\"@type\":\"WebSite\",\"@id\":\"https:\\\/\\\/www.copealcoy.es\\\/es\\\/#website\",\"url\":\"https:\\\/\\\/www.copealcoy.es\\\/es\\\/\",\"name\":\"COPE Alcoy\",\"description\":\"Emisora COPE de radio local con emisi\u00f3n online. Pont de Sant Jordi 8-10 03803 Alcoy\",\"potentialAction\":[{\"@type\":\"SearchAction\",\"target\":{\"@type\":\"EntryPoint\",\"urlTemplate\":\"https:\\\/\\\/www.copealcoy.es\\\/es\\\/?s={search_term_string}\"},\"query-input\":{\"@type\":\"PropertyValueSpecification\",\"valueRequired\":true,\"valueName\":\"search_term_string\"}}],\"inLanguage\":\"es\"},{\"@type\":\"Person\",\"@id\":\"https:\\\/\\\/www.copealcoy.es\\\/es\\\/#\\\/schema\\\/person\\\/e777c87fa024e57d40170af9df39882c\",\"name\":\"Cope Alcoy\",\"image\":{\"@type\":\"ImageObject\",\"inLanguage\":\"es\",\"@id\":\"https:\\\/\\\/secure.gravatar.com\\\/avatar\\\/bb65d0283347e303893ba14f0692005417c1e0e690a325a4c5d8bb2b3943ee14?s=96&d=mm&r=g\",\"url\":\"https:\\\/\\\/secure.gravatar.com\\\/avatar\\\/bb65d0283347e303893ba14f0692005417c1e0e690a325a4c5d8bb2b3943ee14?s=96&d=mm&r=g\",\"contentUrl\":\"https:\\\/\\\/secure.gravatar.com\\\/avatar\\\/bb65d0283347e303893ba14f0692005417c1e0e690a325a4c5d8bb2b3943ee14?s=96&d=mm&r=g\",\"caption\":\"Cope Alcoy\"}}]}<\/script>\n<!-- \/ Yoast SEO plugin. -->","yoast_head_json":{"title":"Maz\u00f3n at\u00e9n les demandes dels empresaris alcoians - COPE Alcoy","robots":{"index":"index","follow":"follow","max-snippet":"max-snippet:-1","max-image-preview":"max-image-preview:large","max-video-preview":"max-video-preview:-1"},"canonical":"https:\/\/www.copealcoy.es\/es\/mazon-aten-les-demandes-dels-empresaris-alcoians\/","og_locale":"es_ES","og_type":"article","og_title":"Maz\u00f3n at\u00e9n les demandes dels empresaris alcoians - COPE Alcoy","og_description":"El President de la Diputaci\u00f3 Provincial d&#8217;Alacant,\u00a0Carlos\u00a0Maz\u00f3n, ha mantingut una reuni\u00f3 amb els empresaris d&#8217;Alcoi per a con\u00e9ixer les seues...","og_url":"https:\/\/www.copealcoy.es\/es\/mazon-aten-les-demandes-dels-empresaris-alcoians\/","og_site_name":"COPE Alcoy","article_published_time":"2020-07-24T12:18:37+00:00","article_modified_time":"2020-07-24T19:57:32+00:00","og_image":[{"width":1600,"height":1200,"url":"https:\/\/www.copealcoy.es\/wp-content\/uploads\/2020\/07\/20200723_Maz\u00f3n_empresarios.jpeg","type":"image\/jpeg"}],"author":"Cope Alcoy","twitter_misc":{"Escrito por":"Cope Alcoy","Tiempo de lectura":"1 minuto"},"schema":{"@context":"https:\/\/schema.org","@graph":[{"@type":"Article","@id":"https:\/\/www.copealcoy.es\/es\/mazon-aten-les-demandes-dels-empresaris-alcoians\/#article","isPartOf":{"@id":"https:\/\/www.copealcoy.es\/es\/mazon-aten-les-demandes-dels-empresaris-alcoians\/"},"author":{"name":"Cope Alcoy","@id":"https:\/\/www.copealcoy.es\/es\/#\/schema\/person\/e777c87fa024e57d40170af9df39882c"},"headline":"Maz\u00f3n at\u00e9n les demandes dels empresaris alcoians","datePublished":"2020-07-24T12:18:37+00:00","dateModified":"2020-07-24T19:57:32+00:00","mainEntityOfPage":{"@id":"https:\/\/www.copealcoy.es\/es\/mazon-aten-les-demandes-dels-empresaris-alcoians\/"},"wordCount":204,"commentCount":0,"image":{"@id":"https:\/\/www.copealcoy.es\/es\/mazon-aten-les-demandes-dels-empresaris-alcoians\/#primaryimage"},"thumbnailUrl":"https:\/\/www.copealcoy.es\/wp-content\/uploads\/2020\/07\/20200723_Maz\u00f3n_empresarios.jpeg","keywords":["Alcoi","Carlos Maz\u00f3n","demandes","Diputaci\u00f3 d'Alacant","empresaris alcoians","reivindicacions","reuni\u00f3"],"articleSection":["Alcoy","Noticias","Pol\u00edtica y Econom\u00eda"],"inLanguage":"es"},{"@type":"WebPage","@id":"https:\/\/www.copealcoy.es\/es\/mazon-aten-les-demandes-dels-empresaris-alcoians\/","url":"https:\/\/www.copealcoy.es\/es\/mazon-aten-les-demandes-dels-empresaris-alcoians\/","name":"Maz\u00f3n at\u00e9n les demandes dels empresaris alcoians - COPE Alcoy","isPartOf":{"@id":"https:\/\/www.copealcoy.es\/es\/#website"},"primaryImageOfPage":{"@id":"https:\/\/www.copealcoy.es\/es\/mazon-aten-les-demandes-dels-empresaris-alcoians\/#primaryimage"},"image":{"@id":"https:\/\/www.copealcoy.es\/es\/mazon-aten-les-demandes-dels-empresaris-alcoians\/#primaryimage"},"thumbnailUrl":"https:\/\/www.copealcoy.es\/wp-content\/uploads\/2020\/07\/20200723_Maz\u00f3n_empresarios.jpeg","datePublished":"2020-07-24T12:18:37+00:00","dateModified":"2020-07-24T19:57:32+00:00","author":{"@id":"https:\/\/www.copealcoy.es\/es\/#\/schema\/person\/e777c87fa024e57d40170af9df39882c"},"breadcrumb":{"@id":"https:\/\/www.copealcoy.es\/es\/mazon-aten-les-demandes-dels-empresaris-alcoians\/#breadcrumb"},"inLanguage":"es","potentialAction":[{"@type":"ReadAction","target":["https:\/\/www.copealcoy.es\/es\/mazon-aten-les-demandes-dels-empresaris-alcoians\/"]}]},{"@type":"ImageObject","inLanguage":"es","@id":"https:\/\/www.copealcoy.es\/es\/mazon-aten-les-demandes-dels-empresaris-alcoians\/#primaryimage","url":"https:\/\/www.copealcoy.es\/wp-content\/uploads\/2020\/07\/20200723_Maz\u00f3n_empresarios.jpeg","contentUrl":"https:\/\/www.copealcoy.es\/wp-content\/uploads\/2020\/07\/20200723_Maz\u00f3n_empresarios.jpeg","width":1600,"height":1200,"caption":"La reuni\u00f3 ha tingut lloc via telem\u00e0tica"},{"@type":"BreadcrumbList","@id":"https:\/\/www.copealcoy.es\/es\/mazon-aten-les-demandes-dels-empresaris-alcoians\/#breadcrumb","itemListElement":[{"@type":"ListItem","position":1,"name":"Portada","item":"https:\/\/www.copealcoy.es\/es\/"},{"@type":"ListItem","position":2,"name":"Maz\u00f3n at\u00e9n les demandes dels empresaris alcoians"}]},{"@type":"WebSite","@id":"https:\/\/www.copealcoy.es\/es\/#website","url":"https:\/\/www.copealcoy.es\/es\/","name":"COPE Alcoy","description":"Emisora COPE de radio local con emisi\u00f3n online. Pont de Sant Jordi 8-10 03803 Alcoy","potentialAction":[{"@type":"SearchAction","target":{"@type":"EntryPoint","urlTemplate":"https:\/\/www.copealcoy.es\/es\/?s={search_term_string}"},"query-input":{"@type":"PropertyValueSpecification","valueRequired":true,"valueName":"search_term_string"}}],"inLanguage":"es"},{"@type":"Person","@id":"https:\/\/www.copealcoy.es\/es\/#\/schema\/person\/e777c87fa024e57d40170af9df39882c","name":"Cope Alcoy","image":{"@type":"ImageObject","inLanguage":"es","@id":"https:\/\/secure.gravatar.com\/avatar\/bb65d0283347e303893ba14f0692005417c1e0e690a325a4c5d8bb2b3943ee14?s=96&d=mm&r=g","url":"https:\/\/secure.gravatar.com\/avatar\/bb65d0283347e303893ba14f0692005417c1e0e690a325a4c5d8bb2b3943ee14?s=96&d=mm&r=g","contentUrl":"https:\/\/secure.gravatar.com\/avatar\/bb65d0283347e303893ba14f0692005417c1e0e690a325a4c5d8bb2b3943ee14?s=96&d=mm&r=g","caption":"Cope Alcoy"}}]}},"_links":{"self":[{"href":"https:\/\/www.copealcoy.es\/es\/wp-json\/wp\/v2\/posts\/63794","targetHints":{"allow":["GET"]}}],"collection":[{"href":"https:\/\/www.copealcoy.es\/es\/wp-json\/wp\/v2\/posts"}],"about":[{"href":"https:\/\/www.copealcoy.es\/es\/wp-json\/wp\/v2\/types\/post"}],"author":[{"embeddable":true,"href":"https:\/\/www.copealcoy.es\/es\/wp-json\/wp\/v2\/users\/1"}],"replies":[{"embeddable":true,"href":"https:\/\/www.copealcoy.es\/es\/wp-json\/wp\/v2\/comments?post=63794"}],"version-history":[{"count":0,"href":"https:\/\/www.copealcoy.es\/es\/wp-json\/wp\/v2\/posts\/63794\/revisions"}],"wp:featuredmedia":[{"embeddable":true,"href":"https:\/\/www.copealcoy.es\/es\/wp-json\/wp\/v2\/media\/63795"}],"wp:attachment":[{"href":"https:\/\/www.copealcoy.es\/es\/wp-json\/wp\/v2\/media?parent=63794"}],"wp:term":[{"taxonomy":"category","embeddable":true,"href":"https:\/\/www.copealcoy.es\/es\/wp-json\/wp\/v2\/categories?post=63794"},{"taxonomy":"post_tag","embeddable":true,"href":"https:\/\/www.copealcoy.es\/es\/wp-json\/wp\/v2\/tags?post=63794"}],"curies":[{"name":"wp","href":"https:\/\/api.w.org\/{rel}","templated":true}]}}