{"id":63791,"date":"2020-07-24T12:12:39","date_gmt":"2020-07-24T12:12:39","guid":{"rendered":"https:\/\/www.copealcoy.es\/?p=63791"},"modified":"2020-07-24T12:15:03","modified_gmt":"2020-07-24T12:15:03","slug":"14-sancions-en-un-dia-per-incomplir-amb-lus-de-la-mascareta","status":"publish","type":"post","link":"https:\/\/www.copealcoy.es\/es\/14-sancions-en-un-dia-per-incomplir-amb-lus-de-la-mascareta\/","title":{"rendered":"14 sancions en un dia per incomplir amb l&#8217;\u00fas de la mascareta"},"content":{"rendered":"<p style=\"text-align: justify;\">La <strong>Policia Local d&#8217;Alcoi<\/strong> ha interposat, en tan sols un dia, <strong>sancions a 14 persones<\/strong> per <strong>incomplir l&#8217;\u00fas de la mascareta<\/strong> segons la normativa de la Comunitat Valenciana.<\/p>\n<p style=\"text-align: justify;\">Els agents <strong>han realitzat en els \u00faltims dies controls en diferents punts de la ciutat<\/strong>, i per part de patrulles a peu, per <strong>informar i conscienciar<\/strong> a la poblaci\u00f3 de la import\u00e0ncia de complir amb les mesures sanit\u00e0ries de la dist\u00e0ncia de seguretat i l&#8217;\u00fas obligatori de la cita mascareta. Tot amb <strong>l&#8217;objectiu de frenar la propagaci\u00f3 del Coronavirus i evitar rebrots<\/strong> &#8220;<em>des de la Policia Local s&#8217;ha treballat en la conscienciaci\u00f3 de la poblaci\u00f3 i l&#8217;assumpci\u00f3 de la responsabilitat personal en uns moments on la protecci\u00f3 individual \u00e9s imprescindible per a garantir la protecci\u00f3 social. Hem estat durant dies informant, a peu de carrer, i recordant, especialment, l&#8217;obligatorietat de portar la mascareta. Una tasca de conscienciaci\u00f3 imprescindible que es continuar\u00e0 realitzant per\u00f2, al mateix temps, \u00e9s important que aquells que no compleixen amb les mesures acordades, coneguen que el seu comportament pel b\u00e9 de tots, ser\u00e0 sancionat. En el cas, per exemple, de no portar o portar incorrectament la mascareta amb sancions de fins a 100 euros<\/em>&#8220;, destaca el regidor de Seguretat;<strong> Ra\u00fcl Llopis<\/strong>.<\/p>\n<p style=\"text-align: justify;\">La Policia Local<strong> ha creat un butllet\u00ed de den\u00fancia especial<\/strong> que contempla <strong>totes les sancions possibles<\/strong> per <strong>incomplir aquesta Llei de Salut P\u00fablica<\/strong> auton\u00f2mica i que consisteixen a no complir amb la dist\u00e0ncia de seguretat interpersonal i incomplir l&#8217;obligaci\u00f3 de fer \u00fas de la mascareta. Per \u00faltim, tamb\u00e9 s&#8217;inclouen els incompliments per part del treballador\/a o responsable de l&#8217;establiment p\u00fablic\/comer\u00e7 de les disposicions establides en mat\u00e8ria de sanitat.<\/p>\n","protected":false},"excerpt":{"rendered":"<p>La Policia Local d&#8217;Alcoi ha interposat, en tan sols un dia, sancions a 14 persones per incomplir l&#8217;\u00fas de la&#8230;<\/p>\n","protected":false},"author":1,"featured_media":61832,"comment_status":"open","ping_status":"open","sticky":false,"template":"","format":"standard","meta":{"footnotes":""},"categories":[6909,97,75],"tags":[7865,160,7866,7868,7867],"class_list":["post-63791","post","type-post","status-publish","format-standard","has-post-thumbnail","hentry","category-actualidad","category-alcoy","category-noticias","tag-14-sancions","tag-alcoi","tag-incompliment","tag-mascareta","tag-us-obligatori"],"yoast_head":"<!-- This site is optimized with the Yoast SEO plugin v27.3 - https:\/\/yoast.com\/product\/yoast-seo-wordpress\/ -->\n<title>14 sancions en un dia per incomplir amb l&#039;\u00fas de la mascareta - COPE Alcoy<\/title>\n<meta name=\"robots\" content=\"index, follow, max-snippet:-1, max-image-preview:large, max-video-preview:-1\" \/>\n<link rel=\"canonical\" href=\"https:\/\/www.copealcoy.es\/es\/14-sancions-en-un-dia-per-incomplir-amb-lus-de-la-mascareta\/\" \/>\n<meta property=\"og:locale\" content=\"es_ES\" \/>\n<meta property=\"og:type\" content=\"article\" \/>\n<meta property=\"og:title\" content=\"14 sancions en un dia per incomplir amb l&#039;\u00fas de la mascareta - COPE Alcoy\" \/>\n<meta property=\"og:description\" content=\"La Policia Local d&#8217;Alcoi ha interposat, en tan sols un dia, sancions a 14 persones per incomplir l&#8217;\u00fas de la...\" \/>\n<meta property=\"og:url\" content=\"https:\/\/www.copealcoy.es\/es\/14-sancions-en-un-dia-per-incomplir-amb-lus-de-la-mascareta\/\" \/>\n<meta property=\"og:site_name\" content=\"COPE Alcoy\" \/>\n<meta property=\"article:published_time\" content=\"2020-07-24T12:12:39+00:00\" \/>\n<meta property=\"article:modified_time\" content=\"2020-07-24T12:15:03+00:00\" \/>\n<meta property=\"og:image\" content=\"https:\/\/www.copealcoy.es\/wp-content\/uploads\/2020\/04\/1586765176854-e1586879293792-1.jpg\" \/>\n\t<meta property=\"og:image:width\" content=\"907\" \/>\n\t<meta property=\"og:image:height\" content=\"478\" \/>\n\t<meta property=\"og:image:type\" content=\"image\/jpeg\" \/>\n<meta name=\"author\" content=\"Cope Alcoy\" \/>\n<meta name=\"twitter:label1\" content=\"Escrito por\" \/>\n\t<meta name=\"twitter:data1\" content=\"Cope Alcoy\" \/>\n\t<meta name=\"twitter:label2\" content=\"Tiempo de lectura\" \/>\n\t<meta name=\"twitter:data2\" content=\"1 minuto\" \/>\n<script type=\"application\/ld+json\" class=\"yoast-schema-graph\">{\"@context\":\"https:\\\/\\\/schema.org\",\"@graph\":[{\"@type\":\"Article\",\"@id\":\"https:\\\/\\\/www.copealcoy.es\\\/es\\\/14-sancions-en-un-dia-per-incomplir-amb-lus-de-la-mascareta\\\/#article\",\"isPartOf\":{\"@id\":\"https:\\\/\\\/www.copealcoy.es\\\/es\\\/14-sancions-en-un-dia-per-incomplir-amb-lus-de-la-mascareta\\\/\"},\"author\":{\"name\":\"Cope Alcoy\",\"@id\":\"https:\\\/\\\/www.copealcoy.es\\\/es\\\/#\\\/schema\\\/person\\\/e777c87fa024e57d40170af9df39882c\"},\"headline\":\"14 sancions en un dia per incomplir amb l&#8217;\u00fas de la mascareta\",\"datePublished\":\"2020-07-24T12:12:39+00:00\",\"dateModified\":\"2020-07-24T12:15:03+00:00\",\"mainEntityOfPage\":{\"@id\":\"https:\\\/\\\/www.copealcoy.es\\\/es\\\/14-sancions-en-un-dia-per-incomplir-amb-lus-de-la-mascareta\\\/\"},\"wordCount\":303,\"commentCount\":0,\"image\":{\"@id\":\"https:\\\/\\\/www.copealcoy.es\\\/es\\\/14-sancions-en-un-dia-per-incomplir-amb-lus-de-la-mascareta\\\/#primaryimage\"},\"thumbnailUrl\":\"https:\\\/\\\/www.copealcoy.es\\\/wp-content\\\/uploads\\\/2020\\\/04\\\/1586765176854-e1586879293792-1.jpg\",\"keywords\":[\"14 sancions\",\"Alcoi\",\"incompliment\",\"Mascareta\",\"\u00fas obligatori\"],\"articleSection\":[\"Actualidad\",\"Alcoy\",\"Noticias\"],\"inLanguage\":\"es\"},{\"@type\":\"WebPage\",\"@id\":\"https:\\\/\\\/www.copealcoy.es\\\/es\\\/14-sancions-en-un-dia-per-incomplir-amb-lus-de-la-mascareta\\\/\",\"url\":\"https:\\\/\\\/www.copealcoy.es\\\/es\\\/14-sancions-en-un-dia-per-incomplir-amb-lus-de-la-mascareta\\\/\",\"name\":\"14 sancions en un dia per incomplir amb l'\u00fas de la mascareta - COPE Alcoy\",\"isPartOf\":{\"@id\":\"https:\\\/\\\/www.copealcoy.es\\\/es\\\/#website\"},\"primaryImageOfPage\":{\"@id\":\"https:\\\/\\\/www.copealcoy.es\\\/es\\\/14-sancions-en-un-dia-per-incomplir-amb-lus-de-la-mascareta\\\/#primaryimage\"},\"image\":{\"@id\":\"https:\\\/\\\/www.copealcoy.es\\\/es\\\/14-sancions-en-un-dia-per-incomplir-amb-lus-de-la-mascareta\\\/#primaryimage\"},\"thumbnailUrl\":\"https:\\\/\\\/www.copealcoy.es\\\/wp-content\\\/uploads\\\/2020\\\/04\\\/1586765176854-e1586879293792-1.jpg\",\"datePublished\":\"2020-07-24T12:12:39+00:00\",\"dateModified\":\"2020-07-24T12:15:03+00:00\",\"author\":{\"@id\":\"https:\\\/\\\/www.copealcoy.es\\\/es\\\/#\\\/schema\\\/person\\\/e777c87fa024e57d40170af9df39882c\"},\"breadcrumb\":{\"@id\":\"https:\\\/\\\/www.copealcoy.es\\\/es\\\/14-sancions-en-un-dia-per-incomplir-amb-lus-de-la-mascareta\\\/#breadcrumb\"},\"inLanguage\":\"es\",\"potentialAction\":[{\"@type\":\"ReadAction\",\"target\":[\"https:\\\/\\\/www.copealcoy.es\\\/es\\\/14-sancions-en-un-dia-per-incomplir-amb-lus-de-la-mascareta\\\/\"]}]},{\"@type\":\"ImageObject\",\"inLanguage\":\"es\",\"@id\":\"https:\\\/\\\/www.copealcoy.es\\\/es\\\/14-sancions-en-un-dia-per-incomplir-amb-lus-de-la-mascareta\\\/#primaryimage\",\"url\":\"https:\\\/\\\/www.copealcoy.es\\\/wp-content\\\/uploads\\\/2020\\\/04\\\/1586765176854-e1586879293792-1.jpg\",\"contentUrl\":\"https:\\\/\\\/www.copealcoy.es\\\/wp-content\\\/uploads\\\/2020\\\/04\\\/1586765176854-e1586879293792-1.jpg\",\"width\":907,\"height\":478},{\"@type\":\"BreadcrumbList\",\"@id\":\"https:\\\/\\\/www.copealcoy.es\\\/es\\\/14-sancions-en-un-dia-per-incomplir-amb-lus-de-la-mascareta\\\/#breadcrumb\",\"itemListElement\":[{\"@type\":\"ListItem\",\"position\":1,\"name\":\"Portada\",\"item\":\"https:\\\/\\\/www.copealcoy.es\\\/es\\\/\"},{\"@type\":\"ListItem\",\"position\":2,\"name\":\"14 sancions en un dia per incomplir amb l&#8217;\u00fas de la mascareta\"}]},{\"@type\":\"WebSite\",\"@id\":\"https:\\\/\\\/www.copealcoy.es\\\/es\\\/#website\",\"url\":\"https:\\\/\\\/www.copealcoy.es\\\/es\\\/\",\"name\":\"COPE Alcoy\",\"description\":\"Emisora COPE de radio local con emisi\u00f3n online. Pont de Sant Jordi 8-10 03803 Alcoy\",\"potentialAction\":[{\"@type\":\"SearchAction\",\"target\":{\"@type\":\"EntryPoint\",\"urlTemplate\":\"https:\\\/\\\/www.copealcoy.es\\\/es\\\/?s={search_term_string}\"},\"query-input\":{\"@type\":\"PropertyValueSpecification\",\"valueRequired\":true,\"valueName\":\"search_term_string\"}}],\"inLanguage\":\"es\"},{\"@type\":\"Person\",\"@id\":\"https:\\\/\\\/www.copealcoy.es\\\/es\\\/#\\\/schema\\\/person\\\/e777c87fa024e57d40170af9df39882c\",\"name\":\"Cope Alcoy\",\"image\":{\"@type\":\"ImageObject\",\"inLanguage\":\"es\",\"@id\":\"https:\\\/\\\/secure.gravatar.com\\\/avatar\\\/bb65d0283347e303893ba14f0692005417c1e0e690a325a4c5d8bb2b3943ee14?s=96&d=mm&r=g\",\"url\":\"https:\\\/\\\/secure.gravatar.com\\\/avatar\\\/bb65d0283347e303893ba14f0692005417c1e0e690a325a4c5d8bb2b3943ee14?s=96&d=mm&r=g\",\"contentUrl\":\"https:\\\/\\\/secure.gravatar.com\\\/avatar\\\/bb65d0283347e303893ba14f0692005417c1e0e690a325a4c5d8bb2b3943ee14?s=96&d=mm&r=g\",\"caption\":\"Cope Alcoy\"}}]}<\/script>\n<!-- \/ Yoast SEO plugin. -->","yoast_head_json":{"title":"14 sancions en un dia per incomplir amb l'\u00fas de la mascareta - COPE Alcoy","robots":{"index":"index","follow":"follow","max-snippet":"max-snippet:-1","max-image-preview":"max-image-preview:large","max-video-preview":"max-video-preview:-1"},"canonical":"https:\/\/www.copealcoy.es\/es\/14-sancions-en-un-dia-per-incomplir-amb-lus-de-la-mascareta\/","og_locale":"es_ES","og_type":"article","og_title":"14 sancions en un dia per incomplir amb l'\u00fas de la mascareta - COPE Alcoy","og_description":"La Policia Local d&#8217;Alcoi ha interposat, en tan sols un dia, sancions a 14 persones per incomplir l&#8217;\u00fas de la...","og_url":"https:\/\/www.copealcoy.es\/es\/14-sancions-en-un-dia-per-incomplir-amb-lus-de-la-mascareta\/","og_site_name":"COPE Alcoy","article_published_time":"2020-07-24T12:12:39+00:00","article_modified_time":"2020-07-24T12:15:03+00:00","og_image":[{"width":907,"height":478,"url":"https:\/\/www.copealcoy.es\/wp-content\/uploads\/2020\/04\/1586765176854-e1586879293792-1.jpg","type":"image\/jpeg"}],"author":"Cope Alcoy","twitter_misc":{"Escrito por":"Cope Alcoy","Tiempo de lectura":"1 minuto"},"schema":{"@context":"https:\/\/schema.org","@graph":[{"@type":"Article","@id":"https:\/\/www.copealcoy.es\/es\/14-sancions-en-un-dia-per-incomplir-amb-lus-de-la-mascareta\/#article","isPartOf":{"@id":"https:\/\/www.copealcoy.es\/es\/14-sancions-en-un-dia-per-incomplir-amb-lus-de-la-mascareta\/"},"author":{"name":"Cope Alcoy","@id":"https:\/\/www.copealcoy.es\/es\/#\/schema\/person\/e777c87fa024e57d40170af9df39882c"},"headline":"14 sancions en un dia per incomplir amb l&#8217;\u00fas de la mascareta","datePublished":"2020-07-24T12:12:39+00:00","dateModified":"2020-07-24T12:15:03+00:00","mainEntityOfPage":{"@id":"https:\/\/www.copealcoy.es\/es\/14-sancions-en-un-dia-per-incomplir-amb-lus-de-la-mascareta\/"},"wordCount":303,"commentCount":0,"image":{"@id":"https:\/\/www.copealcoy.es\/es\/14-sancions-en-un-dia-per-incomplir-amb-lus-de-la-mascareta\/#primaryimage"},"thumbnailUrl":"https:\/\/www.copealcoy.es\/wp-content\/uploads\/2020\/04\/1586765176854-e1586879293792-1.jpg","keywords":["14 sancions","Alcoi","incompliment","Mascareta","\u00fas obligatori"],"articleSection":["Actualidad","Alcoy","Noticias"],"inLanguage":"es"},{"@type":"WebPage","@id":"https:\/\/www.copealcoy.es\/es\/14-sancions-en-un-dia-per-incomplir-amb-lus-de-la-mascareta\/","url":"https:\/\/www.copealcoy.es\/es\/14-sancions-en-un-dia-per-incomplir-amb-lus-de-la-mascareta\/","name":"14 sancions en un dia per incomplir amb l'\u00fas de la mascareta - COPE Alcoy","isPartOf":{"@id":"https:\/\/www.copealcoy.es\/es\/#website"},"primaryImageOfPage":{"@id":"https:\/\/www.copealcoy.es\/es\/14-sancions-en-un-dia-per-incomplir-amb-lus-de-la-mascareta\/#primaryimage"},"image":{"@id":"https:\/\/www.copealcoy.es\/es\/14-sancions-en-un-dia-per-incomplir-amb-lus-de-la-mascareta\/#primaryimage"},"thumbnailUrl":"https:\/\/www.copealcoy.es\/wp-content\/uploads\/2020\/04\/1586765176854-e1586879293792-1.jpg","datePublished":"2020-07-24T12:12:39+00:00","dateModified":"2020-07-24T12:15:03+00:00","author":{"@id":"https:\/\/www.copealcoy.es\/es\/#\/schema\/person\/e777c87fa024e57d40170af9df39882c"},"breadcrumb":{"@id":"https:\/\/www.copealcoy.es\/es\/14-sancions-en-un-dia-per-incomplir-amb-lus-de-la-mascareta\/#breadcrumb"},"inLanguage":"es","potentialAction":[{"@type":"ReadAction","target":["https:\/\/www.copealcoy.es\/es\/14-sancions-en-un-dia-per-incomplir-amb-lus-de-la-mascareta\/"]}]},{"@type":"ImageObject","inLanguage":"es","@id":"https:\/\/www.copealcoy.es\/es\/14-sancions-en-un-dia-per-incomplir-amb-lus-de-la-mascareta\/#primaryimage","url":"https:\/\/www.copealcoy.es\/wp-content\/uploads\/2020\/04\/1586765176854-e1586879293792-1.jpg","contentUrl":"https:\/\/www.copealcoy.es\/wp-content\/uploads\/2020\/04\/1586765176854-e1586879293792-1.jpg","width":907,"height":478},{"@type":"BreadcrumbList","@id":"https:\/\/www.copealcoy.es\/es\/14-sancions-en-un-dia-per-incomplir-amb-lus-de-la-mascareta\/#breadcrumb","itemListElement":[{"@type":"ListItem","position":1,"name":"Portada","item":"https:\/\/www.copealcoy.es\/es\/"},{"@type":"ListItem","position":2,"name":"14 sancions en un dia per incomplir amb l&#8217;\u00fas de la mascareta"}]},{"@type":"WebSite","@id":"https:\/\/www.copealcoy.es\/es\/#website","url":"https:\/\/www.copealcoy.es\/es\/","name":"COPE Alcoy","description":"Emisora COPE de radio local con emisi\u00f3n online. Pont de Sant Jordi 8-10 03803 Alcoy","potentialAction":[{"@type":"SearchAction","target":{"@type":"EntryPoint","urlTemplate":"https:\/\/www.copealcoy.es\/es\/?s={search_term_string}"},"query-input":{"@type":"PropertyValueSpecification","valueRequired":true,"valueName":"search_term_string"}}],"inLanguage":"es"},{"@type":"Person","@id":"https:\/\/www.copealcoy.es\/es\/#\/schema\/person\/e777c87fa024e57d40170af9df39882c","name":"Cope Alcoy","image":{"@type":"ImageObject","inLanguage":"es","@id":"https:\/\/secure.gravatar.com\/avatar\/bb65d0283347e303893ba14f0692005417c1e0e690a325a4c5d8bb2b3943ee14?s=96&d=mm&r=g","url":"https:\/\/secure.gravatar.com\/avatar\/bb65d0283347e303893ba14f0692005417c1e0e690a325a4c5d8bb2b3943ee14?s=96&d=mm&r=g","contentUrl":"https:\/\/secure.gravatar.com\/avatar\/bb65d0283347e303893ba14f0692005417c1e0e690a325a4c5d8bb2b3943ee14?s=96&d=mm&r=g","caption":"Cope Alcoy"}}]}},"_links":{"self":[{"href":"https:\/\/www.copealcoy.es\/es\/wp-json\/wp\/v2\/posts\/63791","targetHints":{"allow":["GET"]}}],"collection":[{"href":"https:\/\/www.copealcoy.es\/es\/wp-json\/wp\/v2\/posts"}],"about":[{"href":"https:\/\/www.copealcoy.es\/es\/wp-json\/wp\/v2\/types\/post"}],"author":[{"embeddable":true,"href":"https:\/\/www.copealcoy.es\/es\/wp-json\/wp\/v2\/users\/1"}],"replies":[{"embeddable":true,"href":"https:\/\/www.copealcoy.es\/es\/wp-json\/wp\/v2\/comments?post=63791"}],"version-history":[{"count":0,"href":"https:\/\/www.copealcoy.es\/es\/wp-json\/wp\/v2\/posts\/63791\/revisions"}],"wp:featuredmedia":[{"embeddable":true,"href":"https:\/\/www.copealcoy.es\/es\/wp-json\/wp\/v2\/media\/61832"}],"wp:attachment":[{"href":"https:\/\/www.copealcoy.es\/es\/wp-json\/wp\/v2\/media?parent=63791"}],"wp:term":[{"taxonomy":"category","embeddable":true,"href":"https:\/\/www.copealcoy.es\/es\/wp-json\/wp\/v2\/categories?post=63791"},{"taxonomy":"post_tag","embeddable":true,"href":"https:\/\/www.copealcoy.es\/es\/wp-json\/wp\/v2\/tags?post=63791"}],"curies":[{"name":"wp","href":"https:\/\/api.w.org\/{rel}","templated":true}]}}