{"id":63707,"date":"2020-07-20T17:40:03","date_gmt":"2020-07-20T17:40:03","guid":{"rendered":"https:\/\/www.copealcoy.es\/?p=63707"},"modified":"2020-07-23T17:01:06","modified_gmt":"2020-07-23T17:01:06","slug":"prorrogat-un-any-mes-el-contracte-del-bus-dalcoi","status":"publish","type":"post","link":"https:\/\/www.copealcoy.es\/es\/prorrogat-un-any-mes-el-contracte-del-bus-dalcoi\/","title":{"rendered":"Prorrogat un any m\u00e9s el contracte del bus d&#8217;Alcoi"},"content":{"rendered":"<p style=\"text-align: justify;\"><span style=\"font-size: inherit;\">El <strong>ple de l&#8217;Ajuntament d&#8217;Alcoi<\/strong> ha aprovat aquest dilluns <strong>prorrogar el contracte del servei de l&#8217;autob\u00fas urb\u00e0<\/strong> durant un any m\u00e9s. La proposta va comptar amb <strong>el vot favorable del Govern Municipal del PSOE<\/strong> mentre que <strong>Partit Popular, Ciutadans, Podem Alcoi i Vox es van abstenir<\/strong>. Per la seua banda <strong>Comprom\u00eds i Guanyar van votar en contra<\/strong> perqu\u00e8 <strong>no comparteixen molts dels arguments defesos pels socialistes<\/strong> durant la sessi\u00f3 plen\u00e0ria per a aconseguir el suport en aquesta pr\u00f2rroga.<\/span><\/p>\n<p>Aquest contracte amb Vectalia&nbsp;<strong>caducava el mateix 20 de juliol<\/strong> i els socialistes asseguren que <strong>era necessari ampliar el mateix&nbsp;un any m\u00e9s<\/strong> per a tindre temps a <strong>preparar la nova licitaci\u00f3<\/strong>. En aquest sentit el regidor de Mobilitat, <strong>Jordi Mart\u00ednez<\/strong>, va explicar els motius que han portat al fet que <strong>el contracte encara no estiga damunt de la taula<\/strong> &#8220;<em>la crisi del Coronavirus ens ha obligat a aturar el proc\u00e9s i encara queden moltes coses a fer com per exemple finalitzar les enquestes de la ciutadania<\/em>&#8220;, assegura.<\/p>\n<p>Des de l&#8217;oposici\u00f3&nbsp;<strong>el PP<\/strong> considera que <strong>el Govern Municipal ha actuat amb falta de previsi\u00f3<\/strong> i ha consentit que el contracte arribara al dia de la seua caducitat sense tindre el nou plec de condicions preparat. Per la seua banda <strong>Comprom\u00eds Alcoi creu que era necessari introduir canvis en la f\u00f3rmula econ\u00f2mica del contracte<\/strong> perqu\u00e8 aquest no supose una gran despesa per als alcoians mentre que <strong>Guanyar Alcoi pensa que el servei del bus acumula importants defici\u00e8ncies<\/strong> des que fou privatitzat ara fa vint anys.<\/p>\n","protected":false},"excerpt":{"rendered":"<p>El ple de l&#8217;Ajuntament d&#8217;Alcoi ha aprovat aquest dilluns prorrogar el contracte del servei de l&#8217;autob\u00fas urb\u00e0 durant un any&#8230;<\/p>\n","protected":false},"author":1,"featured_media":58629,"comment_status":"open","ping_status":"open","sticky":false,"template":"","format":"standard","meta":{"footnotes":""},"categories":[97,75,79,125],"tags":[160,7849,7848,927,7847],"class_list":["post-63707","post","type-post","status-publish","format-standard","has-post-thumbnail","hentry","category-alcoy","category-noticias","category-politicayeconomia","category-portada","tag-alcoi","tag-bus-urba","tag-contracte","tag-jordi-martinez","tag-prorroga"],"yoast_head":"<!-- This site is optimized with the Yoast SEO plugin v27.3 - https:\/\/yoast.com\/product\/yoast-seo-wordpress\/ -->\n<title>Prorrogat un any m\u00e9s el contracte del bus d&#039;Alcoi - COPE Alcoy<\/title>\n<meta name=\"robots\" content=\"index, follow, max-snippet:-1, max-image-preview:large, max-video-preview:-1\" \/>\n<link rel=\"canonical\" href=\"https:\/\/www.copealcoy.es\/es\/prorrogat-un-any-mes-el-contracte-del-bus-dalcoi\/\" \/>\n<meta property=\"og:locale\" content=\"es_ES\" \/>\n<meta property=\"og:type\" content=\"article\" \/>\n<meta property=\"og:title\" content=\"Prorrogat un any m\u00e9s el contracte del bus d&#039;Alcoi - COPE Alcoy\" \/>\n<meta property=\"og:description\" content=\"El ple de l&#8217;Ajuntament d&#8217;Alcoi ha aprovat aquest dilluns prorrogar el contracte del servei de l&#8217;autob\u00fas urb\u00e0 durant un any...\" \/>\n<meta property=\"og:url\" content=\"https:\/\/www.copealcoy.es\/es\/prorrogat-un-any-mes-el-contracte-del-bus-dalcoi\/\" \/>\n<meta property=\"og:site_name\" content=\"COPE Alcoy\" \/>\n<meta property=\"article:published_time\" content=\"2020-07-20T17:40:03+00:00\" \/>\n<meta property=\"article:modified_time\" content=\"2020-07-23T17:01:06+00:00\" \/>\n<meta property=\"og:image\" content=\"https:\/\/www.copealcoy.es\/wp-content\/uploads\/2020\/01\/MICROBUS2-e1578496572192-1-scaled.jpg\" \/>\n\t<meta property=\"og:image:width\" content=\"2560\" \/>\n\t<meta property=\"og:image:height\" content=\"1527\" \/>\n\t<meta property=\"og:image:type\" content=\"image\/jpeg\" \/>\n<meta name=\"author\" content=\"Cope Alcoy\" \/>\n<meta name=\"twitter:label1\" content=\"Escrito por\" \/>\n\t<meta name=\"twitter:data1\" content=\"Cope Alcoy\" \/>\n\t<meta name=\"twitter:label2\" content=\"Tiempo de lectura\" \/>\n\t<meta name=\"twitter:data2\" content=\"1 minuto\" \/>\n<script type=\"application\/ld+json\" class=\"yoast-schema-graph\">{\"@context\":\"https:\\\/\\\/schema.org\",\"@graph\":[{\"@type\":\"Article\",\"@id\":\"https:\\\/\\\/www.copealcoy.es\\\/es\\\/prorrogat-un-any-mes-el-contracte-del-bus-dalcoi\\\/#article\",\"isPartOf\":{\"@id\":\"https:\\\/\\\/www.copealcoy.es\\\/es\\\/prorrogat-un-any-mes-el-contracte-del-bus-dalcoi\\\/\"},\"author\":{\"name\":\"Cope Alcoy\",\"@id\":\"https:\\\/\\\/www.copealcoy.es\\\/es\\\/#\\\/schema\\\/person\\\/e777c87fa024e57d40170af9df39882c\"},\"headline\":\"Prorrogat un any m\u00e9s el contracte del bus d&#8217;Alcoi\",\"datePublished\":\"2020-07-20T17:40:03+00:00\",\"dateModified\":\"2020-07-23T17:01:06+00:00\",\"mainEntityOfPage\":{\"@id\":\"https:\\\/\\\/www.copealcoy.es\\\/es\\\/prorrogat-un-any-mes-el-contracte-del-bus-dalcoi\\\/\"},\"wordCount\":281,\"commentCount\":0,\"image\":{\"@id\":\"https:\\\/\\\/www.copealcoy.es\\\/es\\\/prorrogat-un-any-mes-el-contracte-del-bus-dalcoi\\\/#primaryimage\"},\"thumbnailUrl\":\"https:\\\/\\\/www.copealcoy.es\\\/wp-content\\\/uploads\\\/2020\\\/01\\\/MICROBUS2-e1578496572192-1-scaled.jpg\",\"keywords\":[\"Alcoi\",\"bus urb\u00e0\",\"contracte\",\"Jordi Mart\u00ednez\",\"pr\u00f2rroga\"],\"articleSection\":[\"Alcoy\",\"Noticias\",\"Pol\u00edtica y Econom\u00eda\",\"Portada\"],\"inLanguage\":\"es\"},{\"@type\":\"WebPage\",\"@id\":\"https:\\\/\\\/www.copealcoy.es\\\/es\\\/prorrogat-un-any-mes-el-contracte-del-bus-dalcoi\\\/\",\"url\":\"https:\\\/\\\/www.copealcoy.es\\\/es\\\/prorrogat-un-any-mes-el-contracte-del-bus-dalcoi\\\/\",\"name\":\"Prorrogat un any m\u00e9s el contracte del bus d'Alcoi - COPE Alcoy\",\"isPartOf\":{\"@id\":\"https:\\\/\\\/www.copealcoy.es\\\/es\\\/#website\"},\"primaryImageOfPage\":{\"@id\":\"https:\\\/\\\/www.copealcoy.es\\\/es\\\/prorrogat-un-any-mes-el-contracte-del-bus-dalcoi\\\/#primaryimage\"},\"image\":{\"@id\":\"https:\\\/\\\/www.copealcoy.es\\\/es\\\/prorrogat-un-any-mes-el-contracte-del-bus-dalcoi\\\/#primaryimage\"},\"thumbnailUrl\":\"https:\\\/\\\/www.copealcoy.es\\\/wp-content\\\/uploads\\\/2020\\\/01\\\/MICROBUS2-e1578496572192-1-scaled.jpg\",\"datePublished\":\"2020-07-20T17:40:03+00:00\",\"dateModified\":\"2020-07-23T17:01:06+00:00\",\"author\":{\"@id\":\"https:\\\/\\\/www.copealcoy.es\\\/es\\\/#\\\/schema\\\/person\\\/e777c87fa024e57d40170af9df39882c\"},\"breadcrumb\":{\"@id\":\"https:\\\/\\\/www.copealcoy.es\\\/es\\\/prorrogat-un-any-mes-el-contracte-del-bus-dalcoi\\\/#breadcrumb\"},\"inLanguage\":\"es\",\"potentialAction\":[{\"@type\":\"ReadAction\",\"target\":[\"https:\\\/\\\/www.copealcoy.es\\\/es\\\/prorrogat-un-any-mes-el-contracte-del-bus-dalcoi\\\/\"]}]},{\"@type\":\"ImageObject\",\"inLanguage\":\"es\",\"@id\":\"https:\\\/\\\/www.copealcoy.es\\\/es\\\/prorrogat-un-any-mes-el-contracte-del-bus-dalcoi\\\/#primaryimage\",\"url\":\"https:\\\/\\\/www.copealcoy.es\\\/wp-content\\\/uploads\\\/2020\\\/01\\\/MICROBUS2-e1578496572192-1-scaled.jpg\",\"contentUrl\":\"https:\\\/\\\/www.copealcoy.es\\\/wp-content\\\/uploads\\\/2020\\\/01\\\/MICROBUS2-e1578496572192-1-scaled.jpg\",\"width\":2560,\"height\":1527,\"caption\":\"Uno de los autobuses urbanos que recorre las calles de Alcoy \\\/ Foto: Ajuntament d'Alcoi\"},{\"@type\":\"BreadcrumbList\",\"@id\":\"https:\\\/\\\/www.copealcoy.es\\\/es\\\/prorrogat-un-any-mes-el-contracte-del-bus-dalcoi\\\/#breadcrumb\",\"itemListElement\":[{\"@type\":\"ListItem\",\"position\":1,\"name\":\"Portada\",\"item\":\"https:\\\/\\\/www.copealcoy.es\\\/es\\\/\"},{\"@type\":\"ListItem\",\"position\":2,\"name\":\"Prorrogat un any m\u00e9s el contracte del bus d&#8217;Alcoi\"}]},{\"@type\":\"WebSite\",\"@id\":\"https:\\\/\\\/www.copealcoy.es\\\/es\\\/#website\",\"url\":\"https:\\\/\\\/www.copealcoy.es\\\/es\\\/\",\"name\":\"COPE Alcoy\",\"description\":\"Emisora COPE de radio local con emisi\u00f3n online. Pont de Sant Jordi 8-10 03803 Alcoy\",\"potentialAction\":[{\"@type\":\"SearchAction\",\"target\":{\"@type\":\"EntryPoint\",\"urlTemplate\":\"https:\\\/\\\/www.copealcoy.es\\\/es\\\/?s={search_term_string}\"},\"query-input\":{\"@type\":\"PropertyValueSpecification\",\"valueRequired\":true,\"valueName\":\"search_term_string\"}}],\"inLanguage\":\"es\"},{\"@type\":\"Person\",\"@id\":\"https:\\\/\\\/www.copealcoy.es\\\/es\\\/#\\\/schema\\\/person\\\/e777c87fa024e57d40170af9df39882c\",\"name\":\"Cope Alcoy\",\"image\":{\"@type\":\"ImageObject\",\"inLanguage\":\"es\",\"@id\":\"https:\\\/\\\/secure.gravatar.com\\\/avatar\\\/bb65d0283347e303893ba14f0692005417c1e0e690a325a4c5d8bb2b3943ee14?s=96&d=mm&r=g\",\"url\":\"https:\\\/\\\/secure.gravatar.com\\\/avatar\\\/bb65d0283347e303893ba14f0692005417c1e0e690a325a4c5d8bb2b3943ee14?s=96&d=mm&r=g\",\"contentUrl\":\"https:\\\/\\\/secure.gravatar.com\\\/avatar\\\/bb65d0283347e303893ba14f0692005417c1e0e690a325a4c5d8bb2b3943ee14?s=96&d=mm&r=g\",\"caption\":\"Cope Alcoy\"}}]}<\/script>\n<!-- \/ Yoast SEO plugin. -->","yoast_head_json":{"title":"Prorrogat un any m\u00e9s el contracte del bus d'Alcoi - COPE Alcoy","robots":{"index":"index","follow":"follow","max-snippet":"max-snippet:-1","max-image-preview":"max-image-preview:large","max-video-preview":"max-video-preview:-1"},"canonical":"https:\/\/www.copealcoy.es\/es\/prorrogat-un-any-mes-el-contracte-del-bus-dalcoi\/","og_locale":"es_ES","og_type":"article","og_title":"Prorrogat un any m\u00e9s el contracte del bus d'Alcoi - COPE Alcoy","og_description":"El ple de l&#8217;Ajuntament d&#8217;Alcoi ha aprovat aquest dilluns prorrogar el contracte del servei de l&#8217;autob\u00fas urb\u00e0 durant un any...","og_url":"https:\/\/www.copealcoy.es\/es\/prorrogat-un-any-mes-el-contracte-del-bus-dalcoi\/","og_site_name":"COPE Alcoy","article_published_time":"2020-07-20T17:40:03+00:00","article_modified_time":"2020-07-23T17:01:06+00:00","og_image":[{"width":2560,"height":1527,"url":"https:\/\/www.copealcoy.es\/wp-content\/uploads\/2020\/01\/MICROBUS2-e1578496572192-1-scaled.jpg","type":"image\/jpeg"}],"author":"Cope Alcoy","twitter_misc":{"Escrito por":"Cope Alcoy","Tiempo de lectura":"1 minuto"},"schema":{"@context":"https:\/\/schema.org","@graph":[{"@type":"Article","@id":"https:\/\/www.copealcoy.es\/es\/prorrogat-un-any-mes-el-contracte-del-bus-dalcoi\/#article","isPartOf":{"@id":"https:\/\/www.copealcoy.es\/es\/prorrogat-un-any-mes-el-contracte-del-bus-dalcoi\/"},"author":{"name":"Cope Alcoy","@id":"https:\/\/www.copealcoy.es\/es\/#\/schema\/person\/e777c87fa024e57d40170af9df39882c"},"headline":"Prorrogat un any m\u00e9s el contracte del bus d&#8217;Alcoi","datePublished":"2020-07-20T17:40:03+00:00","dateModified":"2020-07-23T17:01:06+00:00","mainEntityOfPage":{"@id":"https:\/\/www.copealcoy.es\/es\/prorrogat-un-any-mes-el-contracte-del-bus-dalcoi\/"},"wordCount":281,"commentCount":0,"image":{"@id":"https:\/\/www.copealcoy.es\/es\/prorrogat-un-any-mes-el-contracte-del-bus-dalcoi\/#primaryimage"},"thumbnailUrl":"https:\/\/www.copealcoy.es\/wp-content\/uploads\/2020\/01\/MICROBUS2-e1578496572192-1-scaled.jpg","keywords":["Alcoi","bus urb\u00e0","contracte","Jordi Mart\u00ednez","pr\u00f2rroga"],"articleSection":["Alcoy","Noticias","Pol\u00edtica y Econom\u00eda","Portada"],"inLanguage":"es"},{"@type":"WebPage","@id":"https:\/\/www.copealcoy.es\/es\/prorrogat-un-any-mes-el-contracte-del-bus-dalcoi\/","url":"https:\/\/www.copealcoy.es\/es\/prorrogat-un-any-mes-el-contracte-del-bus-dalcoi\/","name":"Prorrogat un any m\u00e9s el contracte del bus d'Alcoi - COPE Alcoy","isPartOf":{"@id":"https:\/\/www.copealcoy.es\/es\/#website"},"primaryImageOfPage":{"@id":"https:\/\/www.copealcoy.es\/es\/prorrogat-un-any-mes-el-contracte-del-bus-dalcoi\/#primaryimage"},"image":{"@id":"https:\/\/www.copealcoy.es\/es\/prorrogat-un-any-mes-el-contracte-del-bus-dalcoi\/#primaryimage"},"thumbnailUrl":"https:\/\/www.copealcoy.es\/wp-content\/uploads\/2020\/01\/MICROBUS2-e1578496572192-1-scaled.jpg","datePublished":"2020-07-20T17:40:03+00:00","dateModified":"2020-07-23T17:01:06+00:00","author":{"@id":"https:\/\/www.copealcoy.es\/es\/#\/schema\/person\/e777c87fa024e57d40170af9df39882c"},"breadcrumb":{"@id":"https:\/\/www.copealcoy.es\/es\/prorrogat-un-any-mes-el-contracte-del-bus-dalcoi\/#breadcrumb"},"inLanguage":"es","potentialAction":[{"@type":"ReadAction","target":["https:\/\/www.copealcoy.es\/es\/prorrogat-un-any-mes-el-contracte-del-bus-dalcoi\/"]}]},{"@type":"ImageObject","inLanguage":"es","@id":"https:\/\/www.copealcoy.es\/es\/prorrogat-un-any-mes-el-contracte-del-bus-dalcoi\/#primaryimage","url":"https:\/\/www.copealcoy.es\/wp-content\/uploads\/2020\/01\/MICROBUS2-e1578496572192-1-scaled.jpg","contentUrl":"https:\/\/www.copealcoy.es\/wp-content\/uploads\/2020\/01\/MICROBUS2-e1578496572192-1-scaled.jpg","width":2560,"height":1527,"caption":"Uno de los autobuses urbanos que recorre las calles de Alcoy \/ Foto: Ajuntament d'Alcoi"},{"@type":"BreadcrumbList","@id":"https:\/\/www.copealcoy.es\/es\/prorrogat-un-any-mes-el-contracte-del-bus-dalcoi\/#breadcrumb","itemListElement":[{"@type":"ListItem","position":1,"name":"Portada","item":"https:\/\/www.copealcoy.es\/es\/"},{"@type":"ListItem","position":2,"name":"Prorrogat un any m\u00e9s el contracte del bus d&#8217;Alcoi"}]},{"@type":"WebSite","@id":"https:\/\/www.copealcoy.es\/es\/#website","url":"https:\/\/www.copealcoy.es\/es\/","name":"COPE Alcoy","description":"Emisora COPE de radio local con emisi\u00f3n online. Pont de Sant Jordi 8-10 03803 Alcoy","potentialAction":[{"@type":"SearchAction","target":{"@type":"EntryPoint","urlTemplate":"https:\/\/www.copealcoy.es\/es\/?s={search_term_string}"},"query-input":{"@type":"PropertyValueSpecification","valueRequired":true,"valueName":"search_term_string"}}],"inLanguage":"es"},{"@type":"Person","@id":"https:\/\/www.copealcoy.es\/es\/#\/schema\/person\/e777c87fa024e57d40170af9df39882c","name":"Cope Alcoy","image":{"@type":"ImageObject","inLanguage":"es","@id":"https:\/\/secure.gravatar.com\/avatar\/bb65d0283347e303893ba14f0692005417c1e0e690a325a4c5d8bb2b3943ee14?s=96&d=mm&r=g","url":"https:\/\/secure.gravatar.com\/avatar\/bb65d0283347e303893ba14f0692005417c1e0e690a325a4c5d8bb2b3943ee14?s=96&d=mm&r=g","contentUrl":"https:\/\/secure.gravatar.com\/avatar\/bb65d0283347e303893ba14f0692005417c1e0e690a325a4c5d8bb2b3943ee14?s=96&d=mm&r=g","caption":"Cope Alcoy"}}]}},"_links":{"self":[{"href":"https:\/\/www.copealcoy.es\/es\/wp-json\/wp\/v2\/posts\/63707","targetHints":{"allow":["GET"]}}],"collection":[{"href":"https:\/\/www.copealcoy.es\/es\/wp-json\/wp\/v2\/posts"}],"about":[{"href":"https:\/\/www.copealcoy.es\/es\/wp-json\/wp\/v2\/types\/post"}],"author":[{"embeddable":true,"href":"https:\/\/www.copealcoy.es\/es\/wp-json\/wp\/v2\/users\/1"}],"replies":[{"embeddable":true,"href":"https:\/\/www.copealcoy.es\/es\/wp-json\/wp\/v2\/comments?post=63707"}],"version-history":[{"count":0,"href":"https:\/\/www.copealcoy.es\/es\/wp-json\/wp\/v2\/posts\/63707\/revisions"}],"wp:featuredmedia":[{"embeddable":true,"href":"https:\/\/www.copealcoy.es\/es\/wp-json\/wp\/v2\/media\/58629"}],"wp:attachment":[{"href":"https:\/\/www.copealcoy.es\/es\/wp-json\/wp\/v2\/media?parent=63707"}],"wp:term":[{"taxonomy":"category","embeddable":true,"href":"https:\/\/www.copealcoy.es\/es\/wp-json\/wp\/v2\/categories?post=63707"},{"taxonomy":"post_tag","embeddable":true,"href":"https:\/\/www.copealcoy.es\/es\/wp-json\/wp\/v2\/tags?post=63707"}],"curies":[{"name":"wp","href":"https:\/\/api.w.org\/{rel}","templated":true}]}}