{"id":63535,"date":"2020-07-02T10:32:43","date_gmt":"2020-07-02T10:32:43","guid":{"rendered":"https:\/\/www.copealcoy.es\/?p=63535"},"modified":"2020-07-02T10:32:43","modified_gmt":"2020-07-02T10:32:43","slug":"presentan-la-revista-y-el-cartel-anunciador-de-las-fiestas-de-la-mareta","status":"publish","type":"post","link":"https:\/\/www.copealcoy.es\/es\/presentan-la-revista-y-el-cartel-anunciador-de-las-fiestas-de-la-mareta\/","title":{"rendered":"Presentan la revista y el cartel anunciador de las Fiestas de la Mareta"},"content":{"rendered":"<p style=\"text-align: justify;\">La <strong>Parroquia de Santa Mar\u00eda de Cocentaina<\/strong> acogi\u00f3 en la tarde del pasado viernes 26 de junio <strong>la presentaci\u00f3n del cartel anunciador y de la revista de las Fiestas Patronales de la Mare de D\u00e9u del Miracle<\/strong>, un acto que se desarroll\u00f3 <strong>de forma in\u00e9dita<\/strong> iniciado ya el verano a causa de la situaci\u00f3n sanitaria generada en los \u00faltimos meses por la crisis del Coronavirus.<\/p>\n<p style=\"text-align: justify;\">Hay que destacar que <strong>estas presentaciones estaban previstas para finales del mes marzo en el Monasterio de las Clarisas<\/strong> pero el decreto de Estado de Alarma para frenar la evoluci\u00f3n de la pandemia <strong>oblig\u00f3 a suspender toda la programaci\u00f3n<\/strong> que se hab\u00eda organizado con motivo de los festejos en honor a la Mareta. En cuanto al cartel cabe mencionar que<strong> ha sido creado por la artista contestana Mari Luz Morant<\/strong> y en el mismo <strong>se ha empleado la t\u00e9cnica del \u2018socarrat\u2019<\/strong> para reproducir sobre azulejos a la imagen de la Mare de D\u00e9u y a <strong>los que la portan cada a\u00f1o<\/strong> por las calles de la Villa Condal \u201c<em>he querido rendir un homenaje a los Maseros que la llevan sobre sus hombros en la ma\u00f1ana del 19 de abril as\u00ed como a todas aquellas personas que la portaron en andas durante las romer\u00edas que se hicieron en oto\u00f1o por todo el pueblo para celebrar el V Centenario del milagro de la Virgen<\/em>\u201d, afirm\u00f3 la autora.<\/p>\n<p style=\"text-align: justify;\">Por su parte la revista cuenta con una fotograf\u00eda en su portada en la que e<strong>l icono de la Mare de D\u00e9u del Miracle y su corona son los protagonistas<\/strong>, una imagen simb\u00f3lica que hace referencia al citado <strong>V Centenario del milagro de las 27 l\u00e1grimas de sangre<\/strong> y a <strong>los 100 a\u00f1os de la primera coronaci\u00f3n can\u00f3nica<\/strong> que se conmemoran en este 2020. La publicaci\u00f3n, coordinada un a\u00f1o m\u00e1s de forma laboriosa por <strong>Joanjo Llorens<\/strong>, incluye gran cantidad de art\u00edculos relacionados con la patrona y las Fiestas Patronales mientras que <strong>no falta una extensa cr\u00f3nica literaria y gr\u00e1fica<\/strong> de los actos celebrados hasta febrero dentro del A\u00f1o Santo concedido a Cocentaina por la Santa Sede para celebrar los 500 a\u00f1os del prodigio milagroso que marc\u00f3 el origen de la devoci\u00f3n hacia la Mareta.<\/p>\n<p style=\"text-align: justify;\">Apuntar que <strong>el cartel ha sido colocado en la fachada del Monasterio de la Mare de D\u00e9u del Miracle<\/strong> para que pueda ser contemplado por los contestanos y las contestanas mientras que <strong>la revista ya se puede adquirir<\/strong> en los quioscos as\u00ed como librer\u00edas del municipio.<\/p>\n","protected":false},"excerpt":{"rendered":"<p>La Parroquia de Santa Mar\u00eda de Cocentaina acogi\u00f3 en la tarde del pasado viernes 26 de junio la presentaci\u00f3n del&#8230;<\/p>\n","protected":false},"author":1,"featured_media":63536,"comment_status":"open","ping_status":"open","sticky":false,"template":"","format":"standard","meta":{"footnotes":""},"categories":[98,75],"tags":[3660,1984,864,1370,1035,1985],"class_list":["post-63535","post","type-post","status-publish","format-standard","has-post-thumbnail","hentry","category-comarcas","category-noticias","tag-cartel-anunciador","tag-mare-de-deu-del-miracle","tag-mareta","tag-presentacion","tag-revista","tag-v-centenario"],"yoast_head":"<!-- This site is optimized with the Yoast SEO plugin v27.3 - https:\/\/yoast.com\/product\/yoast-seo-wordpress\/ -->\n<title>Presentan la revista y el cartel anunciador de las Fiestas de la Mareta - COPE Alcoy<\/title>\n<meta name=\"robots\" content=\"index, follow, max-snippet:-1, max-image-preview:large, max-video-preview:-1\" \/>\n<link rel=\"canonical\" href=\"https:\/\/www.copealcoy.es\/es\/presentan-la-revista-y-el-cartel-anunciador-de-las-fiestas-de-la-mareta\/\" \/>\n<meta property=\"og:locale\" content=\"es_ES\" \/>\n<meta property=\"og:type\" content=\"article\" \/>\n<meta property=\"og:title\" content=\"Presentan la revista y el cartel anunciador de las Fiestas de la Mareta - COPE Alcoy\" \/>\n<meta property=\"og:description\" content=\"La Parroquia de Santa Mar\u00eda de Cocentaina acogi\u00f3 en la tarde del pasado viernes 26 de junio la presentaci\u00f3n del...\" \/>\n<meta property=\"og:url\" content=\"https:\/\/www.copealcoy.es\/es\/presentan-la-revista-y-el-cartel-anunciador-de-las-fiestas-de-la-mareta\/\" \/>\n<meta property=\"og:site_name\" content=\"COPE Alcoy\" \/>\n<meta property=\"article:published_time\" content=\"2020-07-02T10:32:43+00:00\" \/>\n<meta property=\"og:image\" content=\"https:\/\/www.copealcoy.es\/wp-content\/uploads\/2020\/07\/1-La-presentaci\u00f3n-tuvo-lugar-el-pasado-viernes-en-la-iglesia-de-Santa-Mar\u00eda-Foto-P\u00eda-Uni\u00f3n.jpg\" \/>\n\t<meta property=\"og:image:width\" content=\"960\" \/>\n\t<meta property=\"og:image:height\" content=\"720\" \/>\n\t<meta property=\"og:image:type\" content=\"image\/jpeg\" \/>\n<meta name=\"author\" content=\"Cope Alcoy\" \/>\n<meta name=\"twitter:label1\" content=\"Escrito por\" \/>\n\t<meta name=\"twitter:data1\" content=\"Cope Alcoy\" \/>\n\t<meta name=\"twitter:label2\" content=\"Tiempo de lectura\" \/>\n\t<meta name=\"twitter:data2\" content=\"2 minutos\" \/>\n<script type=\"application\/ld+json\" class=\"yoast-schema-graph\">{\"@context\":\"https:\\\/\\\/schema.org\",\"@graph\":[{\"@type\":\"Article\",\"@id\":\"https:\\\/\\\/www.copealcoy.es\\\/es\\\/presentan-la-revista-y-el-cartel-anunciador-de-las-fiestas-de-la-mareta\\\/#article\",\"isPartOf\":{\"@id\":\"https:\\\/\\\/www.copealcoy.es\\\/es\\\/presentan-la-revista-y-el-cartel-anunciador-de-las-fiestas-de-la-mareta\\\/\"},\"author\":{\"name\":\"Cope Alcoy\",\"@id\":\"https:\\\/\\\/www.copealcoy.es\\\/es\\\/#\\\/schema\\\/person\\\/e777c87fa024e57d40170af9df39882c\"},\"headline\":\"Presentan la revista y el cartel anunciador de las Fiestas de la Mareta\",\"datePublished\":\"2020-07-02T10:32:43+00:00\",\"mainEntityOfPage\":{\"@id\":\"https:\\\/\\\/www.copealcoy.es\\\/es\\\/presentan-la-revista-y-el-cartel-anunciador-de-las-fiestas-de-la-mareta\\\/\"},\"wordCount\":449,\"commentCount\":0,\"image\":{\"@id\":\"https:\\\/\\\/www.copealcoy.es\\\/es\\\/presentan-la-revista-y-el-cartel-anunciador-de-las-fiestas-de-la-mareta\\\/#primaryimage\"},\"thumbnailUrl\":\"https:\\\/\\\/www.copealcoy.es\\\/wp-content\\\/uploads\\\/2020\\\/07\\\/1-La-presentaci\u00f3n-tuvo-lugar-el-pasado-viernes-en-la-iglesia-de-Santa-Mar\u00eda-Foto-P\u00eda-Uni\u00f3n.jpg\",\"keywords\":[\"cartel anunciador\",\"Mare de D\u00e9u del Miracle\",\"Mareta\",\"presentaci\u00f3n\",\"Revista\",\"V Centenario\"],\"articleSection\":[\"Comarcas\",\"Noticias\"],\"inLanguage\":\"es\"},{\"@type\":\"WebPage\",\"@id\":\"https:\\\/\\\/www.copealcoy.es\\\/es\\\/presentan-la-revista-y-el-cartel-anunciador-de-las-fiestas-de-la-mareta\\\/\",\"url\":\"https:\\\/\\\/www.copealcoy.es\\\/es\\\/presentan-la-revista-y-el-cartel-anunciador-de-las-fiestas-de-la-mareta\\\/\",\"name\":\"Presentan la revista y el cartel anunciador de las Fiestas de la Mareta - COPE Alcoy\",\"isPartOf\":{\"@id\":\"https:\\\/\\\/www.copealcoy.es\\\/es\\\/#website\"},\"primaryImageOfPage\":{\"@id\":\"https:\\\/\\\/www.copealcoy.es\\\/es\\\/presentan-la-revista-y-el-cartel-anunciador-de-las-fiestas-de-la-mareta\\\/#primaryimage\"},\"image\":{\"@id\":\"https:\\\/\\\/www.copealcoy.es\\\/es\\\/presentan-la-revista-y-el-cartel-anunciador-de-las-fiestas-de-la-mareta\\\/#primaryimage\"},\"thumbnailUrl\":\"https:\\\/\\\/www.copealcoy.es\\\/wp-content\\\/uploads\\\/2020\\\/07\\\/1-La-presentaci\u00f3n-tuvo-lugar-el-pasado-viernes-en-la-iglesia-de-Santa-Mar\u00eda-Foto-P\u00eda-Uni\u00f3n.jpg\",\"datePublished\":\"2020-07-02T10:32:43+00:00\",\"author\":{\"@id\":\"https:\\\/\\\/www.copealcoy.es\\\/es\\\/#\\\/schema\\\/person\\\/e777c87fa024e57d40170af9df39882c\"},\"breadcrumb\":{\"@id\":\"https:\\\/\\\/www.copealcoy.es\\\/es\\\/presentan-la-revista-y-el-cartel-anunciador-de-las-fiestas-de-la-mareta\\\/#breadcrumb\"},\"inLanguage\":\"es\",\"potentialAction\":[{\"@type\":\"ReadAction\",\"target\":[\"https:\\\/\\\/www.copealcoy.es\\\/es\\\/presentan-la-revista-y-el-cartel-anunciador-de-las-fiestas-de-la-mareta\\\/\"]}]},{\"@type\":\"ImageObject\",\"inLanguage\":\"es\",\"@id\":\"https:\\\/\\\/www.copealcoy.es\\\/es\\\/presentan-la-revista-y-el-cartel-anunciador-de-las-fiestas-de-la-mareta\\\/#primaryimage\",\"url\":\"https:\\\/\\\/www.copealcoy.es\\\/wp-content\\\/uploads\\\/2020\\\/07\\\/1-La-presentaci\u00f3n-tuvo-lugar-el-pasado-viernes-en-la-iglesia-de-Santa-Mar\u00eda-Foto-P\u00eda-Uni\u00f3n.jpg\",\"contentUrl\":\"https:\\\/\\\/www.copealcoy.es\\\/wp-content\\\/uploads\\\/2020\\\/07\\\/1-La-presentaci\u00f3n-tuvo-lugar-el-pasado-viernes-en-la-iglesia-de-Santa-Mar\u00eda-Foto-P\u00eda-Uni\u00f3n.jpg\",\"width\":960,\"height\":720,\"caption\":\"La presentaci\u00f3n tuvo lugar el pasado viernes en la iglesia de Santa Mar\u00eda\\\/Foto P\u00eda Uni\u00f3n\"},{\"@type\":\"BreadcrumbList\",\"@id\":\"https:\\\/\\\/www.copealcoy.es\\\/es\\\/presentan-la-revista-y-el-cartel-anunciador-de-las-fiestas-de-la-mareta\\\/#breadcrumb\",\"itemListElement\":[{\"@type\":\"ListItem\",\"position\":1,\"name\":\"Portada\",\"item\":\"https:\\\/\\\/www.copealcoy.es\\\/es\\\/\"},{\"@type\":\"ListItem\",\"position\":2,\"name\":\"Presentan la revista y el cartel anunciador de las Fiestas de la Mareta\"}]},{\"@type\":\"WebSite\",\"@id\":\"https:\\\/\\\/www.copealcoy.es\\\/es\\\/#website\",\"url\":\"https:\\\/\\\/www.copealcoy.es\\\/es\\\/\",\"name\":\"COPE Alcoy\",\"description\":\"Emisora COPE de radio local con emisi\u00f3n online. Pont de Sant Jordi 8-10 03803 Alcoy\",\"potentialAction\":[{\"@type\":\"SearchAction\",\"target\":{\"@type\":\"EntryPoint\",\"urlTemplate\":\"https:\\\/\\\/www.copealcoy.es\\\/es\\\/?s={search_term_string}\"},\"query-input\":{\"@type\":\"PropertyValueSpecification\",\"valueRequired\":true,\"valueName\":\"search_term_string\"}}],\"inLanguage\":\"es\"},{\"@type\":\"Person\",\"@id\":\"https:\\\/\\\/www.copealcoy.es\\\/es\\\/#\\\/schema\\\/person\\\/e777c87fa024e57d40170af9df39882c\",\"name\":\"Cope Alcoy\",\"image\":{\"@type\":\"ImageObject\",\"inLanguage\":\"es\",\"@id\":\"https:\\\/\\\/secure.gravatar.com\\\/avatar\\\/bb65d0283347e303893ba14f0692005417c1e0e690a325a4c5d8bb2b3943ee14?s=96&d=mm&r=g\",\"url\":\"https:\\\/\\\/secure.gravatar.com\\\/avatar\\\/bb65d0283347e303893ba14f0692005417c1e0e690a325a4c5d8bb2b3943ee14?s=96&d=mm&r=g\",\"contentUrl\":\"https:\\\/\\\/secure.gravatar.com\\\/avatar\\\/bb65d0283347e303893ba14f0692005417c1e0e690a325a4c5d8bb2b3943ee14?s=96&d=mm&r=g\",\"caption\":\"Cope Alcoy\"}}]}<\/script>\n<!-- \/ Yoast SEO plugin. -->","yoast_head_json":{"title":"Presentan la revista y el cartel anunciador de las Fiestas de la Mareta - COPE Alcoy","robots":{"index":"index","follow":"follow","max-snippet":"max-snippet:-1","max-image-preview":"max-image-preview:large","max-video-preview":"max-video-preview:-1"},"canonical":"https:\/\/www.copealcoy.es\/es\/presentan-la-revista-y-el-cartel-anunciador-de-las-fiestas-de-la-mareta\/","og_locale":"es_ES","og_type":"article","og_title":"Presentan la revista y el cartel anunciador de las Fiestas de la Mareta - COPE Alcoy","og_description":"La Parroquia de Santa Mar\u00eda de Cocentaina acogi\u00f3 en la tarde del pasado viernes 26 de junio la presentaci\u00f3n del...","og_url":"https:\/\/www.copealcoy.es\/es\/presentan-la-revista-y-el-cartel-anunciador-de-las-fiestas-de-la-mareta\/","og_site_name":"COPE Alcoy","article_published_time":"2020-07-02T10:32:43+00:00","og_image":[{"width":960,"height":720,"url":"https:\/\/www.copealcoy.es\/wp-content\/uploads\/2020\/07\/1-La-presentaci\u00f3n-tuvo-lugar-el-pasado-viernes-en-la-iglesia-de-Santa-Mar\u00eda-Foto-P\u00eda-Uni\u00f3n.jpg","type":"image\/jpeg"}],"author":"Cope Alcoy","twitter_misc":{"Escrito por":"Cope Alcoy","Tiempo de lectura":"2 minutos"},"schema":{"@context":"https:\/\/schema.org","@graph":[{"@type":"Article","@id":"https:\/\/www.copealcoy.es\/es\/presentan-la-revista-y-el-cartel-anunciador-de-las-fiestas-de-la-mareta\/#article","isPartOf":{"@id":"https:\/\/www.copealcoy.es\/es\/presentan-la-revista-y-el-cartel-anunciador-de-las-fiestas-de-la-mareta\/"},"author":{"name":"Cope Alcoy","@id":"https:\/\/www.copealcoy.es\/es\/#\/schema\/person\/e777c87fa024e57d40170af9df39882c"},"headline":"Presentan la revista y el cartel anunciador de las Fiestas de la Mareta","datePublished":"2020-07-02T10:32:43+00:00","mainEntityOfPage":{"@id":"https:\/\/www.copealcoy.es\/es\/presentan-la-revista-y-el-cartel-anunciador-de-las-fiestas-de-la-mareta\/"},"wordCount":449,"commentCount":0,"image":{"@id":"https:\/\/www.copealcoy.es\/es\/presentan-la-revista-y-el-cartel-anunciador-de-las-fiestas-de-la-mareta\/#primaryimage"},"thumbnailUrl":"https:\/\/www.copealcoy.es\/wp-content\/uploads\/2020\/07\/1-La-presentaci\u00f3n-tuvo-lugar-el-pasado-viernes-en-la-iglesia-de-Santa-Mar\u00eda-Foto-P\u00eda-Uni\u00f3n.jpg","keywords":["cartel anunciador","Mare de D\u00e9u del Miracle","Mareta","presentaci\u00f3n","Revista","V Centenario"],"articleSection":["Comarcas","Noticias"],"inLanguage":"es"},{"@type":"WebPage","@id":"https:\/\/www.copealcoy.es\/es\/presentan-la-revista-y-el-cartel-anunciador-de-las-fiestas-de-la-mareta\/","url":"https:\/\/www.copealcoy.es\/es\/presentan-la-revista-y-el-cartel-anunciador-de-las-fiestas-de-la-mareta\/","name":"Presentan la revista y el cartel anunciador de las Fiestas de la Mareta - COPE Alcoy","isPartOf":{"@id":"https:\/\/www.copealcoy.es\/es\/#website"},"primaryImageOfPage":{"@id":"https:\/\/www.copealcoy.es\/es\/presentan-la-revista-y-el-cartel-anunciador-de-las-fiestas-de-la-mareta\/#primaryimage"},"image":{"@id":"https:\/\/www.copealcoy.es\/es\/presentan-la-revista-y-el-cartel-anunciador-de-las-fiestas-de-la-mareta\/#primaryimage"},"thumbnailUrl":"https:\/\/www.copealcoy.es\/wp-content\/uploads\/2020\/07\/1-La-presentaci\u00f3n-tuvo-lugar-el-pasado-viernes-en-la-iglesia-de-Santa-Mar\u00eda-Foto-P\u00eda-Uni\u00f3n.jpg","datePublished":"2020-07-02T10:32:43+00:00","author":{"@id":"https:\/\/www.copealcoy.es\/es\/#\/schema\/person\/e777c87fa024e57d40170af9df39882c"},"breadcrumb":{"@id":"https:\/\/www.copealcoy.es\/es\/presentan-la-revista-y-el-cartel-anunciador-de-las-fiestas-de-la-mareta\/#breadcrumb"},"inLanguage":"es","potentialAction":[{"@type":"ReadAction","target":["https:\/\/www.copealcoy.es\/es\/presentan-la-revista-y-el-cartel-anunciador-de-las-fiestas-de-la-mareta\/"]}]},{"@type":"ImageObject","inLanguage":"es","@id":"https:\/\/www.copealcoy.es\/es\/presentan-la-revista-y-el-cartel-anunciador-de-las-fiestas-de-la-mareta\/#primaryimage","url":"https:\/\/www.copealcoy.es\/wp-content\/uploads\/2020\/07\/1-La-presentaci\u00f3n-tuvo-lugar-el-pasado-viernes-en-la-iglesia-de-Santa-Mar\u00eda-Foto-P\u00eda-Uni\u00f3n.jpg","contentUrl":"https:\/\/www.copealcoy.es\/wp-content\/uploads\/2020\/07\/1-La-presentaci\u00f3n-tuvo-lugar-el-pasado-viernes-en-la-iglesia-de-Santa-Mar\u00eda-Foto-P\u00eda-Uni\u00f3n.jpg","width":960,"height":720,"caption":"La presentaci\u00f3n tuvo lugar el pasado viernes en la iglesia de Santa Mar\u00eda\/Foto P\u00eda Uni\u00f3n"},{"@type":"BreadcrumbList","@id":"https:\/\/www.copealcoy.es\/es\/presentan-la-revista-y-el-cartel-anunciador-de-las-fiestas-de-la-mareta\/#breadcrumb","itemListElement":[{"@type":"ListItem","position":1,"name":"Portada","item":"https:\/\/www.copealcoy.es\/es\/"},{"@type":"ListItem","position":2,"name":"Presentan la revista y el cartel anunciador de las Fiestas de la Mareta"}]},{"@type":"WebSite","@id":"https:\/\/www.copealcoy.es\/es\/#website","url":"https:\/\/www.copealcoy.es\/es\/","name":"COPE Alcoy","description":"Emisora COPE de radio local con emisi\u00f3n online. Pont de Sant Jordi 8-10 03803 Alcoy","potentialAction":[{"@type":"SearchAction","target":{"@type":"EntryPoint","urlTemplate":"https:\/\/www.copealcoy.es\/es\/?s={search_term_string}"},"query-input":{"@type":"PropertyValueSpecification","valueRequired":true,"valueName":"search_term_string"}}],"inLanguage":"es"},{"@type":"Person","@id":"https:\/\/www.copealcoy.es\/es\/#\/schema\/person\/e777c87fa024e57d40170af9df39882c","name":"Cope Alcoy","image":{"@type":"ImageObject","inLanguage":"es","@id":"https:\/\/secure.gravatar.com\/avatar\/bb65d0283347e303893ba14f0692005417c1e0e690a325a4c5d8bb2b3943ee14?s=96&d=mm&r=g","url":"https:\/\/secure.gravatar.com\/avatar\/bb65d0283347e303893ba14f0692005417c1e0e690a325a4c5d8bb2b3943ee14?s=96&d=mm&r=g","contentUrl":"https:\/\/secure.gravatar.com\/avatar\/bb65d0283347e303893ba14f0692005417c1e0e690a325a4c5d8bb2b3943ee14?s=96&d=mm&r=g","caption":"Cope Alcoy"}}]}},"_links":{"self":[{"href":"https:\/\/www.copealcoy.es\/es\/wp-json\/wp\/v2\/posts\/63535","targetHints":{"allow":["GET"]}}],"collection":[{"href":"https:\/\/www.copealcoy.es\/es\/wp-json\/wp\/v2\/posts"}],"about":[{"href":"https:\/\/www.copealcoy.es\/es\/wp-json\/wp\/v2\/types\/post"}],"author":[{"embeddable":true,"href":"https:\/\/www.copealcoy.es\/es\/wp-json\/wp\/v2\/users\/1"}],"replies":[{"embeddable":true,"href":"https:\/\/www.copealcoy.es\/es\/wp-json\/wp\/v2\/comments?post=63535"}],"version-history":[{"count":0,"href":"https:\/\/www.copealcoy.es\/es\/wp-json\/wp\/v2\/posts\/63535\/revisions"}],"wp:featuredmedia":[{"embeddable":true,"href":"https:\/\/www.copealcoy.es\/es\/wp-json\/wp\/v2\/media\/63536"}],"wp:attachment":[{"href":"https:\/\/www.copealcoy.es\/es\/wp-json\/wp\/v2\/media?parent=63535"}],"wp:term":[{"taxonomy":"category","embeddable":true,"href":"https:\/\/www.copealcoy.es\/es\/wp-json\/wp\/v2\/categories?post=63535"},{"taxonomy":"post_tag","embeddable":true,"href":"https:\/\/www.copealcoy.es\/es\/wp-json\/wp\/v2\/tags?post=63535"}],"curies":[{"name":"wp","href":"https:\/\/api.w.org\/{rel}","templated":true}]}}