{"id":63504,"date":"2020-07-02T11:17:21","date_gmt":"2020-07-02T11:17:21","guid":{"rendered":"https:\/\/www.copealcoy.es\/?p=63504"},"modified":"2020-07-02T11:17:21","modified_gmt":"2020-07-02T11:17:21","slug":"pepe-serna-es-el-nou-president-dateval","status":"publish","type":"post","link":"https:\/\/www.copealcoy.es\/es\/pepe-serna-es-el-nou-president-dateval\/","title":{"rendered":"Pepe Serna \u00e9s el nou President d&#8217;ATEVAL"},"content":{"rendered":"<p style=\"text-align: justify;\">Pepe Serna<strong> ha estat elegit nou president d&#8217;ATEVAL<\/strong> en substituci\u00f3 de C\u00e0ndid Penalba.<\/p>\n<p style=\"text-align: justify;\">En la presa de possessi\u00f3, davant el <strong>Conseller Climent<\/strong> i nombrosos dirigents empresarials, <strong>Serna ha apostat per refor\u00e7ar el t\u00e8xtil valenci\u00e0 i ha reclamat mesures per incentivar la inversi\u00f3, el consum i l&#8217;ocupaci\u00f3<\/strong>. A m\u00e9s ha reclamat <strong>una pol\u00edtica efectiva per a la reactivaci\u00f3 econ\u00f2mica, la reorientaci\u00f3 productiva i la reindustrialitzaci\u00f3<\/strong>. El mateix Conseller Climent, junt a la Directora de l\u2019Institut Valenci\u00e0 de Competitivitat Empresarial (IVACE), <strong>J\u00falia Company<\/strong>; van aprofitar aquest acte per a fer referencia a la resposta immediata i la capacitat d\u2019adaptaci\u00f3 i reorganitzaci\u00f3 del sector t\u00e8xtil durant la crisi sanit\u00e0ria de la COVID-19. El responsable d\u2019Economia <strong>va defendre la necessitat de comptar amb empreses capaces de fabricar ac\u00ed aqueixos productes estrat\u00e8gics<\/strong> reduint al m\u00e0xim l\u2019externalitzaci\u00f3 total de bona part de la producci\u00f3 industrial &#8220;<em>\u00e9s molt necess\u00e0ria la cooperaci\u00f3 entre el m\u00f3n empresarial, universitari i tecno<\/em><em>l\u00f2gic, l\u2019impuls de la digitalitzaci\u00f3 en les empreses, una aposta decidida per la innovaci\u00f3, la modernitzaci\u00f3 tecnol\u00f2gica i la incorporaci\u00f3 de talent en les empreses<\/em>&#8220;, va assenyalar Climent.<\/p>\n<p style=\"text-align: justify;\">Per \u00faltim el Conseller d&#8217;Economia va recordar que\u00a0des del seu departament <strong>s\u2019han posat en marxa mesures de suport al sector<\/strong> entre les quals destaca l\u2019Observatori per al Diagn\u00f2stic Post COVID-19 dels sectors industrials i la creaci\u00f3 de l\u2019Intergrup Cooperatiu de Producci\u00f3 T\u00e8xtil per al sector sanitari que inclou a 27 cooperatives del sector. Una <strong>altra de les mesures<\/strong> \u00e9s la convocat\u00f2ria InnovaProd COVID CV d\u00b4Ivace Innovaci\u00f3 de suport al desenvolupat de productes innovadors o millora substancial dels existents que ajuden a fer front a l\u2019emerg\u00e8ncia sanit\u00e0ria provocada per la pand\u00e8mia. A tot aquest paquet de mesures <strong>s&#8217;afegeix<\/strong> la posada en marxa del cl\u00faster sanitari t\u00e8xtil.<\/p>\n","protected":false},"excerpt":{"rendered":"<p>Pepe Serna ha estat elegit nou president d&#8217;ATEVAL en substituci\u00f3 de C\u00e0ndid Penalba. En la presa de possessi\u00f3, davant el&#8230;<\/p>\n","protected":false},"author":1,"featured_media":63506,"comment_status":"open","ping_status":"open","sticky":false,"template":"","format":"standard","meta":{"footnotes":""},"categories":[97,75,79],"tags":[4965,6090,7817,7818,6119],"class_list":["post-63504","post","type-post","status-publish","format-standard","has-post-thumbnail","hentry","category-alcoy","category-noticias","category-politicayeconomia","tag-ateval","tag-conseller-climent","tag-nou-president","tag-pepe-serma","tag-sector-textil"],"yoast_head":"<!-- This site is optimized with the Yoast SEO plugin v27.3 - https:\/\/yoast.com\/product\/yoast-seo-wordpress\/ -->\n<title>Pepe Serna \u00e9s el nou President d&#039;ATEVAL - COPE Alcoy<\/title>\n<meta name=\"robots\" content=\"index, follow, max-snippet:-1, max-image-preview:large, max-video-preview:-1\" \/>\n<link rel=\"canonical\" href=\"https:\/\/www.copealcoy.es\/es\/pepe-serna-es-el-nou-president-dateval\/\" \/>\n<meta property=\"og:locale\" content=\"es_ES\" \/>\n<meta property=\"og:type\" content=\"article\" \/>\n<meta property=\"og:title\" content=\"Pepe Serna \u00e9s el nou President d&#039;ATEVAL - COPE Alcoy\" \/>\n<meta property=\"og:description\" content=\"Pepe Serna ha estat elegit nou president d&#8217;ATEVAL en substituci\u00f3 de C\u00e0ndid Penalba. En la presa de possessi\u00f3, davant el...\" \/>\n<meta property=\"og:url\" content=\"https:\/\/www.copealcoy.es\/es\/pepe-serna-es-el-nou-president-dateval\/\" \/>\n<meta property=\"og:site_name\" content=\"COPE Alcoy\" \/>\n<meta property=\"article:published_time\" content=\"2020-07-02T11:17:21+00:00\" \/>\n<meta property=\"og:image\" content=\"https:\/\/www.copealcoy.es\/wp-content\/uploads\/2020\/07\/ateval-presidente-728.jpg\" \/>\n\t<meta property=\"og:image:width\" content=\"728\" \/>\n\t<meta property=\"og:image:height\" content=\"345\" \/>\n\t<meta property=\"og:image:type\" content=\"image\/jpeg\" \/>\n<meta name=\"author\" content=\"Cope Alcoy\" \/>\n<meta name=\"twitter:label1\" content=\"Escrito por\" \/>\n\t<meta name=\"twitter:data1\" content=\"Cope Alcoy\" \/>\n\t<meta name=\"twitter:label2\" content=\"Tiempo de lectura\" \/>\n\t<meta name=\"twitter:data2\" content=\"2 minutos\" \/>\n<script type=\"application\/ld+json\" class=\"yoast-schema-graph\">{\"@context\":\"https:\\\/\\\/schema.org\",\"@graph\":[{\"@type\":\"Article\",\"@id\":\"https:\\\/\\\/www.copealcoy.es\\\/es\\\/pepe-serna-es-el-nou-president-dateval\\\/#article\",\"isPartOf\":{\"@id\":\"https:\\\/\\\/www.copealcoy.es\\\/es\\\/pepe-serna-es-el-nou-president-dateval\\\/\"},\"author\":{\"name\":\"Cope Alcoy\",\"@id\":\"https:\\\/\\\/www.copealcoy.es\\\/es\\\/#\\\/schema\\\/person\\\/e777c87fa024e57d40170af9df39882c\"},\"headline\":\"Pepe Serna \u00e9s el nou President d&#8217;ATEVAL\",\"datePublished\":\"2020-07-02T11:17:21+00:00\",\"mainEntityOfPage\":{\"@id\":\"https:\\\/\\\/www.copealcoy.es\\\/es\\\/pepe-serna-es-el-nou-president-dateval\\\/\"},\"wordCount\":329,\"commentCount\":0,\"image\":{\"@id\":\"https:\\\/\\\/www.copealcoy.es\\\/es\\\/pepe-serna-es-el-nou-president-dateval\\\/#primaryimage\"},\"thumbnailUrl\":\"https:\\\/\\\/www.copealcoy.es\\\/wp-content\\\/uploads\\\/2020\\\/07\\\/ateval-presidente-728.jpg\",\"keywords\":[\"ATEVAL\",\"Conseller Climent\",\"nou President\",\"Pepe Serma\",\"sector textil\"],\"articleSection\":[\"Alcoy\",\"Noticias\",\"Pol\u00edtica y Econom\u00eda\"],\"inLanguage\":\"es\"},{\"@type\":\"WebPage\",\"@id\":\"https:\\\/\\\/www.copealcoy.es\\\/es\\\/pepe-serna-es-el-nou-president-dateval\\\/\",\"url\":\"https:\\\/\\\/www.copealcoy.es\\\/es\\\/pepe-serna-es-el-nou-president-dateval\\\/\",\"name\":\"Pepe Serna \u00e9s el nou President d'ATEVAL - COPE Alcoy\",\"isPartOf\":{\"@id\":\"https:\\\/\\\/www.copealcoy.es\\\/es\\\/#website\"},\"primaryImageOfPage\":{\"@id\":\"https:\\\/\\\/www.copealcoy.es\\\/es\\\/pepe-serna-es-el-nou-president-dateval\\\/#primaryimage\"},\"image\":{\"@id\":\"https:\\\/\\\/www.copealcoy.es\\\/es\\\/pepe-serna-es-el-nou-president-dateval\\\/#primaryimage\"},\"thumbnailUrl\":\"https:\\\/\\\/www.copealcoy.es\\\/wp-content\\\/uploads\\\/2020\\\/07\\\/ateval-presidente-728.jpg\",\"datePublished\":\"2020-07-02T11:17:21+00:00\",\"author\":{\"@id\":\"https:\\\/\\\/www.copealcoy.es\\\/es\\\/#\\\/schema\\\/person\\\/e777c87fa024e57d40170af9df39882c\"},\"breadcrumb\":{\"@id\":\"https:\\\/\\\/www.copealcoy.es\\\/es\\\/pepe-serna-es-el-nou-president-dateval\\\/#breadcrumb\"},\"inLanguage\":\"es\",\"potentialAction\":[{\"@type\":\"ReadAction\",\"target\":[\"https:\\\/\\\/www.copealcoy.es\\\/es\\\/pepe-serna-es-el-nou-president-dateval\\\/\"]}]},{\"@type\":\"ImageObject\",\"inLanguage\":\"es\",\"@id\":\"https:\\\/\\\/www.copealcoy.es\\\/es\\\/pepe-serna-es-el-nou-president-dateval\\\/#primaryimage\",\"url\":\"https:\\\/\\\/www.copealcoy.es\\\/wp-content\\\/uploads\\\/2020\\\/07\\\/ateval-presidente-728.jpg\",\"contentUrl\":\"https:\\\/\\\/www.copealcoy.es\\\/wp-content\\\/uploads\\\/2020\\\/07\\\/ateval-presidente-728.jpg\",\"width\":728,\"height\":345,\"caption\":\"Pepe Serna ser\u00e0 el nou President d'ATEVAL\"},{\"@type\":\"BreadcrumbList\",\"@id\":\"https:\\\/\\\/www.copealcoy.es\\\/es\\\/pepe-serna-es-el-nou-president-dateval\\\/#breadcrumb\",\"itemListElement\":[{\"@type\":\"ListItem\",\"position\":1,\"name\":\"Portada\",\"item\":\"https:\\\/\\\/www.copealcoy.es\\\/es\\\/\"},{\"@type\":\"ListItem\",\"position\":2,\"name\":\"Pepe Serna \u00e9s el nou President d&#8217;ATEVAL\"}]},{\"@type\":\"WebSite\",\"@id\":\"https:\\\/\\\/www.copealcoy.es\\\/es\\\/#website\",\"url\":\"https:\\\/\\\/www.copealcoy.es\\\/es\\\/\",\"name\":\"COPE Alcoy\",\"description\":\"Emisora COPE de radio local con emisi\u00f3n online. Pont de Sant Jordi 8-10 03803 Alcoy\",\"potentialAction\":[{\"@type\":\"SearchAction\",\"target\":{\"@type\":\"EntryPoint\",\"urlTemplate\":\"https:\\\/\\\/www.copealcoy.es\\\/es\\\/?s={search_term_string}\"},\"query-input\":{\"@type\":\"PropertyValueSpecification\",\"valueRequired\":true,\"valueName\":\"search_term_string\"}}],\"inLanguage\":\"es\"},{\"@type\":\"Person\",\"@id\":\"https:\\\/\\\/www.copealcoy.es\\\/es\\\/#\\\/schema\\\/person\\\/e777c87fa024e57d40170af9df39882c\",\"name\":\"Cope Alcoy\",\"image\":{\"@type\":\"ImageObject\",\"inLanguage\":\"es\",\"@id\":\"https:\\\/\\\/secure.gravatar.com\\\/avatar\\\/bb65d0283347e303893ba14f0692005417c1e0e690a325a4c5d8bb2b3943ee14?s=96&d=mm&r=g\",\"url\":\"https:\\\/\\\/secure.gravatar.com\\\/avatar\\\/bb65d0283347e303893ba14f0692005417c1e0e690a325a4c5d8bb2b3943ee14?s=96&d=mm&r=g\",\"contentUrl\":\"https:\\\/\\\/secure.gravatar.com\\\/avatar\\\/bb65d0283347e303893ba14f0692005417c1e0e690a325a4c5d8bb2b3943ee14?s=96&d=mm&r=g\",\"caption\":\"Cope Alcoy\"}}]}<\/script>\n<!-- \/ Yoast SEO plugin. -->","yoast_head_json":{"title":"Pepe Serna \u00e9s el nou President d'ATEVAL - COPE Alcoy","robots":{"index":"index","follow":"follow","max-snippet":"max-snippet:-1","max-image-preview":"max-image-preview:large","max-video-preview":"max-video-preview:-1"},"canonical":"https:\/\/www.copealcoy.es\/es\/pepe-serna-es-el-nou-president-dateval\/","og_locale":"es_ES","og_type":"article","og_title":"Pepe Serna \u00e9s el nou President d'ATEVAL - COPE Alcoy","og_description":"Pepe Serna ha estat elegit nou president d&#8217;ATEVAL en substituci\u00f3 de C\u00e0ndid Penalba. En la presa de possessi\u00f3, davant el...","og_url":"https:\/\/www.copealcoy.es\/es\/pepe-serna-es-el-nou-president-dateval\/","og_site_name":"COPE Alcoy","article_published_time":"2020-07-02T11:17:21+00:00","og_image":[{"width":728,"height":345,"url":"https:\/\/www.copealcoy.es\/wp-content\/uploads\/2020\/07\/ateval-presidente-728.jpg","type":"image\/jpeg"}],"author":"Cope Alcoy","twitter_misc":{"Escrito por":"Cope Alcoy","Tiempo de lectura":"2 minutos"},"schema":{"@context":"https:\/\/schema.org","@graph":[{"@type":"Article","@id":"https:\/\/www.copealcoy.es\/es\/pepe-serna-es-el-nou-president-dateval\/#article","isPartOf":{"@id":"https:\/\/www.copealcoy.es\/es\/pepe-serna-es-el-nou-president-dateval\/"},"author":{"name":"Cope Alcoy","@id":"https:\/\/www.copealcoy.es\/es\/#\/schema\/person\/e777c87fa024e57d40170af9df39882c"},"headline":"Pepe Serna \u00e9s el nou President d&#8217;ATEVAL","datePublished":"2020-07-02T11:17:21+00:00","mainEntityOfPage":{"@id":"https:\/\/www.copealcoy.es\/es\/pepe-serna-es-el-nou-president-dateval\/"},"wordCount":329,"commentCount":0,"image":{"@id":"https:\/\/www.copealcoy.es\/es\/pepe-serna-es-el-nou-president-dateval\/#primaryimage"},"thumbnailUrl":"https:\/\/www.copealcoy.es\/wp-content\/uploads\/2020\/07\/ateval-presidente-728.jpg","keywords":["ATEVAL","Conseller Climent","nou President","Pepe Serma","sector textil"],"articleSection":["Alcoy","Noticias","Pol\u00edtica y Econom\u00eda"],"inLanguage":"es"},{"@type":"WebPage","@id":"https:\/\/www.copealcoy.es\/es\/pepe-serna-es-el-nou-president-dateval\/","url":"https:\/\/www.copealcoy.es\/es\/pepe-serna-es-el-nou-president-dateval\/","name":"Pepe Serna \u00e9s el nou President d'ATEVAL - COPE Alcoy","isPartOf":{"@id":"https:\/\/www.copealcoy.es\/es\/#website"},"primaryImageOfPage":{"@id":"https:\/\/www.copealcoy.es\/es\/pepe-serna-es-el-nou-president-dateval\/#primaryimage"},"image":{"@id":"https:\/\/www.copealcoy.es\/es\/pepe-serna-es-el-nou-president-dateval\/#primaryimage"},"thumbnailUrl":"https:\/\/www.copealcoy.es\/wp-content\/uploads\/2020\/07\/ateval-presidente-728.jpg","datePublished":"2020-07-02T11:17:21+00:00","author":{"@id":"https:\/\/www.copealcoy.es\/es\/#\/schema\/person\/e777c87fa024e57d40170af9df39882c"},"breadcrumb":{"@id":"https:\/\/www.copealcoy.es\/es\/pepe-serna-es-el-nou-president-dateval\/#breadcrumb"},"inLanguage":"es","potentialAction":[{"@type":"ReadAction","target":["https:\/\/www.copealcoy.es\/es\/pepe-serna-es-el-nou-president-dateval\/"]}]},{"@type":"ImageObject","inLanguage":"es","@id":"https:\/\/www.copealcoy.es\/es\/pepe-serna-es-el-nou-president-dateval\/#primaryimage","url":"https:\/\/www.copealcoy.es\/wp-content\/uploads\/2020\/07\/ateval-presidente-728.jpg","contentUrl":"https:\/\/www.copealcoy.es\/wp-content\/uploads\/2020\/07\/ateval-presidente-728.jpg","width":728,"height":345,"caption":"Pepe Serna ser\u00e0 el nou President d'ATEVAL"},{"@type":"BreadcrumbList","@id":"https:\/\/www.copealcoy.es\/es\/pepe-serna-es-el-nou-president-dateval\/#breadcrumb","itemListElement":[{"@type":"ListItem","position":1,"name":"Portada","item":"https:\/\/www.copealcoy.es\/es\/"},{"@type":"ListItem","position":2,"name":"Pepe Serna \u00e9s el nou President d&#8217;ATEVAL"}]},{"@type":"WebSite","@id":"https:\/\/www.copealcoy.es\/es\/#website","url":"https:\/\/www.copealcoy.es\/es\/","name":"COPE Alcoy","description":"Emisora COPE de radio local con emisi\u00f3n online. Pont de Sant Jordi 8-10 03803 Alcoy","potentialAction":[{"@type":"SearchAction","target":{"@type":"EntryPoint","urlTemplate":"https:\/\/www.copealcoy.es\/es\/?s={search_term_string}"},"query-input":{"@type":"PropertyValueSpecification","valueRequired":true,"valueName":"search_term_string"}}],"inLanguage":"es"},{"@type":"Person","@id":"https:\/\/www.copealcoy.es\/es\/#\/schema\/person\/e777c87fa024e57d40170af9df39882c","name":"Cope Alcoy","image":{"@type":"ImageObject","inLanguage":"es","@id":"https:\/\/secure.gravatar.com\/avatar\/bb65d0283347e303893ba14f0692005417c1e0e690a325a4c5d8bb2b3943ee14?s=96&d=mm&r=g","url":"https:\/\/secure.gravatar.com\/avatar\/bb65d0283347e303893ba14f0692005417c1e0e690a325a4c5d8bb2b3943ee14?s=96&d=mm&r=g","contentUrl":"https:\/\/secure.gravatar.com\/avatar\/bb65d0283347e303893ba14f0692005417c1e0e690a325a4c5d8bb2b3943ee14?s=96&d=mm&r=g","caption":"Cope Alcoy"}}]}},"_links":{"self":[{"href":"https:\/\/www.copealcoy.es\/es\/wp-json\/wp\/v2\/posts\/63504","targetHints":{"allow":["GET"]}}],"collection":[{"href":"https:\/\/www.copealcoy.es\/es\/wp-json\/wp\/v2\/posts"}],"about":[{"href":"https:\/\/www.copealcoy.es\/es\/wp-json\/wp\/v2\/types\/post"}],"author":[{"embeddable":true,"href":"https:\/\/www.copealcoy.es\/es\/wp-json\/wp\/v2\/users\/1"}],"replies":[{"embeddable":true,"href":"https:\/\/www.copealcoy.es\/es\/wp-json\/wp\/v2\/comments?post=63504"}],"version-history":[{"count":0,"href":"https:\/\/www.copealcoy.es\/es\/wp-json\/wp\/v2\/posts\/63504\/revisions"}],"wp:featuredmedia":[{"embeddable":true,"href":"https:\/\/www.copealcoy.es\/es\/wp-json\/wp\/v2\/media\/63506"}],"wp:attachment":[{"href":"https:\/\/www.copealcoy.es\/es\/wp-json\/wp\/v2\/media?parent=63504"}],"wp:term":[{"taxonomy":"category","embeddable":true,"href":"https:\/\/www.copealcoy.es\/es\/wp-json\/wp\/v2\/categories?post=63504"},{"taxonomy":"post_tag","embeddable":true,"href":"https:\/\/www.copealcoy.es\/es\/wp-json\/wp\/v2\/tags?post=63504"}],"curies":[{"name":"wp","href":"https:\/\/api.w.org\/{rel}","templated":true}]}}