{"id":63498,"date":"2020-07-02T11:08:28","date_gmt":"2020-07-02T11:08:28","guid":{"rendered":"https:\/\/www.copealcoy.es\/?p=63498"},"modified":"2020-07-02T11:08:28","modified_gmt":"2020-07-02T11:08:28","slug":"ciudadanos-se-reune-con-los-afectados-de-domus-vi","status":"publish","type":"post","link":"https:\/\/www.copealcoy.es\/es\/ciudadanos-se-reune-con-los-afectados-de-domus-vi\/","title":{"rendered":"Ciudadanos se re\u00fane con los afectados de Domus VI"},"content":{"rendered":"<p style=\"text-align: justify;\">El S\u00edndic de Ciudadanos (Cs) en Les Corts, <strong>Toni Cant\u00f3<\/strong>, acompa\u00f1ado por la portavoz del grupo municipal de la formaci\u00f3n naranja en el Ayuntamiento de Alcoy, <strong>Rosa Garc\u00eda<\/strong>, ha recibido a <strong>los representantes de la plataforma AFA DOMUS VI de Alcoy y Cocentaina<\/strong> para conocer de primera mano c\u00f3mo han vivido el periodo de pandemia por la Covid-19.<\/p>\n<p style=\"text-align: justify;\">Cant\u00f3 afirm\u00f3 en el encuentro que desde el grupo auton\u00f3mico de Ciudadanos <strong>se est\u00e1 impulsando la creaci\u00f3n de una comisi\u00f3n de investigaci\u00f3n<\/strong> sobre los problemas acontecidos por la crisis del coronavirus. Por \u00faltimo Rosa Garc\u00eda, portavoz de Ciudadanos Alcoy, asegura que las demandas de la plataforma <strong>ser\u00e1n trasladadas a la Generalitat<\/strong> para que se les pueda dar una respuesta satisfactoria.<\/p>\n<p style=\"text-align: justify;\">El encuentro tuvo lugar ayer en la sede de Les Corts, en Valencia, <strong>lugar hasta el que se desplazaron los afectados<\/strong> para reunirse con los representantes de Ciudadanos.<\/p>\n","protected":false},"excerpt":{"rendered":"<p>El S\u00edndic de Ciudadanos (Cs) en Les Corts, Toni Cant\u00f3, acompa\u00f1ado por la portavoz del grupo municipal de la formaci\u00f3n&#8230;<\/p>\n","protected":false},"author":1,"featured_media":63499,"comment_status":"open","ping_status":"open","sticky":false,"template":"","format":"standard","meta":{"footnotes":""},"categories":[97,75,79],"tags":[7327,1494,349,7328,1074,3421],"class_list":["post-63498","post","type-post","status-publish","format-standard","has-post-thumbnail","hentry","category-alcoy","category-noticias","category-politicayeconomia","tag-afectados","tag-alcoy","tag-ciudadanos","tag-domus-vi","tag-reunion","tag-rosa-garcia"],"yoast_head":"<!-- This site is optimized with the Yoast SEO plugin v27.3 - https:\/\/yoast.com\/product\/yoast-seo-wordpress\/ -->\n<title>Ciudadanos se re\u00fane con los afectados de Domus VI - COPE Alcoy<\/title>\n<meta name=\"robots\" content=\"index, follow, max-snippet:-1, max-image-preview:large, max-video-preview:-1\" \/>\n<link rel=\"canonical\" href=\"https:\/\/www.copealcoy.es\/es\/ciudadanos-se-reune-con-los-afectados-de-domus-vi\/\" \/>\n<meta property=\"og:locale\" content=\"es_ES\" \/>\n<meta property=\"og:type\" content=\"article\" \/>\n<meta property=\"og:title\" content=\"Ciudadanos se re\u00fane con los afectados de Domus VI - COPE Alcoy\" \/>\n<meta property=\"og:description\" content=\"El S\u00edndic de Ciudadanos (Cs) en Les Corts, Toni Cant\u00f3, acompa\u00f1ado por la portavoz del grupo municipal de la formaci\u00f3n...\" \/>\n<meta property=\"og:url\" content=\"https:\/\/www.copealcoy.es\/es\/ciudadanos-se-reune-con-los-afectados-de-domus-vi\/\" \/>\n<meta property=\"og:site_name\" content=\"COPE Alcoy\" \/>\n<meta property=\"article:published_time\" content=\"2020-07-02T11:08:28+00:00\" \/>\n<meta property=\"og:image\" content=\"https:\/\/www.copealcoy.es\/wp-content\/uploads\/2020\/07\/WhatsApp-Image-2020-07-01-at-12.12.39.jpeg\" \/>\n\t<meta property=\"og:image:width\" content=\"1280\" \/>\n\t<meta property=\"og:image:height\" content=\"852\" \/>\n\t<meta property=\"og:image:type\" content=\"image\/jpeg\" \/>\n<meta name=\"author\" content=\"Cope Alcoy\" \/>\n<meta name=\"twitter:label1\" content=\"Escrito por\" \/>\n\t<meta name=\"twitter:data1\" content=\"Cope Alcoy\" \/>\n\t<meta name=\"twitter:label2\" content=\"Tiempo de lectura\" \/>\n\t<meta name=\"twitter:data2\" content=\"1 minuto\" \/>\n<script type=\"application\/ld+json\" class=\"yoast-schema-graph\">{\"@context\":\"https:\\\/\\\/schema.org\",\"@graph\":[{\"@type\":\"Article\",\"@id\":\"https:\\\/\\\/www.copealcoy.es\\\/es\\\/ciudadanos-se-reune-con-los-afectados-de-domus-vi\\\/#article\",\"isPartOf\":{\"@id\":\"https:\\\/\\\/www.copealcoy.es\\\/es\\\/ciudadanos-se-reune-con-los-afectados-de-domus-vi\\\/\"},\"author\":{\"name\":\"Cope Alcoy\",\"@id\":\"https:\\\/\\\/www.copealcoy.es\\\/es\\\/#\\\/schema\\\/person\\\/e777c87fa024e57d40170af9df39882c\"},\"headline\":\"Ciudadanos se re\u00fane con los afectados de Domus VI\",\"datePublished\":\"2020-07-02T11:08:28+00:00\",\"mainEntityOfPage\":{\"@id\":\"https:\\\/\\\/www.copealcoy.es\\\/es\\\/ciudadanos-se-reune-con-los-afectados-de-domus-vi\\\/\"},\"wordCount\":167,\"commentCount\":0,\"image\":{\"@id\":\"https:\\\/\\\/www.copealcoy.es\\\/es\\\/ciudadanos-se-reune-con-los-afectados-de-domus-vi\\\/#primaryimage\"},\"thumbnailUrl\":\"https:\\\/\\\/www.copealcoy.es\\\/wp-content\\\/uploads\\\/2020\\\/07\\\/WhatsApp-Image-2020-07-01-at-12.12.39.jpeg\",\"keywords\":[\"afectados\",\"Alcoy\",\"Ciudadanos\",\"Domus Vi\",\"reuni\u00f3n\",\"Rosa Garc\u00eda\"],\"articleSection\":[\"Alcoy\",\"Noticias\",\"Pol\u00edtica y Econom\u00eda\"],\"inLanguage\":\"es\"},{\"@type\":\"WebPage\",\"@id\":\"https:\\\/\\\/www.copealcoy.es\\\/es\\\/ciudadanos-se-reune-con-los-afectados-de-domus-vi\\\/\",\"url\":\"https:\\\/\\\/www.copealcoy.es\\\/es\\\/ciudadanos-se-reune-con-los-afectados-de-domus-vi\\\/\",\"name\":\"Ciudadanos se re\u00fane con los afectados de Domus VI - COPE Alcoy\",\"isPartOf\":{\"@id\":\"https:\\\/\\\/www.copealcoy.es\\\/es\\\/#website\"},\"primaryImageOfPage\":{\"@id\":\"https:\\\/\\\/www.copealcoy.es\\\/es\\\/ciudadanos-se-reune-con-los-afectados-de-domus-vi\\\/#primaryimage\"},\"image\":{\"@id\":\"https:\\\/\\\/www.copealcoy.es\\\/es\\\/ciudadanos-se-reune-con-los-afectados-de-domus-vi\\\/#primaryimage\"},\"thumbnailUrl\":\"https:\\\/\\\/www.copealcoy.es\\\/wp-content\\\/uploads\\\/2020\\\/07\\\/WhatsApp-Image-2020-07-01-at-12.12.39.jpeg\",\"datePublished\":\"2020-07-02T11:08:28+00:00\",\"author\":{\"@id\":\"https:\\\/\\\/www.copealcoy.es\\\/es\\\/#\\\/schema\\\/person\\\/e777c87fa024e57d40170af9df39882c\"},\"breadcrumb\":{\"@id\":\"https:\\\/\\\/www.copealcoy.es\\\/es\\\/ciudadanos-se-reune-con-los-afectados-de-domus-vi\\\/#breadcrumb\"},\"inLanguage\":\"es\",\"potentialAction\":[{\"@type\":\"ReadAction\",\"target\":[\"https:\\\/\\\/www.copealcoy.es\\\/es\\\/ciudadanos-se-reune-con-los-afectados-de-domus-vi\\\/\"]}]},{\"@type\":\"ImageObject\",\"inLanguage\":\"es\",\"@id\":\"https:\\\/\\\/www.copealcoy.es\\\/es\\\/ciudadanos-se-reune-con-los-afectados-de-domus-vi\\\/#primaryimage\",\"url\":\"https:\\\/\\\/www.copealcoy.es\\\/wp-content\\\/uploads\\\/2020\\\/07\\\/WhatsApp-Image-2020-07-01-at-12.12.39.jpeg\",\"contentUrl\":\"https:\\\/\\\/www.copealcoy.es\\\/wp-content\\\/uploads\\\/2020\\\/07\\\/WhatsApp-Image-2020-07-01-at-12.12.39.jpeg\",\"width\":1280,\"height\":852,\"caption\":\"La reuni\u00f3n tuvo lugar en la jornada de ayer \\\/ Foto: Cs Corts Valencianes\"},{\"@type\":\"BreadcrumbList\",\"@id\":\"https:\\\/\\\/www.copealcoy.es\\\/es\\\/ciudadanos-se-reune-con-los-afectados-de-domus-vi\\\/#breadcrumb\",\"itemListElement\":[{\"@type\":\"ListItem\",\"position\":1,\"name\":\"Portada\",\"item\":\"https:\\\/\\\/www.copealcoy.es\\\/es\\\/\"},{\"@type\":\"ListItem\",\"position\":2,\"name\":\"Ciudadanos se re\u00fane con los afectados de Domus VI\"}]},{\"@type\":\"WebSite\",\"@id\":\"https:\\\/\\\/www.copealcoy.es\\\/es\\\/#website\",\"url\":\"https:\\\/\\\/www.copealcoy.es\\\/es\\\/\",\"name\":\"COPE Alcoy\",\"description\":\"Emisora COPE de radio local con emisi\u00f3n online. Pont de Sant Jordi 8-10 03803 Alcoy\",\"potentialAction\":[{\"@type\":\"SearchAction\",\"target\":{\"@type\":\"EntryPoint\",\"urlTemplate\":\"https:\\\/\\\/www.copealcoy.es\\\/es\\\/?s={search_term_string}\"},\"query-input\":{\"@type\":\"PropertyValueSpecification\",\"valueRequired\":true,\"valueName\":\"search_term_string\"}}],\"inLanguage\":\"es\"},{\"@type\":\"Person\",\"@id\":\"https:\\\/\\\/www.copealcoy.es\\\/es\\\/#\\\/schema\\\/person\\\/e777c87fa024e57d40170af9df39882c\",\"name\":\"Cope Alcoy\",\"image\":{\"@type\":\"ImageObject\",\"inLanguage\":\"es\",\"@id\":\"https:\\\/\\\/secure.gravatar.com\\\/avatar\\\/bb65d0283347e303893ba14f0692005417c1e0e690a325a4c5d8bb2b3943ee14?s=96&d=mm&r=g\",\"url\":\"https:\\\/\\\/secure.gravatar.com\\\/avatar\\\/bb65d0283347e303893ba14f0692005417c1e0e690a325a4c5d8bb2b3943ee14?s=96&d=mm&r=g\",\"contentUrl\":\"https:\\\/\\\/secure.gravatar.com\\\/avatar\\\/bb65d0283347e303893ba14f0692005417c1e0e690a325a4c5d8bb2b3943ee14?s=96&d=mm&r=g\",\"caption\":\"Cope Alcoy\"}}]}<\/script>\n<!-- \/ Yoast SEO plugin. -->","yoast_head_json":{"title":"Ciudadanos se re\u00fane con los afectados de Domus VI - COPE Alcoy","robots":{"index":"index","follow":"follow","max-snippet":"max-snippet:-1","max-image-preview":"max-image-preview:large","max-video-preview":"max-video-preview:-1"},"canonical":"https:\/\/www.copealcoy.es\/es\/ciudadanos-se-reune-con-los-afectados-de-domus-vi\/","og_locale":"es_ES","og_type":"article","og_title":"Ciudadanos se re\u00fane con los afectados de Domus VI - COPE Alcoy","og_description":"El S\u00edndic de Ciudadanos (Cs) en Les Corts, Toni Cant\u00f3, acompa\u00f1ado por la portavoz del grupo municipal de la formaci\u00f3n...","og_url":"https:\/\/www.copealcoy.es\/es\/ciudadanos-se-reune-con-los-afectados-de-domus-vi\/","og_site_name":"COPE Alcoy","article_published_time":"2020-07-02T11:08:28+00:00","og_image":[{"width":1280,"height":852,"url":"https:\/\/www.copealcoy.es\/wp-content\/uploads\/2020\/07\/WhatsApp-Image-2020-07-01-at-12.12.39.jpeg","type":"image\/jpeg"}],"author":"Cope Alcoy","twitter_misc":{"Escrito por":"Cope Alcoy","Tiempo de lectura":"1 minuto"},"schema":{"@context":"https:\/\/schema.org","@graph":[{"@type":"Article","@id":"https:\/\/www.copealcoy.es\/es\/ciudadanos-se-reune-con-los-afectados-de-domus-vi\/#article","isPartOf":{"@id":"https:\/\/www.copealcoy.es\/es\/ciudadanos-se-reune-con-los-afectados-de-domus-vi\/"},"author":{"name":"Cope Alcoy","@id":"https:\/\/www.copealcoy.es\/es\/#\/schema\/person\/e777c87fa024e57d40170af9df39882c"},"headline":"Ciudadanos se re\u00fane con los afectados de Domus VI","datePublished":"2020-07-02T11:08:28+00:00","mainEntityOfPage":{"@id":"https:\/\/www.copealcoy.es\/es\/ciudadanos-se-reune-con-los-afectados-de-domus-vi\/"},"wordCount":167,"commentCount":0,"image":{"@id":"https:\/\/www.copealcoy.es\/es\/ciudadanos-se-reune-con-los-afectados-de-domus-vi\/#primaryimage"},"thumbnailUrl":"https:\/\/www.copealcoy.es\/wp-content\/uploads\/2020\/07\/WhatsApp-Image-2020-07-01-at-12.12.39.jpeg","keywords":["afectados","Alcoy","Ciudadanos","Domus Vi","reuni\u00f3n","Rosa Garc\u00eda"],"articleSection":["Alcoy","Noticias","Pol\u00edtica y Econom\u00eda"],"inLanguage":"es"},{"@type":"WebPage","@id":"https:\/\/www.copealcoy.es\/es\/ciudadanos-se-reune-con-los-afectados-de-domus-vi\/","url":"https:\/\/www.copealcoy.es\/es\/ciudadanos-se-reune-con-los-afectados-de-domus-vi\/","name":"Ciudadanos se re\u00fane con los afectados de Domus VI - COPE Alcoy","isPartOf":{"@id":"https:\/\/www.copealcoy.es\/es\/#website"},"primaryImageOfPage":{"@id":"https:\/\/www.copealcoy.es\/es\/ciudadanos-se-reune-con-los-afectados-de-domus-vi\/#primaryimage"},"image":{"@id":"https:\/\/www.copealcoy.es\/es\/ciudadanos-se-reune-con-los-afectados-de-domus-vi\/#primaryimage"},"thumbnailUrl":"https:\/\/www.copealcoy.es\/wp-content\/uploads\/2020\/07\/WhatsApp-Image-2020-07-01-at-12.12.39.jpeg","datePublished":"2020-07-02T11:08:28+00:00","author":{"@id":"https:\/\/www.copealcoy.es\/es\/#\/schema\/person\/e777c87fa024e57d40170af9df39882c"},"breadcrumb":{"@id":"https:\/\/www.copealcoy.es\/es\/ciudadanos-se-reune-con-los-afectados-de-domus-vi\/#breadcrumb"},"inLanguage":"es","potentialAction":[{"@type":"ReadAction","target":["https:\/\/www.copealcoy.es\/es\/ciudadanos-se-reune-con-los-afectados-de-domus-vi\/"]}]},{"@type":"ImageObject","inLanguage":"es","@id":"https:\/\/www.copealcoy.es\/es\/ciudadanos-se-reune-con-los-afectados-de-domus-vi\/#primaryimage","url":"https:\/\/www.copealcoy.es\/wp-content\/uploads\/2020\/07\/WhatsApp-Image-2020-07-01-at-12.12.39.jpeg","contentUrl":"https:\/\/www.copealcoy.es\/wp-content\/uploads\/2020\/07\/WhatsApp-Image-2020-07-01-at-12.12.39.jpeg","width":1280,"height":852,"caption":"La reuni\u00f3n tuvo lugar en la jornada de ayer \/ Foto: Cs Corts Valencianes"},{"@type":"BreadcrumbList","@id":"https:\/\/www.copealcoy.es\/es\/ciudadanos-se-reune-con-los-afectados-de-domus-vi\/#breadcrumb","itemListElement":[{"@type":"ListItem","position":1,"name":"Portada","item":"https:\/\/www.copealcoy.es\/es\/"},{"@type":"ListItem","position":2,"name":"Ciudadanos se re\u00fane con los afectados de Domus VI"}]},{"@type":"WebSite","@id":"https:\/\/www.copealcoy.es\/es\/#website","url":"https:\/\/www.copealcoy.es\/es\/","name":"COPE Alcoy","description":"Emisora COPE de radio local con emisi\u00f3n online. Pont de Sant Jordi 8-10 03803 Alcoy","potentialAction":[{"@type":"SearchAction","target":{"@type":"EntryPoint","urlTemplate":"https:\/\/www.copealcoy.es\/es\/?s={search_term_string}"},"query-input":{"@type":"PropertyValueSpecification","valueRequired":true,"valueName":"search_term_string"}}],"inLanguage":"es"},{"@type":"Person","@id":"https:\/\/www.copealcoy.es\/es\/#\/schema\/person\/e777c87fa024e57d40170af9df39882c","name":"Cope Alcoy","image":{"@type":"ImageObject","inLanguage":"es","@id":"https:\/\/secure.gravatar.com\/avatar\/bb65d0283347e303893ba14f0692005417c1e0e690a325a4c5d8bb2b3943ee14?s=96&d=mm&r=g","url":"https:\/\/secure.gravatar.com\/avatar\/bb65d0283347e303893ba14f0692005417c1e0e690a325a4c5d8bb2b3943ee14?s=96&d=mm&r=g","contentUrl":"https:\/\/secure.gravatar.com\/avatar\/bb65d0283347e303893ba14f0692005417c1e0e690a325a4c5d8bb2b3943ee14?s=96&d=mm&r=g","caption":"Cope Alcoy"}}]}},"_links":{"self":[{"href":"https:\/\/www.copealcoy.es\/es\/wp-json\/wp\/v2\/posts\/63498","targetHints":{"allow":["GET"]}}],"collection":[{"href":"https:\/\/www.copealcoy.es\/es\/wp-json\/wp\/v2\/posts"}],"about":[{"href":"https:\/\/www.copealcoy.es\/es\/wp-json\/wp\/v2\/types\/post"}],"author":[{"embeddable":true,"href":"https:\/\/www.copealcoy.es\/es\/wp-json\/wp\/v2\/users\/1"}],"replies":[{"embeddable":true,"href":"https:\/\/www.copealcoy.es\/es\/wp-json\/wp\/v2\/comments?post=63498"}],"version-history":[{"count":0,"href":"https:\/\/www.copealcoy.es\/es\/wp-json\/wp\/v2\/posts\/63498\/revisions"}],"wp:featuredmedia":[{"embeddable":true,"href":"https:\/\/www.copealcoy.es\/es\/wp-json\/wp\/v2\/media\/63499"}],"wp:attachment":[{"href":"https:\/\/www.copealcoy.es\/es\/wp-json\/wp\/v2\/media?parent=63498"}],"wp:term":[{"taxonomy":"category","embeddable":true,"href":"https:\/\/www.copealcoy.es\/es\/wp-json\/wp\/v2\/categories?post=63498"},{"taxonomy":"post_tag","embeddable":true,"href":"https:\/\/www.copealcoy.es\/es\/wp-json\/wp\/v2\/tags?post=63498"}],"curies":[{"name":"wp","href":"https:\/\/api.w.org\/{rel}","templated":true}]}}