{"id":63393,"date":"2020-06-29T12:00:20","date_gmt":"2020-06-29T12:00:20","guid":{"rendered":"https:\/\/www.copealcoy.es\/?p=63393"},"modified":"2020-06-29T12:00:20","modified_gmt":"2020-06-29T12:00:20","slug":"textilhogar-se-traslada-a-septiembre-de-2021","status":"publish","type":"post","link":"https:\/\/www.copealcoy.es\/es\/textilhogar-se-traslada-a-septiembre-de-2021\/","title":{"rendered":"Textilhogar se traslada a septiembre de 2021"},"content":{"rendered":"<p style=\"text-align: justify;\">La pr\u00f3xima convocatoria de <strong>Home Textiles Premium by Textilhogar<\/strong>, prevista inicialmente para este mes de septiembre, se celebrar\u00e1 finalmente en 2021 seg\u00fan se ha acordado por parte del <strong>Comit\u00e9 Organizador del Certamen<\/strong> de Feria Valencia. Recordar que el evento cuenta con <strong>el impulso organizativo de Ateval\u2013Home Textiles From Spain <\/strong>con la colaboraci\u00f3n<strong> de Feria Valencia <\/strong>y el apoyo de<strong> ICEX e IVACE Internacional.&nbsp;<\/strong><\/p>\n<p style=\"text-align: justify;\">Adem\u00e1s las empresas tambi\u00e9n han reconocido <strong>las dificultades<\/strong> por las que est\u00e1 atravesando el sector <strong>debido al par\u00f3n econ\u00f3mico&nbsp;<\/strong>generado por la crisis del Coronavirus. En este sentido se\u00f1alan que la mejor opci\u00f3n era realizar un par\u00e9ntesis y celebrar ya en 2021 u<strong>na cita tan especial como era el 50 aniversario de Textilhogar y el regreso a Val\u00e8ncia tras cinco ediciones en Madrid&nbsp;<\/strong>&#8220;<em>se apuesta as\u00ed por&nbsp;salvaguardar las garant\u00edas de negocio de sus expositores y regresar el a\u00f1o que viene con las mismas condiciones previstas este a\u00f1o, es decir, en Feria Valencia y coincidiendo con Feria H\u00e1bitat Valencia<\/em>&#8220;, se\u00f1alan.<\/p>\n<p style=\"text-align: justify;\">Por \u00faltimo desde el Comit\u00e9 Organizador matizan que <strong>estudiar\u00e1n&nbsp;alternativas digitales para suplir la no celebraci\u00f3n de la Feria en el 2020<\/strong>, todo con el fin de fidelizar a los compradores del sector y atraer a nuevos clientes cualificados.<\/p>\n","protected":false},"excerpt":{"rendered":"<p>La pr\u00f3xima convocatoria de Home Textiles Premium by Textilhogar, prevista inicialmente para este mes de septiembre, se celebrar\u00e1 finalmente en&#8230;<\/p>\n","protected":false},"author":1,"featured_media":24630,"comment_status":"open","ping_status":"open","sticky":false,"template":"","format":"standard","meta":{"footnotes":""},"categories":[97,75,79],"tags":[7281,1120,4348,4250,7792,185],"class_list":["post-63393","post","type-post","status-publish","format-standard","has-post-thumbnail","hentry","category-alcoy","category-noticias","category-politicayeconomia","tag-coronavirus","tag-feria","tag-sector","tag-septiembre","tag-texilhogar","tag-traslado"],"yoast_head":"<!-- This site is optimized with the Yoast SEO plugin v27.3 - https:\/\/yoast.com\/product\/yoast-seo-wordpress\/ -->\n<title>Textilhogar se traslada a septiembre de 2021 - COPE Alcoy<\/title>\n<meta name=\"robots\" content=\"index, follow, max-snippet:-1, max-image-preview:large, max-video-preview:-1\" \/>\n<link rel=\"canonical\" href=\"https:\/\/www.copealcoy.es\/es\/textilhogar-se-traslada-a-septiembre-de-2021\/\" \/>\n<meta property=\"og:locale\" content=\"es_ES\" \/>\n<meta property=\"og:type\" content=\"article\" \/>\n<meta property=\"og:title\" content=\"Textilhogar se traslada a septiembre de 2021 - COPE Alcoy\" \/>\n<meta property=\"og:description\" content=\"La pr\u00f3xima convocatoria de Home Textiles Premium by Textilhogar, prevista inicialmente para este mes de septiembre, se celebrar\u00e1 finalmente en...\" \/>\n<meta property=\"og:url\" content=\"https:\/\/www.copealcoy.es\/es\/textilhogar-se-traslada-a-septiembre-de-2021\/\" \/>\n<meta property=\"og:site_name\" content=\"COPE Alcoy\" \/>\n<meta property=\"article:published_time\" content=\"2020-06-29T12:00:20+00:00\" \/>\n<meta property=\"og:image\" content=\"https:\/\/www.copealcoy.es\/wp-content\/uploads\/2016\/09\/20101201090647-textilhogar-2003-3-or.jpg\" \/>\n\t<meta property=\"og:image:width\" content=\"1655\" \/>\n\t<meta property=\"og:image:height\" content=\"1114\" \/>\n\t<meta property=\"og:image:type\" content=\"image\/jpeg\" \/>\n<meta name=\"author\" content=\"Cope Alcoy\" \/>\n<meta name=\"twitter:label1\" content=\"Escrito por\" \/>\n\t<meta name=\"twitter:data1\" content=\"Cope Alcoy\" \/>\n\t<meta name=\"twitter:label2\" content=\"Tiempo de lectura\" \/>\n\t<meta name=\"twitter:data2\" content=\"1 minuto\" \/>\n<script type=\"application\/ld+json\" class=\"yoast-schema-graph\">{\"@context\":\"https:\\\/\\\/schema.org\",\"@graph\":[{\"@type\":\"Article\",\"@id\":\"https:\\\/\\\/www.copealcoy.es\\\/es\\\/textilhogar-se-traslada-a-septiembre-de-2021\\\/#article\",\"isPartOf\":{\"@id\":\"https:\\\/\\\/www.copealcoy.es\\\/es\\\/textilhogar-se-traslada-a-septiembre-de-2021\\\/\"},\"author\":{\"name\":\"Cope Alcoy\",\"@id\":\"https:\\\/\\\/www.copealcoy.es\\\/es\\\/#\\\/schema\\\/person\\\/e777c87fa024e57d40170af9df39882c\"},\"headline\":\"Textilhogar se traslada a septiembre de 2021\",\"datePublished\":\"2020-06-29T12:00:20+00:00\",\"mainEntityOfPage\":{\"@id\":\"https:\\\/\\\/www.copealcoy.es\\\/es\\\/textilhogar-se-traslada-a-septiembre-de-2021\\\/\"},\"wordCount\":228,\"commentCount\":0,\"image\":{\"@id\":\"https:\\\/\\\/www.copealcoy.es\\\/es\\\/textilhogar-se-traslada-a-septiembre-de-2021\\\/#primaryimage\"},\"thumbnailUrl\":\"https:\\\/\\\/www.copealcoy.es\\\/wp-content\\\/uploads\\\/2016\\\/09\\\/20101201090647-textilhogar-2003-3-or.jpg\",\"keywords\":[\"Coronavirus\",\"Feria\",\"sector\",\"septiembre\",\"Texilhogar\",\"Traslado\"],\"articleSection\":[\"Alcoy\",\"Noticias\",\"Pol\u00edtica y Econom\u00eda\"],\"inLanguage\":\"es\"},{\"@type\":\"WebPage\",\"@id\":\"https:\\\/\\\/www.copealcoy.es\\\/es\\\/textilhogar-se-traslada-a-septiembre-de-2021\\\/\",\"url\":\"https:\\\/\\\/www.copealcoy.es\\\/es\\\/textilhogar-se-traslada-a-septiembre-de-2021\\\/\",\"name\":\"Textilhogar se traslada a septiembre de 2021 - COPE Alcoy\",\"isPartOf\":{\"@id\":\"https:\\\/\\\/www.copealcoy.es\\\/es\\\/#website\"},\"primaryImageOfPage\":{\"@id\":\"https:\\\/\\\/www.copealcoy.es\\\/es\\\/textilhogar-se-traslada-a-septiembre-de-2021\\\/#primaryimage\"},\"image\":{\"@id\":\"https:\\\/\\\/www.copealcoy.es\\\/es\\\/textilhogar-se-traslada-a-septiembre-de-2021\\\/#primaryimage\"},\"thumbnailUrl\":\"https:\\\/\\\/www.copealcoy.es\\\/wp-content\\\/uploads\\\/2016\\\/09\\\/20101201090647-textilhogar-2003-3-or.jpg\",\"datePublished\":\"2020-06-29T12:00:20+00:00\",\"author\":{\"@id\":\"https:\\\/\\\/www.copealcoy.es\\\/es\\\/#\\\/schema\\\/person\\\/e777c87fa024e57d40170af9df39882c\"},\"breadcrumb\":{\"@id\":\"https:\\\/\\\/www.copealcoy.es\\\/es\\\/textilhogar-se-traslada-a-septiembre-de-2021\\\/#breadcrumb\"},\"inLanguage\":\"es\",\"potentialAction\":[{\"@type\":\"ReadAction\",\"target\":[\"https:\\\/\\\/www.copealcoy.es\\\/es\\\/textilhogar-se-traslada-a-septiembre-de-2021\\\/\"]}]},{\"@type\":\"ImageObject\",\"inLanguage\":\"es\",\"@id\":\"https:\\\/\\\/www.copealcoy.es\\\/es\\\/textilhogar-se-traslada-a-septiembre-de-2021\\\/#primaryimage\",\"url\":\"https:\\\/\\\/www.copealcoy.es\\\/wp-content\\\/uploads\\\/2016\\\/09\\\/20101201090647-textilhogar-2003-3-or.jpg\",\"contentUrl\":\"https:\\\/\\\/www.copealcoy.es\\\/wp-content\\\/uploads\\\/2016\\\/09\\\/20101201090647-textilhogar-2003-3-or.jpg\",\"width\":1655,\"height\":1114},{\"@type\":\"BreadcrumbList\",\"@id\":\"https:\\\/\\\/www.copealcoy.es\\\/es\\\/textilhogar-se-traslada-a-septiembre-de-2021\\\/#breadcrumb\",\"itemListElement\":[{\"@type\":\"ListItem\",\"position\":1,\"name\":\"Portada\",\"item\":\"https:\\\/\\\/www.copealcoy.es\\\/es\\\/\"},{\"@type\":\"ListItem\",\"position\":2,\"name\":\"Textilhogar se traslada a septiembre de 2021\"}]},{\"@type\":\"WebSite\",\"@id\":\"https:\\\/\\\/www.copealcoy.es\\\/es\\\/#website\",\"url\":\"https:\\\/\\\/www.copealcoy.es\\\/es\\\/\",\"name\":\"COPE Alcoy\",\"description\":\"Emisora COPE de radio local con emisi\u00f3n online. Pont de Sant Jordi 8-10 03803 Alcoy\",\"potentialAction\":[{\"@type\":\"SearchAction\",\"target\":{\"@type\":\"EntryPoint\",\"urlTemplate\":\"https:\\\/\\\/www.copealcoy.es\\\/es\\\/?s={search_term_string}\"},\"query-input\":{\"@type\":\"PropertyValueSpecification\",\"valueRequired\":true,\"valueName\":\"search_term_string\"}}],\"inLanguage\":\"es\"},{\"@type\":\"Person\",\"@id\":\"https:\\\/\\\/www.copealcoy.es\\\/es\\\/#\\\/schema\\\/person\\\/e777c87fa024e57d40170af9df39882c\",\"name\":\"Cope Alcoy\",\"image\":{\"@type\":\"ImageObject\",\"inLanguage\":\"es\",\"@id\":\"https:\\\/\\\/secure.gravatar.com\\\/avatar\\\/bb65d0283347e303893ba14f0692005417c1e0e690a325a4c5d8bb2b3943ee14?s=96&d=mm&r=g\",\"url\":\"https:\\\/\\\/secure.gravatar.com\\\/avatar\\\/bb65d0283347e303893ba14f0692005417c1e0e690a325a4c5d8bb2b3943ee14?s=96&d=mm&r=g\",\"contentUrl\":\"https:\\\/\\\/secure.gravatar.com\\\/avatar\\\/bb65d0283347e303893ba14f0692005417c1e0e690a325a4c5d8bb2b3943ee14?s=96&d=mm&r=g\",\"caption\":\"Cope Alcoy\"}}]}<\/script>\n<!-- \/ Yoast SEO plugin. -->","yoast_head_json":{"title":"Textilhogar se traslada a septiembre de 2021 - COPE Alcoy","robots":{"index":"index","follow":"follow","max-snippet":"max-snippet:-1","max-image-preview":"max-image-preview:large","max-video-preview":"max-video-preview:-1"},"canonical":"https:\/\/www.copealcoy.es\/es\/textilhogar-se-traslada-a-septiembre-de-2021\/","og_locale":"es_ES","og_type":"article","og_title":"Textilhogar se traslada a septiembre de 2021 - COPE Alcoy","og_description":"La pr\u00f3xima convocatoria de Home Textiles Premium by Textilhogar, prevista inicialmente para este mes de septiembre, se celebrar\u00e1 finalmente en...","og_url":"https:\/\/www.copealcoy.es\/es\/textilhogar-se-traslada-a-septiembre-de-2021\/","og_site_name":"COPE Alcoy","article_published_time":"2020-06-29T12:00:20+00:00","og_image":[{"width":1655,"height":1114,"url":"https:\/\/www.copealcoy.es\/wp-content\/uploads\/2016\/09\/20101201090647-textilhogar-2003-3-or.jpg","type":"image\/jpeg"}],"author":"Cope Alcoy","twitter_misc":{"Escrito por":"Cope Alcoy","Tiempo de lectura":"1 minuto"},"schema":{"@context":"https:\/\/schema.org","@graph":[{"@type":"Article","@id":"https:\/\/www.copealcoy.es\/es\/textilhogar-se-traslada-a-septiembre-de-2021\/#article","isPartOf":{"@id":"https:\/\/www.copealcoy.es\/es\/textilhogar-se-traslada-a-septiembre-de-2021\/"},"author":{"name":"Cope Alcoy","@id":"https:\/\/www.copealcoy.es\/es\/#\/schema\/person\/e777c87fa024e57d40170af9df39882c"},"headline":"Textilhogar se traslada a septiembre de 2021","datePublished":"2020-06-29T12:00:20+00:00","mainEntityOfPage":{"@id":"https:\/\/www.copealcoy.es\/es\/textilhogar-se-traslada-a-septiembre-de-2021\/"},"wordCount":228,"commentCount":0,"image":{"@id":"https:\/\/www.copealcoy.es\/es\/textilhogar-se-traslada-a-septiembre-de-2021\/#primaryimage"},"thumbnailUrl":"https:\/\/www.copealcoy.es\/wp-content\/uploads\/2016\/09\/20101201090647-textilhogar-2003-3-or.jpg","keywords":["Coronavirus","Feria","sector","septiembre","Texilhogar","Traslado"],"articleSection":["Alcoy","Noticias","Pol\u00edtica y Econom\u00eda"],"inLanguage":"es"},{"@type":"WebPage","@id":"https:\/\/www.copealcoy.es\/es\/textilhogar-se-traslada-a-septiembre-de-2021\/","url":"https:\/\/www.copealcoy.es\/es\/textilhogar-se-traslada-a-septiembre-de-2021\/","name":"Textilhogar se traslada a septiembre de 2021 - COPE Alcoy","isPartOf":{"@id":"https:\/\/www.copealcoy.es\/es\/#website"},"primaryImageOfPage":{"@id":"https:\/\/www.copealcoy.es\/es\/textilhogar-se-traslada-a-septiembre-de-2021\/#primaryimage"},"image":{"@id":"https:\/\/www.copealcoy.es\/es\/textilhogar-se-traslada-a-septiembre-de-2021\/#primaryimage"},"thumbnailUrl":"https:\/\/www.copealcoy.es\/wp-content\/uploads\/2016\/09\/20101201090647-textilhogar-2003-3-or.jpg","datePublished":"2020-06-29T12:00:20+00:00","author":{"@id":"https:\/\/www.copealcoy.es\/es\/#\/schema\/person\/e777c87fa024e57d40170af9df39882c"},"breadcrumb":{"@id":"https:\/\/www.copealcoy.es\/es\/textilhogar-se-traslada-a-septiembre-de-2021\/#breadcrumb"},"inLanguage":"es","potentialAction":[{"@type":"ReadAction","target":["https:\/\/www.copealcoy.es\/es\/textilhogar-se-traslada-a-septiembre-de-2021\/"]}]},{"@type":"ImageObject","inLanguage":"es","@id":"https:\/\/www.copealcoy.es\/es\/textilhogar-se-traslada-a-septiembre-de-2021\/#primaryimage","url":"https:\/\/www.copealcoy.es\/wp-content\/uploads\/2016\/09\/20101201090647-textilhogar-2003-3-or.jpg","contentUrl":"https:\/\/www.copealcoy.es\/wp-content\/uploads\/2016\/09\/20101201090647-textilhogar-2003-3-or.jpg","width":1655,"height":1114},{"@type":"BreadcrumbList","@id":"https:\/\/www.copealcoy.es\/es\/textilhogar-se-traslada-a-septiembre-de-2021\/#breadcrumb","itemListElement":[{"@type":"ListItem","position":1,"name":"Portada","item":"https:\/\/www.copealcoy.es\/es\/"},{"@type":"ListItem","position":2,"name":"Textilhogar se traslada a septiembre de 2021"}]},{"@type":"WebSite","@id":"https:\/\/www.copealcoy.es\/es\/#website","url":"https:\/\/www.copealcoy.es\/es\/","name":"COPE Alcoy","description":"Emisora COPE de radio local con emisi\u00f3n online. Pont de Sant Jordi 8-10 03803 Alcoy","potentialAction":[{"@type":"SearchAction","target":{"@type":"EntryPoint","urlTemplate":"https:\/\/www.copealcoy.es\/es\/?s={search_term_string}"},"query-input":{"@type":"PropertyValueSpecification","valueRequired":true,"valueName":"search_term_string"}}],"inLanguage":"es"},{"@type":"Person","@id":"https:\/\/www.copealcoy.es\/es\/#\/schema\/person\/e777c87fa024e57d40170af9df39882c","name":"Cope Alcoy","image":{"@type":"ImageObject","inLanguage":"es","@id":"https:\/\/secure.gravatar.com\/avatar\/bb65d0283347e303893ba14f0692005417c1e0e690a325a4c5d8bb2b3943ee14?s=96&d=mm&r=g","url":"https:\/\/secure.gravatar.com\/avatar\/bb65d0283347e303893ba14f0692005417c1e0e690a325a4c5d8bb2b3943ee14?s=96&d=mm&r=g","contentUrl":"https:\/\/secure.gravatar.com\/avatar\/bb65d0283347e303893ba14f0692005417c1e0e690a325a4c5d8bb2b3943ee14?s=96&d=mm&r=g","caption":"Cope Alcoy"}}]}},"_links":{"self":[{"href":"https:\/\/www.copealcoy.es\/es\/wp-json\/wp\/v2\/posts\/63393","targetHints":{"allow":["GET"]}}],"collection":[{"href":"https:\/\/www.copealcoy.es\/es\/wp-json\/wp\/v2\/posts"}],"about":[{"href":"https:\/\/www.copealcoy.es\/es\/wp-json\/wp\/v2\/types\/post"}],"author":[{"embeddable":true,"href":"https:\/\/www.copealcoy.es\/es\/wp-json\/wp\/v2\/users\/1"}],"replies":[{"embeddable":true,"href":"https:\/\/www.copealcoy.es\/es\/wp-json\/wp\/v2\/comments?post=63393"}],"version-history":[{"count":0,"href":"https:\/\/www.copealcoy.es\/es\/wp-json\/wp\/v2\/posts\/63393\/revisions"}],"wp:featuredmedia":[{"embeddable":true,"href":"https:\/\/www.copealcoy.es\/es\/wp-json\/wp\/v2\/media\/24630"}],"wp:attachment":[{"href":"https:\/\/www.copealcoy.es\/es\/wp-json\/wp\/v2\/media?parent=63393"}],"wp:term":[{"taxonomy":"category","embeddable":true,"href":"https:\/\/www.copealcoy.es\/es\/wp-json\/wp\/v2\/categories?post=63393"},{"taxonomy":"post_tag","embeddable":true,"href":"https:\/\/www.copealcoy.es\/es\/wp-json\/wp\/v2\/tags?post=63393"}],"curies":[{"name":"wp","href":"https:\/\/api.w.org\/{rel}","templated":true}]}}