{"id":63315,"date":"2020-06-25T11:33:25","date_gmt":"2020-06-25T11:33:25","guid":{"rendered":"https:\/\/www.copealcoy.es\/?p=63315"},"modified":"2020-06-25T11:33:25","modified_gmt":"2020-06-25T11:33:25","slug":"aumenta-la-atencion-a-familias-en-el-economato-de-caritas","status":"publish","type":"post","link":"https:\/\/www.copealcoy.es\/es\/aumenta-la-atencion-a-familias-en-el-economato-de-caritas\/","title":{"rendered":"Aumenta la atenci\u00f3n a familias en el Economato de C\u00e1ritas"},"content":{"rendered":"<p style=\"text-align: justify;\">El <strong>Economato de C\u00e1ritas Alcoy<\/strong> ha aumentado ligeramente <strong>el n\u00famero de usuarios<\/strong> en los \u00faltimos meses debido a <strong>las consecuencias econ\u00f3micas<\/strong> derivadas de la crisis del Coronavirus.<\/p>\n<p style=\"text-align: justify;\">En el mes de febrero, antes del confinamiento, <strong>se atend\u00eda en las instalaciones de Do\u00f1a Amalia<\/strong> a <strong>220 familias<\/strong> mientras que a principios de junio el n\u00famero de estas <strong>se situaba en torno a las 280<\/strong>. Esto, seg\u00fan detallan desde el Economato, <strong>supone una atenci\u00f3n a unas 1900 personas individuales en estos momentos<\/strong>; una cifra algo inferior a la de hace unos a\u00f1os cuando se prestaba servicio a cerca de trescientas personas. <strong>Juanjo Garrido<\/strong>, responsable del Economato, se\u00f1alaba en COPE ALCOY que estas cifras <strong>van variando en funci\u00f3n de las ayudas sociales<\/strong> que se otorgan desde las diferentes administraciones &#8220;<em>aunque el actual n\u00famero de atenciones sigue siendo elevado para una ciudad como Alcoy<\/em>&#8220;, afirma.<\/p>\n<p style=\"text-align: justify;\">Apuntar que C\u00e1ritas Alcoy<strong> sigue adelante con su campa\u00f1a de recogida de alimentos no perecederos<\/strong> en diferentes supermercados de la ciudad. Las aportaciones de alimentos <strong>se pueden hacer en las siguientes superficies de alimentaci\u00f3n<\/strong>: Consum Alameda, Consum Sabadell, Consum Renfe, MasyMas Santa Rosa, MasyMas Plaza de Espa\u00f1a, Hiperber El Cam\u00ed, Aldi, Lidl, Gourmet Centro San Lorenzo, Kuups Santa Rosa y Economy Cash Alameda.<\/p>\n","protected":false},"excerpt":{"rendered":"<p>El Economato de C\u00e1ritas Alcoy ha aumentado ligeramente el n\u00famero de usuarios en los \u00faltimos meses debido a las consecuencias&#8230;<\/p>\n","protected":false},"author":1,"featured_media":63182,"comment_status":"open","ping_status":"open","sticky":false,"template":"","format":"standard","meta":{"footnotes":""},"categories":[97,75,125],"tags":[1494,1425,206,3582,1356,4199],"class_list":["post-63315","post","type-post","status-publish","format-standard","has-post-thumbnail","hentry","category-alcoy","category-noticias","category-portada","tag-alcoy","tag-atencion","tag-aumento","tag-caritas-alcoy","tag-economato","tag-juanjo-garrido"],"yoast_head":"<!-- This site is optimized with the Yoast SEO plugin v27.3 - https:\/\/yoast.com\/product\/yoast-seo-wordpress\/ -->\n<title>Aumenta la atenci\u00f3n a familias en el Economato de C\u00e1ritas - COPE Alcoy<\/title>\n<meta name=\"robots\" content=\"index, follow, max-snippet:-1, max-image-preview:large, max-video-preview:-1\" \/>\n<link rel=\"canonical\" href=\"https:\/\/www.copealcoy.es\/es\/aumenta-la-atencion-a-familias-en-el-economato-de-caritas\/\" \/>\n<meta property=\"og:locale\" content=\"es_ES\" \/>\n<meta property=\"og:type\" content=\"article\" \/>\n<meta property=\"og:title\" content=\"Aumenta la atenci\u00f3n a familias en el Economato de C\u00e1ritas - COPE Alcoy\" \/>\n<meta property=\"og:description\" content=\"El Economato de C\u00e1ritas Alcoy ha aumentado ligeramente el n\u00famero de usuarios en los \u00faltimos meses debido a las consecuencias...\" \/>\n<meta property=\"og:url\" content=\"https:\/\/www.copealcoy.es\/es\/aumenta-la-atencion-a-familias-en-el-economato-de-caritas\/\" \/>\n<meta property=\"og:site_name\" content=\"COPE Alcoy\" \/>\n<meta property=\"article:published_time\" content=\"2020-06-25T11:33:25+00:00\" \/>\n<meta property=\"og:image\" content=\"https:\/\/www.copealcoy.es\/wp-content\/uploads\/2020\/06\/95528715_967726443689620_5885064708393795584_n.jpg\" \/>\n\t<meta property=\"og:image:width\" content=\"960\" \/>\n\t<meta property=\"og:image:height\" content=\"789\" \/>\n\t<meta property=\"og:image:type\" content=\"image\/jpeg\" \/>\n<meta name=\"author\" content=\"Cope Alcoy\" \/>\n<meta name=\"twitter:label1\" content=\"Escrito por\" \/>\n\t<meta name=\"twitter:data1\" content=\"Cope Alcoy\" \/>\n\t<meta name=\"twitter:label2\" content=\"Tiempo de lectura\" \/>\n\t<meta name=\"twitter:data2\" content=\"1 minuto\" \/>\n<script type=\"application\/ld+json\" class=\"yoast-schema-graph\">{\"@context\":\"https:\\\/\\\/schema.org\",\"@graph\":[{\"@type\":\"Article\",\"@id\":\"https:\\\/\\\/www.copealcoy.es\\\/es\\\/aumenta-la-atencion-a-familias-en-el-economato-de-caritas\\\/#article\",\"isPartOf\":{\"@id\":\"https:\\\/\\\/www.copealcoy.es\\\/es\\\/aumenta-la-atencion-a-familias-en-el-economato-de-caritas\\\/\"},\"author\":{\"name\":\"Cope Alcoy\",\"@id\":\"https:\\\/\\\/www.copealcoy.es\\\/es\\\/#\\\/schema\\\/person\\\/e777c87fa024e57d40170af9df39882c\"},\"headline\":\"Aumenta la atenci\u00f3n a familias en el Economato de C\u00e1ritas\",\"datePublished\":\"2020-06-25T11:33:25+00:00\",\"mainEntityOfPage\":{\"@id\":\"https:\\\/\\\/www.copealcoy.es\\\/es\\\/aumenta-la-atencion-a-familias-en-el-economato-de-caritas\\\/\"},\"wordCount\":229,\"commentCount\":0,\"image\":{\"@id\":\"https:\\\/\\\/www.copealcoy.es\\\/es\\\/aumenta-la-atencion-a-familias-en-el-economato-de-caritas\\\/#primaryimage\"},\"thumbnailUrl\":\"https:\\\/\\\/www.copealcoy.es\\\/wp-content\\\/uploads\\\/2020\\\/06\\\/95528715_967726443689620_5885064708393795584_n.jpg\",\"keywords\":[\"Alcoy\",\"atenci\u00f3n\",\"Aumento\",\"C\u00e1ritas Alcoy\",\"Economato\",\"Juanjo Garrido\"],\"articleSection\":[\"Alcoy\",\"Noticias\",\"Portada\"],\"inLanguage\":\"es\"},{\"@type\":\"WebPage\",\"@id\":\"https:\\\/\\\/www.copealcoy.es\\\/es\\\/aumenta-la-atencion-a-familias-en-el-economato-de-caritas\\\/\",\"url\":\"https:\\\/\\\/www.copealcoy.es\\\/es\\\/aumenta-la-atencion-a-familias-en-el-economato-de-caritas\\\/\",\"name\":\"Aumenta la atenci\u00f3n a familias en el Economato de C\u00e1ritas - COPE Alcoy\",\"isPartOf\":{\"@id\":\"https:\\\/\\\/www.copealcoy.es\\\/es\\\/#website\"},\"primaryImageOfPage\":{\"@id\":\"https:\\\/\\\/www.copealcoy.es\\\/es\\\/aumenta-la-atencion-a-familias-en-el-economato-de-caritas\\\/#primaryimage\"},\"image\":{\"@id\":\"https:\\\/\\\/www.copealcoy.es\\\/es\\\/aumenta-la-atencion-a-familias-en-el-economato-de-caritas\\\/#primaryimage\"},\"thumbnailUrl\":\"https:\\\/\\\/www.copealcoy.es\\\/wp-content\\\/uploads\\\/2020\\\/06\\\/95528715_967726443689620_5885064708393795584_n.jpg\",\"datePublished\":\"2020-06-25T11:33:25+00:00\",\"author\":{\"@id\":\"https:\\\/\\\/www.copealcoy.es\\\/es\\\/#\\\/schema\\\/person\\\/e777c87fa024e57d40170af9df39882c\"},\"breadcrumb\":{\"@id\":\"https:\\\/\\\/www.copealcoy.es\\\/es\\\/aumenta-la-atencion-a-familias-en-el-economato-de-caritas\\\/#breadcrumb\"},\"inLanguage\":\"es\",\"potentialAction\":[{\"@type\":\"ReadAction\",\"target\":[\"https:\\\/\\\/www.copealcoy.es\\\/es\\\/aumenta-la-atencion-a-familias-en-el-economato-de-caritas\\\/\"]}]},{\"@type\":\"ImageObject\",\"inLanguage\":\"es\",\"@id\":\"https:\\\/\\\/www.copealcoy.es\\\/es\\\/aumenta-la-atencion-a-familias-en-el-economato-de-caritas\\\/#primaryimage\",\"url\":\"https:\\\/\\\/www.copealcoy.es\\\/wp-content\\\/uploads\\\/2020\\\/06\\\/95528715_967726443689620_5885064708393795584_n.jpg\",\"contentUrl\":\"https:\\\/\\\/www.copealcoy.es\\\/wp-content\\\/uploads\\\/2020\\\/06\\\/95528715_967726443689620_5885064708393795584_n.jpg\",\"width\":960,\"height\":789,\"caption\":\"Voluntarios organizando los alimentos en el Economato \\\/ Foto: C\u00e1ritas Alcoy\"},{\"@type\":\"BreadcrumbList\",\"@id\":\"https:\\\/\\\/www.copealcoy.es\\\/es\\\/aumenta-la-atencion-a-familias-en-el-economato-de-caritas\\\/#breadcrumb\",\"itemListElement\":[{\"@type\":\"ListItem\",\"position\":1,\"name\":\"Portada\",\"item\":\"https:\\\/\\\/www.copealcoy.es\\\/es\\\/\"},{\"@type\":\"ListItem\",\"position\":2,\"name\":\"Aumenta la atenci\u00f3n a familias en el Economato de C\u00e1ritas\"}]},{\"@type\":\"WebSite\",\"@id\":\"https:\\\/\\\/www.copealcoy.es\\\/es\\\/#website\",\"url\":\"https:\\\/\\\/www.copealcoy.es\\\/es\\\/\",\"name\":\"COPE Alcoy\",\"description\":\"Emisora COPE de radio local con emisi\u00f3n online. Pont de Sant Jordi 8-10 03803 Alcoy\",\"potentialAction\":[{\"@type\":\"SearchAction\",\"target\":{\"@type\":\"EntryPoint\",\"urlTemplate\":\"https:\\\/\\\/www.copealcoy.es\\\/es\\\/?s={search_term_string}\"},\"query-input\":{\"@type\":\"PropertyValueSpecification\",\"valueRequired\":true,\"valueName\":\"search_term_string\"}}],\"inLanguage\":\"es\"},{\"@type\":\"Person\",\"@id\":\"https:\\\/\\\/www.copealcoy.es\\\/es\\\/#\\\/schema\\\/person\\\/e777c87fa024e57d40170af9df39882c\",\"name\":\"Cope Alcoy\",\"image\":{\"@type\":\"ImageObject\",\"inLanguage\":\"es\",\"@id\":\"https:\\\/\\\/secure.gravatar.com\\\/avatar\\\/bb65d0283347e303893ba14f0692005417c1e0e690a325a4c5d8bb2b3943ee14?s=96&d=mm&r=g\",\"url\":\"https:\\\/\\\/secure.gravatar.com\\\/avatar\\\/bb65d0283347e303893ba14f0692005417c1e0e690a325a4c5d8bb2b3943ee14?s=96&d=mm&r=g\",\"contentUrl\":\"https:\\\/\\\/secure.gravatar.com\\\/avatar\\\/bb65d0283347e303893ba14f0692005417c1e0e690a325a4c5d8bb2b3943ee14?s=96&d=mm&r=g\",\"caption\":\"Cope Alcoy\"}}]}<\/script>\n<!-- \/ Yoast SEO plugin. -->","yoast_head_json":{"title":"Aumenta la atenci\u00f3n a familias en el Economato de C\u00e1ritas - COPE Alcoy","robots":{"index":"index","follow":"follow","max-snippet":"max-snippet:-1","max-image-preview":"max-image-preview:large","max-video-preview":"max-video-preview:-1"},"canonical":"https:\/\/www.copealcoy.es\/es\/aumenta-la-atencion-a-familias-en-el-economato-de-caritas\/","og_locale":"es_ES","og_type":"article","og_title":"Aumenta la atenci\u00f3n a familias en el Economato de C\u00e1ritas - COPE Alcoy","og_description":"El Economato de C\u00e1ritas Alcoy ha aumentado ligeramente el n\u00famero de usuarios en los \u00faltimos meses debido a las consecuencias...","og_url":"https:\/\/www.copealcoy.es\/es\/aumenta-la-atencion-a-familias-en-el-economato-de-caritas\/","og_site_name":"COPE Alcoy","article_published_time":"2020-06-25T11:33:25+00:00","og_image":[{"width":960,"height":789,"url":"https:\/\/www.copealcoy.es\/wp-content\/uploads\/2020\/06\/95528715_967726443689620_5885064708393795584_n.jpg","type":"image\/jpeg"}],"author":"Cope Alcoy","twitter_misc":{"Escrito por":"Cope Alcoy","Tiempo de lectura":"1 minuto"},"schema":{"@context":"https:\/\/schema.org","@graph":[{"@type":"Article","@id":"https:\/\/www.copealcoy.es\/es\/aumenta-la-atencion-a-familias-en-el-economato-de-caritas\/#article","isPartOf":{"@id":"https:\/\/www.copealcoy.es\/es\/aumenta-la-atencion-a-familias-en-el-economato-de-caritas\/"},"author":{"name":"Cope Alcoy","@id":"https:\/\/www.copealcoy.es\/es\/#\/schema\/person\/e777c87fa024e57d40170af9df39882c"},"headline":"Aumenta la atenci\u00f3n a familias en el Economato de C\u00e1ritas","datePublished":"2020-06-25T11:33:25+00:00","mainEntityOfPage":{"@id":"https:\/\/www.copealcoy.es\/es\/aumenta-la-atencion-a-familias-en-el-economato-de-caritas\/"},"wordCount":229,"commentCount":0,"image":{"@id":"https:\/\/www.copealcoy.es\/es\/aumenta-la-atencion-a-familias-en-el-economato-de-caritas\/#primaryimage"},"thumbnailUrl":"https:\/\/www.copealcoy.es\/wp-content\/uploads\/2020\/06\/95528715_967726443689620_5885064708393795584_n.jpg","keywords":["Alcoy","atenci\u00f3n","Aumento","C\u00e1ritas Alcoy","Economato","Juanjo Garrido"],"articleSection":["Alcoy","Noticias","Portada"],"inLanguage":"es"},{"@type":"WebPage","@id":"https:\/\/www.copealcoy.es\/es\/aumenta-la-atencion-a-familias-en-el-economato-de-caritas\/","url":"https:\/\/www.copealcoy.es\/es\/aumenta-la-atencion-a-familias-en-el-economato-de-caritas\/","name":"Aumenta la atenci\u00f3n a familias en el Economato de C\u00e1ritas - COPE Alcoy","isPartOf":{"@id":"https:\/\/www.copealcoy.es\/es\/#website"},"primaryImageOfPage":{"@id":"https:\/\/www.copealcoy.es\/es\/aumenta-la-atencion-a-familias-en-el-economato-de-caritas\/#primaryimage"},"image":{"@id":"https:\/\/www.copealcoy.es\/es\/aumenta-la-atencion-a-familias-en-el-economato-de-caritas\/#primaryimage"},"thumbnailUrl":"https:\/\/www.copealcoy.es\/wp-content\/uploads\/2020\/06\/95528715_967726443689620_5885064708393795584_n.jpg","datePublished":"2020-06-25T11:33:25+00:00","author":{"@id":"https:\/\/www.copealcoy.es\/es\/#\/schema\/person\/e777c87fa024e57d40170af9df39882c"},"breadcrumb":{"@id":"https:\/\/www.copealcoy.es\/es\/aumenta-la-atencion-a-familias-en-el-economato-de-caritas\/#breadcrumb"},"inLanguage":"es","potentialAction":[{"@type":"ReadAction","target":["https:\/\/www.copealcoy.es\/es\/aumenta-la-atencion-a-familias-en-el-economato-de-caritas\/"]}]},{"@type":"ImageObject","inLanguage":"es","@id":"https:\/\/www.copealcoy.es\/es\/aumenta-la-atencion-a-familias-en-el-economato-de-caritas\/#primaryimage","url":"https:\/\/www.copealcoy.es\/wp-content\/uploads\/2020\/06\/95528715_967726443689620_5885064708393795584_n.jpg","contentUrl":"https:\/\/www.copealcoy.es\/wp-content\/uploads\/2020\/06\/95528715_967726443689620_5885064708393795584_n.jpg","width":960,"height":789,"caption":"Voluntarios organizando los alimentos en el Economato \/ Foto: C\u00e1ritas Alcoy"},{"@type":"BreadcrumbList","@id":"https:\/\/www.copealcoy.es\/es\/aumenta-la-atencion-a-familias-en-el-economato-de-caritas\/#breadcrumb","itemListElement":[{"@type":"ListItem","position":1,"name":"Portada","item":"https:\/\/www.copealcoy.es\/es\/"},{"@type":"ListItem","position":2,"name":"Aumenta la atenci\u00f3n a familias en el Economato de C\u00e1ritas"}]},{"@type":"WebSite","@id":"https:\/\/www.copealcoy.es\/es\/#website","url":"https:\/\/www.copealcoy.es\/es\/","name":"COPE Alcoy","description":"Emisora COPE de radio local con emisi\u00f3n online. Pont de Sant Jordi 8-10 03803 Alcoy","potentialAction":[{"@type":"SearchAction","target":{"@type":"EntryPoint","urlTemplate":"https:\/\/www.copealcoy.es\/es\/?s={search_term_string}"},"query-input":{"@type":"PropertyValueSpecification","valueRequired":true,"valueName":"search_term_string"}}],"inLanguage":"es"},{"@type":"Person","@id":"https:\/\/www.copealcoy.es\/es\/#\/schema\/person\/e777c87fa024e57d40170af9df39882c","name":"Cope Alcoy","image":{"@type":"ImageObject","inLanguage":"es","@id":"https:\/\/secure.gravatar.com\/avatar\/bb65d0283347e303893ba14f0692005417c1e0e690a325a4c5d8bb2b3943ee14?s=96&d=mm&r=g","url":"https:\/\/secure.gravatar.com\/avatar\/bb65d0283347e303893ba14f0692005417c1e0e690a325a4c5d8bb2b3943ee14?s=96&d=mm&r=g","contentUrl":"https:\/\/secure.gravatar.com\/avatar\/bb65d0283347e303893ba14f0692005417c1e0e690a325a4c5d8bb2b3943ee14?s=96&d=mm&r=g","caption":"Cope Alcoy"}}]}},"_links":{"self":[{"href":"https:\/\/www.copealcoy.es\/es\/wp-json\/wp\/v2\/posts\/63315","targetHints":{"allow":["GET"]}}],"collection":[{"href":"https:\/\/www.copealcoy.es\/es\/wp-json\/wp\/v2\/posts"}],"about":[{"href":"https:\/\/www.copealcoy.es\/es\/wp-json\/wp\/v2\/types\/post"}],"author":[{"embeddable":true,"href":"https:\/\/www.copealcoy.es\/es\/wp-json\/wp\/v2\/users\/1"}],"replies":[{"embeddable":true,"href":"https:\/\/www.copealcoy.es\/es\/wp-json\/wp\/v2\/comments?post=63315"}],"version-history":[{"count":0,"href":"https:\/\/www.copealcoy.es\/es\/wp-json\/wp\/v2\/posts\/63315\/revisions"}],"wp:featuredmedia":[{"embeddable":true,"href":"https:\/\/www.copealcoy.es\/es\/wp-json\/wp\/v2\/media\/63182"}],"wp:attachment":[{"href":"https:\/\/www.copealcoy.es\/es\/wp-json\/wp\/v2\/media?parent=63315"}],"wp:term":[{"taxonomy":"category","embeddable":true,"href":"https:\/\/www.copealcoy.es\/es\/wp-json\/wp\/v2\/categories?post=63315"},{"taxonomy":"post_tag","embeddable":true,"href":"https:\/\/www.copealcoy.es\/es\/wp-json\/wp\/v2\/tags?post=63315"}],"curies":[{"name":"wp","href":"https:\/\/api.w.org\/{rel}","templated":true}]}}