{"id":63271,"date":"2020-06-23T10:37:53","date_gmt":"2020-06-23T10:37:53","guid":{"rendered":"https:\/\/www.copealcoy.es\/?p=63271"},"modified":"2020-06-23T10:37:53","modified_gmt":"2020-06-23T10:37:53","slug":"les-tres-escoles-infantils-municipals-dalcoi-obrin-les-portes","status":"publish","type":"post","link":"https:\/\/www.copealcoy.es\/es\/les-tres-escoles-infantils-municipals-dalcoi-obrin-les-portes\/","title":{"rendered":"Les tres escoles infantils municipals d&#8217;Alcoi obrin les portes"},"content":{"rendered":"<p style=\"text-align: justify;\">Les<strong> tres Escoles Infantils d&#8217;Alcoi<\/strong> van recuperar ahir dilluns <strong>l&#8217;activitat<\/strong> despr\u00e9s de <strong>finalitzar el decret d&#8217;Estat d&#8217;Alarma<\/strong> i obrir-se cam\u00ed l&#8217;anomenada <strong>&#8216;nova normalitat&#8217;<\/strong>.<\/p>\n<p style=\"text-align: justify;\">En els Centres del <strong>Jesuset del Miracle, Zona Nord i Batoi<\/strong> s&#8217;han matriculat <strong>69 nenes i nens<\/strong> d&#8217;edats compreses <strong>entre els 0 i els 3 anys<\/strong>. Totes les sol\u00b7licituds realitzades per l&#8217;alumnat dels Centres, en el termini corresponent, han estat acceptades i les Escoles Infantils <strong>estaran obertes fins al 24 de juliol<\/strong>. Cada un dels tres centres educatius torna a l&#8217;activitat docent amb <strong>un pla que inclou mesures sanit\u00e0ries especials per combatre la Covid-19<\/strong> i que segueix les directrius marcades des de la Generalitat. Per centres, <strong>a la Zona Nord hi haur\u00e0 un total de 27 nens i nenes<\/strong>, <strong>en Batoi 26 alumnes<\/strong> i <strong>en Jesuset 16 nens<\/strong> &#8220;<em>som una de les poques ciutats de la Comunitat que ha obert els centres municipals d&#8217;educaci\u00f3 infantil, i ho fem amb l&#8217;objectiu de donar resposta en all\u00f2 que est\u00e0 a les nostres mans, a la conciliaci\u00f3 familiar de les alcoianes i els alcoians per\u00f2 tamb\u00e9 per oferir espais adequats, amb activitats i zones a l&#8217;aire lliure per afavorir el creixement saludable de les nostres xiquetes i xiquets de 0 a 3 anys que han sigut un dels que m\u00e9s han patit el confinament en els seus domicilis<\/em>&#8220;, afirma el regidor d&#8217;Educaci\u00f3; <strong>Alberto Belda<\/strong>.<\/p>\n<p style=\"text-align: justify;\">Entre les mesures contemplades en aquesta nova etapa destaquen <strong>la baixada del r\u00e0tio d&#8217;alumnes<\/strong> <strong>per aula<\/strong> mantenint a tot el professorat, <strong>la neteja i desinfecci\u00f3 de les instalacions<\/strong> al llarg del dia, <strong>la presa de temperatura als alumnes<\/strong> abans d&#8217;entrar al Centre, <strong>una declaraci\u00f3 responsable per part de les fam\u00edlies<\/strong> o <strong>no permetre l&#8217;entrada dels pares als Centres Educatius<\/strong>.<\/p>\n","protected":false},"excerpt":{"rendered":"<p>Les tres Escoles Infantils d&#8217;Alcoi van recuperar ahir dilluns l&#8217;activitat despr\u00e9s de finalitzar el decret d&#8217;Estat d&#8217;Alarma i obrir-se cam\u00ed&#8230;<\/p>\n","protected":false},"author":1,"featured_media":63272,"comment_status":"open","ping_status":"open","sticky":false,"template":"","format":"standard","meta":{"footnotes":""},"categories":[97,75,125],"tags":[1752,160,7757,7758],"class_list":["post-63271","post","type-post","status-publish","format-standard","has-post-thumbnail","hentry","category-alcoy","category-noticias","category-portada","tag-alberto-belda","tag-alcoi","tag-escoletes-infantils","tag-funcionament"],"yoast_head":"<!-- This site is optimized with the Yoast SEO plugin v27.3 - https:\/\/yoast.com\/product\/yoast-seo-wordpress\/ -->\n<title>Les tres escoles infantils municipals d&#039;Alcoi obrin les portes - COPE Alcoy<\/title>\n<meta name=\"robots\" content=\"index, follow, max-snippet:-1, max-image-preview:large, max-video-preview:-1\" \/>\n<link rel=\"canonical\" href=\"https:\/\/www.copealcoy.es\/es\/les-tres-escoles-infantils-municipals-dalcoi-obrin-les-portes\/\" \/>\n<meta property=\"og:locale\" content=\"es_ES\" \/>\n<meta property=\"og:type\" content=\"article\" \/>\n<meta property=\"og:title\" content=\"Les tres escoles infantils municipals d&#039;Alcoi obrin les portes - COPE Alcoy\" \/>\n<meta property=\"og:description\" content=\"Les tres Escoles Infantils d&#8217;Alcoi van recuperar ahir dilluns l&#8217;activitat despr\u00e9s de finalitzar el decret d&#8217;Estat d&#8217;Alarma i obrir-se cam\u00ed...\" \/>\n<meta property=\"og:url\" content=\"https:\/\/www.copealcoy.es\/es\/les-tres-escoles-infantils-municipals-dalcoi-obrin-les-portes\/\" \/>\n<meta property=\"og:site_name\" content=\"COPE Alcoy\" \/>\n<meta property=\"article:published_time\" content=\"2020-06-23T10:37:53+00:00\" \/>\n<meta property=\"og:image\" content=\"https:\/\/www.copealcoy.es\/wp-content\/uploads\/2020\/06\/repaertura_escoletes1jpg.jpg\" \/>\n\t<meta property=\"og:image:width\" content=\"1024\" \/>\n\t<meta property=\"og:image:height\" content=\"768\" \/>\n\t<meta property=\"og:image:type\" content=\"image\/jpeg\" \/>\n<meta name=\"author\" content=\"Cope Alcoy\" \/>\n<meta name=\"twitter:label1\" content=\"Escrito por\" \/>\n\t<meta name=\"twitter:data1\" content=\"Cope Alcoy\" \/>\n\t<meta name=\"twitter:label2\" content=\"Tiempo de lectura\" \/>\n\t<meta name=\"twitter:data2\" content=\"1 minuto\" \/>\n<script type=\"application\/ld+json\" class=\"yoast-schema-graph\">{\"@context\":\"https:\\\/\\\/schema.org\",\"@graph\":[{\"@type\":\"Article\",\"@id\":\"https:\\\/\\\/www.copealcoy.es\\\/es\\\/les-tres-escoles-infantils-municipals-dalcoi-obrin-les-portes\\\/#article\",\"isPartOf\":{\"@id\":\"https:\\\/\\\/www.copealcoy.es\\\/es\\\/les-tres-escoles-infantils-municipals-dalcoi-obrin-les-portes\\\/\"},\"author\":{\"name\":\"Cope Alcoy\",\"@id\":\"https:\\\/\\\/www.copealcoy.es\\\/es\\\/#\\\/schema\\\/person\\\/e777c87fa024e57d40170af9df39882c\"},\"headline\":\"Les tres escoles infantils municipals d&#8217;Alcoi obrin les portes\",\"datePublished\":\"2020-06-23T10:37:53+00:00\",\"mainEntityOfPage\":{\"@id\":\"https:\\\/\\\/www.copealcoy.es\\\/es\\\/les-tres-escoles-infantils-municipals-dalcoi-obrin-les-portes\\\/\"},\"wordCount\":306,\"commentCount\":0,\"image\":{\"@id\":\"https:\\\/\\\/www.copealcoy.es\\\/es\\\/les-tres-escoles-infantils-municipals-dalcoi-obrin-les-portes\\\/#primaryimage\"},\"thumbnailUrl\":\"https:\\\/\\\/www.copealcoy.es\\\/wp-content\\\/uploads\\\/2020\\\/06\\\/repaertura_escoletes1jpg.jpg\",\"keywords\":[\"Alberto Belda\",\"Alcoi\",\"Escoletes Infantils\",\"funcionament\"],\"articleSection\":[\"Alcoy\",\"Noticias\",\"Portada\"],\"inLanguage\":\"es\"},{\"@type\":\"WebPage\",\"@id\":\"https:\\\/\\\/www.copealcoy.es\\\/es\\\/les-tres-escoles-infantils-municipals-dalcoi-obrin-les-portes\\\/\",\"url\":\"https:\\\/\\\/www.copealcoy.es\\\/es\\\/les-tres-escoles-infantils-municipals-dalcoi-obrin-les-portes\\\/\",\"name\":\"Les tres escoles infantils municipals d'Alcoi obrin les portes - COPE Alcoy\",\"isPartOf\":{\"@id\":\"https:\\\/\\\/www.copealcoy.es\\\/es\\\/#website\"},\"primaryImageOfPage\":{\"@id\":\"https:\\\/\\\/www.copealcoy.es\\\/es\\\/les-tres-escoles-infantils-municipals-dalcoi-obrin-les-portes\\\/#primaryimage\"},\"image\":{\"@id\":\"https:\\\/\\\/www.copealcoy.es\\\/es\\\/les-tres-escoles-infantils-municipals-dalcoi-obrin-les-portes\\\/#primaryimage\"},\"thumbnailUrl\":\"https:\\\/\\\/www.copealcoy.es\\\/wp-content\\\/uploads\\\/2020\\\/06\\\/repaertura_escoletes1jpg.jpg\",\"datePublished\":\"2020-06-23T10:37:53+00:00\",\"author\":{\"@id\":\"https:\\\/\\\/www.copealcoy.es\\\/es\\\/#\\\/schema\\\/person\\\/e777c87fa024e57d40170af9df39882c\"},\"breadcrumb\":{\"@id\":\"https:\\\/\\\/www.copealcoy.es\\\/es\\\/les-tres-escoles-infantils-municipals-dalcoi-obrin-les-portes\\\/#breadcrumb\"},\"inLanguage\":\"es\",\"potentialAction\":[{\"@type\":\"ReadAction\",\"target\":[\"https:\\\/\\\/www.copealcoy.es\\\/es\\\/les-tres-escoles-infantils-municipals-dalcoi-obrin-les-portes\\\/\"]}]},{\"@type\":\"ImageObject\",\"inLanguage\":\"es\",\"@id\":\"https:\\\/\\\/www.copealcoy.es\\\/es\\\/les-tres-escoles-infantils-municipals-dalcoi-obrin-les-portes\\\/#primaryimage\",\"url\":\"https:\\\/\\\/www.copealcoy.es\\\/wp-content\\\/uploads\\\/2020\\\/06\\\/repaertura_escoletes1jpg.jpg\",\"contentUrl\":\"https:\\\/\\\/www.copealcoy.es\\\/wp-content\\\/uploads\\\/2020\\\/06\\\/repaertura_escoletes1jpg.jpg\",\"width\":1024,\"height\":768,\"caption\":\"Les Escoletes funcionen a ple rendiment \\\/ Foto: Ajuntament d'Alcoi\"},{\"@type\":\"BreadcrumbList\",\"@id\":\"https:\\\/\\\/www.copealcoy.es\\\/es\\\/les-tres-escoles-infantils-municipals-dalcoi-obrin-les-portes\\\/#breadcrumb\",\"itemListElement\":[{\"@type\":\"ListItem\",\"position\":1,\"name\":\"Portada\",\"item\":\"https:\\\/\\\/www.copealcoy.es\\\/es\\\/\"},{\"@type\":\"ListItem\",\"position\":2,\"name\":\"Les tres escoles infantils municipals d&#8217;Alcoi obrin les portes\"}]},{\"@type\":\"WebSite\",\"@id\":\"https:\\\/\\\/www.copealcoy.es\\\/es\\\/#website\",\"url\":\"https:\\\/\\\/www.copealcoy.es\\\/es\\\/\",\"name\":\"COPE Alcoy\",\"description\":\"Emisora COPE de radio local con emisi\u00f3n online. Pont de Sant Jordi 8-10 03803 Alcoy\",\"potentialAction\":[{\"@type\":\"SearchAction\",\"target\":{\"@type\":\"EntryPoint\",\"urlTemplate\":\"https:\\\/\\\/www.copealcoy.es\\\/es\\\/?s={search_term_string}\"},\"query-input\":{\"@type\":\"PropertyValueSpecification\",\"valueRequired\":true,\"valueName\":\"search_term_string\"}}],\"inLanguage\":\"es\"},{\"@type\":\"Person\",\"@id\":\"https:\\\/\\\/www.copealcoy.es\\\/es\\\/#\\\/schema\\\/person\\\/e777c87fa024e57d40170af9df39882c\",\"name\":\"Cope Alcoy\",\"image\":{\"@type\":\"ImageObject\",\"inLanguage\":\"es\",\"@id\":\"https:\\\/\\\/secure.gravatar.com\\\/avatar\\\/bb65d0283347e303893ba14f0692005417c1e0e690a325a4c5d8bb2b3943ee14?s=96&d=mm&r=g\",\"url\":\"https:\\\/\\\/secure.gravatar.com\\\/avatar\\\/bb65d0283347e303893ba14f0692005417c1e0e690a325a4c5d8bb2b3943ee14?s=96&d=mm&r=g\",\"contentUrl\":\"https:\\\/\\\/secure.gravatar.com\\\/avatar\\\/bb65d0283347e303893ba14f0692005417c1e0e690a325a4c5d8bb2b3943ee14?s=96&d=mm&r=g\",\"caption\":\"Cope Alcoy\"}}]}<\/script>\n<!-- \/ Yoast SEO plugin. -->","yoast_head_json":{"title":"Les tres escoles infantils municipals d'Alcoi obrin les portes - COPE Alcoy","robots":{"index":"index","follow":"follow","max-snippet":"max-snippet:-1","max-image-preview":"max-image-preview:large","max-video-preview":"max-video-preview:-1"},"canonical":"https:\/\/www.copealcoy.es\/es\/les-tres-escoles-infantils-municipals-dalcoi-obrin-les-portes\/","og_locale":"es_ES","og_type":"article","og_title":"Les tres escoles infantils municipals d'Alcoi obrin les portes - COPE Alcoy","og_description":"Les tres Escoles Infantils d&#8217;Alcoi van recuperar ahir dilluns l&#8217;activitat despr\u00e9s de finalitzar el decret d&#8217;Estat d&#8217;Alarma i obrir-se cam\u00ed...","og_url":"https:\/\/www.copealcoy.es\/es\/les-tres-escoles-infantils-municipals-dalcoi-obrin-les-portes\/","og_site_name":"COPE Alcoy","article_published_time":"2020-06-23T10:37:53+00:00","og_image":[{"width":1024,"height":768,"url":"https:\/\/www.copealcoy.es\/wp-content\/uploads\/2020\/06\/repaertura_escoletes1jpg.jpg","type":"image\/jpeg"}],"author":"Cope Alcoy","twitter_misc":{"Escrito por":"Cope Alcoy","Tiempo de lectura":"1 minuto"},"schema":{"@context":"https:\/\/schema.org","@graph":[{"@type":"Article","@id":"https:\/\/www.copealcoy.es\/es\/les-tres-escoles-infantils-municipals-dalcoi-obrin-les-portes\/#article","isPartOf":{"@id":"https:\/\/www.copealcoy.es\/es\/les-tres-escoles-infantils-municipals-dalcoi-obrin-les-portes\/"},"author":{"name":"Cope Alcoy","@id":"https:\/\/www.copealcoy.es\/es\/#\/schema\/person\/e777c87fa024e57d40170af9df39882c"},"headline":"Les tres escoles infantils municipals d&#8217;Alcoi obrin les portes","datePublished":"2020-06-23T10:37:53+00:00","mainEntityOfPage":{"@id":"https:\/\/www.copealcoy.es\/es\/les-tres-escoles-infantils-municipals-dalcoi-obrin-les-portes\/"},"wordCount":306,"commentCount":0,"image":{"@id":"https:\/\/www.copealcoy.es\/es\/les-tres-escoles-infantils-municipals-dalcoi-obrin-les-portes\/#primaryimage"},"thumbnailUrl":"https:\/\/www.copealcoy.es\/wp-content\/uploads\/2020\/06\/repaertura_escoletes1jpg.jpg","keywords":["Alberto Belda","Alcoi","Escoletes Infantils","funcionament"],"articleSection":["Alcoy","Noticias","Portada"],"inLanguage":"es"},{"@type":"WebPage","@id":"https:\/\/www.copealcoy.es\/es\/les-tres-escoles-infantils-municipals-dalcoi-obrin-les-portes\/","url":"https:\/\/www.copealcoy.es\/es\/les-tres-escoles-infantils-municipals-dalcoi-obrin-les-portes\/","name":"Les tres escoles infantils municipals d'Alcoi obrin les portes - COPE Alcoy","isPartOf":{"@id":"https:\/\/www.copealcoy.es\/es\/#website"},"primaryImageOfPage":{"@id":"https:\/\/www.copealcoy.es\/es\/les-tres-escoles-infantils-municipals-dalcoi-obrin-les-portes\/#primaryimage"},"image":{"@id":"https:\/\/www.copealcoy.es\/es\/les-tres-escoles-infantils-municipals-dalcoi-obrin-les-portes\/#primaryimage"},"thumbnailUrl":"https:\/\/www.copealcoy.es\/wp-content\/uploads\/2020\/06\/repaertura_escoletes1jpg.jpg","datePublished":"2020-06-23T10:37:53+00:00","author":{"@id":"https:\/\/www.copealcoy.es\/es\/#\/schema\/person\/e777c87fa024e57d40170af9df39882c"},"breadcrumb":{"@id":"https:\/\/www.copealcoy.es\/es\/les-tres-escoles-infantils-municipals-dalcoi-obrin-les-portes\/#breadcrumb"},"inLanguage":"es","potentialAction":[{"@type":"ReadAction","target":["https:\/\/www.copealcoy.es\/es\/les-tres-escoles-infantils-municipals-dalcoi-obrin-les-portes\/"]}]},{"@type":"ImageObject","inLanguage":"es","@id":"https:\/\/www.copealcoy.es\/es\/les-tres-escoles-infantils-municipals-dalcoi-obrin-les-portes\/#primaryimage","url":"https:\/\/www.copealcoy.es\/wp-content\/uploads\/2020\/06\/repaertura_escoletes1jpg.jpg","contentUrl":"https:\/\/www.copealcoy.es\/wp-content\/uploads\/2020\/06\/repaertura_escoletes1jpg.jpg","width":1024,"height":768,"caption":"Les Escoletes funcionen a ple rendiment \/ Foto: Ajuntament d'Alcoi"},{"@type":"BreadcrumbList","@id":"https:\/\/www.copealcoy.es\/es\/les-tres-escoles-infantils-municipals-dalcoi-obrin-les-portes\/#breadcrumb","itemListElement":[{"@type":"ListItem","position":1,"name":"Portada","item":"https:\/\/www.copealcoy.es\/es\/"},{"@type":"ListItem","position":2,"name":"Les tres escoles infantils municipals d&#8217;Alcoi obrin les portes"}]},{"@type":"WebSite","@id":"https:\/\/www.copealcoy.es\/es\/#website","url":"https:\/\/www.copealcoy.es\/es\/","name":"COPE Alcoy","description":"Emisora COPE de radio local con emisi\u00f3n online. Pont de Sant Jordi 8-10 03803 Alcoy","potentialAction":[{"@type":"SearchAction","target":{"@type":"EntryPoint","urlTemplate":"https:\/\/www.copealcoy.es\/es\/?s={search_term_string}"},"query-input":{"@type":"PropertyValueSpecification","valueRequired":true,"valueName":"search_term_string"}}],"inLanguage":"es"},{"@type":"Person","@id":"https:\/\/www.copealcoy.es\/es\/#\/schema\/person\/e777c87fa024e57d40170af9df39882c","name":"Cope Alcoy","image":{"@type":"ImageObject","inLanguage":"es","@id":"https:\/\/secure.gravatar.com\/avatar\/bb65d0283347e303893ba14f0692005417c1e0e690a325a4c5d8bb2b3943ee14?s=96&d=mm&r=g","url":"https:\/\/secure.gravatar.com\/avatar\/bb65d0283347e303893ba14f0692005417c1e0e690a325a4c5d8bb2b3943ee14?s=96&d=mm&r=g","contentUrl":"https:\/\/secure.gravatar.com\/avatar\/bb65d0283347e303893ba14f0692005417c1e0e690a325a4c5d8bb2b3943ee14?s=96&d=mm&r=g","caption":"Cope Alcoy"}}]}},"_links":{"self":[{"href":"https:\/\/www.copealcoy.es\/es\/wp-json\/wp\/v2\/posts\/63271","targetHints":{"allow":["GET"]}}],"collection":[{"href":"https:\/\/www.copealcoy.es\/es\/wp-json\/wp\/v2\/posts"}],"about":[{"href":"https:\/\/www.copealcoy.es\/es\/wp-json\/wp\/v2\/types\/post"}],"author":[{"embeddable":true,"href":"https:\/\/www.copealcoy.es\/es\/wp-json\/wp\/v2\/users\/1"}],"replies":[{"embeddable":true,"href":"https:\/\/www.copealcoy.es\/es\/wp-json\/wp\/v2\/comments?post=63271"}],"version-history":[{"count":0,"href":"https:\/\/www.copealcoy.es\/es\/wp-json\/wp\/v2\/posts\/63271\/revisions"}],"wp:featuredmedia":[{"embeddable":true,"href":"https:\/\/www.copealcoy.es\/es\/wp-json\/wp\/v2\/media\/63272"}],"wp:attachment":[{"href":"https:\/\/www.copealcoy.es\/es\/wp-json\/wp\/v2\/media?parent=63271"}],"wp:term":[{"taxonomy":"category","embeddable":true,"href":"https:\/\/www.copealcoy.es\/es\/wp-json\/wp\/v2\/categories?post=63271"},{"taxonomy":"post_tag","embeddable":true,"href":"https:\/\/www.copealcoy.es\/es\/wp-json\/wp\/v2\/tags?post=63271"}],"curies":[{"name":"wp","href":"https:\/\/api.w.org\/{rel}","templated":true}]}}