{"id":63217,"date":"2020-06-22T09:48:56","date_gmt":"2020-06-22T09:48:56","guid":{"rendered":"https:\/\/www.copealcoy.es\/?p=63217"},"modified":"2020-06-22T09:48:56","modified_gmt":"2020-06-22T09:48:56","slug":"turisme-cocentaina-estrena-nou-portal-web","status":"publish","type":"post","link":"https:\/\/www.copealcoy.es\/es\/turisme-cocentaina-estrena-nou-portal-web\/","title":{"rendered":"Turisme Cocentaina estrena nou portal web"},"content":{"rendered":"<p style=\"text-align: justify;\">La <strong>regidoria de Turisme de l&#8217;Ajuntament de Cocentaina<\/strong> ha estrenat<strong> nou portal web<\/strong> per a difondre <strong>els atractius<\/strong> aix\u00ed com <strong>l&#8217;oferta tur\u00edstica<\/strong> del municipi.<\/p>\n<p style=\"text-align: justify;\">Aquesta p\u00e1gina web ofereix <strong>informaci\u00f3 d&#8217;allotjaments, restaurants, comer\u00e7os, rutes o llocs imprescindibles<\/strong> que cal visitar a la capital del Comtat. A m\u00e9s compta amb <strong>una secci\u00f3 d&#8217;agenda<\/strong> i amb un espai on es poden descarregar <strong>fullets informatius concrets<\/strong>. Tamb\u00e9<strong> s&#8217;incorporen les noves tecnologies<\/strong> amb la possibilitat de fer <strong>una visita virtual al Palau Comtal<\/strong> o gaudir de <strong>les reconstruccions virtuals dels Castells del poble<\/strong> &#8220;s<em>om conscients que ens queda molt per fer i en aquest sentit anirem a poc a poc implementant noves millores en la web amb l&#8217;objectiu de millorar el seu posicionament i que el nostre municipi incremente el nombre de<\/em> visitants&#8221;, afirma el regidor de Turisme; <strong>Iv\u00e1n Jover<\/strong>.\u00a0<i><\/i><\/p>\n<p style=\"text-align: justify;\">La renovada aposta digital de Turisme Cocentaina incorpora tamb\u00e9 <strong>la creaci\u00f3 de perfils a les xarxes socials<\/strong> YouTube, Facebook i Instagram.<\/p>\n","protected":false},"excerpt":{"rendered":"<p>La regidoria de Turisme de l&#8217;Ajuntament de Cocentaina ha estrenat nou portal web per a difondre els atractius aix\u00ed com&#8230;<\/p>\n","protected":false},"author":1,"featured_media":63218,"comment_status":"open","ping_status":"open","sticky":false,"template":"","format":"standard","meta":{"footnotes":""},"categories":[98,75],"tags":[7740,7068,7741,5058],"class_list":["post-63217","post","type-post","status-publish","format-standard","has-post-thumbnail","hentry","category-comarcas","category-noticias","tag-ajuntament-de-cocentaina","tag-ivan-jover","tag-nou-portal-web","tag-turisme"],"yoast_head":"<!-- This site is optimized with the Yoast SEO plugin v27.3 - https:\/\/yoast.com\/product\/yoast-seo-wordpress\/ -->\n<title>Turisme Cocentaina estrena nou portal web - COPE Alcoy<\/title>\n<meta name=\"robots\" content=\"index, follow, max-snippet:-1, max-image-preview:large, max-video-preview:-1\" \/>\n<link rel=\"canonical\" href=\"https:\/\/www.copealcoy.es\/es\/turisme-cocentaina-estrena-nou-portal-web\/\" \/>\n<meta property=\"og:locale\" content=\"es_ES\" \/>\n<meta property=\"og:type\" content=\"article\" \/>\n<meta property=\"og:title\" content=\"Turisme Cocentaina estrena nou portal web - COPE Alcoy\" \/>\n<meta property=\"og:description\" content=\"La regidoria de Turisme de l&#8217;Ajuntament de Cocentaina ha estrenat nou portal web per a difondre els atractius aix\u00ed com...\" \/>\n<meta property=\"og:url\" content=\"https:\/\/www.copealcoy.es\/es\/turisme-cocentaina-estrena-nou-portal-web\/\" \/>\n<meta property=\"og:site_name\" content=\"COPE Alcoy\" \/>\n<meta property=\"article:published_time\" content=\"2020-06-22T09:48:56+00:00\" \/>\n<meta property=\"og:image\" content=\"https:\/\/www.copealcoy.es\/wp-content\/uploads\/2020\/06\/web-turisme-cocentaina.jpg\" \/>\n\t<meta property=\"og:image:width\" content=\"1900\" \/>\n\t<meta property=\"og:image:height\" content=\"819\" \/>\n\t<meta property=\"og:image:type\" content=\"image\/jpeg\" \/>\n<meta name=\"author\" content=\"Cope Alcoy\" \/>\n<meta name=\"twitter:label1\" content=\"Escrito por\" \/>\n\t<meta name=\"twitter:data1\" content=\"Cope Alcoy\" \/>\n\t<meta name=\"twitter:label2\" content=\"Tiempo de lectura\" \/>\n\t<meta name=\"twitter:data2\" content=\"1 minuto\" \/>\n<script type=\"application\/ld+json\" class=\"yoast-schema-graph\">{\"@context\":\"https:\\\/\\\/schema.org\",\"@graph\":[{\"@type\":\"Article\",\"@id\":\"https:\\\/\\\/www.copealcoy.es\\\/es\\\/turisme-cocentaina-estrena-nou-portal-web\\\/#article\",\"isPartOf\":{\"@id\":\"https:\\\/\\\/www.copealcoy.es\\\/es\\\/turisme-cocentaina-estrena-nou-portal-web\\\/\"},\"author\":{\"name\":\"Cope Alcoy\",\"@id\":\"https:\\\/\\\/www.copealcoy.es\\\/es\\\/#\\\/schema\\\/person\\\/e777c87fa024e57d40170af9df39882c\"},\"headline\":\"Turisme Cocentaina estrena nou portal web\",\"datePublished\":\"2020-06-22T09:48:56+00:00\",\"mainEntityOfPage\":{\"@id\":\"https:\\\/\\\/www.copealcoy.es\\\/es\\\/turisme-cocentaina-estrena-nou-portal-web\\\/\"},\"wordCount\":173,\"commentCount\":0,\"image\":{\"@id\":\"https:\\\/\\\/www.copealcoy.es\\\/es\\\/turisme-cocentaina-estrena-nou-portal-web\\\/#primaryimage\"},\"thumbnailUrl\":\"https:\\\/\\\/www.copealcoy.es\\\/wp-content\\\/uploads\\\/2020\\\/06\\\/web-turisme-cocentaina.jpg\",\"keywords\":[\"Ajuntament de Cocentaina\",\"Iv\u00e1n Jover\",\"nou portal web\",\"Turisme\"],\"articleSection\":[\"Comarcas\",\"Noticias\"],\"inLanguage\":\"es\"},{\"@type\":\"WebPage\",\"@id\":\"https:\\\/\\\/www.copealcoy.es\\\/es\\\/turisme-cocentaina-estrena-nou-portal-web\\\/\",\"url\":\"https:\\\/\\\/www.copealcoy.es\\\/es\\\/turisme-cocentaina-estrena-nou-portal-web\\\/\",\"name\":\"Turisme Cocentaina estrena nou portal web - COPE Alcoy\",\"isPartOf\":{\"@id\":\"https:\\\/\\\/www.copealcoy.es\\\/es\\\/#website\"},\"primaryImageOfPage\":{\"@id\":\"https:\\\/\\\/www.copealcoy.es\\\/es\\\/turisme-cocentaina-estrena-nou-portal-web\\\/#primaryimage\"},\"image\":{\"@id\":\"https:\\\/\\\/www.copealcoy.es\\\/es\\\/turisme-cocentaina-estrena-nou-portal-web\\\/#primaryimage\"},\"thumbnailUrl\":\"https:\\\/\\\/www.copealcoy.es\\\/wp-content\\\/uploads\\\/2020\\\/06\\\/web-turisme-cocentaina.jpg\",\"datePublished\":\"2020-06-22T09:48:56+00:00\",\"author\":{\"@id\":\"https:\\\/\\\/www.copealcoy.es\\\/es\\\/#\\\/schema\\\/person\\\/e777c87fa024e57d40170af9df39882c\"},\"breadcrumb\":{\"@id\":\"https:\\\/\\\/www.copealcoy.es\\\/es\\\/turisme-cocentaina-estrena-nou-portal-web\\\/#breadcrumb\"},\"inLanguage\":\"es\",\"potentialAction\":[{\"@type\":\"ReadAction\",\"target\":[\"https:\\\/\\\/www.copealcoy.es\\\/es\\\/turisme-cocentaina-estrena-nou-portal-web\\\/\"]}]},{\"@type\":\"ImageObject\",\"inLanguage\":\"es\",\"@id\":\"https:\\\/\\\/www.copealcoy.es\\\/es\\\/turisme-cocentaina-estrena-nou-portal-web\\\/#primaryimage\",\"url\":\"https:\\\/\\\/www.copealcoy.es\\\/wp-content\\\/uploads\\\/2020\\\/06\\\/web-turisme-cocentaina.jpg\",\"contentUrl\":\"https:\\\/\\\/www.copealcoy.es\\\/wp-content\\\/uploads\\\/2020\\\/06\\\/web-turisme-cocentaina.jpg\",\"width\":1900,\"height\":819,\"caption\":\"La nova p\u00e0gina web ja est\u00e0 activa \\\/ Foto: Ajuntament de Cocentaina\"},{\"@type\":\"BreadcrumbList\",\"@id\":\"https:\\\/\\\/www.copealcoy.es\\\/es\\\/turisme-cocentaina-estrena-nou-portal-web\\\/#breadcrumb\",\"itemListElement\":[{\"@type\":\"ListItem\",\"position\":1,\"name\":\"Portada\",\"item\":\"https:\\\/\\\/www.copealcoy.es\\\/es\\\/\"},{\"@type\":\"ListItem\",\"position\":2,\"name\":\"Turisme Cocentaina estrena nou portal web\"}]},{\"@type\":\"WebSite\",\"@id\":\"https:\\\/\\\/www.copealcoy.es\\\/es\\\/#website\",\"url\":\"https:\\\/\\\/www.copealcoy.es\\\/es\\\/\",\"name\":\"COPE Alcoy\",\"description\":\"Emisora COPE de radio local con emisi\u00f3n online. Pont de Sant Jordi 8-10 03803 Alcoy\",\"potentialAction\":[{\"@type\":\"SearchAction\",\"target\":{\"@type\":\"EntryPoint\",\"urlTemplate\":\"https:\\\/\\\/www.copealcoy.es\\\/es\\\/?s={search_term_string}\"},\"query-input\":{\"@type\":\"PropertyValueSpecification\",\"valueRequired\":true,\"valueName\":\"search_term_string\"}}],\"inLanguage\":\"es\"},{\"@type\":\"Person\",\"@id\":\"https:\\\/\\\/www.copealcoy.es\\\/es\\\/#\\\/schema\\\/person\\\/e777c87fa024e57d40170af9df39882c\",\"name\":\"Cope Alcoy\",\"image\":{\"@type\":\"ImageObject\",\"inLanguage\":\"es\",\"@id\":\"https:\\\/\\\/secure.gravatar.com\\\/avatar\\\/bb65d0283347e303893ba14f0692005417c1e0e690a325a4c5d8bb2b3943ee14?s=96&d=mm&r=g\",\"url\":\"https:\\\/\\\/secure.gravatar.com\\\/avatar\\\/bb65d0283347e303893ba14f0692005417c1e0e690a325a4c5d8bb2b3943ee14?s=96&d=mm&r=g\",\"contentUrl\":\"https:\\\/\\\/secure.gravatar.com\\\/avatar\\\/bb65d0283347e303893ba14f0692005417c1e0e690a325a4c5d8bb2b3943ee14?s=96&d=mm&r=g\",\"caption\":\"Cope Alcoy\"}}]}<\/script>\n<!-- \/ Yoast SEO plugin. -->","yoast_head_json":{"title":"Turisme Cocentaina estrena nou portal web - COPE Alcoy","robots":{"index":"index","follow":"follow","max-snippet":"max-snippet:-1","max-image-preview":"max-image-preview:large","max-video-preview":"max-video-preview:-1"},"canonical":"https:\/\/www.copealcoy.es\/es\/turisme-cocentaina-estrena-nou-portal-web\/","og_locale":"es_ES","og_type":"article","og_title":"Turisme Cocentaina estrena nou portal web - COPE Alcoy","og_description":"La regidoria de Turisme de l&#8217;Ajuntament de Cocentaina ha estrenat nou portal web per a difondre els atractius aix\u00ed com...","og_url":"https:\/\/www.copealcoy.es\/es\/turisme-cocentaina-estrena-nou-portal-web\/","og_site_name":"COPE Alcoy","article_published_time":"2020-06-22T09:48:56+00:00","og_image":[{"width":1900,"height":819,"url":"https:\/\/www.copealcoy.es\/wp-content\/uploads\/2020\/06\/web-turisme-cocentaina.jpg","type":"image\/jpeg"}],"author":"Cope Alcoy","twitter_misc":{"Escrito por":"Cope Alcoy","Tiempo de lectura":"1 minuto"},"schema":{"@context":"https:\/\/schema.org","@graph":[{"@type":"Article","@id":"https:\/\/www.copealcoy.es\/es\/turisme-cocentaina-estrena-nou-portal-web\/#article","isPartOf":{"@id":"https:\/\/www.copealcoy.es\/es\/turisme-cocentaina-estrena-nou-portal-web\/"},"author":{"name":"Cope Alcoy","@id":"https:\/\/www.copealcoy.es\/es\/#\/schema\/person\/e777c87fa024e57d40170af9df39882c"},"headline":"Turisme Cocentaina estrena nou portal web","datePublished":"2020-06-22T09:48:56+00:00","mainEntityOfPage":{"@id":"https:\/\/www.copealcoy.es\/es\/turisme-cocentaina-estrena-nou-portal-web\/"},"wordCount":173,"commentCount":0,"image":{"@id":"https:\/\/www.copealcoy.es\/es\/turisme-cocentaina-estrena-nou-portal-web\/#primaryimage"},"thumbnailUrl":"https:\/\/www.copealcoy.es\/wp-content\/uploads\/2020\/06\/web-turisme-cocentaina.jpg","keywords":["Ajuntament de Cocentaina","Iv\u00e1n Jover","nou portal web","Turisme"],"articleSection":["Comarcas","Noticias"],"inLanguage":"es"},{"@type":"WebPage","@id":"https:\/\/www.copealcoy.es\/es\/turisme-cocentaina-estrena-nou-portal-web\/","url":"https:\/\/www.copealcoy.es\/es\/turisme-cocentaina-estrena-nou-portal-web\/","name":"Turisme Cocentaina estrena nou portal web - COPE Alcoy","isPartOf":{"@id":"https:\/\/www.copealcoy.es\/es\/#website"},"primaryImageOfPage":{"@id":"https:\/\/www.copealcoy.es\/es\/turisme-cocentaina-estrena-nou-portal-web\/#primaryimage"},"image":{"@id":"https:\/\/www.copealcoy.es\/es\/turisme-cocentaina-estrena-nou-portal-web\/#primaryimage"},"thumbnailUrl":"https:\/\/www.copealcoy.es\/wp-content\/uploads\/2020\/06\/web-turisme-cocentaina.jpg","datePublished":"2020-06-22T09:48:56+00:00","author":{"@id":"https:\/\/www.copealcoy.es\/es\/#\/schema\/person\/e777c87fa024e57d40170af9df39882c"},"breadcrumb":{"@id":"https:\/\/www.copealcoy.es\/es\/turisme-cocentaina-estrena-nou-portal-web\/#breadcrumb"},"inLanguage":"es","potentialAction":[{"@type":"ReadAction","target":["https:\/\/www.copealcoy.es\/es\/turisme-cocentaina-estrena-nou-portal-web\/"]}]},{"@type":"ImageObject","inLanguage":"es","@id":"https:\/\/www.copealcoy.es\/es\/turisme-cocentaina-estrena-nou-portal-web\/#primaryimage","url":"https:\/\/www.copealcoy.es\/wp-content\/uploads\/2020\/06\/web-turisme-cocentaina.jpg","contentUrl":"https:\/\/www.copealcoy.es\/wp-content\/uploads\/2020\/06\/web-turisme-cocentaina.jpg","width":1900,"height":819,"caption":"La nova p\u00e0gina web ja est\u00e0 activa \/ Foto: Ajuntament de Cocentaina"},{"@type":"BreadcrumbList","@id":"https:\/\/www.copealcoy.es\/es\/turisme-cocentaina-estrena-nou-portal-web\/#breadcrumb","itemListElement":[{"@type":"ListItem","position":1,"name":"Portada","item":"https:\/\/www.copealcoy.es\/es\/"},{"@type":"ListItem","position":2,"name":"Turisme Cocentaina estrena nou portal web"}]},{"@type":"WebSite","@id":"https:\/\/www.copealcoy.es\/es\/#website","url":"https:\/\/www.copealcoy.es\/es\/","name":"COPE Alcoy","description":"Emisora COPE de radio local con emisi\u00f3n online. Pont de Sant Jordi 8-10 03803 Alcoy","potentialAction":[{"@type":"SearchAction","target":{"@type":"EntryPoint","urlTemplate":"https:\/\/www.copealcoy.es\/es\/?s={search_term_string}"},"query-input":{"@type":"PropertyValueSpecification","valueRequired":true,"valueName":"search_term_string"}}],"inLanguage":"es"},{"@type":"Person","@id":"https:\/\/www.copealcoy.es\/es\/#\/schema\/person\/e777c87fa024e57d40170af9df39882c","name":"Cope Alcoy","image":{"@type":"ImageObject","inLanguage":"es","@id":"https:\/\/secure.gravatar.com\/avatar\/bb65d0283347e303893ba14f0692005417c1e0e690a325a4c5d8bb2b3943ee14?s=96&d=mm&r=g","url":"https:\/\/secure.gravatar.com\/avatar\/bb65d0283347e303893ba14f0692005417c1e0e690a325a4c5d8bb2b3943ee14?s=96&d=mm&r=g","contentUrl":"https:\/\/secure.gravatar.com\/avatar\/bb65d0283347e303893ba14f0692005417c1e0e690a325a4c5d8bb2b3943ee14?s=96&d=mm&r=g","caption":"Cope Alcoy"}}]}},"_links":{"self":[{"href":"https:\/\/www.copealcoy.es\/es\/wp-json\/wp\/v2\/posts\/63217","targetHints":{"allow":["GET"]}}],"collection":[{"href":"https:\/\/www.copealcoy.es\/es\/wp-json\/wp\/v2\/posts"}],"about":[{"href":"https:\/\/www.copealcoy.es\/es\/wp-json\/wp\/v2\/types\/post"}],"author":[{"embeddable":true,"href":"https:\/\/www.copealcoy.es\/es\/wp-json\/wp\/v2\/users\/1"}],"replies":[{"embeddable":true,"href":"https:\/\/www.copealcoy.es\/es\/wp-json\/wp\/v2\/comments?post=63217"}],"version-history":[{"count":0,"href":"https:\/\/www.copealcoy.es\/es\/wp-json\/wp\/v2\/posts\/63217\/revisions"}],"wp:featuredmedia":[{"embeddable":true,"href":"https:\/\/www.copealcoy.es\/es\/wp-json\/wp\/v2\/media\/63218"}],"wp:attachment":[{"href":"https:\/\/www.copealcoy.es\/es\/wp-json\/wp\/v2\/media?parent=63217"}],"wp:term":[{"taxonomy":"category","embeddable":true,"href":"https:\/\/www.copealcoy.es\/es\/wp-json\/wp\/v2\/categories?post=63217"},{"taxonomy":"post_tag","embeddable":true,"href":"https:\/\/www.copealcoy.es\/es\/wp-json\/wp\/v2\/tags?post=63217"}],"curies":[{"name":"wp","href":"https:\/\/api.w.org\/{rel}","templated":true}]}}