{"id":63156,"date":"2020-06-18T11:31:23","date_gmt":"2020-06-18T11:31:23","guid":{"rendered":"https:\/\/www.copealcoy.es\/?p=63156"},"modified":"2020-06-18T11:31:23","modified_gmt":"2020-06-18T11:31:23","slug":"primer-aniversario-de-la-actual-legislatura","status":"publish","type":"post","link":"https:\/\/www.copealcoy.es\/es\/primer-aniversario-de-la-actual-legislatura\/","title":{"rendered":"Primer aniversario de la actual legislatura"},"content":{"rendered":"<p style=\"text-align: justify;\">El lunes 15 de junio <strong>se cumpli\u00f3 un a\u00f1o del inicio de la actual legislatura<\/strong>, tras las Elecciones Municipales del 26 de junio de 2019, y desde el Gobierno Municipal del PSOE <strong>sacan pecho para hacer un balance positivo<\/strong> de todo este tiempo.<\/p>\n<p style=\"text-align: justify;\">Los socialistas alcoyanos afirman que<strong> la crisis del Coronavirus ha marcado los \u00faltimos doce meses<\/strong> y remarcan <strong>la puesta en marcha del plan \u2018Reactiva Alcoi\u2019<\/strong> para revitalizar la ciudad en aspectos tan importantes como el econ\u00f3mico. Esta \u00faltima iniciativa, como ya cont\u00f3 esta casa semanas atr\u00e1s, <strong>supone una inversi\u00f3n de unos 800.000 euros<\/strong>. El alcalde de Alcoy, Antonio Franc\u00e9s, destacaba\u00a0 en COPE ALCOY que en este a\u00f1o se ha apostado por <strong>la movilidad sostenible<\/strong> dentro de la estrategia Smart City, la creaci\u00f3n del CdT de Interior que se ubicar\u00e1 en Rodes o la futura sede de Distrito Digital de la Comunidad Valenciana. Tambi\u00e9n el primer edil habl\u00f3 de <strong>la mejora de los centros educativos<\/strong> a trav\u00e9s del Plan Edificant del Consell o los pasos que se est\u00e1n dando en <strong>la peatonalizaci\u00f3n del Centro<\/strong>. Para el segundo a\u00f1o de legislatura que empieza <strong>Franc\u00e9s incide en Rodes<\/strong> &#8220;<em>estamos ante una de las iniciativas m\u00e1s importantes de los pr\u00f3ximos a\u00f1os ya que el futuro parque tecnol\u00f3gico y sociocultural de Rodes es un proyecto ambicioso que engloba una gran capacidad de transformaci\u00f3n as\u00ed como de futuro para la ciudad&#8221;<\/em>, asever\u00f3.<\/p>\n<p style=\"text-align: justify;\">Apuntar que esta ma\u00f1ana se han entregado en el CADA <strong>los premios del concurso de redacci\u00f3n<\/strong> del mencionado proyecto de Rodes. Los ganadores del <strong>primer premio<\/strong> han sido Ram\u00f3n Esteve, Vicente Manuel Vidal, Ivo Vidal, Ciro Vidal, Isaac Montova y Carlos Sanju\u00e1n. Por su parte Francisco Leiva y Fernando Navarro han conseguido el <strong>primer acc\u00e9sit <\/strong>mientras que Negrosobreazul se ha llevado <strong>el segundo<\/strong>.<\/p>\n","protected":false},"excerpt":{"rendered":"<p>El lunes 15 de junio se cumpli\u00f3 un a\u00f1o del inicio de la actual legislatura, tras las Elecciones Municipales del&#8230;<\/p>\n","protected":false},"author":1,"featured_media":52180,"comment_status":"open","ping_status":"open","sticky":false,"template":"","format":"standard","meta":{"footnotes":""},"categories":[97,75,125],"tags":[1793,560,7725,452,803],"class_list":["post-63156","post","type-post","status-publish","format-standard","has-post-thumbnail","hentry","category-alcoy","category-noticias","category-portada","tag-antonio-frances","tag-legislatura","tag-primer-aniversario","tag-proyectos","tag-rodes"],"yoast_head":"<!-- This site is optimized with the Yoast SEO plugin v27.3 - https:\/\/yoast.com\/product\/yoast-seo-wordpress\/ -->\n<title>Primer aniversario de la actual legislatura - COPE Alcoy<\/title>\n<meta name=\"robots\" content=\"index, follow, max-snippet:-1, max-image-preview:large, max-video-preview:-1\" \/>\n<link rel=\"canonical\" href=\"https:\/\/www.copealcoy.es\/es\/primer-aniversario-de-la-actual-legislatura\/\" \/>\n<meta property=\"og:locale\" content=\"es_ES\" \/>\n<meta property=\"og:type\" content=\"article\" \/>\n<meta property=\"og:title\" content=\"Primer aniversario de la actual legislatura - COPE Alcoy\" \/>\n<meta property=\"og:description\" content=\"El lunes 15 de junio se cumpli\u00f3 un a\u00f1o del inicio de la actual legislatura, tras las Elecciones Municipales del...\" \/>\n<meta property=\"og:url\" content=\"https:\/\/www.copealcoy.es\/es\/primer-aniversario-de-la-actual-legislatura\/\" \/>\n<meta property=\"og:site_name\" content=\"COPE Alcoy\" \/>\n<meta property=\"article:published_time\" content=\"2020-06-18T11:31:23+00:00\" \/>\n<meta property=\"og:image\" content=\"https:\/\/www.copealcoy.es\/wp-content\/uploads\/2019\/06\/64734779_3299494993409995_5949980609337098240_n-e1560621083773-1.jpg\" \/>\n\t<meta property=\"og:image:width\" content=\"960\" \/>\n\t<meta property=\"og:image:height\" content=\"525\" \/>\n\t<meta property=\"og:image:type\" content=\"image\/jpeg\" \/>\n<meta name=\"author\" content=\"Cope Alcoy\" \/>\n<meta name=\"twitter:label1\" content=\"Escrito por\" \/>\n\t<meta name=\"twitter:data1\" content=\"Cope Alcoy\" \/>\n\t<meta name=\"twitter:label2\" content=\"Tiempo de lectura\" \/>\n\t<meta name=\"twitter:data2\" content=\"2 minutos\" \/>\n<script type=\"application\/ld+json\" class=\"yoast-schema-graph\">{\"@context\":\"https:\\\/\\\/schema.org\",\"@graph\":[{\"@type\":\"Article\",\"@id\":\"https:\\\/\\\/www.copealcoy.es\\\/es\\\/primer-aniversario-de-la-actual-legislatura\\\/#article\",\"isPartOf\":{\"@id\":\"https:\\\/\\\/www.copealcoy.es\\\/es\\\/primer-aniversario-de-la-actual-legislatura\\\/\"},\"author\":{\"name\":\"Cope Alcoy\",\"@id\":\"https:\\\/\\\/www.copealcoy.es\\\/es\\\/#\\\/schema\\\/person\\\/e777c87fa024e57d40170af9df39882c\"},\"headline\":\"Primer aniversario de la actual legislatura\",\"datePublished\":\"2020-06-18T11:31:23+00:00\",\"mainEntityOfPage\":{\"@id\":\"https:\\\/\\\/www.copealcoy.es\\\/es\\\/primer-aniversario-de-la-actual-legislatura\\\/\"},\"wordCount\":317,\"commentCount\":0,\"image\":{\"@id\":\"https:\\\/\\\/www.copealcoy.es\\\/es\\\/primer-aniversario-de-la-actual-legislatura\\\/#primaryimage\"},\"thumbnailUrl\":\"https:\\\/\\\/www.copealcoy.es\\\/wp-content\\\/uploads\\\/2019\\\/06\\\/64734779_3299494993409995_5949980609337098240_n-e1560621083773-1.jpg\",\"keywords\":[\"Antonio Franc\u00e9s\",\"Legislatura\",\"Primer aniversario\",\"Proyectos\",\"Rodes\"],\"articleSection\":[\"Alcoy\",\"Noticias\",\"Portada\"],\"inLanguage\":\"es\"},{\"@type\":\"WebPage\",\"@id\":\"https:\\\/\\\/www.copealcoy.es\\\/es\\\/primer-aniversario-de-la-actual-legislatura\\\/\",\"url\":\"https:\\\/\\\/www.copealcoy.es\\\/es\\\/primer-aniversario-de-la-actual-legislatura\\\/\",\"name\":\"Primer aniversario de la actual legislatura - COPE Alcoy\",\"isPartOf\":{\"@id\":\"https:\\\/\\\/www.copealcoy.es\\\/es\\\/#website\"},\"primaryImageOfPage\":{\"@id\":\"https:\\\/\\\/www.copealcoy.es\\\/es\\\/primer-aniversario-de-la-actual-legislatura\\\/#primaryimage\"},\"image\":{\"@id\":\"https:\\\/\\\/www.copealcoy.es\\\/es\\\/primer-aniversario-de-la-actual-legislatura\\\/#primaryimage\"},\"thumbnailUrl\":\"https:\\\/\\\/www.copealcoy.es\\\/wp-content\\\/uploads\\\/2019\\\/06\\\/64734779_3299494993409995_5949980609337098240_n-e1560621083773-1.jpg\",\"datePublished\":\"2020-06-18T11:31:23+00:00\",\"author\":{\"@id\":\"https:\\\/\\\/www.copealcoy.es\\\/es\\\/#\\\/schema\\\/person\\\/e777c87fa024e57d40170af9df39882c\"},\"breadcrumb\":{\"@id\":\"https:\\\/\\\/www.copealcoy.es\\\/es\\\/primer-aniversario-de-la-actual-legislatura\\\/#breadcrumb\"},\"inLanguage\":\"es\",\"potentialAction\":[{\"@type\":\"ReadAction\",\"target\":[\"https:\\\/\\\/www.copealcoy.es\\\/es\\\/primer-aniversario-de-la-actual-legislatura\\\/\"]}]},{\"@type\":\"ImageObject\",\"inLanguage\":\"es\",\"@id\":\"https:\\\/\\\/www.copealcoy.es\\\/es\\\/primer-aniversario-de-la-actual-legislatura\\\/#primaryimage\",\"url\":\"https:\\\/\\\/www.copealcoy.es\\\/wp-content\\\/uploads\\\/2019\\\/06\\\/64734779_3299494993409995_5949980609337098240_n-e1560621083773-1.jpg\",\"contentUrl\":\"https:\\\/\\\/www.copealcoy.es\\\/wp-content\\\/uploads\\\/2019\\\/06\\\/64734779_3299494993409995_5949980609337098240_n-e1560621083773-1.jpg\",\"width\":960,\"height\":525,\"caption\":\"Franc\u00e9s con todos los miembros de la Corporaci\u00f3n Municipal \\\/ Ajuntament de Alcoy\"},{\"@type\":\"BreadcrumbList\",\"@id\":\"https:\\\/\\\/www.copealcoy.es\\\/es\\\/primer-aniversario-de-la-actual-legislatura\\\/#breadcrumb\",\"itemListElement\":[{\"@type\":\"ListItem\",\"position\":1,\"name\":\"Portada\",\"item\":\"https:\\\/\\\/www.copealcoy.es\\\/es\\\/\"},{\"@type\":\"ListItem\",\"position\":2,\"name\":\"Primer aniversario de la actual legislatura\"}]},{\"@type\":\"WebSite\",\"@id\":\"https:\\\/\\\/www.copealcoy.es\\\/es\\\/#website\",\"url\":\"https:\\\/\\\/www.copealcoy.es\\\/es\\\/\",\"name\":\"COPE Alcoy\",\"description\":\"Emisora COPE de radio local con emisi\u00f3n online. Pont de Sant Jordi 8-10 03803 Alcoy\",\"potentialAction\":[{\"@type\":\"SearchAction\",\"target\":{\"@type\":\"EntryPoint\",\"urlTemplate\":\"https:\\\/\\\/www.copealcoy.es\\\/es\\\/?s={search_term_string}\"},\"query-input\":{\"@type\":\"PropertyValueSpecification\",\"valueRequired\":true,\"valueName\":\"search_term_string\"}}],\"inLanguage\":\"es\"},{\"@type\":\"Person\",\"@id\":\"https:\\\/\\\/www.copealcoy.es\\\/es\\\/#\\\/schema\\\/person\\\/e777c87fa024e57d40170af9df39882c\",\"name\":\"Cope Alcoy\",\"image\":{\"@type\":\"ImageObject\",\"inLanguage\":\"es\",\"@id\":\"https:\\\/\\\/secure.gravatar.com\\\/avatar\\\/bb65d0283347e303893ba14f0692005417c1e0e690a325a4c5d8bb2b3943ee14?s=96&d=mm&r=g\",\"url\":\"https:\\\/\\\/secure.gravatar.com\\\/avatar\\\/bb65d0283347e303893ba14f0692005417c1e0e690a325a4c5d8bb2b3943ee14?s=96&d=mm&r=g\",\"contentUrl\":\"https:\\\/\\\/secure.gravatar.com\\\/avatar\\\/bb65d0283347e303893ba14f0692005417c1e0e690a325a4c5d8bb2b3943ee14?s=96&d=mm&r=g\",\"caption\":\"Cope Alcoy\"}}]}<\/script>\n<!-- \/ Yoast SEO plugin. -->","yoast_head_json":{"title":"Primer aniversario de la actual legislatura - COPE Alcoy","robots":{"index":"index","follow":"follow","max-snippet":"max-snippet:-1","max-image-preview":"max-image-preview:large","max-video-preview":"max-video-preview:-1"},"canonical":"https:\/\/www.copealcoy.es\/es\/primer-aniversario-de-la-actual-legislatura\/","og_locale":"es_ES","og_type":"article","og_title":"Primer aniversario de la actual legislatura - COPE Alcoy","og_description":"El lunes 15 de junio se cumpli\u00f3 un a\u00f1o del inicio de la actual legislatura, tras las Elecciones Municipales del...","og_url":"https:\/\/www.copealcoy.es\/es\/primer-aniversario-de-la-actual-legislatura\/","og_site_name":"COPE Alcoy","article_published_time":"2020-06-18T11:31:23+00:00","og_image":[{"width":960,"height":525,"url":"https:\/\/www.copealcoy.es\/wp-content\/uploads\/2019\/06\/64734779_3299494993409995_5949980609337098240_n-e1560621083773-1.jpg","type":"image\/jpeg"}],"author":"Cope Alcoy","twitter_misc":{"Escrito por":"Cope Alcoy","Tiempo de lectura":"2 minutos"},"schema":{"@context":"https:\/\/schema.org","@graph":[{"@type":"Article","@id":"https:\/\/www.copealcoy.es\/es\/primer-aniversario-de-la-actual-legislatura\/#article","isPartOf":{"@id":"https:\/\/www.copealcoy.es\/es\/primer-aniversario-de-la-actual-legislatura\/"},"author":{"name":"Cope Alcoy","@id":"https:\/\/www.copealcoy.es\/es\/#\/schema\/person\/e777c87fa024e57d40170af9df39882c"},"headline":"Primer aniversario de la actual legislatura","datePublished":"2020-06-18T11:31:23+00:00","mainEntityOfPage":{"@id":"https:\/\/www.copealcoy.es\/es\/primer-aniversario-de-la-actual-legislatura\/"},"wordCount":317,"commentCount":0,"image":{"@id":"https:\/\/www.copealcoy.es\/es\/primer-aniversario-de-la-actual-legislatura\/#primaryimage"},"thumbnailUrl":"https:\/\/www.copealcoy.es\/wp-content\/uploads\/2019\/06\/64734779_3299494993409995_5949980609337098240_n-e1560621083773-1.jpg","keywords":["Antonio Franc\u00e9s","Legislatura","Primer aniversario","Proyectos","Rodes"],"articleSection":["Alcoy","Noticias","Portada"],"inLanguage":"es"},{"@type":"WebPage","@id":"https:\/\/www.copealcoy.es\/es\/primer-aniversario-de-la-actual-legislatura\/","url":"https:\/\/www.copealcoy.es\/es\/primer-aniversario-de-la-actual-legislatura\/","name":"Primer aniversario de la actual legislatura - COPE Alcoy","isPartOf":{"@id":"https:\/\/www.copealcoy.es\/es\/#website"},"primaryImageOfPage":{"@id":"https:\/\/www.copealcoy.es\/es\/primer-aniversario-de-la-actual-legislatura\/#primaryimage"},"image":{"@id":"https:\/\/www.copealcoy.es\/es\/primer-aniversario-de-la-actual-legislatura\/#primaryimage"},"thumbnailUrl":"https:\/\/www.copealcoy.es\/wp-content\/uploads\/2019\/06\/64734779_3299494993409995_5949980609337098240_n-e1560621083773-1.jpg","datePublished":"2020-06-18T11:31:23+00:00","author":{"@id":"https:\/\/www.copealcoy.es\/es\/#\/schema\/person\/e777c87fa024e57d40170af9df39882c"},"breadcrumb":{"@id":"https:\/\/www.copealcoy.es\/es\/primer-aniversario-de-la-actual-legislatura\/#breadcrumb"},"inLanguage":"es","potentialAction":[{"@type":"ReadAction","target":["https:\/\/www.copealcoy.es\/es\/primer-aniversario-de-la-actual-legislatura\/"]}]},{"@type":"ImageObject","inLanguage":"es","@id":"https:\/\/www.copealcoy.es\/es\/primer-aniversario-de-la-actual-legislatura\/#primaryimage","url":"https:\/\/www.copealcoy.es\/wp-content\/uploads\/2019\/06\/64734779_3299494993409995_5949980609337098240_n-e1560621083773-1.jpg","contentUrl":"https:\/\/www.copealcoy.es\/wp-content\/uploads\/2019\/06\/64734779_3299494993409995_5949980609337098240_n-e1560621083773-1.jpg","width":960,"height":525,"caption":"Franc\u00e9s con todos los miembros de la Corporaci\u00f3n Municipal \/ Ajuntament de Alcoy"},{"@type":"BreadcrumbList","@id":"https:\/\/www.copealcoy.es\/es\/primer-aniversario-de-la-actual-legislatura\/#breadcrumb","itemListElement":[{"@type":"ListItem","position":1,"name":"Portada","item":"https:\/\/www.copealcoy.es\/es\/"},{"@type":"ListItem","position":2,"name":"Primer aniversario de la actual legislatura"}]},{"@type":"WebSite","@id":"https:\/\/www.copealcoy.es\/es\/#website","url":"https:\/\/www.copealcoy.es\/es\/","name":"COPE Alcoy","description":"Emisora COPE de radio local con emisi\u00f3n online. Pont de Sant Jordi 8-10 03803 Alcoy","potentialAction":[{"@type":"SearchAction","target":{"@type":"EntryPoint","urlTemplate":"https:\/\/www.copealcoy.es\/es\/?s={search_term_string}"},"query-input":{"@type":"PropertyValueSpecification","valueRequired":true,"valueName":"search_term_string"}}],"inLanguage":"es"},{"@type":"Person","@id":"https:\/\/www.copealcoy.es\/es\/#\/schema\/person\/e777c87fa024e57d40170af9df39882c","name":"Cope Alcoy","image":{"@type":"ImageObject","inLanguage":"es","@id":"https:\/\/secure.gravatar.com\/avatar\/bb65d0283347e303893ba14f0692005417c1e0e690a325a4c5d8bb2b3943ee14?s=96&d=mm&r=g","url":"https:\/\/secure.gravatar.com\/avatar\/bb65d0283347e303893ba14f0692005417c1e0e690a325a4c5d8bb2b3943ee14?s=96&d=mm&r=g","contentUrl":"https:\/\/secure.gravatar.com\/avatar\/bb65d0283347e303893ba14f0692005417c1e0e690a325a4c5d8bb2b3943ee14?s=96&d=mm&r=g","caption":"Cope Alcoy"}}]}},"_links":{"self":[{"href":"https:\/\/www.copealcoy.es\/es\/wp-json\/wp\/v2\/posts\/63156","targetHints":{"allow":["GET"]}}],"collection":[{"href":"https:\/\/www.copealcoy.es\/es\/wp-json\/wp\/v2\/posts"}],"about":[{"href":"https:\/\/www.copealcoy.es\/es\/wp-json\/wp\/v2\/types\/post"}],"author":[{"embeddable":true,"href":"https:\/\/www.copealcoy.es\/es\/wp-json\/wp\/v2\/users\/1"}],"replies":[{"embeddable":true,"href":"https:\/\/www.copealcoy.es\/es\/wp-json\/wp\/v2\/comments?post=63156"}],"version-history":[{"count":0,"href":"https:\/\/www.copealcoy.es\/es\/wp-json\/wp\/v2\/posts\/63156\/revisions"}],"wp:featuredmedia":[{"embeddable":true,"href":"https:\/\/www.copealcoy.es\/es\/wp-json\/wp\/v2\/media\/52180"}],"wp:attachment":[{"href":"https:\/\/www.copealcoy.es\/es\/wp-json\/wp\/v2\/media?parent=63156"}],"wp:term":[{"taxonomy":"category","embeddable":true,"href":"https:\/\/www.copealcoy.es\/es\/wp-json\/wp\/v2\/categories?post=63156"},{"taxonomy":"post_tag","embeddable":true,"href":"https:\/\/www.copealcoy.es\/es\/wp-json\/wp\/v2\/tags?post=63156"}],"curies":[{"name":"wp","href":"https:\/\/api.w.org\/{rel}","templated":true}]}}