{"id":63019,"date":"2020-06-17T14:24:41","date_gmt":"2020-06-17T14:24:41","guid":{"rendered":"https:\/\/www.copealcoy.es\/?p=63019"},"modified":"2020-06-17T14:24:41","modified_gmt":"2020-06-17T14:24:41","slug":"las-piscinas-municipales-reabren-el-29-de-junio","status":"publish","type":"post","link":"https:\/\/www.copealcoy.es\/es\/las-piscinas-municipales-reabren-el-29-de-junio\/","title":{"rendered":"Las piscinas municipales reabren el 29 de junio"},"content":{"rendered":"<p style=\"text-align: justify;\">Las <strong>piscinas municipales de Alcoy<\/strong> reabrir\u00e1n el pr\u00f3ximo 29 de junio adoptando <strong>todas las medidas de higiene y seguridad<\/strong> pertinentes para evitar la propagaci\u00f3n del Coronavirus. Estas instalaciones funcionar\u00e1n a pleno rendimiento de lunes a domingo<strong> hasta el 30 de agosto<\/strong> en\u00a0<strong>horario<\/strong> de 10 de la ma\u00f1ana a las 20 de la tarde.<\/p>\n<p style=\"text-align: justify;\">Desde el \u00e1rea de Deportes del Consistorio alcoyano han detallado que e<strong>l aforo estar\u00e1 limitado hasta el 75% de capacidad<\/strong> de las piscinas mientras que <strong>se desinfectar\u00e1n las mismas<\/strong> cada d\u00eda antes y despu\u00e9s de la apertura. Adem\u00e1s <strong>se mantienen los precios<\/strong> de la pasada temporada y de esta forma la entrada ser\u00e1 gratuita para menores de 5 a\u00f1os, 1&#8217;50 euros para jubilados, discapacitados o usuarios de entre 6 y 16 a\u00f1os y 3 euros para mayores de 16 a\u00f1os. Tambi\u00e9n <strong>se colocar\u00e1n carteles\u00a0 <\/strong>con toda la informaci\u00f3n que deben de seguir los usuarios durante el verano <em>&#8220;recomendamos tambi\u00e9n que cada persona adopte sus propias medidas de prevenci\u00f3n y que trate de desinfectar la silla o la zona en la que ha estado cuando abandone la instalaci\u00f3n<\/em>&#8220;, manifiesta el concejal<strong> Miguel Juan Reig<\/strong>.<\/p>\n<p style=\"text-align: justify;\">Por \u00faltimo desde Deportes han destacado que este verano <strong>no se realizar\u00e1n las habituales actividades con colchonetas<\/strong>\u00a0 dirigidas a los m\u00e1s peque\u00f1os y las Escuelas de Verano solo se realizar\u00e1n en la piscina municipal Jos\u00e9 Trenzano Al\u00f2s al ser la que tiene mayor capacidad.<\/p>\n<p><iframe loading=\"lazy\" title=\"RP Miguel Juan Reig, obertura piscines municipals 2020\" width=\"1200\" height=\"675\" src=\"https:\/\/www.youtube.com\/embed\/-2N-YiC4BeM?feature=oembed\" frameborder=\"0\" allow=\"accelerometer; autoplay; encrypted-media; gyroscope; picture-in-picture\" allowfullscreen><\/iframe>    \t<\/p>\n","protected":false},"excerpt":{"rendered":"<p>Las piscinas municipales de Alcoy reabrir\u00e1n el pr\u00f3ximo 29 de junio adoptando todas las medidas de higiene y seguridad pertinentes&#8230;<\/p>\n","protected":false},"author":1,"featured_media":43158,"comment_status":"open","ping_status":"open","sticky":false,"template":"","format":"standard","meta":{"footnotes":""},"categories":[97,92,75],"tags":[7721,1494,2366,2585,3338],"class_list":["post-63019","post","type-post","status-publish","format-standard","has-post-thumbnail","hentry","category-alcoy","category-deportes","category-noticias","tag-29-de-junio","tag-alcoy","tag-miguel-juan-reig","tag-piscinas-municipales","tag-reapertura"],"yoast_head":"<!-- This site is optimized with the Yoast SEO plugin v27.3 - https:\/\/yoast.com\/product\/yoast-seo-wordpress\/ -->\n<title>Las piscinas municipales reabren el 29 de junio - COPE Alcoy<\/title>\n<meta name=\"robots\" content=\"index, follow, max-snippet:-1, max-image-preview:large, max-video-preview:-1\" \/>\n<link rel=\"canonical\" href=\"https:\/\/www.copealcoy.es\/es\/las-piscinas-municipales-reabren-el-29-de-junio\/\" \/>\n<meta property=\"og:locale\" content=\"es_ES\" \/>\n<meta property=\"og:type\" content=\"article\" \/>\n<meta property=\"og:title\" content=\"Las piscinas municipales reabren el 29 de junio - COPE Alcoy\" \/>\n<meta property=\"og:description\" content=\"Las piscinas municipales de Alcoy reabrir\u00e1n el pr\u00f3ximo 29 de junio adoptando todas las medidas de higiene y seguridad pertinentes...\" \/>\n<meta property=\"og:url\" content=\"https:\/\/www.copealcoy.es\/es\/las-piscinas-municipales-reabren-el-29-de-junio\/\" \/>\n<meta property=\"og:site_name\" content=\"COPE Alcoy\" \/>\n<meta property=\"article:published_time\" content=\"2020-06-17T14:24:41+00:00\" \/>\n<meta property=\"og:image\" content=\"https:\/\/www.copealcoy.es\/wp-content\/uploads\/2018\/06\/IMG-9511-e1529091742476.jpg\" \/>\n\t<meta property=\"og:image:width\" content=\"3769\" \/>\n\t<meta property=\"og:image:height\" content=\"2147\" \/>\n\t<meta property=\"og:image:type\" content=\"image\/jpeg\" \/>\n<meta name=\"author\" content=\"Cope Alcoy\" \/>\n<meta name=\"twitter:label1\" content=\"Escrito por\" \/>\n\t<meta name=\"twitter:data1\" content=\"Cope Alcoy\" \/>\n\t<meta name=\"twitter:label2\" content=\"Tiempo de lectura\" \/>\n\t<meta name=\"twitter:data2\" content=\"1 minuto\" \/>\n<script type=\"application\/ld+json\" class=\"yoast-schema-graph\">{\"@context\":\"https:\\\/\\\/schema.org\",\"@graph\":[{\"@type\":\"Article\",\"@id\":\"https:\\\/\\\/www.copealcoy.es\\\/es\\\/las-piscinas-municipales-reabren-el-29-de-junio\\\/#article\",\"isPartOf\":{\"@id\":\"https:\\\/\\\/www.copealcoy.es\\\/es\\\/las-piscinas-municipales-reabren-el-29-de-junio\\\/\"},\"author\":{\"name\":\"Cope Alcoy\",\"@id\":\"https:\\\/\\\/www.copealcoy.es\\\/es\\\/#\\\/schema\\\/person\\\/e777c87fa024e57d40170af9df39882c\"},\"headline\":\"Las piscinas municipales reabren el 29 de junio\",\"datePublished\":\"2020-06-17T14:24:41+00:00\",\"mainEntityOfPage\":{\"@id\":\"https:\\\/\\\/www.copealcoy.es\\\/es\\\/las-piscinas-municipales-reabren-el-29-de-junio\\\/\"},\"wordCount\":256,\"commentCount\":0,\"image\":{\"@id\":\"https:\\\/\\\/www.copealcoy.es\\\/es\\\/las-piscinas-municipales-reabren-el-29-de-junio\\\/#primaryimage\"},\"thumbnailUrl\":\"https:\\\/\\\/www.copealcoy.es\\\/wp-content\\\/uploads\\\/2018\\\/06\\\/IMG-9511-e1529091742476.jpg\",\"keywords\":[\"29 de junio\",\"Alcoy\",\"Miguel Juan Reig\",\"Piscinas Municipales\",\"reapertura\"],\"articleSection\":[\"Alcoy\",\"Deportes\",\"Noticias\"],\"inLanguage\":\"es\"},{\"@type\":\"WebPage\",\"@id\":\"https:\\\/\\\/www.copealcoy.es\\\/es\\\/las-piscinas-municipales-reabren-el-29-de-junio\\\/\",\"url\":\"https:\\\/\\\/www.copealcoy.es\\\/es\\\/las-piscinas-municipales-reabren-el-29-de-junio\\\/\",\"name\":\"Las piscinas municipales reabren el 29 de junio - COPE Alcoy\",\"isPartOf\":{\"@id\":\"https:\\\/\\\/www.copealcoy.es\\\/es\\\/#website\"},\"primaryImageOfPage\":{\"@id\":\"https:\\\/\\\/www.copealcoy.es\\\/es\\\/las-piscinas-municipales-reabren-el-29-de-junio\\\/#primaryimage\"},\"image\":{\"@id\":\"https:\\\/\\\/www.copealcoy.es\\\/es\\\/las-piscinas-municipales-reabren-el-29-de-junio\\\/#primaryimage\"},\"thumbnailUrl\":\"https:\\\/\\\/www.copealcoy.es\\\/wp-content\\\/uploads\\\/2018\\\/06\\\/IMG-9511-e1529091742476.jpg\",\"datePublished\":\"2020-06-17T14:24:41+00:00\",\"author\":{\"@id\":\"https:\\\/\\\/www.copealcoy.es\\\/es\\\/#\\\/schema\\\/person\\\/e777c87fa024e57d40170af9df39882c\"},\"breadcrumb\":{\"@id\":\"https:\\\/\\\/www.copealcoy.es\\\/es\\\/las-piscinas-municipales-reabren-el-29-de-junio\\\/#breadcrumb\"},\"inLanguage\":\"es\",\"potentialAction\":[{\"@type\":\"ReadAction\",\"target\":[\"https:\\\/\\\/www.copealcoy.es\\\/es\\\/las-piscinas-municipales-reabren-el-29-de-junio\\\/\"]}]},{\"@type\":\"ImageObject\",\"inLanguage\":\"es\",\"@id\":\"https:\\\/\\\/www.copealcoy.es\\\/es\\\/las-piscinas-municipales-reabren-el-29-de-junio\\\/#primaryimage\",\"url\":\"https:\\\/\\\/www.copealcoy.es\\\/wp-content\\\/uploads\\\/2018\\\/06\\\/IMG-9511-e1529091742476.jpg\",\"contentUrl\":\"https:\\\/\\\/www.copealcoy.es\\\/wp-content\\\/uploads\\\/2018\\\/06\\\/IMG-9511-e1529091742476.jpg\",\"width\":3769,\"height\":2147},{\"@type\":\"BreadcrumbList\",\"@id\":\"https:\\\/\\\/www.copealcoy.es\\\/es\\\/las-piscinas-municipales-reabren-el-29-de-junio\\\/#breadcrumb\",\"itemListElement\":[{\"@type\":\"ListItem\",\"position\":1,\"name\":\"Portada\",\"item\":\"https:\\\/\\\/www.copealcoy.es\\\/es\\\/\"},{\"@type\":\"ListItem\",\"position\":2,\"name\":\"Las piscinas municipales reabren el 29 de junio\"}]},{\"@type\":\"WebSite\",\"@id\":\"https:\\\/\\\/www.copealcoy.es\\\/es\\\/#website\",\"url\":\"https:\\\/\\\/www.copealcoy.es\\\/es\\\/\",\"name\":\"COPE Alcoy\",\"description\":\"Emisora COPE de radio local con emisi\u00f3n online. Pont de Sant Jordi 8-10 03803 Alcoy\",\"potentialAction\":[{\"@type\":\"SearchAction\",\"target\":{\"@type\":\"EntryPoint\",\"urlTemplate\":\"https:\\\/\\\/www.copealcoy.es\\\/es\\\/?s={search_term_string}\"},\"query-input\":{\"@type\":\"PropertyValueSpecification\",\"valueRequired\":true,\"valueName\":\"search_term_string\"}}],\"inLanguage\":\"es\"},{\"@type\":\"Person\",\"@id\":\"https:\\\/\\\/www.copealcoy.es\\\/es\\\/#\\\/schema\\\/person\\\/e777c87fa024e57d40170af9df39882c\",\"name\":\"Cope Alcoy\",\"image\":{\"@type\":\"ImageObject\",\"inLanguage\":\"es\",\"@id\":\"https:\\\/\\\/secure.gravatar.com\\\/avatar\\\/bb65d0283347e303893ba14f0692005417c1e0e690a325a4c5d8bb2b3943ee14?s=96&d=mm&r=g\",\"url\":\"https:\\\/\\\/secure.gravatar.com\\\/avatar\\\/bb65d0283347e303893ba14f0692005417c1e0e690a325a4c5d8bb2b3943ee14?s=96&d=mm&r=g\",\"contentUrl\":\"https:\\\/\\\/secure.gravatar.com\\\/avatar\\\/bb65d0283347e303893ba14f0692005417c1e0e690a325a4c5d8bb2b3943ee14?s=96&d=mm&r=g\",\"caption\":\"Cope Alcoy\"}}]}<\/script>\n<!-- \/ Yoast SEO plugin. -->","yoast_head_json":{"title":"Las piscinas municipales reabren el 29 de junio - COPE Alcoy","robots":{"index":"index","follow":"follow","max-snippet":"max-snippet:-1","max-image-preview":"max-image-preview:large","max-video-preview":"max-video-preview:-1"},"canonical":"https:\/\/www.copealcoy.es\/es\/las-piscinas-municipales-reabren-el-29-de-junio\/","og_locale":"es_ES","og_type":"article","og_title":"Las piscinas municipales reabren el 29 de junio - COPE Alcoy","og_description":"Las piscinas municipales de Alcoy reabrir\u00e1n el pr\u00f3ximo 29 de junio adoptando todas las medidas de higiene y seguridad pertinentes...","og_url":"https:\/\/www.copealcoy.es\/es\/las-piscinas-municipales-reabren-el-29-de-junio\/","og_site_name":"COPE Alcoy","article_published_time":"2020-06-17T14:24:41+00:00","og_image":[{"width":3769,"height":2147,"url":"https:\/\/www.copealcoy.es\/wp-content\/uploads\/2018\/06\/IMG-9511-e1529091742476.jpg","type":"image\/jpeg"}],"author":"Cope Alcoy","twitter_misc":{"Escrito por":"Cope Alcoy","Tiempo de lectura":"1 minuto"},"schema":{"@context":"https:\/\/schema.org","@graph":[{"@type":"Article","@id":"https:\/\/www.copealcoy.es\/es\/las-piscinas-municipales-reabren-el-29-de-junio\/#article","isPartOf":{"@id":"https:\/\/www.copealcoy.es\/es\/las-piscinas-municipales-reabren-el-29-de-junio\/"},"author":{"name":"Cope Alcoy","@id":"https:\/\/www.copealcoy.es\/es\/#\/schema\/person\/e777c87fa024e57d40170af9df39882c"},"headline":"Las piscinas municipales reabren el 29 de junio","datePublished":"2020-06-17T14:24:41+00:00","mainEntityOfPage":{"@id":"https:\/\/www.copealcoy.es\/es\/las-piscinas-municipales-reabren-el-29-de-junio\/"},"wordCount":256,"commentCount":0,"image":{"@id":"https:\/\/www.copealcoy.es\/es\/las-piscinas-municipales-reabren-el-29-de-junio\/#primaryimage"},"thumbnailUrl":"https:\/\/www.copealcoy.es\/wp-content\/uploads\/2018\/06\/IMG-9511-e1529091742476.jpg","keywords":["29 de junio","Alcoy","Miguel Juan Reig","Piscinas Municipales","reapertura"],"articleSection":["Alcoy","Deportes","Noticias"],"inLanguage":"es"},{"@type":"WebPage","@id":"https:\/\/www.copealcoy.es\/es\/las-piscinas-municipales-reabren-el-29-de-junio\/","url":"https:\/\/www.copealcoy.es\/es\/las-piscinas-municipales-reabren-el-29-de-junio\/","name":"Las piscinas municipales reabren el 29 de junio - COPE Alcoy","isPartOf":{"@id":"https:\/\/www.copealcoy.es\/es\/#website"},"primaryImageOfPage":{"@id":"https:\/\/www.copealcoy.es\/es\/las-piscinas-municipales-reabren-el-29-de-junio\/#primaryimage"},"image":{"@id":"https:\/\/www.copealcoy.es\/es\/las-piscinas-municipales-reabren-el-29-de-junio\/#primaryimage"},"thumbnailUrl":"https:\/\/www.copealcoy.es\/wp-content\/uploads\/2018\/06\/IMG-9511-e1529091742476.jpg","datePublished":"2020-06-17T14:24:41+00:00","author":{"@id":"https:\/\/www.copealcoy.es\/es\/#\/schema\/person\/e777c87fa024e57d40170af9df39882c"},"breadcrumb":{"@id":"https:\/\/www.copealcoy.es\/es\/las-piscinas-municipales-reabren-el-29-de-junio\/#breadcrumb"},"inLanguage":"es","potentialAction":[{"@type":"ReadAction","target":["https:\/\/www.copealcoy.es\/es\/las-piscinas-municipales-reabren-el-29-de-junio\/"]}]},{"@type":"ImageObject","inLanguage":"es","@id":"https:\/\/www.copealcoy.es\/es\/las-piscinas-municipales-reabren-el-29-de-junio\/#primaryimage","url":"https:\/\/www.copealcoy.es\/wp-content\/uploads\/2018\/06\/IMG-9511-e1529091742476.jpg","contentUrl":"https:\/\/www.copealcoy.es\/wp-content\/uploads\/2018\/06\/IMG-9511-e1529091742476.jpg","width":3769,"height":2147},{"@type":"BreadcrumbList","@id":"https:\/\/www.copealcoy.es\/es\/las-piscinas-municipales-reabren-el-29-de-junio\/#breadcrumb","itemListElement":[{"@type":"ListItem","position":1,"name":"Portada","item":"https:\/\/www.copealcoy.es\/es\/"},{"@type":"ListItem","position":2,"name":"Las piscinas municipales reabren el 29 de junio"}]},{"@type":"WebSite","@id":"https:\/\/www.copealcoy.es\/es\/#website","url":"https:\/\/www.copealcoy.es\/es\/","name":"COPE Alcoy","description":"Emisora COPE de radio local con emisi\u00f3n online. Pont de Sant Jordi 8-10 03803 Alcoy","potentialAction":[{"@type":"SearchAction","target":{"@type":"EntryPoint","urlTemplate":"https:\/\/www.copealcoy.es\/es\/?s={search_term_string}"},"query-input":{"@type":"PropertyValueSpecification","valueRequired":true,"valueName":"search_term_string"}}],"inLanguage":"es"},{"@type":"Person","@id":"https:\/\/www.copealcoy.es\/es\/#\/schema\/person\/e777c87fa024e57d40170af9df39882c","name":"Cope Alcoy","image":{"@type":"ImageObject","inLanguage":"es","@id":"https:\/\/secure.gravatar.com\/avatar\/bb65d0283347e303893ba14f0692005417c1e0e690a325a4c5d8bb2b3943ee14?s=96&d=mm&r=g","url":"https:\/\/secure.gravatar.com\/avatar\/bb65d0283347e303893ba14f0692005417c1e0e690a325a4c5d8bb2b3943ee14?s=96&d=mm&r=g","contentUrl":"https:\/\/secure.gravatar.com\/avatar\/bb65d0283347e303893ba14f0692005417c1e0e690a325a4c5d8bb2b3943ee14?s=96&d=mm&r=g","caption":"Cope Alcoy"}}]}},"_links":{"self":[{"href":"https:\/\/www.copealcoy.es\/es\/wp-json\/wp\/v2\/posts\/63019","targetHints":{"allow":["GET"]}}],"collection":[{"href":"https:\/\/www.copealcoy.es\/es\/wp-json\/wp\/v2\/posts"}],"about":[{"href":"https:\/\/www.copealcoy.es\/es\/wp-json\/wp\/v2\/types\/post"}],"author":[{"embeddable":true,"href":"https:\/\/www.copealcoy.es\/es\/wp-json\/wp\/v2\/users\/1"}],"replies":[{"embeddable":true,"href":"https:\/\/www.copealcoy.es\/es\/wp-json\/wp\/v2\/comments?post=63019"}],"version-history":[{"count":0,"href":"https:\/\/www.copealcoy.es\/es\/wp-json\/wp\/v2\/posts\/63019\/revisions"}],"wp:featuredmedia":[{"embeddable":true,"href":"https:\/\/www.copealcoy.es\/es\/wp-json\/wp\/v2\/media\/43158"}],"wp:attachment":[{"href":"https:\/\/www.copealcoy.es\/es\/wp-json\/wp\/v2\/media?parent=63019"}],"wp:term":[{"taxonomy":"category","embeddable":true,"href":"https:\/\/www.copealcoy.es\/es\/wp-json\/wp\/v2\/categories?post=63019"},{"taxonomy":"post_tag","embeddable":true,"href":"https:\/\/www.copealcoy.es\/es\/wp-json\/wp\/v2\/tags?post=63019"}],"curies":[{"name":"wp","href":"https:\/\/api.w.org\/{rel}","templated":true}]}}